{"id":167371,"date":"2015-03-30T18:44:23","date_gmt":"2015-03-30T18:44:23","guid":{"rendered":"https:\/\/www.meydan.tv\/article\/ovladina-diqqetsiz-qalan-valideyn-mesuliyyete-celb-oluna-biler\/"},"modified":"2015-03-30T18:44:23","modified_gmt":"2015-03-30T18:44:23","slug":"ovladina-diqqetsiz-qalan-valideyn-mesuliyyete-celb-oluna-biler","status":"publish","type":"post","link":"https:\/\/www.meydan.tv\/az\/article\/ovladina-diqqetsiz-qalan-valideyn-mesuliyyete-celb-oluna-biler\/","title":{"rendered":"\u00d6vlad\u0131na diqq\u0259tsiz qalan valideyn m\u0259suliyy\u0259t\u0259 c\u0259lb oluna bil\u0259r"},"content":{"rendered":"<figure class=\"wp-block-image size-large\">\n  <img decoding=\"async\" src=\"https:\/\/www.meydan.tv\/az\/21948\/\" alt=\"\" class=\"wp-image-21948\"\/><figcaption><\/figcaption><\/figure>\n<figure class=\"wp-block-image size-large\">\n  <img decoding=\"async\" src=\"https:\/\/www.meydan.tv\/az\/21948\/\" alt=\"\" class=\"wp-image-21948\"\/><figcaption><\/figcaption><\/figure>\n<p>\n  <i><br \/>\n    C\u0259zalar\u0131n s\u0259rtl\u0259\u015fdirilm\u0259si il\u0259 ba\u011fl\u0131 haz\u0131rlanan t\u0259klifl\u0259r paketi m\u00fcxt\u0259lif suallar do\u011furur<br \/>\n  <\/i>\n<\/p>\n<p>\n  Az\u0259rbaycanda \u00f6vladlar\u0131na laz\u0131m\u0131 diqq\u0259t g\u00f6st\u0259rm\u0259y\u0259n v\u0259 \u00f6z v\u0259zif\u0259l\u0259rinin \u00f6hd\u0259sind\u0259n laz\u0131m\u0131nca g\u0259l\u0259 bilm\u0259y\u0259n valideynl\u0259rin azadl\u0131qdan m\u0259hrum edilm\u0259si t\u0259klif edilir.\n<\/p>\n<p>\n  Ail\u0259, Qad\u0131n v\u0259 U\u015faq Probleml\u0259ri \u00fczr\u0259 D\u00f6vl\u0259t Komit\u0259sinin \u0130nformasiya v\u0259 analitik ara\u015fd\u0131rmalar \u015f\u00f6b\u0259sinin m\u00fcdiri Elg\u00fcn S\u0259f\u0259rov Trend-\u0259 bildirib ki, art\u0131q komit\u0259 t\u0259r\u0259find\u0259n valideyn m\u0259suliyy\u0259tinin art\u0131r\u0131lmas\u0131 v\u0259 u\u015faqlardan sui-istifad\u0259 hallar\u0131n\u0131n qar\u015f\u0131s\u0131n\u0131n al\u0131nmas\u0131 \u00fc\u00e7\u00fcn veril\u0259n c\u0259zalar\u0131n s\u0259rtl\u0259\u015fdirilm\u0259si bar\u0259d\u0259 t\u0259klifl\u0259r paketi haz\u0131rlanaraq r\u0259y al\u0131nmas\u0131 \u00fc\u00e7\u00fcn m\u00fcvafiq qurumlara t\u0259qdim edilib. T\u0259klifl\u0259r topland\u0131qdan sonra paket Nazirl\u0259r Kabinetin\u0259 t\u0259qdim edil\u0259c\u0259k.\n<\/p>\n<p>\n  Valideyn m\u0259suliyy\u0259tinin art\u0131r\u0131lmas\u0131n\u0131n bu g\u00fcn\u00fcn aktual m\u0259s\u0259l\u0259l\u0259rind\u0259n biri sayan E.S\u0259f\u0259rov bildirib ki, haz\u0131rda \u0130nzibat\u0131 X\u0259talar M\u0259c\u0259ll\u0259sind\u0259 valideyn m\u0259suliyy\u0259tini t\u0259nziml\u0259y\u0259n yaln\u0131z bir c\u0259za n\u00f6v\u00fc var. Bu c\u0259za da valideynin 20 manatdan 40 manatad\u0259k c\u0259rim\u0259l\u0259nm\u0259sidir. Komit\u0259 valideyn m\u0259suliyy\u0259tinin art\u0131r\u0131lmas\u0131 \u00fc\u00e7\u00fcn h\u0259min m\u0259bl\u0259\u011fin art\u0131r\u0131lmas\u0131n\u0131 t\u0259klif etm\u0259kl\u0259 yana\u015f\u0131, bir \u00e7ox sah\u0259l\u0259rd\u0259 d\u0259 valideynl\u0259r \u00fc\u00e7\u00fcn x\u00fcsusi m\u0259suliyy\u0259t n\u00f6vl\u0259rinin m\u00fc\u0259yy\u0259nl\u0259\u015fdirilm\u0259sini vacib say\u0131r. U\u015faqlar\u0131n\u0131 dil\u0259n\u00e7iliy\u0259, k\u00fc\u00e7\u0259 i\u015fl\u0259rin\u0259 c\u0259lb ed\u0259n, onlar\u0131 t\u0259hsild\u0259n yay\u0131nd\u0131ran valideynl\u0259r, eyni zamanda, u\u015fa\u011f\u0131 \u0259traf m\u00fchit\u0259, h\u0259r hans\u0131 \u0259mlaka z\u0259r\u0259r vuran, yol h\u0259r\u0259k\u0259ti qaydalar\u0131n\u0131n pozulmas\u0131 hallar\u0131na g\u00f6r\u0259 g\u00fcnahkar olan v\u0259 s. valideynl\u0259r \u00fc\u00e7\u00fcn ayr\u0131-ayr\u0131l\u0131qda m\u0259suliyy\u0259t n\u00f6vl\u0259ri m\u00fc\u0259yy\u0259nl\u0259\u015fdirilm\u0259lidir:\n<\/p>\n<p>\n  \u201c\u018fmlaka z\u0259r\u0259r verm\u0259 v\u0259 dig\u0259r hallarla ba\u011fl\u0131 \u00fcmumi normalar var. Amma valideynl\u0259r u\u015faqlar\u0131 laz\u0131m\u0131 q\u0259d\u0259r t\u0259rbiy\u0259 etm\u0259y\u0259nd\u0259 v\u0259 ona \u00f6z qay\u011f\u0131s\u0131n\u0131 g\u00f6st\u0259rm\u0259y\u0259nd\u0259 bu, h\u0259min m\u0259s\u0259l\u0259l\u0259r\u0259 g\u00f6r\u0259 h\u0259m Cinay\u0259t M\u0259c\u0259ll\u0259sind\u0259, h\u0259m d\u0259 \u0130nzibat\u0131 X\u0259talar M\u0259c\u0259ll\u0259sind\u0259 x\u00fcsusi a\u011f\u0131rla\u015fd\u0131r\u0131c\u0131 hal kimi m\u00fc\u0259yy\u0259nl\u0259\u015fdirilm\u0259lidir. Bundan ba\u015fqa, bel\u0259 hallar da olub ki, 5-8 ya\u015fl\u0131 u\u015faq t\u0259kba\u015f\u0131na yol ke\u00e7\u0259nd\u0259 m\u00fcxt\u0259lif yol-n\u0259qliyyat hadis\u0259l\u0259ri ba\u015f verir. Bu m\u0259s\u0259l\u0259d\u0259 art\u0131q u\u015faq deyil, valideyn t\u0259qsirlidir. \u00c7\u00fcnki valideyn ona birba\u015fa n\u0259zar\u0259t etm\u0259li v\u0259 \u00f6z v\u0259zif\u0259l\u0259rini h\u0259yata ke\u00e7irm\u0259lidir. Buna g\u00f6r\u0259 d\u0259 bel\u0259 valideynl\u0259r \u00fc\u00e7\u00fcn ayr\u0131ca m\u0259suliyy\u0259t n\u00f6vl\u0259ri m\u00fc\u0259yy\u0259nl\u0259\u015fdirilm\u0259lidir\u201d.\n<\/p>\n<p>\n  E.S\u0259f\u0259rovun s\u00f6zl\u0259rin\u0259 g\u00f6r\u0259, komit\u0259 valideynl\u0259rin b\u0259zi hallarda m\u00fcv\u0259qq\u0259ti olaraq, azadl\u0131qdan m\u0259hrum edilm\u0259 c\u0259zas\u0131na layiq g\u00f6r\u00fclm\u0259sini d\u0259 t\u0259klif edir:\n<\/p>\n<p>\n  &#8220;U\u015faq t\u0259hsild\u0259n yay\u0131nd\u0131qda yaln\u0131z m\u0259kt\u0259b direktoru m\u0259suliyy\u0259t\u0259 c\u0259lb edilm\u0259li deyil. Eyni zamanda, bel\u0259 u\u015faqlar\u0131n valideynl\u0259ri d\u0259 m\u0259suliyy\u0259t\u0259 c\u0259lb edilm\u0259lidirl\u0259r. Bu c\u0259za is\u0259 yaln\u0131z maddi c\u0259rim\u0259 olmal\u0131 deyil. Ehtiyac olarsa, valideyn m\u00fcv\u0259qq\u0259ti olaraq, bir nec\u0259 sutkal\u0131q azadl\u0131qdan m\u0259hrum da edilsin\u201d.\n<\/p>\n<p>\n  E.S\u0259f\u0259rov bildirib ki, Avropa \u0130ttifaq\u0131n\u0131n qaydalar\u0131na g\u00f6r\u0259, avtomobilind\u0259 u\u015faq s\u0259rni\u015fin da\u015f\u0131yan v\u0259 ma\u015f\u0131n\u0131n arxa hiss\u0259sind\u0259 u\u015fa\u011fa g\u00f6r\u0259 x\u00fcsusi n\u0259qliyyat vasit\u0259l\u0259ri yerl\u0259\u015fdirm\u0259y\u0259n valideynl\u0259r c\u0259rim\u0259l\u0259nirl\u0259r. Komit\u0259 h\u0259min qaydalar\u0131n da Az\u0259rbaycanda t\u0259tbiqini t\u0259klif edir.\n<\/p>\n<p>\n  E.S\u0259f\u0259rov qeyd edib ki, Az\u0259rbaycanda valideyn h\u00fcquqlar\u0131n\u0131n m\u0259hdudla\u015fd\u0131r\u0131lmas\u0131 v\u0259 valideyn h\u00fcququndan m\u0259hrum etm\u0259 il\u0259 ba\u011fl\u0131 prosedurun t\u0259kmill\u0259\u015fdirilm\u0259si t\u0259klif olunur. Onun s\u00f6zl\u0259rin\u0259 g\u00f6r\u0259, bu g\u00fcn yerli icra hakimiyy\u0259ti orqanlar\u0131 v\u0259 yerli polis \u015f\u00f6b\u0259l\u0259rinin f\u0259aliyy\u0259tind\u0259 islahatlar apar\u0131lmal\u0131d\u0131r.\n<\/p>\n<p>\n  Az\u0259rbaycan U\u015faqlar Birliyinin s\u0259dri K\u0259mal\u0259 A\u011fazad\u0259 Meydan TV-y\u0259 t\u0259klifi alq\u0131\u015flad\u0131\u011f\u0131n\u0131 bildirib. O, burada ba\u015fqa bir m\u0259s\u0259l\u0259nin d\u0259 oldu\u011funu s\u00f6yl\u0259yib: &#8220;Diqq\u0259timi \u00e7\u0259k\u0259n bir m\u0259s\u0259l\u0259 d\u0259 valideynin m\u0259suliyy\u0259t\u0259 c\u0259lb edilm\u0259si il\u0259 ba\u011fl\u0131 oldu. Bu zaman n\u0259 olacaq? Valideyn m\u0259suliyy\u0259t\u0259 c\u0259lb edildiyi zaman u\u015fa\u011f\u0131n taleyinin nec\u0259 olmas\u0131 problemi var ax\u0131. Bel\u0259 olan halda u\u015faq veril\u0259c\u0259k u\u015faqlar \u00fc\u00e7\u00fcn olan m\u00fc\u0259ssis\u0259l\u0259rd\u0259n birin\u0259. Kim \u0259minlikl\u0259 dey\u0259 bil\u0259r ki, orada ona qar\u015f\u0131 t\u0259zyiql\u0259r olmayacaq? Bunu dem\u0259yim\u0259, mediada internat evl\u0259ri, u\u015faq evl\u0259ri il\u0259 ba\u011fl\u0131 \u00e7\u0131xan yaz\u0131lar v\u0259 internat evl\u0259ri m\u0259zunlar\u0131n\u0131n dedikl\u0259ri \u0259sas verir. H\u0259r halda u\u015faq m\u00fc\u0259ssis\u0259l\u0259rind\u0259ki v\u0259ziyy\u0259td\u0259n ham\u0131m\u0131z x\u0259b\u0259rdar\u0131q. Ona g\u00f6r\u0259 u\u015faqlar\u0131n bu m\u00fc\u0259ssis\u0259l\u0259r\u0259 verilm\u0259sini d\u00fczg\u00fcn hesab etmir\u0259m&#8221;.\n<\/p>\n<p>\n  K\u0259mal\u0259 A\u011fazad\u0259 \u00e7\u0131x\u0131\u015f yolunu himay\u0259dar ail\u0259l\u0259r praktikas\u0131n\u0131n h\u0259yata ke\u00e7irilm\u0259sind\u0259 g\u00f6r\u00fcr:\n<\/p>\n<p>\n  &#8220;Qanun q\u0259bul olundu\u011fu zaman himay\u0259dar ail\u0259l\u0259r praktikas\u0131 da h\u0259yata ke\u00e7irils\u0259, yax\u015f\u0131 olar. Odur ki, valideynin m\u0259suliyy\u0259t\u0259 c\u0259lb edilm\u0259si il\u0259 ba\u011fl\u0131 m\u0259s\u0259l\u0259d\u0259 bir sual ortaya \u00e7\u0131x\u0131r: Bu g\u00fcn \u00f6lk\u0259d\u0259 he\u00e7 alternativ m\u0259rk\u0259zl\u0259r bel\u0259 olmad\u0131\u011f\u0131 halda, bu qanunun q\u0259bulu biz\u0259 n\u0259 ver\u0259c\u0259k?&#8221;<\/p>\n","protected":false},"excerpt":{"rendered":"<p>C\u0259zalar\u0131n s\u0259rtl\u0259\u015fdirilm\u0259si il\u0259 ba\u011fl\u0131 haz\u0131rlanan t\u0259klifl\u0259r paketi m\u00fcxt\u0259lif suallar do\u011furur<\/p>\n","protected":false},"author":11,"featured_media":21948,"comment_status":"closed","ping_status":"open","sticky":false,"template":"","format":"standard","meta":{"_acf_changed":false,"_sitemap_exclude":false,"_sitemap_priority":"","_sitemap_frequency":"","footnotes":""},"categories":[56],"tags":[],"class_list":["post-167371","post","type-post","status-publish","format-standard","has-post-thumbnail","hentry","category-xeberler","infinite-scroll-item","generate-columns","tablet-grid-50","mobile-grid-100","grid-parent","grid-33","no-featured-image-padding"],"acf":[],"yoast_head":"<!-- This site is optimized with the Yoast SEO plugin v28.4 - https:\/\/yoast.com\/product\/yoast-seo-wordpress\/ -->\n<title>\u00d6vlad\u0131na diqq\u0259tsiz qalan valideyn m\u0259suliyy\u0259t\u0259 c\u0259lb oluna bil\u0259r - MEYDAN.TV<\/title>\n<meta name=\"robots\" content=\"index, follow, max-snippet:-1, max-image-preview:large, max-video-preview:-1\" \/>\n<link rel=\"canonical\" href=\"https:\/\/www.meydan.tv\/az\/article\/ovladina-diqqetsiz-qalan-valideyn-mesuliyyete-celb-oluna-biler\/\" \/>\n<meta property=\"og:locale\" content=\"az_AZ\" \/>\n<meta property=\"og:type\" content=\"article\" \/>\n<meta property=\"og:title\" content=\"\u00d6vlad\u0131na diqq\u0259tsiz qalan valideyn m\u0259suliyy\u0259t\u0259 c\u0259lb oluna bil\u0259r - MEYDAN.TV\" \/>\n<meta property=\"og:description\" content=\"C\u0259zalar\u0131n s\u0259rtl\u0259\u015fdirilm\u0259si il\u0259 ba\u011fl\u0131 haz\u0131rlanan t\u0259klifl\u0259r paketi m\u00fcxt\u0259lif suallar do\u011furur\" \/>\n<meta property=\"og:url\" content=\"https:\/\/www.meydan.tv\/az\/article\/ovladina-diqqetsiz-qalan-valideyn-mesuliyyete-celb-oluna-biler\/\" \/>\n<meta property=\"og:site_name\" content=\"MEYDAN.TV\" \/>\n<meta property=\"article:published_time\" content=\"2015-03-30T18:44:23+00:00\" \/>\n<meta property=\"og:image\" content=\"https:\/\/www.meydan.tv\/wp-content\/uploads\/7943.jpg\" \/>\n\t<meta property=\"og:image:width\" content=\"556\" \/>\n\t<meta property=\"og:image:height\" content=\"400\" \/>\n\t<meta property=\"og:image:type\" content=\"image\/jpeg\" \/>\n<meta name=\"twitter:card\" content=\"summary_large_image\" \/>\n<!-- \/ Yoast SEO plugin. -->","yoast_head_json":{"title":"\u00d6vlad\u0131na diqq\u0259tsiz qalan valideyn m\u0259suliyy\u0259t\u0259 c\u0259lb oluna bil\u0259r - MEYDAN.TV","robots":{"index":"index","follow":"follow","max-snippet":"max-snippet:-1","max-image-preview":"max-image-preview:large","max-video-preview":"max-video-preview:-1"},"canonical":"https:\/\/www.meydan.tv\/az\/article\/ovladina-diqqetsiz-qalan-valideyn-mesuliyyete-celb-oluna-biler\/","og_locale":"az_AZ","og_type":"article","og_title":"\u00d6vlad\u0131na diqq\u0259tsiz qalan valideyn m\u0259suliyy\u0259t\u0259 c\u0259lb oluna bil\u0259r - MEYDAN.TV","og_description":"C\u0259zalar\u0131n s\u0259rtl\u0259\u015fdirilm\u0259si il\u0259 ba\u011fl\u0131 haz\u0131rlanan t\u0259klifl\u0259r paketi m\u00fcxt\u0259lif suallar do\u011furur","og_url":"https:\/\/www.meydan.tv\/az\/article\/ovladina-diqqetsiz-qalan-valideyn-mesuliyyete-celb-oluna-biler\/","og_site_name":"MEYDAN.TV","article_published_time":"2015-03-30T18:44:23+00:00","og_image":[{"width":556,"height":400,"url":"https:\/\/www.meydan.tv\/wp-content\/uploads\/7943.jpg","type":"image\/jpeg"}],"twitter_card":"summary_large_image","schema":{"@context":"https:\/\/schema.org","@graph":[{"@type":"Article","@id":"https:\/\/www.meydan.tv\/az\/article\/ovladina-diqqetsiz-qalan-valideyn-mesuliyyete-celb-oluna-biler\/#article","isPartOf":{"@id":"https:\/\/www.meydan.tv\/az\/article\/ovladina-diqqetsiz-qalan-valideyn-mesuliyyete-celb-oluna-biler\/"},"author":{"name":"user-manager","@id":"https:\/\/www.meydan.tv\/az\/#\/schema\/person\/10d11eccf6da3662cf5fdab9806ea91a"},"headline":"\u00d6vlad\u0131na diqq\u0259tsiz qalan valideyn m\u0259suliyy\u0259t\u0259 c\u0259lb oluna bil\u0259r","datePublished":"2015-03-30T18:44:23+00:00","mainEntityOfPage":{"@id":"https:\/\/www.meydan.tv\/az\/article\/ovladina-diqqetsiz-qalan-valideyn-mesuliyyete-celb-oluna-biler\/"},"wordCount":1031,"publisher":{"@id":"https:\/\/www.meydan.tv\/az\/#organization"},"image":{"@id":"https:\/\/www.meydan.tv\/az\/article\/ovladina-diqqetsiz-qalan-valideyn-mesuliyyete-celb-oluna-biler\/#primaryimage"},"thumbnailUrl":"https:\/\/www.meydan.tv\/wp-content\/uploads\/7943.jpg","articleSection":["X\u0259b\u0259rl\u0259r"],"inLanguage":"az"},{"@type":"WebPage","@id":"https:\/\/www.meydan.tv\/az\/article\/ovladina-diqqetsiz-qalan-valideyn-mesuliyyete-celb-oluna-biler\/","url":"https:\/\/www.meydan.tv\/az\/article\/ovladina-diqqetsiz-qalan-valideyn-mesuliyyete-celb-oluna-biler\/","name":"\u00d6vlad\u0131na diqq\u0259tsiz qalan valideyn m\u0259suliyy\u0259t\u0259 c\u0259lb oluna bil\u0259r - MEYDAN.TV","isPartOf":{"@id":"https:\/\/www.meydan.tv\/az\/#website"},"primaryImageOfPage":{"@id":"https:\/\/www.meydan.tv\/az\/article\/ovladina-diqqetsiz-qalan-valideyn-mesuliyyete-celb-oluna-biler\/#primaryimage"},"image":{"@id":"https:\/\/www.meydan.tv\/az\/article\/ovladina-diqqetsiz-qalan-valideyn-mesuliyyete-celb-oluna-biler\/#primaryimage"},"thumbnailUrl":"https:\/\/www.meydan.tv\/wp-content\/uploads\/7943.jpg","datePublished":"2015-03-30T18:44:23+00:00","breadcrumb":{"@id":"https:\/\/www.meydan.tv\/az\/article\/ovladina-diqqetsiz-qalan-valideyn-mesuliyyete-celb-oluna-biler\/#breadcrumb"},"inLanguage":"az","potentialAction":[{"@type":"ReadAction","target":["https:\/\/www.meydan.tv\/az\/article\/ovladina-diqqetsiz-qalan-valideyn-mesuliyyete-celb-oluna-biler\/"]}]},{"@type":"ImageObject","inLanguage":"az","@id":"https:\/\/www.meydan.tv\/az\/article\/ovladina-diqqetsiz-qalan-valideyn-mesuliyyete-celb-oluna-biler\/#primaryimage","url":"https:\/\/www.meydan.tv\/wp-content\/uploads\/7943.jpg","contentUrl":"https:\/\/www.meydan.tv\/wp-content\/uploads\/7943.jpg","width":556,"height":400,"caption":"Source:"},{"@type":"BreadcrumbList","@id":"https:\/\/www.meydan.tv\/az\/article\/ovladina-diqqetsiz-qalan-valideyn-mesuliyyete-celb-oluna-biler\/#breadcrumb","itemListElement":[{"@type":"ListItem","position":1,"name":"Ana s\u0259hif\u0259","item":"https:\/\/www.meydan.tv\/az\/"},{"@type":"ListItem","position":2,"name":"X\u0259b\u0259rl\u0259r","item":"https:\/\/www.meydan.tv\/az\/section\/xeberler\/"},{"@type":"ListItem","position":3,"name":"\u00d6vlad\u0131na diqq\u0259tsiz qalan valideyn m\u0259suliyy\u0259t\u0259 c\u0259lb oluna bil\u0259r"}]},{"@type":"WebSite","@id":"https:\/\/www.meydan.tv\/az\/#website","url":"https:\/\/www.meydan.tv\/az\/","name":"MEYDAN.TV","description":"Meydan TV Az\u0259rbaycan\u0131n media m\u0259kan\u0131ndak\u0131 alternativ s\u0259sidir","publisher":{"@id":"https:\/\/www.meydan.tv\/az\/#organization"},"potentialAction":[{"@type":"SearchAction","target":{"@type":"EntryPoint","urlTemplate":"https:\/\/www.meydan.tv\/az\/?s={search_term_string}"},"query-input":{"@type":"PropertyValueSpecification","valueRequired":true,"valueName":"search_term_string"}}],"inLanguage":"az"},{"@type":"Organization","@id":"https:\/\/www.meydan.tv\/az\/#organization","name":"Meydan TV","url":"https:\/\/www.meydan.tv\/az\/","logo":{"@type":"ImageObject","inLanguage":"az","@id":"https:\/\/www.meydan.tv\/az\/#\/schema\/logo\/image\/","url":"https:\/\/www.meydan.tv\/wp-content\/uploads\/2021\/07\/meydan-logo.svg","contentUrl":"https:\/\/www.meydan.tv\/wp-content\/uploads\/2021\/07\/meydan-logo.svg","width":195,"height":46,"caption":"Meydan TV"},"image":{"@id":"https:\/\/www.meydan.tv\/az\/#\/schema\/logo\/image\/"}},{"@type":"Person","@id":"https:\/\/www.meydan.tv\/az\/#\/schema\/person\/10d11eccf6da3662cf5fdab9806ea91a","name":"user-manager"}]}},"_links":{"self":[{"href":"https:\/\/www.meydan.tv\/az\/wp-json\/wp\/v2\/posts\/167371","targetHints":{"allow":["GET"]}}],"collection":[{"href":"https:\/\/www.meydan.tv\/az\/wp-json\/wp\/v2\/posts"}],"about":[{"href":"https:\/\/www.meydan.tv\/az\/wp-json\/wp\/v2\/types\/post"}],"author":[{"embeddable":true,"href":"https:\/\/www.meydan.tv\/az\/wp-json\/wp\/v2\/users\/11"}],"replies":[{"embeddable":true,"href":"https:\/\/www.meydan.tv\/az\/wp-json\/wp\/v2\/comments?post=167371"}],"version-history":[{"count":0,"href":"https:\/\/www.meydan.tv\/az\/wp-json\/wp\/v2\/posts\/167371\/revisions"}],"wp:featuredmedia":[{"embeddable":true,"href":"https:\/\/www.meydan.tv\/az\/wp-json\/wp\/v2\/media\/21948"}],"wp:attachment":[{"href":"https:\/\/www.meydan.tv\/az\/wp-json\/wp\/v2\/media?parent=167371"}],"wp:term":[{"taxonomy":"category","embeddable":true,"href":"https:\/\/www.meydan.tv\/az\/wp-json\/wp\/v2\/categories?post=167371"},{"taxonomy":"post_tag","embeddable":true,"href":"https:\/\/www.meydan.tv\/az\/wp-json\/wp\/v2\/tags?post=167371"}],"curies":[{"name":"wp","href":"https:\/\/api.w.org\/{rel}","templated":true}]}}