{"id":167369,"date":"2015-03-30T17:27:27","date_gmt":"2015-03-30T17:27:27","guid":{"rendered":"https:\/\/www.meydan.tv\/article\/yazici-cingiz-abdullayev-neftciye-prezident-teyin-oluna-biler\/"},"modified":"2015-03-30T17:27:27","modified_gmt":"2015-03-30T17:27:27","slug":"yazici-cingiz-abdullayev-neftciye-prezident-teyin-oluna-biler","status":"publish","type":"post","link":"https:\/\/www.meydan.tv\/az\/article\/yazici-cingiz-abdullayev-neftciye-prezident-teyin-oluna-biler\/","title":{"rendered":"Yaz\u0131\u00e7\u0131 \u00c7ingiz Abdullayev &#8220;Neft\u00e7i&#8221;y\u0259 prezident t\u0259yin oluna bil\u0259r"},"content":{"rendered":"<figure class=\"wp-block-image size-large\">\n  <img decoding=\"async\" src=\"https:\/\/www.meydan.tv\/az\/21942\/\" alt=\"\" class=\"wp-image-21942\"\/><figcaption><\/figcaption><\/figure>\n<figure class=\"wp-block-image size-large\">\n  <img decoding=\"async\" src=\"https:\/\/www.meydan.tv\/az\/21942\/\" alt=\"\" class=\"wp-image-21942\"\/><figcaption><\/figcaption><\/figure>\n<p>\n  <i><br \/>\n    M\u0259tbuat xidm\u0259tinin r\u0259hb\u0259ri bildirib ki, \u00c7.Abdullayevin kluba prezident t\u0259yin edilm\u0259si bu ay\u0131n \u0259vv\u0259lind\u0259n b\u0259lli idi<br \/>\n  <\/i>\n<\/p>\n<p>\n  Mart\u0131n 30-da \u201cNeft\u00e7i\u201d klubunun prezidenti Sad\u0131q Sad\u0131qov istefa verib. Kluba bundan sonra Az\u0259rbaycan Yaz\u0131\u00e7\u0131lar Birliyinin katibi, tan\u0131nm\u0131\u015f yaz\u0131\u00e7\u0131 \u00c7ingiz Abdullayev r\u0259hb\u0259rlik ed\u0259c\u0259k.\n<\/p>\n<p>\n  S.Sad\u0131qov 2009-cu ild\u0259n \u201cNeft\u00e7i\u201dnin prezidenti idi. Onun kluba r\u0259hb\u0259rlik etdiyi d\u00f6vrd\u0259 \u201cNeft\u00e7i\u201d \u00fc\u00e7 d\u0259f\u0259 Az\u0259rbaycan \u00e7empionu, iki d\u0259f\u0259 \u00f6lk\u0259 kubokunun qalibi olub. Az\u0259rbaycan futbolu tarixind\u0259 ilk d\u0259f\u0259 UEFA Avropa Liqas\u0131n\u0131n qrup m\u0259rh\u0259l\u0259sin\u0259 v\u0259siq\u0259ni d\u0259 &#8220;Neft\u00e7i&#8221; S.Sad\u0131qovun kluba r\u0259hb\u0259rlik etdiyi d\u00f6vrd\u0259 qazan\u0131b.\n<\/p>\n<p>\n  X\u0259b\u0259rl\u0259 \u0259laq\u0259dar yaz\u0131\u00e7\u0131 \u00c7ingiz Abdullayev h\u0259l\u0259 ki, susur.\n<\/p>\n<p>\n  Ancaq AYB-nin m\u0259tbuat xidm\u0259tinin r\u0259hb\u0259ri X\u0259yal Rza\u00a0x\u0259b\u0259ri t\u0259sdiql\u0259yib. M\u0259tbuat xidm\u0259tinin r\u0259hb\u0259ri apasport.az sayt\u0131na\u00a0bildirib ki, \u00c7.Abdullayevin kluba prezident t\u0259yin edilm\u0259si bu ay\u0131n \u0259vv\u0259lind\u0259n b\u0259lli idi.\n<\/p>\n<p>\n  Klubun m\u0259tbuat katibi G\u00fcnd\u00fcz Abbaszad\u0259 is\u0259 deyil\u0259nl\u0259ri t\u0259kzib edir. O, axar.az-a a\u00e7\u0131qlamas\u0131nda deyib: &#8220;Yaz\u0131\u00e7\u0131 \u00c7ingiz Abdullayevin &#8220;Neft\u00e7i&#8221; klubuna prezident t\u0259yin olunmas\u0131 il\u0259 ba\u011fl\u0131 x\u0259b\u0259r yaland\u0131r. Biz d\u0259 bu x\u0259b\u0259ri m\u0259tbuatdan e\u015fitmi\u015fik. Bel\u0259 bir r\u0259smi t\u0259yinat yoxdur. Bu, yaln\u0131z m\u0259tbuat\u0131n yayd\u0131\u011f\u0131 x\u0259b\u0259rdir\u201d.\n<\/p><\/p>\n","protected":false},"excerpt":{"rendered":"<p>M\u0259tbuat xidm\u0259tinin r\u0259hb\u0259ri bildirib ki, \u00c7.Abdullayevin kluba prezident t\u0259yin edilm\u0259si bu ay\u0131n \u0259vv\u0259lind\u0259n b\u0259lli idi<\/p>\n","protected":false},"author":11,"featured_media":21942,"comment_status":"closed","ping_status":"open","sticky":false,"template":"","format":"standard","meta":{"_acf_changed":false,"_sitemap_exclude":false,"_sitemap_priority":"","_sitemap_frequency":"","footnotes":""},"categories":[56],"tags":[],"class_list":["post-167369","post","type-post","status-publish","format-standard","has-post-thumbnail","hentry","category-xeberler","infinite-scroll-item","generate-columns","tablet-grid-50","mobile-grid-100","grid-parent","grid-33","no-featured-image-padding"],"acf":[],"yoast_head":"<!-- This site is optimized with the Yoast SEO plugin v28.4 - https:\/\/yoast.com\/product\/yoast-seo-wordpress\/ -->\n<title>Yaz\u0131\u00e7\u0131 \u00c7ingiz Abdullayev &quot;Neft\u00e7i&quot;y\u0259 prezident t\u0259yin oluna bil\u0259r - MEYDAN.TV<\/title>\n<meta name=\"robots\" content=\"index, follow, max-snippet:-1, max-image-preview:large, max-video-preview:-1\" \/>\n<link rel=\"canonical\" href=\"https:\/\/www.meydan.tv\/az\/article\/yazici-cingiz-abdullayev-neftciye-prezident-teyin-oluna-biler\/\" \/>\n<meta property=\"og:locale\" content=\"az_AZ\" \/>\n<meta property=\"og:type\" content=\"article\" \/>\n<meta property=\"og:title\" content=\"Yaz\u0131\u00e7\u0131 \u00c7ingiz Abdullayev &quot;Neft\u00e7i&quot;y\u0259 prezident t\u0259yin oluna bil\u0259r - MEYDAN.TV\" \/>\n<meta property=\"og:description\" content=\"M\u0259tbuat xidm\u0259tinin r\u0259hb\u0259ri bildirib ki, \u00c7.Abdullayevin kluba prezident t\u0259yin edilm\u0259si bu ay\u0131n \u0259vv\u0259lind\u0259n b\u0259lli idi\" \/>\n<meta property=\"og:url\" content=\"https:\/\/www.meydan.tv\/az\/article\/yazici-cingiz-abdullayev-neftciye-prezident-teyin-oluna-biler\/\" \/>\n<meta property=\"og:site_name\" content=\"MEYDAN.TV\" \/>\n<meta property=\"article:published_time\" content=\"2015-03-30T17:27:27+00:00\" \/>\n<meta property=\"og:image\" content=\"https:\/\/www.meydan.tv\/wp-content\/uploads\/7941.jpg\" \/>\n\t<meta property=\"og:image:width\" content=\"600\" \/>\n\t<meta property=\"og:image:height\" content=\"400\" \/>\n\t<meta property=\"og:image:type\" content=\"image\/jpeg\" \/>\n<meta name=\"twitter:card\" content=\"summary_large_image\" \/>\n<!-- \/ Yoast SEO plugin. -->","yoast_head_json":{"title":"Yaz\u0131\u00e7\u0131 \u00c7ingiz Abdullayev \"Neft\u00e7i\"y\u0259 prezident t\u0259yin oluna bil\u0259r - MEYDAN.TV","robots":{"index":"index","follow":"follow","max-snippet":"max-snippet:-1","max-image-preview":"max-image-preview:large","max-video-preview":"max-video-preview:-1"},"canonical":"https:\/\/www.meydan.tv\/az\/article\/yazici-cingiz-abdullayev-neftciye-prezident-teyin-oluna-biler\/","og_locale":"az_AZ","og_type":"article","og_title":"Yaz\u0131\u00e7\u0131 \u00c7ingiz Abdullayev \"Neft\u00e7i\"y\u0259 prezident t\u0259yin oluna bil\u0259r - MEYDAN.TV","og_description":"M\u0259tbuat xidm\u0259tinin r\u0259hb\u0259ri bildirib ki, \u00c7.Abdullayevin kluba prezident t\u0259yin edilm\u0259si bu ay\u0131n \u0259vv\u0259lind\u0259n b\u0259lli idi","og_url":"https:\/\/www.meydan.tv\/az\/article\/yazici-cingiz-abdullayev-neftciye-prezident-teyin-oluna-biler\/","og_site_name":"MEYDAN.TV","article_published_time":"2015-03-30T17:27:27+00:00","og_image":[{"width":600,"height":400,"url":"https:\/\/www.meydan.tv\/wp-content\/uploads\/7941.jpg","type":"image\/jpeg"}],"twitter_card":"summary_large_image","schema":{"@context":"https:\/\/schema.org","@graph":[{"@type":"Article","@id":"https:\/\/www.meydan.tv\/az\/article\/yazici-cingiz-abdullayev-neftciye-prezident-teyin-oluna-biler\/#article","isPartOf":{"@id":"https:\/\/www.meydan.tv\/az\/article\/yazici-cingiz-abdullayev-neftciye-prezident-teyin-oluna-biler\/"},"author":{"name":"user-manager","@id":"https:\/\/www.meydan.tv\/az\/#\/schema\/person\/10d11eccf6da3662cf5fdab9806ea91a"},"headline":"Yaz\u0131\u00e7\u0131 \u00c7ingiz Abdullayev &#8220;Neft\u00e7i&#8221;y\u0259 prezident t\u0259yin oluna bil\u0259r","datePublished":"2015-03-30T17:27:27+00:00","mainEntityOfPage":{"@id":"https:\/\/www.meydan.tv\/az\/article\/yazici-cingiz-abdullayev-neftciye-prezident-teyin-oluna-biler\/"},"wordCount":265,"publisher":{"@id":"https:\/\/www.meydan.tv\/az\/#organization"},"image":{"@id":"https:\/\/www.meydan.tv\/az\/article\/yazici-cingiz-abdullayev-neftciye-prezident-teyin-oluna-biler\/#primaryimage"},"thumbnailUrl":"https:\/\/www.meydan.tv\/wp-content\/uploads\/7941.jpg","articleSection":["X\u0259b\u0259rl\u0259r"],"inLanguage":"az"},{"@type":"WebPage","@id":"https:\/\/www.meydan.tv\/az\/article\/yazici-cingiz-abdullayev-neftciye-prezident-teyin-oluna-biler\/","url":"https:\/\/www.meydan.tv\/az\/article\/yazici-cingiz-abdullayev-neftciye-prezident-teyin-oluna-biler\/","name":"Yaz\u0131\u00e7\u0131 \u00c7ingiz Abdullayev \"Neft\u00e7i\"y\u0259 prezident t\u0259yin oluna bil\u0259r - MEYDAN.TV","isPartOf":{"@id":"https:\/\/www.meydan.tv\/az\/#website"},"primaryImageOfPage":{"@id":"https:\/\/www.meydan.tv\/az\/article\/yazici-cingiz-abdullayev-neftciye-prezident-teyin-oluna-biler\/#primaryimage"},"image":{"@id":"https:\/\/www.meydan.tv\/az\/article\/yazici-cingiz-abdullayev-neftciye-prezident-teyin-oluna-biler\/#primaryimage"},"thumbnailUrl":"https:\/\/www.meydan.tv\/wp-content\/uploads\/7941.jpg","datePublished":"2015-03-30T17:27:27+00:00","breadcrumb":{"@id":"https:\/\/www.meydan.tv\/az\/article\/yazici-cingiz-abdullayev-neftciye-prezident-teyin-oluna-biler\/#breadcrumb"},"inLanguage":"az","potentialAction":[{"@type":"ReadAction","target":["https:\/\/www.meydan.tv\/az\/article\/yazici-cingiz-abdullayev-neftciye-prezident-teyin-oluna-biler\/"]}]},{"@type":"ImageObject","inLanguage":"az","@id":"https:\/\/www.meydan.tv\/az\/article\/yazici-cingiz-abdullayev-neftciye-prezident-teyin-oluna-biler\/#primaryimage","url":"https:\/\/www.meydan.tv\/wp-content\/uploads\/7941.jpg","contentUrl":"https:\/\/www.meydan.tv\/wp-content\/uploads\/7941.jpg","width":600,"height":400,"caption":"Source:"},{"@type":"BreadcrumbList","@id":"https:\/\/www.meydan.tv\/az\/article\/yazici-cingiz-abdullayev-neftciye-prezident-teyin-oluna-biler\/#breadcrumb","itemListElement":[{"@type":"ListItem","position":1,"name":"Ana s\u0259hif\u0259","item":"https:\/\/www.meydan.tv\/az\/"},{"@type":"ListItem","position":2,"name":"X\u0259b\u0259rl\u0259r","item":"https:\/\/www.meydan.tv\/az\/section\/xeberler\/"},{"@type":"ListItem","position":3,"name":"Yaz\u0131\u00e7\u0131 \u00c7ingiz Abdullayev &#8220;Neft\u00e7i&#8221;y\u0259 prezident t\u0259yin oluna bil\u0259r"}]},{"@type":"WebSite","@id":"https:\/\/www.meydan.tv\/az\/#website","url":"https:\/\/www.meydan.tv\/az\/","name":"MEYDAN.TV","description":"Meydan TV Az\u0259rbaycan\u0131n media m\u0259kan\u0131ndak\u0131 alternativ s\u0259sidir","publisher":{"@id":"https:\/\/www.meydan.tv\/az\/#organization"},"potentialAction":[{"@type":"SearchAction","target":{"@type":"EntryPoint","urlTemplate":"https:\/\/www.meydan.tv\/az\/?s={search_term_string}"},"query-input":{"@type":"PropertyValueSpecification","valueRequired":true,"valueName":"search_term_string"}}],"inLanguage":"az"},{"@type":"Organization","@id":"https:\/\/www.meydan.tv\/az\/#organization","name":"Meydan TV","url":"https:\/\/www.meydan.tv\/az\/","logo":{"@type":"ImageObject","inLanguage":"az","@id":"https:\/\/www.meydan.tv\/az\/#\/schema\/logo\/image\/","url":"https:\/\/www.meydan.tv\/wp-content\/uploads\/2021\/07\/meydan-logo.svg","contentUrl":"https:\/\/www.meydan.tv\/wp-content\/uploads\/2021\/07\/meydan-logo.svg","width":195,"height":46,"caption":"Meydan TV"},"image":{"@id":"https:\/\/www.meydan.tv\/az\/#\/schema\/logo\/image\/"}},{"@type":"Person","@id":"https:\/\/www.meydan.tv\/az\/#\/schema\/person\/10d11eccf6da3662cf5fdab9806ea91a","name":"user-manager"}]}},"_links":{"self":[{"href":"https:\/\/www.meydan.tv\/az\/wp-json\/wp\/v2\/posts\/167369","targetHints":{"allow":["GET"]}}],"collection":[{"href":"https:\/\/www.meydan.tv\/az\/wp-json\/wp\/v2\/posts"}],"about":[{"href":"https:\/\/www.meydan.tv\/az\/wp-json\/wp\/v2\/types\/post"}],"author":[{"embeddable":true,"href":"https:\/\/www.meydan.tv\/az\/wp-json\/wp\/v2\/users\/11"}],"replies":[{"embeddable":true,"href":"https:\/\/www.meydan.tv\/az\/wp-json\/wp\/v2\/comments?post=167369"}],"version-history":[{"count":0,"href":"https:\/\/www.meydan.tv\/az\/wp-json\/wp\/v2\/posts\/167369\/revisions"}],"wp:featuredmedia":[{"embeddable":true,"href":"https:\/\/www.meydan.tv\/az\/wp-json\/wp\/v2\/media\/21942"}],"wp:attachment":[{"href":"https:\/\/www.meydan.tv\/az\/wp-json\/wp\/v2\/media?parent=167369"}],"wp:term":[{"taxonomy":"category","embeddable":true,"href":"https:\/\/www.meydan.tv\/az\/wp-json\/wp\/v2\/categories?post=167369"},{"taxonomy":"post_tag","embeddable":true,"href":"https:\/\/www.meydan.tv\/az\/wp-json\/wp\/v2\/tags?post=167369"}],"curies":[{"name":"wp","href":"https:\/\/api.w.org\/{rel}","templated":true}]}}