{"id":167368,"date":"2015-03-30T16:49:13","date_gmt":"2015-03-30T16:49:13","guid":{"rendered":"https:\/\/www.meydan.tv\/article\/mecburi-kockunler-berde-agdam-yolunu-bagladi\/"},"modified":"2015-03-30T16:49:13","modified_gmt":"2015-03-30T16:49:13","slug":"mecburi-kockunler-berde-agdam-yolunu-bagladi","status":"publish","type":"post","link":"https:\/\/www.meydan.tv\/az\/article\/mecburi-kockunler-berde-agdam-yolunu-bagladi\/","title":{"rendered":"M\u0259cburi k\u00f6\u00e7k\u00fcnl\u0259r B\u0259rd\u0259-A\u011fdam yolunu ba\u011flad\u0131"},"content":{"rendered":"<figure class=\"wp-block-image size-large\">\n  <img decoding=\"async\" src=\"https:\/\/www.meydan.tv\/az\/21939\/\" alt=\"\" class=\"wp-image-21939\"\/><figcaption><\/figcaption><\/figure>\n<figure class=\"wp-block-image size-large\">\n  <img decoding=\"async\" src=\"https:\/\/www.meydan.tv\/az\/21939\/\" alt=\"\" class=\"wp-image-21939\"\/><figcaption><\/figcaption><\/figure>\n<p>\n  <i><br \/>\n    A\u011fdam v\u0259 K\u0259lb\u0259c\u0259r sakinl\u0259ri ev probleml\u0259rinin h\u0259ll olunmas\u0131n\u0131 ist\u0259yirl\u0259r<br \/>\n  <\/i>\n<\/p>\n<p>\n  Mart\u0131n 30-da B\u0259rd\u0259d\u0259 m\u0259skunla\u015fan K\u0259lb\u0259c\u0259r v\u0259 A\u011fdam rayonlar\u0131ndan olan m\u0259cburi k\u00f6\u00e7k\u00fcnl\u0259r etiraz aksiyas\u0131 ke\u00e7ir\u0259r\u0259k, B\u0259rd\u0259d\u0259n A\u011fdama ged\u0259n yolu ba\u011flay\u0131blar. Bu bar\u0259d\u0259 Meydan TV-y\u0259 B\u0259rd\u0259 sakini Ziy\u0259ddin \u0130smay\u0131lov m\u0259lumat verib. Onun s\u00f6zl\u0259rin\u0259 g\u00f6r\u0259, sakinl\u0259rin etiraz\u0131na s\u0259b\u0259b m\u0259nzil probleml\u0259ri olub:\n<\/p>\n<p>\n  &#8220;M\u0259nzil probleml\u0259ri il\u0259 ba\u011fl\u0131 ba\u015flar\u0131na a\u00e7\u0131lan oyunlardan bez\u0259n A\u011fdam v\u0259 K\u0259lb\u0259c\u0259r sakinl\u0259ri yolu k\u0259smi\u015fdil\u0259r. \u00d6nc\u0259 10-12 n\u0259f\u0259r etiraz edirdi. Daha sonra \u0259razid\u0259 insanlar\u0131n say\u0131 artd\u0131. Aksiya i\u015ftirak\u00e7\u0131lar\u0131ndan \u0259lav\u0259 izl\u0259y\u0259nl\u0259rin d\u0259 say\u0131 \u00e7ox idi. \u018frazid\u0259 t\u0259xmin\u0259n 500-600 n\u0259f\u0259r var idi. Bir m\u00fcdd\u0259t sonra 30-a yax\u0131n polis v\u0259 bir o q\u0259d\u0259r m\u00fclki geyimli hadis\u0259 yerin\u0259 g\u0259l\u0259r\u0259k, \u0259razini t\u0259rk etm\u0259l\u0259rini t\u0259l\u0259b etdil\u0259r. Onlar\u0131n s\u00f6z\u00fcn\u00fc dinl\u0259m\u0259y\u0259n m\u0259cbui k\u00f6\u00e7k\u00fcnl\u0259ri sonradan zor g\u00fcc\u00fcn\u0259 \u0259razid\u0259n uzaqla\u015fd\u0131rd\u0131lar&#8221;.\n<\/p>\n<p>\n  Ziy\u0259ddin \u0130smay\u0131lov bildirib ki, aksiya da\u011f\u0131d\u0131lark\u0259n i\u015ftirak\u00e7\u0131lara zor t\u0259tbiq edilib: &#8220;H\u0259tta qad\u0131nlara da zor t\u0259tbiq edirdil\u0259r. Bir n\u0259f\u0259r g\u00f6zd\u0259n \u0259lil Qaraba\u011f \u0259lilini d\u0259 m\u0259cburi \u015f\u0259kild\u0259 \u0259razid\u0259n uzaqla\u015fd\u0131rd\u0131lar. Ona da zor t\u0259tbiq edildi. Bundan sonra yol a\u00e7\u0131ld\u0131. \u0130nsanlar yava\u015f-yava\u015f \u0259razini t\u0259rk edirl\u0259r&#8221;.\n<\/p>\n<p>\n  B\u0259rd\u0259 Rayon \u0130cra Hakimiyy\u0259tinin \u0259m\u0259kda\u015f\u0131 \u0130sg\u0259nd\u0259r \u0130smay\u0131lov Meydan TV-y\u0259 a\u00e7\u0131qlamas\u0131nda bu haqda m\u0259lumatlar\u0131 bildirib:\u00a0&#8220;\u0130cra hakimiyy\u0259tind\u0259 h\u0259r hans\u0131 bir aksiya il\u0259 ba\u011fl\u0131 m\u0259lumat yoxdur&#8221;.<\/p>\n","protected":false},"excerpt":{"rendered":"<p>A\u011fdam v\u0259 K\u0259lb\u0259c\u0259r sakinl\u0259ri ev probleml\u0259rinin h\u0259ll olunmas\u0131n\u0131 ist\u0259yirl\u0259r<\/p>\n","protected":false},"author":11,"featured_media":21939,"comment_status":"closed","ping_status":"open","sticky":false,"template":"","format":"standard","meta":{"_acf_changed":false,"_sitemap_exclude":false,"_sitemap_priority":"","_sitemap_frequency":"","footnotes":""},"categories":[56],"tags":[],"class_list":["post-167368","post","type-post","status-publish","format-standard","has-post-thumbnail","hentry","category-xeberler","infinite-scroll-item","generate-columns","tablet-grid-50","mobile-grid-100","grid-parent","grid-33","no-featured-image-padding"],"acf":[],"yoast_head":"<!-- This site is optimized with the Yoast SEO plugin v28.4 - https:\/\/yoast.com\/product\/yoast-seo-wordpress\/ -->\n<title>M\u0259cburi k\u00f6\u00e7k\u00fcnl\u0259r B\u0259rd\u0259-A\u011fdam yolunu ba\u011flad\u0131 - MEYDAN.TV<\/title>\n<meta name=\"robots\" content=\"index, follow, max-snippet:-1, max-image-preview:large, max-video-preview:-1\" \/>\n<link rel=\"canonical\" href=\"https:\/\/www.meydan.tv\/az\/article\/mecburi-kockunler-berde-agdam-yolunu-bagladi\/\" \/>\n<meta property=\"og:locale\" content=\"az_AZ\" \/>\n<meta property=\"og:type\" content=\"article\" \/>\n<meta property=\"og:title\" content=\"M\u0259cburi k\u00f6\u00e7k\u00fcnl\u0259r B\u0259rd\u0259-A\u011fdam yolunu ba\u011flad\u0131 - MEYDAN.TV\" \/>\n<meta property=\"og:description\" content=\"A\u011fdam v\u0259 K\u0259lb\u0259c\u0259r sakinl\u0259ri ev probleml\u0259rinin h\u0259ll olunmas\u0131n\u0131 ist\u0259yirl\u0259r\" \/>\n<meta property=\"og:url\" content=\"https:\/\/www.meydan.tv\/az\/article\/mecburi-kockunler-berde-agdam-yolunu-bagladi\/\" \/>\n<meta property=\"og:site_name\" content=\"MEYDAN.TV\" \/>\n<meta property=\"article:published_time\" content=\"2015-03-30T16:49:13+00:00\" \/>\n<meta property=\"og:image\" content=\"https:\/\/www.meydan.tv\/wp-content\/uploads\/7940.jpg\" \/>\n\t<meta property=\"og:image:width\" content=\"533\" \/>\n\t<meta property=\"og:image:height\" content=\"400\" \/>\n\t<meta property=\"og:image:type\" content=\"image\/jpeg\" \/>\n<meta name=\"twitter:card\" content=\"summary_large_image\" \/>\n<!-- \/ Yoast SEO plugin. -->","yoast_head_json":{"title":"M\u0259cburi k\u00f6\u00e7k\u00fcnl\u0259r B\u0259rd\u0259-A\u011fdam yolunu ba\u011flad\u0131 - MEYDAN.TV","robots":{"index":"index","follow":"follow","max-snippet":"max-snippet:-1","max-image-preview":"max-image-preview:large","max-video-preview":"max-video-preview:-1"},"canonical":"https:\/\/www.meydan.tv\/az\/article\/mecburi-kockunler-berde-agdam-yolunu-bagladi\/","og_locale":"az_AZ","og_type":"article","og_title":"M\u0259cburi k\u00f6\u00e7k\u00fcnl\u0259r B\u0259rd\u0259-A\u011fdam yolunu ba\u011flad\u0131 - MEYDAN.TV","og_description":"A\u011fdam v\u0259 K\u0259lb\u0259c\u0259r sakinl\u0259ri ev probleml\u0259rinin h\u0259ll olunmas\u0131n\u0131 ist\u0259yirl\u0259r","og_url":"https:\/\/www.meydan.tv\/az\/article\/mecburi-kockunler-berde-agdam-yolunu-bagladi\/","og_site_name":"MEYDAN.TV","article_published_time":"2015-03-30T16:49:13+00:00","og_image":[{"width":533,"height":400,"url":"https:\/\/www.meydan.tv\/wp-content\/uploads\/7940.jpg","type":"image\/jpeg"}],"twitter_card":"summary_large_image","schema":{"@context":"https:\/\/schema.org","@graph":[{"@type":"Article","@id":"https:\/\/www.meydan.tv\/az\/article\/mecburi-kockunler-berde-agdam-yolunu-bagladi\/#article","isPartOf":{"@id":"https:\/\/www.meydan.tv\/az\/article\/mecburi-kockunler-berde-agdam-yolunu-bagladi\/"},"author":{"name":"user-manager","@id":"https:\/\/www.meydan.tv\/az\/#\/schema\/person\/10d11eccf6da3662cf5fdab9806ea91a"},"headline":"M\u0259cburi k\u00f6\u00e7k\u00fcnl\u0259r B\u0259rd\u0259-A\u011fdam yolunu ba\u011flad\u0131","datePublished":"2015-03-30T16:49:13+00:00","mainEntityOfPage":{"@id":"https:\/\/www.meydan.tv\/az\/article\/mecburi-kockunler-berde-agdam-yolunu-bagladi\/"},"wordCount":340,"publisher":{"@id":"https:\/\/www.meydan.tv\/az\/#organization"},"image":{"@id":"https:\/\/www.meydan.tv\/az\/article\/mecburi-kockunler-berde-agdam-yolunu-bagladi\/#primaryimage"},"thumbnailUrl":"https:\/\/www.meydan.tv\/wp-content\/uploads\/7940.jpg","articleSection":["X\u0259b\u0259rl\u0259r"],"inLanguage":"az"},{"@type":"WebPage","@id":"https:\/\/www.meydan.tv\/az\/article\/mecburi-kockunler-berde-agdam-yolunu-bagladi\/","url":"https:\/\/www.meydan.tv\/az\/article\/mecburi-kockunler-berde-agdam-yolunu-bagladi\/","name":"M\u0259cburi k\u00f6\u00e7k\u00fcnl\u0259r B\u0259rd\u0259-A\u011fdam yolunu ba\u011flad\u0131 - MEYDAN.TV","isPartOf":{"@id":"https:\/\/www.meydan.tv\/az\/#website"},"primaryImageOfPage":{"@id":"https:\/\/www.meydan.tv\/az\/article\/mecburi-kockunler-berde-agdam-yolunu-bagladi\/#primaryimage"},"image":{"@id":"https:\/\/www.meydan.tv\/az\/article\/mecburi-kockunler-berde-agdam-yolunu-bagladi\/#primaryimage"},"thumbnailUrl":"https:\/\/www.meydan.tv\/wp-content\/uploads\/7940.jpg","datePublished":"2015-03-30T16:49:13+00:00","breadcrumb":{"@id":"https:\/\/www.meydan.tv\/az\/article\/mecburi-kockunler-berde-agdam-yolunu-bagladi\/#breadcrumb"},"inLanguage":"az","potentialAction":[{"@type":"ReadAction","target":["https:\/\/www.meydan.tv\/az\/article\/mecburi-kockunler-berde-agdam-yolunu-bagladi\/"]}]},{"@type":"ImageObject","inLanguage":"az","@id":"https:\/\/www.meydan.tv\/az\/article\/mecburi-kockunler-berde-agdam-yolunu-bagladi\/#primaryimage","url":"https:\/\/www.meydan.tv\/wp-content\/uploads\/7940.jpg","contentUrl":"https:\/\/www.meydan.tv\/wp-content\/uploads\/7940.jpg","width":533,"height":400,"caption":"Source:"},{"@type":"BreadcrumbList","@id":"https:\/\/www.meydan.tv\/az\/article\/mecburi-kockunler-berde-agdam-yolunu-bagladi\/#breadcrumb","itemListElement":[{"@type":"ListItem","position":1,"name":"Ana s\u0259hif\u0259","item":"https:\/\/www.meydan.tv\/az\/"},{"@type":"ListItem","position":2,"name":"X\u0259b\u0259rl\u0259r","item":"https:\/\/www.meydan.tv\/az\/section\/xeberler\/"},{"@type":"ListItem","position":3,"name":"M\u0259cburi k\u00f6\u00e7k\u00fcnl\u0259r B\u0259rd\u0259-A\u011fdam yolunu ba\u011flad\u0131"}]},{"@type":"WebSite","@id":"https:\/\/www.meydan.tv\/az\/#website","url":"https:\/\/www.meydan.tv\/az\/","name":"MEYDAN.TV","description":"Meydan TV Az\u0259rbaycan\u0131n media m\u0259kan\u0131ndak\u0131 alternativ s\u0259sidir","publisher":{"@id":"https:\/\/www.meydan.tv\/az\/#organization"},"potentialAction":[{"@type":"SearchAction","target":{"@type":"EntryPoint","urlTemplate":"https:\/\/www.meydan.tv\/az\/?s={search_term_string}"},"query-input":{"@type":"PropertyValueSpecification","valueRequired":true,"valueName":"search_term_string"}}],"inLanguage":"az"},{"@type":"Organization","@id":"https:\/\/www.meydan.tv\/az\/#organization","name":"Meydan TV","url":"https:\/\/www.meydan.tv\/az\/","logo":{"@type":"ImageObject","inLanguage":"az","@id":"https:\/\/www.meydan.tv\/az\/#\/schema\/logo\/image\/","url":"https:\/\/www.meydan.tv\/wp-content\/uploads\/2021\/07\/meydan-logo.svg","contentUrl":"https:\/\/www.meydan.tv\/wp-content\/uploads\/2021\/07\/meydan-logo.svg","width":195,"height":46,"caption":"Meydan TV"},"image":{"@id":"https:\/\/www.meydan.tv\/az\/#\/schema\/logo\/image\/"}},{"@type":"Person","@id":"https:\/\/www.meydan.tv\/az\/#\/schema\/person\/10d11eccf6da3662cf5fdab9806ea91a","name":"user-manager"}]}},"_links":{"self":[{"href":"https:\/\/www.meydan.tv\/az\/wp-json\/wp\/v2\/posts\/167368","targetHints":{"allow":["GET"]}}],"collection":[{"href":"https:\/\/www.meydan.tv\/az\/wp-json\/wp\/v2\/posts"}],"about":[{"href":"https:\/\/www.meydan.tv\/az\/wp-json\/wp\/v2\/types\/post"}],"author":[{"embeddable":true,"href":"https:\/\/www.meydan.tv\/az\/wp-json\/wp\/v2\/users\/11"}],"replies":[{"embeddable":true,"href":"https:\/\/www.meydan.tv\/az\/wp-json\/wp\/v2\/comments?post=167368"}],"version-history":[{"count":0,"href":"https:\/\/www.meydan.tv\/az\/wp-json\/wp\/v2\/posts\/167368\/revisions"}],"wp:featuredmedia":[{"embeddable":true,"href":"https:\/\/www.meydan.tv\/az\/wp-json\/wp\/v2\/media\/21939"}],"wp:attachment":[{"href":"https:\/\/www.meydan.tv\/az\/wp-json\/wp\/v2\/media?parent=167368"}],"wp:term":[{"taxonomy":"category","embeddable":true,"href":"https:\/\/www.meydan.tv\/az\/wp-json\/wp\/v2\/categories?post=167368"},{"taxonomy":"post_tag","embeddable":true,"href":"https:\/\/www.meydan.tv\/az\/wp-json\/wp\/v2\/tags?post=167368"}],"curies":[{"name":"wp","href":"https:\/\/api.w.org\/{rel}","templated":true}]}}