{"id":167367,"date":"2015-03-30T16:29:35","date_gmt":"2015-03-30T16:29:35","guid":{"rendered":"https:\/\/www.meydan.tv\/article\/isa-qember-rusiya-simali-qafqazda-movcud-olan-gerginlikleri-azerbaycana-yonelde-biler\/"},"modified":"2015-03-30T16:29:35","modified_gmt":"2015-03-30T16:29:35","slug":"isa-qember-rusiya-simali-qafqazda-movcud-olan-gerginlikleri-azerbaycana-yonelde-biler","status":"publish","type":"post","link":"https:\/\/www.meydan.tv\/az\/article\/isa-qember-rusiya-simali-qafqazda-movcud-olan-gerginlikleri-azerbaycana-yonelde-biler\/","title":{"rendered":"\u0130sa Q\u0259mb\u0259r: &#8220;Rusiya \u015eimali Qafqazda m\u00f6vcud olan g\u0259rginlikl\u0259ri Az\u0259rbaycana y\u00f6n\u0259ld\u0259 bil\u0259r&#8221;"},"content":{"rendered":"<figure class=\"wp-block-image size-large\">\n  <img decoding=\"async\" src=\"https:\/\/www.meydan.tv\/az\/21936\/\" alt=\"\" class=\"wp-image-21936\"\/><figcaption><\/figcaption><\/figure>\n<figure class=\"wp-block-image size-large\">\n  <img decoding=\"async\" src=\"https:\/\/www.meydan.tv\/az\/21936\/\" alt=\"\" class=\"wp-image-21936\"\/><figcaption><\/figcaption><\/figure>\n<p>\n  <i><br \/>\n    &#8220;Erm\u0259nistan tam \u015f\u0259kild\u0259 Rusiyan\u0131n n\u0259zar\u0259tind\u0259 oldu\u011fundan Moskva ist\u0259diyi vaxt bu v\u0259ziyy\u0259ti yarada bil\u0259r&#8221;<br \/>\n  <\/i>\n<\/p>\n<p>\n  Postsovet m\u0259kan\u0131 yaln\u0131z Rusiyan\u0131n Ukraynaya t\u0259cav\u00fcz\u00fc n\u0259tic\u0259sind\u0259 yaranan g\u0259rginliyi il\u0259 m\u00fc\u015fahid\u0259 olunmur. Moskvan\u0131n Orta Asiya v\u0259 C\u0259nubi Qafqaz iddialar\u0131 m\u00fcxt\u0259lif yana\u015fmalarda \u00f6z\u00fcn\u00fc b\u00fcruz\u0259 verir. Amerika prezidentinin milli t\u0259hl\u00fck\u0259sizlik m\u0259s\u0259l\u0259l\u0259ri \u00fczr\u0259 sabiq m\u00fc\u015faviri Zbiqnev Bzejinskinin son m\u00fcsahib\u0259si d\u0259 Kreml t\u0259hl\u00fck\u0259sinin ciddi oldu\u011funu g\u00f6st\u0259rir. Milli Strateji D\u00fc\u015f\u00fcnc\u0259 M\u0259rk\u0259zinin r\u0259hb\u0259ri \u0130sa Q\u0259mb\u0259rl\u0259 s\u00f6hb\u0259timizd\u0259 m\u00f6vcud durumun do\u011furdu\u011fu suallara cavab alma\u011fa \u00e7al\u0131\u015fd\u0131q.<\/p>\n<p>  <b><br \/>\n    &#8211; \u0130sa b\u0259y, m\u0259\u015fhur amerikal\u0131 politoloq, Amerika prezidentinin milli t\u0259hl\u00fck\u0259sizlik m\u0259s\u0259l\u0259l\u0259ri \u00fczr\u0259 sabiq m\u00fc\u015faviri Zbiqnev Bzejinskinin postsovet m\u0259kan\u0131nda Rusiya t\u0259hl\u00fck\u0259si bar\u0259d\u0259 s\u00f6yl\u0259dikl\u0259rind\u0259n x\u0259b\u0259rdars\u0131n\u0131z. &#8220;Putin \u00e7\u0259tin ki, \u00f6z aqressiv siyas\u0259tini Ukraynaya h\u00fccumla yekunla\u015fd\u0131rs\u0131n. Onun n\u00f6vb\u0259ti h\u0259d\u0259fl\u0259ri qismind\u0259 Baltikyan\u0131 \u00f6lk\u0259l\u0259r, Moldova, G\u00fcrc\u00fcstan, Az\u0259rbaycan v\u0259 h\u0259tta Pol\u015fa ola bil\u0259r&#8230; &#8220;,-dey\u0259 Bzejinski bildirib. T\u0259hl\u00fck\u0259 reald\u0131rm\u0131?<br \/>\n  <\/b>\n<\/p>\n<p>\n  &#8211;\u00a0 Zbiqnev Bzejinski kimi ciddi adamlar\u0131n fikirl\u0259rin\u0259 ciddi yana\u015fmaq laz\u0131md\u0131r. T\u0259bii ki, Rusiya t\u0259hl\u00fck\u0259si ger\u00e7\u0259k t\u0259hl\u00fck\u0259dir v\u0259 Putin rejiminin son ill\u0259rd\u0259ki aqressiv davran\u0131\u015flar\u0131 da bunu bir daha t\u0259sdiq edir. Xat\u0131rlay\u0131rs\u0131n\u0131zsa, Milli Strateji D\u00fc\u015f\u00fcnc\u0259 M\u0259rk\u0259zi olaraq, ilk t\u0259dbirl\u0259rimizd\u0259n biri m\u0259hz Rusiya t\u0259hl\u00fck\u0259sin\u0259 h\u0259sr olunmu\u015fdu v\u0259 bu y\u00f6nd\u0259 s\u0259n\u0259d haz\u0131rlay\u0131b ictimaiyy\u0259t\u0259 t\u0259qdim etmi\u015fdik. \u00d6t\u0259n m\u00fcdd\u0259td\u0259 is\u0259 Rusiya t\u0259hl\u00fck\u0259si artmaqdad\u0131r v\u0259 t\u0259bii ki, Zbiqnev Bzejinskinin a\u00e7\u0131qlamalar\u0131na diqq\u0259tl\u0259 yana\u015f\u0131lmal\u0131d\u0131r. H\u0259m d\u0259 diqq\u0259tl\u0259 yana\u015f\u0131lma dedikd\u0259, s\u00f6z xatirin\u0259 s\u00f6yl\u0259mir\u0259m, b\u0259z\u0259n jurnalist dostlar\u0131m\u0131z a\u00e7\u0131qlamalar\u0131n i\u00e7ind\u0259 \u0259n sensassion s\u00f6z\u00fc ba\u015fl\u0131\u011fa \u00e7\u0131xard\u0131rlar, mahiyy\u0259t\u0259 diqq\u0259t yetirm\u0259k laz\u0131md\u0131r. \u0130mkan varsa, Zbiqnev Bzejinskinin a\u00e7\u0131qlamas\u0131n\u0131n orijinal\u0131n\u0131 tap\u0131b deyildiyi dild\u0259 n\u0259z\u0259rd\u0259n ke\u00e7irm\u0259k laz\u0131md\u0131r. \u00c7\u00fcnki h\u0259r bir s\u00f6z\u00fcn hans\u0131 \u015f\u0259kild\u0259 v\u0259 hans\u0131 kontekstd\u0259 s\u00f6yl\u0259nilm\u0259sinin h\u0259r biri \u00f6n\u0259mlidir.\n<\/p>\n<p>\n  <b><br \/>\n    &#8211; T\u0259hl\u00fck\u0259 dedikd\u0259, n\u0259l\u0259ri ehtimal edirsiniz, daxili t\u0259xribat, yoxsa \u00f6t\u0259n \u0259srin 20-ci ilind\u0259 oldu\u011fu kimi rus ordusu Az\u0259rbaycana daxil ola bil\u0259r?<br \/>\n  <\/b>\n<\/p>\n<p>\n  &#8211; Bir daha qeyd edim ki, Zbiqnev Bzejinskinin a\u00e7\u0131qlamas\u0131n\u0131 diqq\u0259tl\u0259 oxumaq laz\u0131md\u0131r. S\u00f6hb\u0259t yax\u0131n g\u00fcnl\u0259rd\u0259\u00a0 Rusiya Q\u0131rm\u0131z\u0131 Ordusunun 20-ci ild\u0259ki kimi Az\u0259rbaycana h\u00fccumundan getmir. Zbiqnev Bzejinski ayd\u0131n \u015f\u0259kild\u0259 deyir ki, \u0259g\u0259r Rusiya Ukraynada asan q\u0259l\u0259b\u0259y\u0259 nail olarsa, t\u0259hl\u00fck\u0259 davam ed\u0259c\u0259k. Eyni zamanda, politoloqun s\u0131ralamas\u0131nda Baltik \u00f6lk\u0259l\u0259ri, Moldova, G\u00fcrc\u00fcstan v\u0259 Az\u0259rbaycan ayr\u0131 madd\u0259l\u0259rl\u0259 qeyd olunur. Bu qeydl\u0259r\u0259 diqq\u0259t etm\u0259k laz\u0131md\u0131r. T\u0259hl\u00fck\u0259nin 2 \u0259sas istiqam\u0259tini qeyd etm\u0259k laz\u0131md\u0131r, birinci, Erm\u0259nistan-Az\u0259rbaycan\u00a0 m\u00fcnaqi\u015f\u0259sinin h\u0259rbi m\u0259rh\u0259l\u0259y\u0259 ke\u00e7m\u0259si;\u00a0 Erm\u0259nistan tam \u015f\u0259kild\u0259 Rusiyan\u0131n n\u0259zar\u0259tind\u0259 oldu\u011fundan Moskva ist\u0259diyi vaxt bu v\u0259ziyy\u0259ti yarada bil\u0259r. Ayd\u0131n m\u0259s\u0259l\u0259dir ki, yaranacaq durum sad\u0259c\u0259 Az\u0259rbaycan-Erm\u0259nistan aras\u0131nda h\u0259rbi m\u00fcnaqi\u015f\u0259 olmayacaq, \u0259g\u0259r ba\u015f ver\u0259c\u0259ks\u0259, Rusiyan\u0131n i\u015ftirak\u0131 \u015f\u00fcbh\u0259sizdir. M\u0259nim \u00e7\u0131x\u0131\u015f\u0131mdan ba\u015fl\u0131\u011fa \u00e7\u0131xmas\u0131n ki, Rusiya Az\u0259rbaycana ordu yeritm\u0259y\u0259 haz\u0131rla\u015f\u0131r. Qaraba\u011f sava\u015f\u0131, Erm\u0259nistan-Az\u0259rbaycan istiqam\u0259tind\u0259 Rusiyan\u0131n t\u0259xribat v\u0259 Az\u0259rbaycana m\u00fcdaxil\u0259 imkanlar\u0131 kifay\u0259t q\u0259d\u0259r geni\u015fdir. Rusiyan\u0131n ikinci f\u0259aliyy\u0259t istiqam\u0259ti \u015eimali Qafqazda m\u00f6vcud olan g\u0259rginlikl\u0259ri Az\u0259rbaycana y\u00f6n\u0259ltm\u0259k c\u0259hdl\u0259ri ola bil\u0259r. Bu amil d\u0259 kifay\u0259t q\u0259d\u0259r ciddi diqq\u0259t yetiril\u0259si m\u0259s\u0259l\u0259dir. Rusiyan\u0131n ba\u015fqa imkanlar\u0131 da var, x\u00fcsus\u0259n bu \u00f6lk\u0259nin Az\u0259rbaycan hakimiyy\u0259tind\u0259 ciddi \u015f\u0259b\u0259k\u0259si var.\n<\/p>\n<p>\n  <b><br \/>\n    &#8211; S\u00f6hb\u0259t &#8220;be\u015finci kalon&#8221;dan gedir?<br \/>\n  <\/b>\n<\/p>\n<p>\n  &#8211; &#8220;Be\u015finci kalon&#8221; \u00e7ox gurultulu s\u00f6zd\u00fcr v\u0259 \u00e7ox tez-tez t\u0259krar olunur, m\u0259n \u015f\u0259b\u0259k\u0259 s\u00f6z\u00fcn\u0259 \u00fcst\u00fcnl\u00fck verir\u0259m. Hakimiyy\u0259td\u0259 Rusiyan\u0131n geni\u015f \u015f\u0259b\u0259k\u0259si var, t\u0259\u0259ss\u00fcf ki.\n<\/p>\n<p>\n  <b><br \/>\n    &#8211;\u00a0 Amerikal\u0131 politoloq Bzejinski bu bar\u0259d\u0259 dan\u0131\u015fd\u0131. Ancaq bir s\u0131ra politoloqlar Q\u0259rbin Ukrayna hadis\u0259l\u0259rin\u0259 ilkin d\u00f6vrd\u0259 seyr\u00e7i yana\u015fd\u0131\u011f\u0131n\u0131 deyir v\u0259 ona g\u00f6r\u0259 Kr\u0131m, Donbas olaylar\u0131 ba\u015f verdi.\u00a0 Bu m\u0259nada Q\u0259rbin m\u00fc\u015fahid\u0259 etdiyini v\u0259 yaxud d\u0259st\u0259k verdiyini d\u00fc\u015f\u00fcnm\u0259k olarm\u0131?<br \/>\n  <\/b>\n<\/p>\n<p>\n  &#8211; D\u00fcnyada h\u0259r \u015fey nisbidir, m\u00fcdaxil\u0259y\u0259, t\u0259cav\u00fcz\u0259 m\u0259ruz qalan, \u0259rzisind\u0259 d\u00f6y\u00fc\u015fl\u0259r ged\u0259n, \u00f6vladlar\u0131n\u0131 itir\u0259n\u00a0 xalqlar \u00fc\u00e7\u00fcn h\u0259r g\u00fcn il q\u0259d\u0259r uzun \u00e7\u0259kir. Amma \u00f6z probleml\u0259rini \u0259sas\u0259n h\u0259ll edib y\u00fcks\u0259k s\u0259viyy\u0259d\u0259 inki\u015fafa nail olmu\u015f d\u00f6vl\u0259tl\u0259r \u00fc\u00e7\u00fcn m\u0259s\u0259l\u0259y\u0259 strateji bax\u0131\u015f m\u00f6vcuddur. Tutaq ki, 1979-cu ilkin dekabr\u0131nda Moskva \u018ffqan\u0131stana h\u0259rbi m\u00fcdaxil\u0259 edib ist\u0259diyi rejimi formala\u015fd\u0131randa da Q\u0259rbin sanksiyalar\u0131 ba\u015flad\u0131. O zaman Q\u0259rbin \u00f6z t\u0259nqid\u00e7il\u0259ri AB\u015e v\u0259 Avropan\u0131 l\u0259ng h\u0259r\u0259k\u0259t etm\u0259kd\u0259, adekvat cavab verm\u0259m\u0259kd\u0259 ciddi t\u0259nqid edirdil\u0259r. Amma,\u00a0 dig\u0259r paralel t\u0259dbirl\u0259rl\u0259 yana\u015f\u0131 m\u0259hz h\u0259min sanksiyalar\u00a0 SSR\u0130 kimi n\u0259h\u0259ng imperiyan\u0131n \u00e7\u00f6km\u0259sin\u0259 s\u0259b\u0259b oldu. \u0130ndi d\u0259 ox\u015far proses gedir. Prosesl\u0259r yeni ba\u015flayanda da demi\u015fdim ki, Rusiyan\u0131n Ukraynaya m\u00fcdaxil\u0259si 1979-cu ild\u0259 SSR\u0130-nin \u018ffqan\u0131stana m\u00fcdaxil\u0259sini xat\u0131rlad\u0131r v\u0259 n\u0259tic\u0259l\u0259r d\u0259 analoji ola bil\u0259r.\u00a0 Haz\u0131rda Q\u0259rbin Rusiyaya qar\u015f\u0131 sanksiyalar\u0131 kifay\u0259t q\u0259d\u0259r ciddidir. Eyni zamanda, Q\u0259rbin ist\u0259nil\u0259n vaxt sanksiyalar\u0131 d\u0259rinl\u0259\u015fdirm\u0259k imkanlar\u0131 daha b\u00f6y\u00fckd\u00fcr. Bu bax\u0131mdan Moskva aqressiv, i\u015f\u011fal\u00e7\u0131 siyas\u0259tind\u0259n \u0259l \u00e7\u0259km\u0259y\u0259c\u0259yi t\u0259qdird\u0259 \u00e7ox ciddi\u00a0 sanksiyalar\u0131n s\u0259rtl\u0259\u015fm\u0259si n\u0259tic\u0259sind\u0259 b\u00f6hrandan v\u0259 sonrak\u0131 ciddi probleml\u0259rd\u0259n yaxa qurtara bilm\u0259y\u0259c\u0259k.\n<\/p>\n<p>\n  <b><br \/>\n    &#8211; Az\u0259rbaycan hakimiyy\u0259ti bu y\u00f6nd\u0259 hans\u0131 add\u0131mlar atmal\u0131d\u0131r v\u0259 \u00fcmumiyy\u0259tl\u0259, at\u0131rm\u0131?<br \/>\n  <\/b>\n<\/p>\n<p>\n  &#8211; Az\u0259rbaycan hakimiyy\u0259tinin he\u00e7 bir sah\u0259d\u0259 ayd\u0131n, d\u00fc\u015f\u00fcn\u00fclm\u00fc\u015f strategiyas\u0131 yoxdur. Hakimiyy\u0259t yaln\u0131z \u00f6z maraqlar\u0131n\u0131 d\u00fc\u015f\u00fcn\u00fcr v\u0259 m\u00fcxt\u0259lif xarici amill\u0259r\u0259 reaksiya verir. Y\u0259ni hardan n\u0259 t\u0259hdid v\u0259 problem varsa, onunla ba\u011fl\u0131 ba\u015fa d\u00fc\u015fd\u00fckl\u0259ri \u015f\u0259kild\u0259 problem\u0259 m\u00fcnasib\u0259t bildirm\u0259k v\u0259 h\u0259ll etm\u0259y\u0259 \u00e7al\u0131\u015f\u0131rlar. Ona g\u00f6r\u0259 d\u0259 hakimiyy\u0259tin d\u00fc\u015f\u00fcn\u00fclm\u00fc\u015f siyas\u0259tinin oldu\u011funu s\u00f6yl\u0259m\u0259k t\u0259\u0259ss\u00fcf ki, m\u00fcmk\u00fcn deyil. M\u0259n hesab edir\u0259m ki, Az\u0259rbaycan\u0131n \u00fczunm\u00fcdd\u0259tli v\u0259 davaml\u0131 t\u0259hl\u00fck\u0259sizliyi \u00fc\u00e7\u00fcn\u00a0 Avroatlantik inteqrasiya istiqam\u0259tind\u0259 ger\u00e7\u0259k add\u0131mlar at\u0131lmal\u0131d\u0131r.<br \/>\n  <\/p>\n","protected":false},"excerpt":{"rendered":"<p>&#8220;Erm\u0259nistan tam \u015f\u0259kild\u0259 Rusiyan\u0131n n\u0259zar\u0259tind\u0259 oldu\u011fundan Moskva ist\u0259diyi vaxt bu v\u0259ziyy\u0259ti yarada bil\u0259r&#8221;<\/p>\n","protected":false},"author":11,"featured_media":21936,"comment_status":"closed","ping_status":"open","sticky":false,"template":"","format":"standard","meta":{"_acf_changed":false,"_sitemap_exclude":false,"_sitemap_priority":"","_sitemap_frequency":"","footnotes":""},"categories":[56],"tags":[],"class_list":["post-167367","post","type-post","status-publish","format-standard","has-post-thumbnail","hentry","category-xeberler","infinite-scroll-item","generate-columns","tablet-grid-50","mobile-grid-100","grid-parent","grid-33","no-featured-image-padding"],"acf":[],"yoast_head":"<!-- This site is optimized with the Yoast SEO plugin v28.4 - https:\/\/yoast.com\/product\/yoast-seo-wordpress\/ -->\n<title>\u0130sa Q\u0259mb\u0259r: &quot;Rusiya \u015eimali Qafqazda m\u00f6vcud olan g\u0259rginlikl\u0259ri Az\u0259rbaycana y\u00f6n\u0259ld\u0259 bil\u0259r&quot; - MEYDAN.TV<\/title>\n<meta name=\"robots\" content=\"index, follow, max-snippet:-1, max-image-preview:large, max-video-preview:-1\" \/>\n<link rel=\"canonical\" href=\"https:\/\/www.meydan.tv\/az\/article\/isa-qember-rusiya-simali-qafqazda-movcud-olan-gerginlikleri-azerbaycana-yonelde-biler\/\" \/>\n<meta property=\"og:locale\" content=\"az_AZ\" \/>\n<meta property=\"og:type\" content=\"article\" \/>\n<meta property=\"og:title\" content=\"\u0130sa Q\u0259mb\u0259r: &quot;Rusiya \u015eimali Qafqazda m\u00f6vcud olan g\u0259rginlikl\u0259ri Az\u0259rbaycana y\u00f6n\u0259ld\u0259 bil\u0259r&quot; - MEYDAN.TV\" \/>\n<meta property=\"og:description\" content=\"&quot;Erm\u0259nistan tam \u015f\u0259kild\u0259 Rusiyan\u0131n n\u0259zar\u0259tind\u0259 oldu\u011fundan Moskva ist\u0259diyi vaxt bu v\u0259ziyy\u0259ti yarada bil\u0259r&quot;\" \/>\n<meta property=\"og:url\" content=\"https:\/\/www.meydan.tv\/az\/article\/isa-qember-rusiya-simali-qafqazda-movcud-olan-gerginlikleri-azerbaycana-yonelde-biler\/\" \/>\n<meta property=\"og:site_name\" content=\"MEYDAN.TV\" \/>\n<meta property=\"article:published_time\" content=\"2015-03-30T16:29:35+00:00\" \/>\n<meta property=\"og:image\" content=\"https:\/\/www.meydan.tv\/wp-content\/uploads\/7939.jpg\" \/>\n\t<meta property=\"og:image:width\" content=\"450\" \/>\n\t<meta property=\"og:image:height\" content=\"330\" \/>\n\t<meta property=\"og:image:type\" content=\"image\/jpeg\" \/>\n<meta name=\"twitter:card\" content=\"summary_large_image\" \/>\n<!-- \/ Yoast SEO plugin. -->","yoast_head_json":{"title":"\u0130sa Q\u0259mb\u0259r: \"Rusiya \u015eimali Qafqazda m\u00f6vcud olan g\u0259rginlikl\u0259ri Az\u0259rbaycana y\u00f6n\u0259ld\u0259 bil\u0259r\" - MEYDAN.TV","robots":{"index":"index","follow":"follow","max-snippet":"max-snippet:-1","max-image-preview":"max-image-preview:large","max-video-preview":"max-video-preview:-1"},"canonical":"https:\/\/www.meydan.tv\/az\/article\/isa-qember-rusiya-simali-qafqazda-movcud-olan-gerginlikleri-azerbaycana-yonelde-biler\/","og_locale":"az_AZ","og_type":"article","og_title":"\u0130sa Q\u0259mb\u0259r: \"Rusiya \u015eimali Qafqazda m\u00f6vcud olan g\u0259rginlikl\u0259ri Az\u0259rbaycana y\u00f6n\u0259ld\u0259 bil\u0259r\" - MEYDAN.TV","og_description":"\"Erm\u0259nistan tam \u015f\u0259kild\u0259 Rusiyan\u0131n n\u0259zar\u0259tind\u0259 oldu\u011fundan Moskva ist\u0259diyi vaxt bu v\u0259ziyy\u0259ti yarada bil\u0259r\"","og_url":"https:\/\/www.meydan.tv\/az\/article\/isa-qember-rusiya-simali-qafqazda-movcud-olan-gerginlikleri-azerbaycana-yonelde-biler\/","og_site_name":"MEYDAN.TV","article_published_time":"2015-03-30T16:29:35+00:00","og_image":[{"width":450,"height":330,"url":"https:\/\/www.meydan.tv\/wp-content\/uploads\/7939.jpg","type":"image\/jpeg"}],"twitter_card":"summary_large_image","schema":{"@context":"https:\/\/schema.org","@graph":[{"@type":"Article","@id":"https:\/\/www.meydan.tv\/az\/article\/isa-qember-rusiya-simali-qafqazda-movcud-olan-gerginlikleri-azerbaycana-yonelde-biler\/#article","isPartOf":{"@id":"https:\/\/www.meydan.tv\/az\/article\/isa-qember-rusiya-simali-qafqazda-movcud-olan-gerginlikleri-azerbaycana-yonelde-biler\/"},"author":{"name":"user-manager","@id":"https:\/\/www.meydan.tv\/az\/#\/schema\/person\/10d11eccf6da3662cf5fdab9806ea91a"},"headline":"\u0130sa Q\u0259mb\u0259r: &#8220;Rusiya \u015eimali Qafqazda m\u00f6vcud olan g\u0259rginlikl\u0259ri Az\u0259rbaycana y\u00f6n\u0259ld\u0259 bil\u0259r&#8221;","datePublished":"2015-03-30T16:29:35+00:00","mainEntityOfPage":{"@id":"https:\/\/www.meydan.tv\/az\/article\/isa-qember-rusiya-simali-qafqazda-movcud-olan-gerginlikleri-azerbaycana-yonelde-biler\/"},"wordCount":1291,"publisher":{"@id":"https:\/\/www.meydan.tv\/az\/#organization"},"image":{"@id":"https:\/\/www.meydan.tv\/az\/article\/isa-qember-rusiya-simali-qafqazda-movcud-olan-gerginlikleri-azerbaycana-yonelde-biler\/#primaryimage"},"thumbnailUrl":"https:\/\/www.meydan.tv\/wp-content\/uploads\/7939.jpg","articleSection":["X\u0259b\u0259rl\u0259r"],"inLanguage":"az"},{"@type":"WebPage","@id":"https:\/\/www.meydan.tv\/az\/article\/isa-qember-rusiya-simali-qafqazda-movcud-olan-gerginlikleri-azerbaycana-yonelde-biler\/","url":"https:\/\/www.meydan.tv\/az\/article\/isa-qember-rusiya-simali-qafqazda-movcud-olan-gerginlikleri-azerbaycana-yonelde-biler\/","name":"\u0130sa Q\u0259mb\u0259r: \"Rusiya \u015eimali Qafqazda m\u00f6vcud olan g\u0259rginlikl\u0259ri Az\u0259rbaycana y\u00f6n\u0259ld\u0259 bil\u0259r\" - MEYDAN.TV","isPartOf":{"@id":"https:\/\/www.meydan.tv\/az\/#website"},"primaryImageOfPage":{"@id":"https:\/\/www.meydan.tv\/az\/article\/isa-qember-rusiya-simali-qafqazda-movcud-olan-gerginlikleri-azerbaycana-yonelde-biler\/#primaryimage"},"image":{"@id":"https:\/\/www.meydan.tv\/az\/article\/isa-qember-rusiya-simali-qafqazda-movcud-olan-gerginlikleri-azerbaycana-yonelde-biler\/#primaryimage"},"thumbnailUrl":"https:\/\/www.meydan.tv\/wp-content\/uploads\/7939.jpg","datePublished":"2015-03-30T16:29:35+00:00","breadcrumb":{"@id":"https:\/\/www.meydan.tv\/az\/article\/isa-qember-rusiya-simali-qafqazda-movcud-olan-gerginlikleri-azerbaycana-yonelde-biler\/#breadcrumb"},"inLanguage":"az","potentialAction":[{"@type":"ReadAction","target":["https:\/\/www.meydan.tv\/az\/article\/isa-qember-rusiya-simali-qafqazda-movcud-olan-gerginlikleri-azerbaycana-yonelde-biler\/"]}]},{"@type":"ImageObject","inLanguage":"az","@id":"https:\/\/www.meydan.tv\/az\/article\/isa-qember-rusiya-simali-qafqazda-movcud-olan-gerginlikleri-azerbaycana-yonelde-biler\/#primaryimage","url":"https:\/\/www.meydan.tv\/wp-content\/uploads\/7939.jpg","contentUrl":"https:\/\/www.meydan.tv\/wp-content\/uploads\/7939.jpg","width":450,"height":330,"caption":"Source:"},{"@type":"BreadcrumbList","@id":"https:\/\/www.meydan.tv\/az\/article\/isa-qember-rusiya-simali-qafqazda-movcud-olan-gerginlikleri-azerbaycana-yonelde-biler\/#breadcrumb","itemListElement":[{"@type":"ListItem","position":1,"name":"Ana s\u0259hif\u0259","item":"https:\/\/www.meydan.tv\/az\/"},{"@type":"ListItem","position":2,"name":"X\u0259b\u0259rl\u0259r","item":"https:\/\/www.meydan.tv\/az\/section\/xeberler\/"},{"@type":"ListItem","position":3,"name":"\u0130sa Q\u0259mb\u0259r: &#8220;Rusiya \u015eimali Qafqazda m\u00f6vcud olan g\u0259rginlikl\u0259ri Az\u0259rbaycana y\u00f6n\u0259ld\u0259 bil\u0259r&#8221;"}]},{"@type":"WebSite","@id":"https:\/\/www.meydan.tv\/az\/#website","url":"https:\/\/www.meydan.tv\/az\/","name":"MEYDAN.TV","description":"Meydan TV Az\u0259rbaycan\u0131n media m\u0259kan\u0131ndak\u0131 alternativ s\u0259sidir","publisher":{"@id":"https:\/\/www.meydan.tv\/az\/#organization"},"potentialAction":[{"@type":"SearchAction","target":{"@type":"EntryPoint","urlTemplate":"https:\/\/www.meydan.tv\/az\/?s={search_term_string}"},"query-input":{"@type":"PropertyValueSpecification","valueRequired":true,"valueName":"search_term_string"}}],"inLanguage":"az"},{"@type":"Organization","@id":"https:\/\/www.meydan.tv\/az\/#organization","name":"Meydan TV","url":"https:\/\/www.meydan.tv\/az\/","logo":{"@type":"ImageObject","inLanguage":"az","@id":"https:\/\/www.meydan.tv\/az\/#\/schema\/logo\/image\/","url":"https:\/\/www.meydan.tv\/wp-content\/uploads\/2021\/07\/meydan-logo.svg","contentUrl":"https:\/\/www.meydan.tv\/wp-content\/uploads\/2021\/07\/meydan-logo.svg","width":195,"height":46,"caption":"Meydan TV"},"image":{"@id":"https:\/\/www.meydan.tv\/az\/#\/schema\/logo\/image\/"}},{"@type":"Person","@id":"https:\/\/www.meydan.tv\/az\/#\/schema\/person\/10d11eccf6da3662cf5fdab9806ea91a","name":"user-manager"}]}},"_links":{"self":[{"href":"https:\/\/www.meydan.tv\/az\/wp-json\/wp\/v2\/posts\/167367","targetHints":{"allow":["GET"]}}],"collection":[{"href":"https:\/\/www.meydan.tv\/az\/wp-json\/wp\/v2\/posts"}],"about":[{"href":"https:\/\/www.meydan.tv\/az\/wp-json\/wp\/v2\/types\/post"}],"author":[{"embeddable":true,"href":"https:\/\/www.meydan.tv\/az\/wp-json\/wp\/v2\/users\/11"}],"replies":[{"embeddable":true,"href":"https:\/\/www.meydan.tv\/az\/wp-json\/wp\/v2\/comments?post=167367"}],"version-history":[{"count":0,"href":"https:\/\/www.meydan.tv\/az\/wp-json\/wp\/v2\/posts\/167367\/revisions"}],"wp:featuredmedia":[{"embeddable":true,"href":"https:\/\/www.meydan.tv\/az\/wp-json\/wp\/v2\/media\/21936"}],"wp:attachment":[{"href":"https:\/\/www.meydan.tv\/az\/wp-json\/wp\/v2\/media?parent=167367"}],"wp:term":[{"taxonomy":"category","embeddable":true,"href":"https:\/\/www.meydan.tv\/az\/wp-json\/wp\/v2\/categories?post=167367"},{"taxonomy":"post_tag","embeddable":true,"href":"https:\/\/www.meydan.tv\/az\/wp-json\/wp\/v2\/tags?post=167367"}],"curies":[{"name":"wp","href":"https:\/\/api.w.org\/{rel}","templated":true}]}}