{"id":167363,"date":"2015-03-30T13:16:00","date_gmt":"2015-03-30T13:16:00","guid":{"rendered":"https:\/\/www.meydan.tv\/article\/paytaxtda-qar-yagir\/"},"modified":"2015-03-30T13:16:00","modified_gmt":"2015-03-30T13:16:00","slug":"paytaxtda-qar-yagir","status":"publish","type":"post","link":"https:\/\/www.meydan.tv\/az\/article\/paytaxtda-qar-yagir\/","title":{"rendered":"Paytaxtda qar ya\u011f\u0131r"},"content":{"rendered":"<figure class=\"wp-block-image size-large\">\n  <img decoding=\"async\" src=\"https:\/\/www.meydan.tv\/az\/21924\/\" alt=\"\" class=\"wp-image-21924\"\/><figcaption><\/figcaption><\/figure>\n<figure class=\"wp-block-image size-large\">\n  <img decoding=\"async\" src=\"https:\/\/www.meydan.tv\/az\/21924\/\" alt=\"\" class=\"wp-image-21924\"\/><figcaption><\/figcaption><\/figure>\n<p>\n  <i><br \/>\n    &#8220;\u018fg\u0259r bel\u0259 hallar \u0259vv\u0259lki ill\u0259rd\u0259 olmasayd\u0131, onda mart\u0131n son g\u00fcnl\u0259ri \u00fc\u00e7\u00fcn g\u00f6zl\u0259nil\u0259n hava \u015f\u0259raiti anomal say\u0131la bil\u0259rdi&#8221;<br \/>\n  <\/i>\n<\/p>\n<p>\n  Az\u0259rbaycanda haz\u0131rda m\u00fc\u015fahid\u0259 edil\u0259n hava \u015f\u0259raiti mart ay\u0131 \u00fc\u00e7\u00fcn xarakterikdir v\u0259 anomal say\u0131lm\u0131r.\n<\/p>\n<p>\n  Bunu Trend-\u0259 Ekologiya v\u0259 T\u0259bii S\u0259rv\u0259tl\u0259r Nazirliyinin Milli Hidrometeorologiya Departamentinin Hidrometeoroloji Proqnozlar B\u00fcrosunun ba\u015f hidroloqu Asif Verdiyev deyib.\n<\/p>\n<p>\n  Onun s\u00f6zl\u0259rin\u0259 g\u00f6r\u0259, mart ay\u0131nda hava \u015f\u0259raitinin d\u0259yi\u015fm\u0259si prosesi, qar\u0131n ya\u011fmas\u0131 hallar\u0131 \u0259vv\u0259lki ill\u0259rd\u0259 d\u0259 olub: &#8220;\u018fg\u0259r bel\u0259 hallar \u0259vv\u0259lki ill\u0259rd\u0259 olmasayd\u0131, onda mart\u0131n son g\u00fcnl\u0259ri \u00fc\u00e7\u00fcn g\u00f6zl\u0259nil\u0259n hava \u015f\u0259raiti anomal say\u0131la bil\u0259rdi&#8221;.\n<\/p>\n<p>\n  A.Verdiyev deyib ki, haz\u0131rda Bak\u0131n\u0131n b\u0259zi yerl\u0259rin\u0259 ya\u011f\u0131\u015f, da\u011fl\u0131q v\u0259 da\u011f\u0259t\u0259yi rayonlara is\u0259 qar ya\u011f\u0131r. \u018fvv\u0259lc\u0259d\u0259n veril\u0259n proqnozlara g\u00f6r\u0259, bu g\u00fcn hava \u015f\u0259raitinin arabir ya\u011f\u0131nt\u0131l\u0131 olaca\u011f\u0131, da\u011fl\u0131q v\u0259 da\u011f\u0259t\u0259yi rayonlarda is\u0259 sulu qar, qar ya\u011faca\u011f\u0131, b\u0259zi yerl\u0259rd\u0259 intensiv olaca\u011f\u0131 g\u00f6zl\u0259nilir.<\/p>\n","protected":false},"excerpt":{"rendered":"<p>&#8220;\u018fg\u0259r bel\u0259 hallar \u0259vv\u0259lki ill\u0259rd\u0259 olmasayd\u0131, onda mart\u0131n son g\u00fcnl\u0259ri \u00fc\u00e7\u00fcn g\u00f6zl\u0259nil\u0259n hava \u015f\u0259raiti anomal say\u0131la bil\u0259rdi&#8221;<\/p>\n","protected":false},"author":11,"featured_media":21924,"comment_status":"closed","ping_status":"open","sticky":false,"template":"","format":"standard","meta":{"_acf_changed":false,"_sitemap_exclude":false,"_sitemap_priority":"","_sitemap_frequency":"","footnotes":""},"categories":[56],"tags":[],"class_list":["post-167363","post","type-post","status-publish","format-standard","has-post-thumbnail","hentry","category-xeberler","infinite-scroll-item","generate-columns","tablet-grid-50","mobile-grid-100","grid-parent","grid-33","no-featured-image-padding"],"acf":[],"yoast_head":"<!-- This site is optimized with the Yoast SEO plugin v28.4 - https:\/\/yoast.com\/product\/yoast-seo-wordpress\/ -->\n<title>Paytaxtda qar ya\u011f\u0131r - MEYDAN.TV<\/title>\n<meta name=\"robots\" content=\"index, follow, max-snippet:-1, max-image-preview:large, max-video-preview:-1\" \/>\n<link rel=\"canonical\" href=\"https:\/\/www.meydan.tv\/az\/article\/paytaxtda-qar-yagir\/\" \/>\n<meta property=\"og:locale\" content=\"az_AZ\" \/>\n<meta property=\"og:type\" content=\"article\" \/>\n<meta property=\"og:title\" content=\"Paytaxtda qar ya\u011f\u0131r - MEYDAN.TV\" \/>\n<meta property=\"og:description\" content=\"&quot;\u018fg\u0259r bel\u0259 hallar \u0259vv\u0259lki ill\u0259rd\u0259 olmasayd\u0131, onda mart\u0131n son g\u00fcnl\u0259ri \u00fc\u00e7\u00fcn g\u00f6zl\u0259nil\u0259n hava \u015f\u0259raiti anomal say\u0131la bil\u0259rdi&quot;\" \/>\n<meta property=\"og:url\" content=\"https:\/\/www.meydan.tv\/az\/article\/paytaxtda-qar-yagir\/\" \/>\n<meta property=\"og:site_name\" content=\"MEYDAN.TV\" \/>\n<meta property=\"article:published_time\" content=\"2015-03-30T13:16:00+00:00\" \/>\n<meta property=\"og:image\" content=\"https:\/\/www.meydan.tv\/wp-content\/uploads\/7935.jpg\" \/>\n\t<meta property=\"og:image:width\" content=\"400\" \/>\n\t<meta property=\"og:image:height\" content=\"300\" \/>\n\t<meta property=\"og:image:type\" content=\"image\/jpeg\" \/>\n<meta name=\"twitter:card\" content=\"summary_large_image\" \/>\n<!-- \/ Yoast SEO plugin. -->","yoast_head_json":{"title":"Paytaxtda qar ya\u011f\u0131r - MEYDAN.TV","robots":{"index":"index","follow":"follow","max-snippet":"max-snippet:-1","max-image-preview":"max-image-preview:large","max-video-preview":"max-video-preview:-1"},"canonical":"https:\/\/www.meydan.tv\/az\/article\/paytaxtda-qar-yagir\/","og_locale":"az_AZ","og_type":"article","og_title":"Paytaxtda qar ya\u011f\u0131r - MEYDAN.TV","og_description":"\"\u018fg\u0259r bel\u0259 hallar \u0259vv\u0259lki ill\u0259rd\u0259 olmasayd\u0131, onda mart\u0131n son g\u00fcnl\u0259ri \u00fc\u00e7\u00fcn g\u00f6zl\u0259nil\u0259n hava \u015f\u0259raiti anomal say\u0131la bil\u0259rdi\"","og_url":"https:\/\/www.meydan.tv\/az\/article\/paytaxtda-qar-yagir\/","og_site_name":"MEYDAN.TV","article_published_time":"2015-03-30T13:16:00+00:00","og_image":[{"width":400,"height":300,"url":"https:\/\/www.meydan.tv\/wp-content\/uploads\/7935.jpg","type":"image\/jpeg"}],"twitter_card":"summary_large_image","schema":{"@context":"https:\/\/schema.org","@graph":[{"@type":"Article","@id":"https:\/\/www.meydan.tv\/az\/article\/paytaxtda-qar-yagir\/#article","isPartOf":{"@id":"https:\/\/www.meydan.tv\/az\/article\/paytaxtda-qar-yagir\/"},"author":{"name":"user-manager","@id":"https:\/\/www.meydan.tv\/az\/#\/schema\/person\/10d11eccf6da3662cf5fdab9806ea91a"},"headline":"Paytaxtda qar ya\u011f\u0131r","datePublished":"2015-03-30T13:16:00+00:00","mainEntityOfPage":{"@id":"https:\/\/www.meydan.tv\/az\/article\/paytaxtda-qar-yagir\/"},"wordCount":197,"publisher":{"@id":"https:\/\/www.meydan.tv\/az\/#organization"},"image":{"@id":"https:\/\/www.meydan.tv\/az\/article\/paytaxtda-qar-yagir\/#primaryimage"},"thumbnailUrl":"https:\/\/www.meydan.tv\/wp-content\/uploads\/7935.jpg","articleSection":["X\u0259b\u0259rl\u0259r"],"inLanguage":"az"},{"@type":"WebPage","@id":"https:\/\/www.meydan.tv\/az\/article\/paytaxtda-qar-yagir\/","url":"https:\/\/www.meydan.tv\/az\/article\/paytaxtda-qar-yagir\/","name":"Paytaxtda qar ya\u011f\u0131r - MEYDAN.TV","isPartOf":{"@id":"https:\/\/www.meydan.tv\/az\/#website"},"primaryImageOfPage":{"@id":"https:\/\/www.meydan.tv\/az\/article\/paytaxtda-qar-yagir\/#primaryimage"},"image":{"@id":"https:\/\/www.meydan.tv\/az\/article\/paytaxtda-qar-yagir\/#primaryimage"},"thumbnailUrl":"https:\/\/www.meydan.tv\/wp-content\/uploads\/7935.jpg","datePublished":"2015-03-30T13:16:00+00:00","breadcrumb":{"@id":"https:\/\/www.meydan.tv\/az\/article\/paytaxtda-qar-yagir\/#breadcrumb"},"inLanguage":"az","potentialAction":[{"@type":"ReadAction","target":["https:\/\/www.meydan.tv\/az\/article\/paytaxtda-qar-yagir\/"]}]},{"@type":"ImageObject","inLanguage":"az","@id":"https:\/\/www.meydan.tv\/az\/article\/paytaxtda-qar-yagir\/#primaryimage","url":"https:\/\/www.meydan.tv\/wp-content\/uploads\/7935.jpg","contentUrl":"https:\/\/www.meydan.tv\/wp-content\/uploads\/7935.jpg","width":400,"height":300,"caption":"Source:"},{"@type":"BreadcrumbList","@id":"https:\/\/www.meydan.tv\/az\/article\/paytaxtda-qar-yagir\/#breadcrumb","itemListElement":[{"@type":"ListItem","position":1,"name":"Ana s\u0259hif\u0259","item":"https:\/\/www.meydan.tv\/az\/"},{"@type":"ListItem","position":2,"name":"X\u0259b\u0259rl\u0259r","item":"https:\/\/www.meydan.tv\/az\/section\/xeberler\/"},{"@type":"ListItem","position":3,"name":"Paytaxtda qar ya\u011f\u0131r"}]},{"@type":"WebSite","@id":"https:\/\/www.meydan.tv\/az\/#website","url":"https:\/\/www.meydan.tv\/az\/","name":"MEYDAN.TV","description":"Meydan TV Az\u0259rbaycan\u0131n media m\u0259kan\u0131ndak\u0131 alternativ s\u0259sidir","publisher":{"@id":"https:\/\/www.meydan.tv\/az\/#organization"},"potentialAction":[{"@type":"SearchAction","target":{"@type":"EntryPoint","urlTemplate":"https:\/\/www.meydan.tv\/az\/?s={search_term_string}"},"query-input":{"@type":"PropertyValueSpecification","valueRequired":true,"valueName":"search_term_string"}}],"inLanguage":"az"},{"@type":"Organization","@id":"https:\/\/www.meydan.tv\/az\/#organization","name":"Meydan TV","url":"https:\/\/www.meydan.tv\/az\/","logo":{"@type":"ImageObject","inLanguage":"az","@id":"https:\/\/www.meydan.tv\/az\/#\/schema\/logo\/image\/","url":"https:\/\/www.meydan.tv\/wp-content\/uploads\/2021\/07\/meydan-logo.svg","contentUrl":"https:\/\/www.meydan.tv\/wp-content\/uploads\/2021\/07\/meydan-logo.svg","width":195,"height":46,"caption":"Meydan TV"},"image":{"@id":"https:\/\/www.meydan.tv\/az\/#\/schema\/logo\/image\/"}},{"@type":"Person","@id":"https:\/\/www.meydan.tv\/az\/#\/schema\/person\/10d11eccf6da3662cf5fdab9806ea91a","name":"user-manager"}]}},"_links":{"self":[{"href":"https:\/\/www.meydan.tv\/az\/wp-json\/wp\/v2\/posts\/167363","targetHints":{"allow":["GET"]}}],"collection":[{"href":"https:\/\/www.meydan.tv\/az\/wp-json\/wp\/v2\/posts"}],"about":[{"href":"https:\/\/www.meydan.tv\/az\/wp-json\/wp\/v2\/types\/post"}],"author":[{"embeddable":true,"href":"https:\/\/www.meydan.tv\/az\/wp-json\/wp\/v2\/users\/11"}],"replies":[{"embeddable":true,"href":"https:\/\/www.meydan.tv\/az\/wp-json\/wp\/v2\/comments?post=167363"}],"version-history":[{"count":0,"href":"https:\/\/www.meydan.tv\/az\/wp-json\/wp\/v2\/posts\/167363\/revisions"}],"wp:featuredmedia":[{"embeddable":true,"href":"https:\/\/www.meydan.tv\/az\/wp-json\/wp\/v2\/media\/21924"}],"wp:attachment":[{"href":"https:\/\/www.meydan.tv\/az\/wp-json\/wp\/v2\/media?parent=167363"}],"wp:term":[{"taxonomy":"category","embeddable":true,"href":"https:\/\/www.meydan.tv\/az\/wp-json\/wp\/v2\/categories?post=167363"},{"taxonomy":"post_tag","embeddable":true,"href":"https:\/\/www.meydan.tv\/az\/wp-json\/wp\/v2\/tags?post=167363"}],"curies":[{"name":"wp","href":"https:\/\/api.w.org\/{rel}","templated":true}]}}