{"id":167361,"date":"2015-03-29T16:59:48","date_gmt":"2015-03-29T16:59:48","guid":{"rendered":"https:\/\/www.meydan.tv\/article\/real-cilara-ilqar-memmedovla-goruse-icaze-vermeyibler\/"},"modified":"2015-03-29T16:59:48","modified_gmt":"2015-03-29T16:59:48","slug":"real-cilara-ilqar-memmedovla-goruse-icaze-vermeyibler","status":"publish","type":"post","link":"https:\/\/www.meydan.tv\/az\/article\/real-cilara-ilqar-memmedovla-goruse-icaze-vermeyibler\/","title":{"rendered":"REAL-\u00e7\u0131lara \u0130lqar M\u0259mm\u0259dovla g\u00f6r\u00fc\u015f\u0259 icaz\u0259 verm\u0259yibl\u0259r"},"content":{"rendered":"<figure class=\"wp-block-image size-large\">\n  <img decoding=\"async\" src=\"https:\/\/www.meydan.tv\/az\/21918\/\" alt=\"\" class=\"wp-image-21918\"\/><figcaption><\/figcaption><\/figure>\n<figure class=\"wp-block-image size-large\">\n  <img decoding=\"async\" src=\"https:\/\/www.meydan.tv\/az\/21918\/\" alt=\"\" class=\"wp-image-21918\"\/><figcaption><\/figcaption><\/figure>\n<p>\n  <i><br \/>\n    &#8220;\u018fslind\u0259, qanunvericilikd\u0259 m\u0259hbusun qohumlar\u0131 v\u0259 yax\u0131n adamlar\u0131 il\u0259 g\u00f6r\u00fc\u015f m\u0259hdudiyy\u0259ti yoxdur&#8221;<br \/>\n  <\/i>\n<\/p>\n<p>\n  Mart\u0131n 29-da REAL \u0130dar\u0259 Hey\u0259tinin \u00fczvl\u0259ri Erkin Q\u0259dirli, Natiq C\u0259f\u0259rli v\u0259 Az\u0259r Qas\u0131ml\u0131ya h\u0259bsd\u0259 olan h\u0259r\u0259kat s\u0259dri \u0130lqar M\u0259mm\u0259dovla g\u00f6r\u00fc\u015f\u0259 icaz\u0259 verm\u0259yibl\u0259r.\n<\/p>\n<p>\n  Bu bar\u0259d\u0259 Meydan TV-y\u0259 a\u00e7\u0131qlama ver\u0259n Natiq C\u0259f\u0259rli bildirib ki, \u0130lqar M\u0259mm\u0259dov 2 sayl\u0131 C\u0259za\u00e7\u0259km\u0259 M\u00fc\u0259ssis\u0259sinin r\u0259hb\u0259rliyin\u0259 onlarla g\u00f6r\u00fc\u015f \u00fc\u00e7\u00fcn m\u00fcraci\u0259t etmi\u015fdi: &#8220;Qanunvericilik ona bu h\u00fcququ verib v\u0259 n\u0259z\u0259rd\u0259 tutulan b\u00fct\u00fcn porosedur qaydalara \u0259m\u0259l etmi\u015fdi. Buna g\u00f6r\u0259 g\u00f6r\u00fc\u015f\u00fcn ba\u015f tutaca\u011f\u0131na \u00fcmid edirdik. Art\u0131q 5 ayd\u0131r \u0130lqar M\u0259mm\u0259dovla g\u00f6r\u00fc\u015f\u0259 bilmirdik, sonuncu d\u0259f\u0259 noyabrda t\u0259mas\u0131m\u0131z olub. Amma ail\u0259si v\u0259 v\u0259kill\u0259ri il\u0259 g\u00f6r\u00fc\u015fm\u0259k problemi yoxdur&#8221;.\n<\/p>\n<p>\n  Natiq C\u0259f\u0259rli g\u00f6r\u00fc\u015f\u0259 icaz\u0259 verilm\u0259m\u0259sind\u0259n \u00e7ox t\u0259\u0259ss\u00fcfl\u0259nib: &#8220;\u0130srar etm\u0259yimiz\u0259 baxmayaraq icaz\u0259 verm\u0259dil\u0259r v\u0259 izah da etm\u0259dil\u0259r. Sad\u0259c\u0259, qanunun icaz\u0259 verm\u0259diyini dedil\u0259r. \u018fslind\u0259, qanunvericilikd\u0259 m\u0259hbusun qohumlar\u0131 v\u0259 yax\u0131n adamlar\u0131 il\u0259 g\u00f6r\u00fc\u015f m\u0259hdudiyy\u0259ti yoxdur. H\u0259m d\u0259 \u0130lqar M\u0259mm\u0259dov m\u00fcvafiq orqana prosedur qaydalar\u0131na uy\u011fun olaraq m\u00fcraci\u0259t etmi\u015fdi&#8221;.\n<\/p>\n<p>\n  O, qanunda n\u0259z\u0259rd\u0259 tutulan b\u00fct\u00fcn vasit\u0259l\u0259rd\u0259\u0131n istifad\u0259 ed\u0259r\u0259k \u0130lqar M\u0259mm\u0259dovla g\u00f6r\u00fc\u015fm\u0259y\u0259 c\u0259hd ed\u0259c\u0259kl\u0259rini dedi.\n<\/p>\n<p>\n  Natiq C\u0259f\u0259rov onu da bildirdi ki, onlar\u0131n \u0130lqar M\u0259mm\u0259dova apard\u0131qlar\u0131 azuq\u0259ni q\u0259bul etdil\u0259r: &#8220;Sonra i\u00e7\u0259rid\u0259n, \u0130lqardan x\u0259b\u0259r ald\u0131q ki, sa\u011flaml\u0131\u011f\u0131 v\u0259 \u0259hval\u0131 yax\u015f\u0131d\u0131r, b\u00fct\u00fcn dostlara salamlar\u0131 var&#8221;.<\/p>\n","protected":false},"excerpt":{"rendered":"<p>&#8220;\u018fslind\u0259, qanunvericilikd\u0259 m\u0259hbusun qohumlar\u0131 v\u0259 yax\u0131n adamlar\u0131 il\u0259 g\u00f6r\u00fc\u015f m\u0259hdudiyy\u0259ti yoxdur&#8221;<\/p>\n","protected":false},"author":11,"featured_media":21918,"comment_status":"closed","ping_status":"open","sticky":false,"template":"","format":"standard","meta":{"_acf_changed":false,"_sitemap_exclude":false,"_sitemap_priority":"","_sitemap_frequency":"","footnotes":""},"categories":[56],"tags":[],"class_list":["post-167361","post","type-post","status-publish","format-standard","has-post-thumbnail","hentry","category-xeberler","infinite-scroll-item","generate-columns","tablet-grid-50","mobile-grid-100","grid-parent","grid-33","no-featured-image-padding"],"acf":[],"yoast_head":"<!-- This site is optimized with the Yoast SEO plugin v28.4 - https:\/\/yoast.com\/product\/yoast-seo-wordpress\/ -->\n<title>REAL-\u00e7\u0131lara \u0130lqar M\u0259mm\u0259dovla g\u00f6r\u00fc\u015f\u0259 icaz\u0259 verm\u0259yibl\u0259r - MEYDAN.TV<\/title>\n<meta name=\"robots\" content=\"index, follow, max-snippet:-1, max-image-preview:large, max-video-preview:-1\" \/>\n<link rel=\"canonical\" href=\"https:\/\/www.meydan.tv\/az\/article\/real-cilara-ilqar-memmedovla-goruse-icaze-vermeyibler\/\" \/>\n<meta property=\"og:locale\" content=\"az_AZ\" \/>\n<meta property=\"og:type\" content=\"article\" \/>\n<meta property=\"og:title\" content=\"REAL-\u00e7\u0131lara \u0130lqar M\u0259mm\u0259dovla g\u00f6r\u00fc\u015f\u0259 icaz\u0259 verm\u0259yibl\u0259r - MEYDAN.TV\" \/>\n<meta property=\"og:description\" content=\"&quot;\u018fslind\u0259, qanunvericilikd\u0259 m\u0259hbusun qohumlar\u0131 v\u0259 yax\u0131n adamlar\u0131 il\u0259 g\u00f6r\u00fc\u015f m\u0259hdudiyy\u0259ti yoxdur&quot;\" \/>\n<meta property=\"og:url\" content=\"https:\/\/www.meydan.tv\/az\/article\/real-cilara-ilqar-memmedovla-goruse-icaze-vermeyibler\/\" \/>\n<meta property=\"og:site_name\" content=\"MEYDAN.TV\" \/>\n<meta property=\"article:published_time\" content=\"2015-03-29T16:59:48+00:00\" \/>\n<meta property=\"og:image\" content=\"https:\/\/www.meydan.tv\/wp-content\/uploads\/7933.jpg\" \/>\n\t<meta property=\"og:image:width\" content=\"634\" \/>\n\t<meta property=\"og:image:height\" content=\"400\" \/>\n\t<meta property=\"og:image:type\" content=\"image\/jpeg\" \/>\n<meta name=\"twitter:card\" content=\"summary_large_image\" \/>\n<!-- \/ Yoast SEO plugin. -->","yoast_head_json":{"title":"REAL-\u00e7\u0131lara \u0130lqar M\u0259mm\u0259dovla g\u00f6r\u00fc\u015f\u0259 icaz\u0259 verm\u0259yibl\u0259r - MEYDAN.TV","robots":{"index":"index","follow":"follow","max-snippet":"max-snippet:-1","max-image-preview":"max-image-preview:large","max-video-preview":"max-video-preview:-1"},"canonical":"https:\/\/www.meydan.tv\/az\/article\/real-cilara-ilqar-memmedovla-goruse-icaze-vermeyibler\/","og_locale":"az_AZ","og_type":"article","og_title":"REAL-\u00e7\u0131lara \u0130lqar M\u0259mm\u0259dovla g\u00f6r\u00fc\u015f\u0259 icaz\u0259 verm\u0259yibl\u0259r - MEYDAN.TV","og_description":"\"\u018fslind\u0259, qanunvericilikd\u0259 m\u0259hbusun qohumlar\u0131 v\u0259 yax\u0131n adamlar\u0131 il\u0259 g\u00f6r\u00fc\u015f m\u0259hdudiyy\u0259ti yoxdur\"","og_url":"https:\/\/www.meydan.tv\/az\/article\/real-cilara-ilqar-memmedovla-goruse-icaze-vermeyibler\/","og_site_name":"MEYDAN.TV","article_published_time":"2015-03-29T16:59:48+00:00","og_image":[{"width":634,"height":400,"url":"https:\/\/www.meydan.tv\/wp-content\/uploads\/7933.jpg","type":"image\/jpeg"}],"twitter_card":"summary_large_image","schema":{"@context":"https:\/\/schema.org","@graph":[{"@type":"Article","@id":"https:\/\/www.meydan.tv\/az\/article\/real-cilara-ilqar-memmedovla-goruse-icaze-vermeyibler\/#article","isPartOf":{"@id":"https:\/\/www.meydan.tv\/az\/article\/real-cilara-ilqar-memmedovla-goruse-icaze-vermeyibler\/"},"author":{"name":"user-manager","@id":"https:\/\/www.meydan.tv\/az\/#\/schema\/person\/10d11eccf6da3662cf5fdab9806ea91a"},"headline":"REAL-\u00e7\u0131lara \u0130lqar M\u0259mm\u0259dovla g\u00f6r\u00fc\u015f\u0259 icaz\u0259 verm\u0259yibl\u0259r","datePublished":"2015-03-29T16:59:48+00:00","mainEntityOfPage":{"@id":"https:\/\/www.meydan.tv\/az\/article\/real-cilara-ilqar-memmedovla-goruse-icaze-vermeyibler\/"},"wordCount":324,"publisher":{"@id":"https:\/\/www.meydan.tv\/az\/#organization"},"image":{"@id":"https:\/\/www.meydan.tv\/az\/article\/real-cilara-ilqar-memmedovla-goruse-icaze-vermeyibler\/#primaryimage"},"thumbnailUrl":"https:\/\/www.meydan.tv\/wp-content\/uploads\/7933.jpg","articleSection":["X\u0259b\u0259rl\u0259r"],"inLanguage":"az"},{"@type":"WebPage","@id":"https:\/\/www.meydan.tv\/az\/article\/real-cilara-ilqar-memmedovla-goruse-icaze-vermeyibler\/","url":"https:\/\/www.meydan.tv\/az\/article\/real-cilara-ilqar-memmedovla-goruse-icaze-vermeyibler\/","name":"REAL-\u00e7\u0131lara \u0130lqar M\u0259mm\u0259dovla g\u00f6r\u00fc\u015f\u0259 icaz\u0259 verm\u0259yibl\u0259r - MEYDAN.TV","isPartOf":{"@id":"https:\/\/www.meydan.tv\/az\/#website"},"primaryImageOfPage":{"@id":"https:\/\/www.meydan.tv\/az\/article\/real-cilara-ilqar-memmedovla-goruse-icaze-vermeyibler\/#primaryimage"},"image":{"@id":"https:\/\/www.meydan.tv\/az\/article\/real-cilara-ilqar-memmedovla-goruse-icaze-vermeyibler\/#primaryimage"},"thumbnailUrl":"https:\/\/www.meydan.tv\/wp-content\/uploads\/7933.jpg","datePublished":"2015-03-29T16:59:48+00:00","breadcrumb":{"@id":"https:\/\/www.meydan.tv\/az\/article\/real-cilara-ilqar-memmedovla-goruse-icaze-vermeyibler\/#breadcrumb"},"inLanguage":"az","potentialAction":[{"@type":"ReadAction","target":["https:\/\/www.meydan.tv\/az\/article\/real-cilara-ilqar-memmedovla-goruse-icaze-vermeyibler\/"]}]},{"@type":"ImageObject","inLanguage":"az","@id":"https:\/\/www.meydan.tv\/az\/article\/real-cilara-ilqar-memmedovla-goruse-icaze-vermeyibler\/#primaryimage","url":"https:\/\/www.meydan.tv\/wp-content\/uploads\/7933.jpg","contentUrl":"https:\/\/www.meydan.tv\/wp-content\/uploads\/7933.jpg","width":634,"height":400,"caption":"Source:"},{"@type":"BreadcrumbList","@id":"https:\/\/www.meydan.tv\/az\/article\/real-cilara-ilqar-memmedovla-goruse-icaze-vermeyibler\/#breadcrumb","itemListElement":[{"@type":"ListItem","position":1,"name":"Ana s\u0259hif\u0259","item":"https:\/\/www.meydan.tv\/az\/"},{"@type":"ListItem","position":2,"name":"X\u0259b\u0259rl\u0259r","item":"https:\/\/www.meydan.tv\/az\/section\/xeberler\/"},{"@type":"ListItem","position":3,"name":"REAL-\u00e7\u0131lara \u0130lqar M\u0259mm\u0259dovla g\u00f6r\u00fc\u015f\u0259 icaz\u0259 verm\u0259yibl\u0259r"}]},{"@type":"WebSite","@id":"https:\/\/www.meydan.tv\/az\/#website","url":"https:\/\/www.meydan.tv\/az\/","name":"MEYDAN.TV","description":"Meydan TV Az\u0259rbaycan\u0131n media m\u0259kan\u0131ndak\u0131 alternativ s\u0259sidir","publisher":{"@id":"https:\/\/www.meydan.tv\/az\/#organization"},"potentialAction":[{"@type":"SearchAction","target":{"@type":"EntryPoint","urlTemplate":"https:\/\/www.meydan.tv\/az\/?s={search_term_string}"},"query-input":{"@type":"PropertyValueSpecification","valueRequired":true,"valueName":"search_term_string"}}],"inLanguage":"az"},{"@type":"Organization","@id":"https:\/\/www.meydan.tv\/az\/#organization","name":"Meydan TV","url":"https:\/\/www.meydan.tv\/az\/","logo":{"@type":"ImageObject","inLanguage":"az","@id":"https:\/\/www.meydan.tv\/az\/#\/schema\/logo\/image\/","url":"https:\/\/www.meydan.tv\/wp-content\/uploads\/2021\/07\/meydan-logo.svg","contentUrl":"https:\/\/www.meydan.tv\/wp-content\/uploads\/2021\/07\/meydan-logo.svg","width":195,"height":46,"caption":"Meydan TV"},"image":{"@id":"https:\/\/www.meydan.tv\/az\/#\/schema\/logo\/image\/"}},{"@type":"Person","@id":"https:\/\/www.meydan.tv\/az\/#\/schema\/person\/10d11eccf6da3662cf5fdab9806ea91a","name":"user-manager"}]}},"_links":{"self":[{"href":"https:\/\/www.meydan.tv\/az\/wp-json\/wp\/v2\/posts\/167361","targetHints":{"allow":["GET"]}}],"collection":[{"href":"https:\/\/www.meydan.tv\/az\/wp-json\/wp\/v2\/posts"}],"about":[{"href":"https:\/\/www.meydan.tv\/az\/wp-json\/wp\/v2\/types\/post"}],"author":[{"embeddable":true,"href":"https:\/\/www.meydan.tv\/az\/wp-json\/wp\/v2\/users\/11"}],"replies":[{"embeddable":true,"href":"https:\/\/www.meydan.tv\/az\/wp-json\/wp\/v2\/comments?post=167361"}],"version-history":[{"count":0,"href":"https:\/\/www.meydan.tv\/az\/wp-json\/wp\/v2\/posts\/167361\/revisions"}],"wp:featuredmedia":[{"embeddable":true,"href":"https:\/\/www.meydan.tv\/az\/wp-json\/wp\/v2\/media\/21918"}],"wp:attachment":[{"href":"https:\/\/www.meydan.tv\/az\/wp-json\/wp\/v2\/media?parent=167361"}],"wp:term":[{"taxonomy":"category","embeddable":true,"href":"https:\/\/www.meydan.tv\/az\/wp-json\/wp\/v2\/categories?post=167361"},{"taxonomy":"post_tag","embeddable":true,"href":"https:\/\/www.meydan.tv\/az\/wp-json\/wp\/v2\/tags?post=167361"}],"curies":[{"name":"wp","href":"https:\/\/api.w.org\/{rel}","templated":true}]}}