{"id":167360,"date":"2015-03-29T12:00:43","date_gmt":"2015-03-29T12:00:43","guid":{"rendered":"https:\/\/www.meydan.tv\/article\/azerbaycan-yigmasi-ilk-qelebesini-qazandi\/"},"modified":"2015-03-29T12:00:43","modified_gmt":"2015-03-29T12:00:43","slug":"azerbaycan-yigmasi-ilk-qelebesini-qazandi","status":"publish","type":"post","link":"https:\/\/www.meydan.tv\/az\/article\/azerbaycan-yigmasi-ilk-qelebesini-qazandi\/","title":{"rendered":"Az\u0259rbaycan y\u0131\u011fmas\u0131 ilk q\u0259l\u0259b\u0259sini qazand\u0131"},"content":{"rendered":"<figure class=\"wp-block-image size-large\">\n  <img decoding=\"async\" src=\"https:\/\/www.meydan.tv\/az\/21915\/\" alt=\"\" class=\"wp-image-21915\"\/><figcaption><\/figcaption><\/figure>\n<figure class=\"wp-block-image size-large\">\n  <img decoding=\"async\" src=\"https:\/\/www.meydan.tv\/az\/21915\/\" alt=\"\" class=\"wp-image-21915\"\/><figcaption><\/figcaption><\/figure>\n<p>\n  <i><br \/>\n    \u018ffran \u0130smay\u0131lovun yerin\u0259 meydana daxil olan Dmitri Nazarov mat\u00e7\u0131n son d\u0259qiq\u0259l\u0259rind\u0259 f\u0259rqi art\u0131r\u0131b<br \/>\n  <\/i>\n<\/p>\n<p>\n  \u201cAvro-2016\u201dn\u0131n \u00a0se\u00e7m\u0259 m\u0259rh\u0259l\u0259sinin H qrupunda V turun oyunlar\u0131 ke\u00e7irilib. Az\u0259rbaycan milli komandas\u0131 da n\u00f6vb\u0259ti mat\u00e7\u0131na \u00e7\u0131x\u0131b. Robert Prosine\u00e7kinin r\u0259hb\u0259rlik etdiyi y\u0131\u011fmam\u0131z do\u011fma meydanda Malta il\u0259 qar\u015f\u0131la\u015f\u0131b. \u00a0Oyun millimizin 2:0 hesabl\u0131 q\u0259l\u0259b\u0259si il\u0259 ba\u015fa \u00e7at\u0131b.\n<\/p>\n<p>\n  Oyunun 4-c\u00fc d\u0259qiq\u0259sind\u0259 Cavid H\u00fcseynov hesab\u0131 a\u00e7\u0131b. \u201cQ\u0259b\u0259l\u0259\u201dnin futbol\u00e7usunun vurdu\u011fu qol komandam\u0131z\u0131 fasil\u0259y\u0259 \u00fcst\u00fcn yola sal\u0131b. 70-ci d\u0259qiq\u0259d\u0259 \u018ffran \u0130smay\u0131lovun yerin\u0259 meydana daxil olan Dmitri Nazarov mat\u00e7\u0131n son d\u0259qiq\u0259l\u0259rind\u0259 f\u0259rqi art\u0131r\u0131b \u2013 2:0. Mat\u00e7da bundan ba\u015fqa qol olmay\u0131b v\u0259 y\u0131\u011fmam\u0131z se\u00e7m\u0259 m\u0259rh\u0259l\u0259d\u0259 ilk 3 xal\u0131n\u0131 qazan\u0131b.\n<\/p>\n<p>\n  \u201cC\u0131rtdan\u201d \u00f6lk\u0259 t\u0259msil\u00e7isi il\u0259 g\u00f6r\u00fc\u015f xorvatiyal\u0131 ba\u015f m\u0259\u015fq\u00e7imiz Robert Prosine\u00e7ki \u00fc\u00e7\u00fcn d\u0259 \u0259lam\u0259tdar olub ki, t\u0259cr\u00fcb\u0259li \u00e7al\u0131\u015fd\u0131r\u0131c\u0131 bu postda millimizi ilk oyuna \u00e7\u0131xar\u0131b. Xorvat m\u00fct\u0259x\u0259ssis komandam\u0131zla Antalyadak\u0131 t\u0259lim-m\u0259\u015fq toplan\u0131\u015f\u0131nda Ukrayna \u201c\u015eaxtyor\u201du il\u0259 mat\u00e7da deb\u00fct edib. Lakin bu g\u00f6r\u00fc\u015f yoxlama xarakteri da\u015f\u0131d\u0131\u011f\u0131ndan r\u0259smi status da\u015f\u0131m\u0131rd\u0131.\n<\/p>\n<p>\n  10 xalla Xorvatiya v\u0259 \u0130taliya millil\u0259ri H qrupunda 1-2-ci yerl\u0259ri tuturlar. Norve\u00e7 y\u0131\u011fmas\u0131 9 xalla 3-c\u00fc, Bolqar\u0131stan 4 xalla 4-c\u00fc s\u0131rada q\u0259rarla\u015f\u0131r. Aktivind\u0259 1 xal\u0131 olan Malta sonuncu olan Az\u0259rbaycandan 1 pill\u0259 ir\u0259lid\u0259di.\n<\/p><\/p>\n","protected":false},"excerpt":{"rendered":"<p>\u018ffran \u0130smay\u0131lovun yerin\u0259 meydana daxil olan Dmitri Nazarov mat\u00e7\u0131n son d\u0259qiq\u0259l\u0259rind\u0259 f\u0259rqi art\u0131r\u0131b<\/p>\n","protected":false},"author":11,"featured_media":21915,"comment_status":"closed","ping_status":"open","sticky":false,"template":"","format":"standard","meta":{"_acf_changed":false,"_sitemap_exclude":false,"_sitemap_priority":"","_sitemap_frequency":"","footnotes":""},"categories":[56],"tags":[],"class_list":["post-167360","post","type-post","status-publish","format-standard","has-post-thumbnail","hentry","category-xeberler","infinite-scroll-item","generate-columns","tablet-grid-50","mobile-grid-100","grid-parent","grid-33","no-featured-image-padding"],"acf":[],"yoast_head":"<!-- This site is optimized with the Yoast SEO plugin v28.4 - https:\/\/yoast.com\/product\/yoast-seo-wordpress\/ -->\n<title>Az\u0259rbaycan y\u0131\u011fmas\u0131 ilk q\u0259l\u0259b\u0259sini qazand\u0131 - MEYDAN.TV<\/title>\n<meta name=\"robots\" content=\"index, follow, max-snippet:-1, max-image-preview:large, max-video-preview:-1\" \/>\n<link rel=\"canonical\" href=\"https:\/\/www.meydan.tv\/az\/article\/azerbaycan-yigmasi-ilk-qelebesini-qazandi\/\" \/>\n<meta property=\"og:locale\" content=\"az_AZ\" \/>\n<meta property=\"og:type\" content=\"article\" \/>\n<meta property=\"og:title\" content=\"Az\u0259rbaycan y\u0131\u011fmas\u0131 ilk q\u0259l\u0259b\u0259sini qazand\u0131 - MEYDAN.TV\" \/>\n<meta property=\"og:description\" content=\"\u018ffran \u0130smay\u0131lovun yerin\u0259 meydana daxil olan Dmitri Nazarov mat\u00e7\u0131n son d\u0259qiq\u0259l\u0259rind\u0259 f\u0259rqi art\u0131r\u0131b\" \/>\n<meta property=\"og:url\" content=\"https:\/\/www.meydan.tv\/az\/article\/azerbaycan-yigmasi-ilk-qelebesini-qazandi\/\" \/>\n<meta property=\"og:site_name\" content=\"MEYDAN.TV\" \/>\n<meta property=\"article:published_time\" content=\"2015-03-29T12:00:43+00:00\" \/>\n<meta property=\"og:image\" content=\"https:\/\/www.meydan.tv\/wp-content\/uploads\/7932.jpg\" \/>\n\t<meta property=\"og:image:width\" content=\"600\" \/>\n\t<meta property=\"og:image:height\" content=\"340\" \/>\n\t<meta property=\"og:image:type\" content=\"image\/jpeg\" \/>\n<meta name=\"twitter:card\" content=\"summary_large_image\" \/>\n<!-- \/ Yoast SEO plugin. -->","yoast_head_json":{"title":"Az\u0259rbaycan y\u0131\u011fmas\u0131 ilk q\u0259l\u0259b\u0259sini qazand\u0131 - MEYDAN.TV","robots":{"index":"index","follow":"follow","max-snippet":"max-snippet:-1","max-image-preview":"max-image-preview:large","max-video-preview":"max-video-preview:-1"},"canonical":"https:\/\/www.meydan.tv\/az\/article\/azerbaycan-yigmasi-ilk-qelebesini-qazandi\/","og_locale":"az_AZ","og_type":"article","og_title":"Az\u0259rbaycan y\u0131\u011fmas\u0131 ilk q\u0259l\u0259b\u0259sini qazand\u0131 - MEYDAN.TV","og_description":"\u018ffran \u0130smay\u0131lovun yerin\u0259 meydana daxil olan Dmitri Nazarov mat\u00e7\u0131n son d\u0259qiq\u0259l\u0259rind\u0259 f\u0259rqi art\u0131r\u0131b","og_url":"https:\/\/www.meydan.tv\/az\/article\/azerbaycan-yigmasi-ilk-qelebesini-qazandi\/","og_site_name":"MEYDAN.TV","article_published_time":"2015-03-29T12:00:43+00:00","og_image":[{"width":600,"height":340,"url":"https:\/\/www.meydan.tv\/wp-content\/uploads\/7932.jpg","type":"image\/jpeg"}],"twitter_card":"summary_large_image","schema":{"@context":"https:\/\/schema.org","@graph":[{"@type":"Article","@id":"https:\/\/www.meydan.tv\/az\/article\/azerbaycan-yigmasi-ilk-qelebesini-qazandi\/#article","isPartOf":{"@id":"https:\/\/www.meydan.tv\/az\/article\/azerbaycan-yigmasi-ilk-qelebesini-qazandi\/"},"author":{"name":"user-manager","@id":"https:\/\/www.meydan.tv\/az\/#\/schema\/person\/10d11eccf6da3662cf5fdab9806ea91a"},"headline":"Az\u0259rbaycan y\u0131\u011fmas\u0131 ilk q\u0259l\u0259b\u0259sini qazand\u0131","datePublished":"2015-03-29T12:00:43+00:00","mainEntityOfPage":{"@id":"https:\/\/www.meydan.tv\/az\/article\/azerbaycan-yigmasi-ilk-qelebesini-qazandi\/"},"wordCount":280,"publisher":{"@id":"https:\/\/www.meydan.tv\/az\/#organization"},"image":{"@id":"https:\/\/www.meydan.tv\/az\/article\/azerbaycan-yigmasi-ilk-qelebesini-qazandi\/#primaryimage"},"thumbnailUrl":"https:\/\/www.meydan.tv\/wp-content\/uploads\/7932.jpg","articleSection":["X\u0259b\u0259rl\u0259r"],"inLanguage":"az"},{"@type":"WebPage","@id":"https:\/\/www.meydan.tv\/az\/article\/azerbaycan-yigmasi-ilk-qelebesini-qazandi\/","url":"https:\/\/www.meydan.tv\/az\/article\/azerbaycan-yigmasi-ilk-qelebesini-qazandi\/","name":"Az\u0259rbaycan y\u0131\u011fmas\u0131 ilk q\u0259l\u0259b\u0259sini qazand\u0131 - MEYDAN.TV","isPartOf":{"@id":"https:\/\/www.meydan.tv\/az\/#website"},"primaryImageOfPage":{"@id":"https:\/\/www.meydan.tv\/az\/article\/azerbaycan-yigmasi-ilk-qelebesini-qazandi\/#primaryimage"},"image":{"@id":"https:\/\/www.meydan.tv\/az\/article\/azerbaycan-yigmasi-ilk-qelebesini-qazandi\/#primaryimage"},"thumbnailUrl":"https:\/\/www.meydan.tv\/wp-content\/uploads\/7932.jpg","datePublished":"2015-03-29T12:00:43+00:00","breadcrumb":{"@id":"https:\/\/www.meydan.tv\/az\/article\/azerbaycan-yigmasi-ilk-qelebesini-qazandi\/#breadcrumb"},"inLanguage":"az","potentialAction":[{"@type":"ReadAction","target":["https:\/\/www.meydan.tv\/az\/article\/azerbaycan-yigmasi-ilk-qelebesini-qazandi\/"]}]},{"@type":"ImageObject","inLanguage":"az","@id":"https:\/\/www.meydan.tv\/az\/article\/azerbaycan-yigmasi-ilk-qelebesini-qazandi\/#primaryimage","url":"https:\/\/www.meydan.tv\/wp-content\/uploads\/7932.jpg","contentUrl":"https:\/\/www.meydan.tv\/wp-content\/uploads\/7932.jpg","width":600,"height":340,"caption":"Source:"},{"@type":"BreadcrumbList","@id":"https:\/\/www.meydan.tv\/az\/article\/azerbaycan-yigmasi-ilk-qelebesini-qazandi\/#breadcrumb","itemListElement":[{"@type":"ListItem","position":1,"name":"Ana s\u0259hif\u0259","item":"https:\/\/www.meydan.tv\/az\/"},{"@type":"ListItem","position":2,"name":"X\u0259b\u0259rl\u0259r","item":"https:\/\/www.meydan.tv\/az\/section\/xeberler\/"},{"@type":"ListItem","position":3,"name":"Az\u0259rbaycan y\u0131\u011fmas\u0131 ilk q\u0259l\u0259b\u0259sini qazand\u0131"}]},{"@type":"WebSite","@id":"https:\/\/www.meydan.tv\/az\/#website","url":"https:\/\/www.meydan.tv\/az\/","name":"MEYDAN.TV","description":"Meydan TV Az\u0259rbaycan\u0131n media m\u0259kan\u0131ndak\u0131 alternativ s\u0259sidir","publisher":{"@id":"https:\/\/www.meydan.tv\/az\/#organization"},"potentialAction":[{"@type":"SearchAction","target":{"@type":"EntryPoint","urlTemplate":"https:\/\/www.meydan.tv\/az\/?s={search_term_string}"},"query-input":{"@type":"PropertyValueSpecification","valueRequired":true,"valueName":"search_term_string"}}],"inLanguage":"az"},{"@type":"Organization","@id":"https:\/\/www.meydan.tv\/az\/#organization","name":"Meydan TV","url":"https:\/\/www.meydan.tv\/az\/","logo":{"@type":"ImageObject","inLanguage":"az","@id":"https:\/\/www.meydan.tv\/az\/#\/schema\/logo\/image\/","url":"https:\/\/www.meydan.tv\/wp-content\/uploads\/2021\/07\/meydan-logo.svg","contentUrl":"https:\/\/www.meydan.tv\/wp-content\/uploads\/2021\/07\/meydan-logo.svg","width":195,"height":46,"caption":"Meydan TV"},"image":{"@id":"https:\/\/www.meydan.tv\/az\/#\/schema\/logo\/image\/"}},{"@type":"Person","@id":"https:\/\/www.meydan.tv\/az\/#\/schema\/person\/10d11eccf6da3662cf5fdab9806ea91a","name":"user-manager"}]}},"_links":{"self":[{"href":"https:\/\/www.meydan.tv\/az\/wp-json\/wp\/v2\/posts\/167360","targetHints":{"allow":["GET"]}}],"collection":[{"href":"https:\/\/www.meydan.tv\/az\/wp-json\/wp\/v2\/posts"}],"about":[{"href":"https:\/\/www.meydan.tv\/az\/wp-json\/wp\/v2\/types\/post"}],"author":[{"embeddable":true,"href":"https:\/\/www.meydan.tv\/az\/wp-json\/wp\/v2\/users\/11"}],"replies":[{"embeddable":true,"href":"https:\/\/www.meydan.tv\/az\/wp-json\/wp\/v2\/comments?post=167360"}],"version-history":[{"count":0,"href":"https:\/\/www.meydan.tv\/az\/wp-json\/wp\/v2\/posts\/167360\/revisions"}],"wp:featuredmedia":[{"embeddable":true,"href":"https:\/\/www.meydan.tv\/az\/wp-json\/wp\/v2\/media\/21915"}],"wp:attachment":[{"href":"https:\/\/www.meydan.tv\/az\/wp-json\/wp\/v2\/media?parent=167360"}],"wp:term":[{"taxonomy":"category","embeddable":true,"href":"https:\/\/www.meydan.tv\/az\/wp-json\/wp\/v2\/categories?post=167360"},{"taxonomy":"post_tag","embeddable":true,"href":"https:\/\/www.meydan.tv\/az\/wp-json\/wp\/v2\/tags?post=167360"}],"curies":[{"name":"wp","href":"https:\/\/api.w.org\/{rel}","templated":true}]}}