{"id":167359,"date":"2015-03-29T11:40:21","date_gmt":"2015-03-29T11:40:21","guid":{"rendered":"https:\/\/www.meydan.tv\/article\/son-2-gunde-azerbaycanin-iki-herbcisi-olub\/"},"modified":"2015-03-29T11:40:21","modified_gmt":"2015-03-29T11:40:21","slug":"son-2-gunde-azerbaycanin-iki-herbcisi-olub","status":"publish","type":"post","link":"https:\/\/www.meydan.tv\/az\/article\/son-2-gunde-azerbaycanin-iki-herbcisi-olub\/","title":{"rendered":"Son 2 g\u00fcnd\u0259 Az\u0259rbaycan\u0131n iki h\u0259rb\u00e7isi \u00f6l\u00fcb"},"content":{"rendered":"<figure class=\"wp-block-image size-large\">\n  <img decoding=\"async\" src=\"https:\/\/www.meydan.tv\/az\/21909\/\" alt=\"\" class=\"wp-image-21909\"\/><figcaption><\/figcaption><\/figure>\n<figure class=\"wp-block-image size-large\">\n  <img decoding=\"async\" src=\"https:\/\/www.meydan.tv\/az\/21909\/\" alt=\"\" class=\"wp-image-21909\"\/><figcaption><\/figcaption><\/figure>\n<p><div>\n    <i><br \/>\n      2015-ci ild\u0259 Az\u0259rbaycan\u0131n h\u0259rbi itkil\u0259ri 19 oldu<br \/>\n    <\/i>\n  <\/div>\n<\/p>\n<p><div><\/div>\n<\/p>\n<p><div>\n    Mart\u0131n 27-d\u0259 c\u0259bh\u0259nin A\u011fdam istiqam\u0259tind\u0259 \u015f\u0259hid olmu\u015f Az\u0259rbaycan Silahl\u0131 Q\u00fcvv\u0259l\u0259rinin zabiti, ba\u015f leytenant, 1980-ci il t\u0259v\u0259ll\u00fcdl\u00fc \u018fhm\u0259dov \u0130qbal S\u0259rraf o\u011flunun c\u0259naz\u0259si mart\u0131n 28-d\u0259 do\u011fuldu\u011fu L\u0259nk\u0259ran rayonuna g\u0259tirilib.<\/p>\n<p>    AZ\u018fRTAC x\u0259b\u0259r verir ki, \u015f\u0259hid A\u015fa\u011f\u0131 N\u00fcv\u0259di k\u0259ndind\u0259ki q\u0259biristanl\u0131\u011f\u0131nda torpa\u011fa tap\u015f\u0131r\u0131l\u0131b.<\/p>\n<p>    \u015e\u0259hidin d\u0259fn m\u0259rasimind\u0259 \u201cN\u201d sayl\u0131 h\u0259rbi hiss\u0259nin y\u00fcks\u0259k r\u00fctb\u0259li zabitl\u0259ri, d\u00f6y\u00fc\u015f yolda\u015flar\u0131, rayon r\u0259nb\u0259rliyinin v\u0259 ictimaiyy\u0259tin n\u00fcmay\u0259nd\u0259l\u0259ri i\u015ftirak edibl\u0259r.\n  <\/p><\/div>\n<\/p>\n<p><div>\n    Ba\u015f leytenant \u0130qbal \u018fhm\u0259dov 1998-ci ild\u0259 Az\u0259rbaycan Ali H\u0259rbi M\u0259kt\u0259bin\u0259 daxil olub. 2003-2004-c\u00fc ill\u0259rd\u0259 t\u0259lim-t\u0259dris m\u0259rk\u0259zind\u0259n sonra h\u0259rbi qullu\u011fa ba\u015flay\u0131b. \u00d6n c\u0259bh\u0259d\u0259 xidm\u0259t apar\u0131b. Ail\u0259li olub, bir o\u011flu, bir q\u0131z\u0131 var.\n  <\/div>\n<\/p>\n<p><div><\/div>\n<\/p>\n<p><div>\n    \u0130kinci hadis\u0259 &#8220;N&#8221; sayl\u0131 h\u0259rbi hiss\u0259nin \u0259sg\u0259ri Nazim \u0130brahimov tabeliyind\u0259ki silahla \u0259sg\u0259r yolda\u015f\u0131 Vasif Firudinlini ba\u015f\u0131ndan g\u00fcll\u0259l\u0259m\u0259sidir. Olay n\u0259tic\u0259sind\u0259 Vasif Firudinli yerind\u0259c\u0259 ke\u00e7inib.\n  <\/div>\n<\/p>\n<p><div><\/div>\n<\/p>\n<p><div>\n    2015-ci ild\u0259 Az\u0259rbaycan\u0131n h\u0259rbi itkil\u0259ri 19 n\u0259f\u0259r oldu.\n  <\/div><\/p>\n","protected":false},"excerpt":{"rendered":"<p>2015-ci ild\u0259 Az\u0259rbaycan\u0131n h\u0259rbi itkil\u0259ri 19 oldu<\/p>\n","protected":false},"author":11,"featured_media":21909,"comment_status":"closed","ping_status":"open","sticky":false,"template":"","format":"standard","meta":{"_acf_changed":false,"_sitemap_exclude":false,"_sitemap_priority":"","_sitemap_frequency":"","footnotes":""},"categories":[56],"tags":[],"class_list":["post-167359","post","type-post","status-publish","format-standard","has-post-thumbnail","hentry","category-xeberler","infinite-scroll-item","generate-columns","tablet-grid-50","mobile-grid-100","grid-parent","grid-33","no-featured-image-padding"],"acf":[],"yoast_head":"<!-- This site is optimized with the Yoast SEO plugin v28.4 - https:\/\/yoast.com\/product\/yoast-seo-wordpress\/ -->\n<title>Son 2 g\u00fcnd\u0259 Az\u0259rbaycan\u0131n iki h\u0259rb\u00e7isi \u00f6l\u00fcb - MEYDAN.TV<\/title>\n<meta name=\"robots\" content=\"index, follow, max-snippet:-1, max-image-preview:large, max-video-preview:-1\" \/>\n<link rel=\"canonical\" href=\"https:\/\/www.meydan.tv\/az\/article\/son-2-gunde-azerbaycanin-iki-herbcisi-olub\/\" \/>\n<meta property=\"og:locale\" content=\"az_AZ\" \/>\n<meta property=\"og:type\" content=\"article\" \/>\n<meta property=\"og:title\" content=\"Son 2 g\u00fcnd\u0259 Az\u0259rbaycan\u0131n iki h\u0259rb\u00e7isi \u00f6l\u00fcb - MEYDAN.TV\" \/>\n<meta property=\"og:description\" content=\"2015-ci ild\u0259 Az\u0259rbaycan\u0131n h\u0259rbi itkil\u0259ri 19 oldu\" \/>\n<meta property=\"og:url\" content=\"https:\/\/www.meydan.tv\/az\/article\/son-2-gunde-azerbaycanin-iki-herbcisi-olub\/\" \/>\n<meta property=\"og:site_name\" content=\"MEYDAN.TV\" \/>\n<meta property=\"article:published_time\" content=\"2015-03-29T11:40:21+00:00\" \/>\n<meta property=\"og:image\" content=\"https:\/\/www.meydan.tv\/wp-content\/uploads\/7931.jpg\" \/>\n\t<meta property=\"og:image:width\" content=\"405\" \/>\n\t<meta property=\"og:image:height\" content=\"250\" \/>\n\t<meta property=\"og:image:type\" content=\"image\/jpeg\" \/>\n<meta name=\"twitter:card\" content=\"summary_large_image\" \/>\n<!-- \/ Yoast SEO plugin. -->","yoast_head_json":{"title":"Son 2 g\u00fcnd\u0259 Az\u0259rbaycan\u0131n iki h\u0259rb\u00e7isi \u00f6l\u00fcb - MEYDAN.TV","robots":{"index":"index","follow":"follow","max-snippet":"max-snippet:-1","max-image-preview":"max-image-preview:large","max-video-preview":"max-video-preview:-1"},"canonical":"https:\/\/www.meydan.tv\/az\/article\/son-2-gunde-azerbaycanin-iki-herbcisi-olub\/","og_locale":"az_AZ","og_type":"article","og_title":"Son 2 g\u00fcnd\u0259 Az\u0259rbaycan\u0131n iki h\u0259rb\u00e7isi \u00f6l\u00fcb - MEYDAN.TV","og_description":"2015-ci ild\u0259 Az\u0259rbaycan\u0131n h\u0259rbi itkil\u0259ri 19 oldu","og_url":"https:\/\/www.meydan.tv\/az\/article\/son-2-gunde-azerbaycanin-iki-herbcisi-olub\/","og_site_name":"MEYDAN.TV","article_published_time":"2015-03-29T11:40:21+00:00","og_image":[{"width":405,"height":250,"url":"https:\/\/www.meydan.tv\/wp-content\/uploads\/7931.jpg","type":"image\/jpeg"}],"twitter_card":"summary_large_image","schema":{"@context":"https:\/\/schema.org","@graph":[{"@type":"Article","@id":"https:\/\/www.meydan.tv\/az\/article\/son-2-gunde-azerbaycanin-iki-herbcisi-olub\/#article","isPartOf":{"@id":"https:\/\/www.meydan.tv\/az\/article\/son-2-gunde-azerbaycanin-iki-herbcisi-olub\/"},"author":{"name":"user-manager","@id":"https:\/\/www.meydan.tv\/az\/#\/schema\/person\/10d11eccf6da3662cf5fdab9806ea91a"},"headline":"Son 2 g\u00fcnd\u0259 Az\u0259rbaycan\u0131n iki h\u0259rb\u00e7isi \u00f6l\u00fcb","datePublished":"2015-03-29T11:40:21+00:00","mainEntityOfPage":{"@id":"https:\/\/www.meydan.tv\/az\/article\/son-2-gunde-azerbaycanin-iki-herbcisi-olub\/"},"wordCount":240,"publisher":{"@id":"https:\/\/www.meydan.tv\/az\/#organization"},"image":{"@id":"https:\/\/www.meydan.tv\/az\/article\/son-2-gunde-azerbaycanin-iki-herbcisi-olub\/#primaryimage"},"thumbnailUrl":"https:\/\/www.meydan.tv\/wp-content\/uploads\/7931.jpg","articleSection":["X\u0259b\u0259rl\u0259r"],"inLanguage":"az"},{"@type":"WebPage","@id":"https:\/\/www.meydan.tv\/az\/article\/son-2-gunde-azerbaycanin-iki-herbcisi-olub\/","url":"https:\/\/www.meydan.tv\/az\/article\/son-2-gunde-azerbaycanin-iki-herbcisi-olub\/","name":"Son 2 g\u00fcnd\u0259 Az\u0259rbaycan\u0131n iki h\u0259rb\u00e7isi \u00f6l\u00fcb - MEYDAN.TV","isPartOf":{"@id":"https:\/\/www.meydan.tv\/az\/#website"},"primaryImageOfPage":{"@id":"https:\/\/www.meydan.tv\/az\/article\/son-2-gunde-azerbaycanin-iki-herbcisi-olub\/#primaryimage"},"image":{"@id":"https:\/\/www.meydan.tv\/az\/article\/son-2-gunde-azerbaycanin-iki-herbcisi-olub\/#primaryimage"},"thumbnailUrl":"https:\/\/www.meydan.tv\/wp-content\/uploads\/7931.jpg","datePublished":"2015-03-29T11:40:21+00:00","breadcrumb":{"@id":"https:\/\/www.meydan.tv\/az\/article\/son-2-gunde-azerbaycanin-iki-herbcisi-olub\/#breadcrumb"},"inLanguage":"az","potentialAction":[{"@type":"ReadAction","target":["https:\/\/www.meydan.tv\/az\/article\/son-2-gunde-azerbaycanin-iki-herbcisi-olub\/"]}]},{"@type":"ImageObject","inLanguage":"az","@id":"https:\/\/www.meydan.tv\/az\/article\/son-2-gunde-azerbaycanin-iki-herbcisi-olub\/#primaryimage","url":"https:\/\/www.meydan.tv\/wp-content\/uploads\/7931.jpg","contentUrl":"https:\/\/www.meydan.tv\/wp-content\/uploads\/7931.jpg","width":405,"height":250,"caption":"Source:"},{"@type":"BreadcrumbList","@id":"https:\/\/www.meydan.tv\/az\/article\/son-2-gunde-azerbaycanin-iki-herbcisi-olub\/#breadcrumb","itemListElement":[{"@type":"ListItem","position":1,"name":"Ana s\u0259hif\u0259","item":"https:\/\/www.meydan.tv\/az\/"},{"@type":"ListItem","position":2,"name":"X\u0259b\u0259rl\u0259r","item":"https:\/\/www.meydan.tv\/az\/section\/xeberler\/"},{"@type":"ListItem","position":3,"name":"Son 2 g\u00fcnd\u0259 Az\u0259rbaycan\u0131n iki h\u0259rb\u00e7isi \u00f6l\u00fcb"}]},{"@type":"WebSite","@id":"https:\/\/www.meydan.tv\/az\/#website","url":"https:\/\/www.meydan.tv\/az\/","name":"MEYDAN.TV","description":"Meydan TV Az\u0259rbaycan\u0131n media m\u0259kan\u0131ndak\u0131 alternativ s\u0259sidir","publisher":{"@id":"https:\/\/www.meydan.tv\/az\/#organization"},"potentialAction":[{"@type":"SearchAction","target":{"@type":"EntryPoint","urlTemplate":"https:\/\/www.meydan.tv\/az\/?s={search_term_string}"},"query-input":{"@type":"PropertyValueSpecification","valueRequired":true,"valueName":"search_term_string"}}],"inLanguage":"az"},{"@type":"Organization","@id":"https:\/\/www.meydan.tv\/az\/#organization","name":"Meydan TV","url":"https:\/\/www.meydan.tv\/az\/","logo":{"@type":"ImageObject","inLanguage":"az","@id":"https:\/\/www.meydan.tv\/az\/#\/schema\/logo\/image\/","url":"https:\/\/www.meydan.tv\/wp-content\/uploads\/2021\/07\/meydan-logo.svg","contentUrl":"https:\/\/www.meydan.tv\/wp-content\/uploads\/2021\/07\/meydan-logo.svg","width":195,"height":46,"caption":"Meydan TV"},"image":{"@id":"https:\/\/www.meydan.tv\/az\/#\/schema\/logo\/image\/"}},{"@type":"Person","@id":"https:\/\/www.meydan.tv\/az\/#\/schema\/person\/10d11eccf6da3662cf5fdab9806ea91a","name":"user-manager"}]}},"_links":{"self":[{"href":"https:\/\/www.meydan.tv\/az\/wp-json\/wp\/v2\/posts\/167359","targetHints":{"allow":["GET"]}}],"collection":[{"href":"https:\/\/www.meydan.tv\/az\/wp-json\/wp\/v2\/posts"}],"about":[{"href":"https:\/\/www.meydan.tv\/az\/wp-json\/wp\/v2\/types\/post"}],"author":[{"embeddable":true,"href":"https:\/\/www.meydan.tv\/az\/wp-json\/wp\/v2\/users\/11"}],"replies":[{"embeddable":true,"href":"https:\/\/www.meydan.tv\/az\/wp-json\/wp\/v2\/comments?post=167359"}],"version-history":[{"count":0,"href":"https:\/\/www.meydan.tv\/az\/wp-json\/wp\/v2\/posts\/167359\/revisions"}],"wp:featuredmedia":[{"embeddable":true,"href":"https:\/\/www.meydan.tv\/az\/wp-json\/wp\/v2\/media\/21909"}],"wp:attachment":[{"href":"https:\/\/www.meydan.tv\/az\/wp-json\/wp\/v2\/media?parent=167359"}],"wp:term":[{"taxonomy":"category","embeddable":true,"href":"https:\/\/www.meydan.tv\/az\/wp-json\/wp\/v2\/categories?post=167359"},{"taxonomy":"post_tag","embeddable":true,"href":"https:\/\/www.meydan.tv\/az\/wp-json\/wp\/v2\/tags?post=167359"}],"curies":[{"name":"wp","href":"https:\/\/api.w.org\/{rel}","templated":true}]}}