{"id":167354,"date":"2015-03-28T11:40:21","date_gmt":"2015-03-28T11:40:21","guid":{"rendered":"https:\/\/www.meydan.tv\/article\/ai-atet-nin-tovsiyeleri-yerine-yetirilmeyib-mehkemelerin-musteqilliyi-ucun-ciddi-addimlar-atilmayib\/"},"modified":"2015-03-28T11:40:21","modified_gmt":"2015-03-28T11:40:21","slug":"ai-atet-nin-tovsiyeleri-yerine-yetirilmeyib-mehkemelerin-musteqilliyi-ucun-ciddi-addimlar-atilmayib","status":"publish","type":"post","link":"https:\/\/www.meydan.tv\/az\/article\/ai-atet-nin-tovsiyeleri-yerine-yetirilmeyib-mehkemelerin-musteqilliyi-ucun-ciddi-addimlar-atilmayib\/","title":{"rendered":"A\u0130: &#8220;AT\u018fT-nin t\u00f6vsiy\u0259l\u0259ri yerin\u0259 yetirilm\u0259yib, m\u0259hk\u0259m\u0259l\u0259rin m\u00fcst\u0259qilliyi \u00fc\u00e7\u00fcn ciddi add\u0131mlar at\u0131lmay\u0131b&#8221;"},"content":{"rendered":"<figure class=\"wp-block-image size-large\">\n  <img decoding=\"async\" src=\"https:\/\/www.meydan.tv\/az\/21897\/\" alt=\"\" class=\"wp-image-21897\"\/><figcaption><\/figcaption><\/figure>\n<figure class=\"wp-block-image size-large\">\n  <img decoding=\"async\" src=\"https:\/\/www.meydan.tv\/az\/21897\/\" alt=\"\" class=\"wp-image-21897\"\/><figcaption><\/figcaption><\/figure>\n<p>\n  <i><br \/>\n    Az\u0259rbaycan\u0131n 2014-c\u00fc ilin may\u0131ndan noyabra kimi Avropa \u015euras\u0131nda s\u0259drlik etdiyi m\u00fcdd\u0259td\u0259 m\u00fcst\u0259qil\u00a0 QHT-l\u0259rin durumu \u201cxeyli pisl\u0259\u015fib\u201d<br \/>\n  <\/i>\n<\/p>\n<p>\n  Avropa Komissiyas\u0131n\u0131n 2014-c\u00fc ild\u0259 Az\u0259rbaycanda Avropa Qon\u015fuluq Siyas\u0259tinin realla\u015fmas\u0131na dair hesabat\u0131nda v\u0259t\u0259nda\u015f c\u0259miyy\u0259tinin f\u0259aliyy\u0259ti \u00fc\u00e7\u00fcn durumun pisl\u0259\u015fm\u0259si, QHT-l\u0259r\u0259, f\u0259allara v\u0259 mediaya t\u0259zyiql\u0259rin art\u0131r\u0131lmas\u0131 \u0259ksini tap\u0131b.\n<\/p>\n<p>\n  A\u0130-ni sayt\u0131nda d\u0259rc olunan s\u0259n\u0259dd\u0259\u00a0 (<br \/>\n  <a href=\"http:\/\/eeas.europa.eu\/enp\/pdf\/2015\/azerbaijan-enp-report-2015_en.pdf\" target=\"_blank\" rel=\"noopener\"><br \/>\n    http:\/\/eeas.europa.eu\/enp\/pdf\/2015\/azerbaijan-enp-report-2015_en.pdf<br \/>\n  <\/a><br \/>\n  )\u00a0 qeyd olunub ki, viza prosedurlar\u0131n\u0131n sad\u0259l\u0259\u015fdirilm\u0259si v\u0259 readmissiya haqq\u0131nda 2014-c\u00fc il tarixli sazi\u015f ikit\u0259r\u0259fli m\u00fcnasib\u0259tl\u0259rin g\u0259l\u0259c\u0259k inki\u015faf\u0131na xidm\u0259t edir.\n<\/p>\n<p>\n  H\u0259m\u00e7inin iqtisadi v\u0259ziyy\u0259t m\u00fcsb\u0259t qiym\u0259tl\u0259ndirilib. Makroiqtisadi m\u00fchit qeyri-neft sektorunun v\u0259 sosial sabitliyin artmas\u0131n\u0131n hesab\u0131na stabil qal\u0131b.\n<\/p>\n<p>\n  \u201cC\u0259nub\u201d qaz d\u0259hlizinin realla\u015fmas\u0131na dair \u00f6hd\u0259likl\u0259r \u0259vv\u0259lkit\u0259k A\u0130-Az\u0259rbaycan dialoqu \u00fc\u00e7\u00fcn birinci d\u0259r\u0259c\u0259li \u0259h\u0259miyy\u0259t da\u015f\u0131y\u0131r\u201d, &#8211; s\u0259n\u0259dd\u0259 deyilir.\n<\/p>\n<p>\n  Qaraba\u011f problemi il\u0259 ba\u011fl\u0131 qeyd olunub ki, at\u0259\u015fk\u0259s haqq\u0131nda sazi\u015fin ba\u011flanmas\u0131ndan \u00f6t\u0259n 20 ild\u0259 m\u00fcnaqi\u015f\u0259nin nizamlanmas\u0131 \u0259traf\u0131nda v\u0259ziyy\u0259t dalana dir\u0259nib.\n<\/p>\n<p>\n  \u201c1994-c\u00fc ild\u0259n bu yana qurbanlar\u0131n say\u0131n\u0131n g\u00f6r\u00fcnm\u0259mi\u015f h\u0259dd\u0259 \u00e7atmas\u0131 v\u0259 insidentl\u0259r fonunda t\u0259hl\u00fck\u0259szlikl\u0259 ba\u011fl\u0131 v\u0259ziyy\u0259t\u00a0 ciddi problem olaraq qal\u0131r\u201d, &#8211; s\u0259n\u0259dd\u0259 qeyd olunub.\n<\/p>\n<p>\n  Eyni zamanda bildirilib ki, Az\u0259rbaycan\u0131n 2014-c\u00fc ilin may\u0131ndan noyabra kimi Avropa \u015euras\u0131nda s\u0259drlik etdiyi m\u00fcdd\u0259td\u0259 m\u00fcst\u0259qil\u00a0 QHT-l\u0259rin durumu \u201cxeyli pisl\u0259\u015fib\u201d. Qanunvericiliy\u0259 edil\u0259n d\u00fcz\u0259li\u015fl\u0259r onlar\u0131n f\u0259aliyy\u0259t \u015f\u0259raitini \u00e7ox pisl\u0259\u015fdirib. 2014-c\u00fc ild\u0259 qanunvericiliy\u0259 edil\u0259n d\u00fcz\u0259li\u015fl\u0259rd\u0259n sonra yerli v\u0259 beyn\u0259lxalq QHT-l\u0259r ciddi inzibati v\u0259 m\u0259hk\u0259m\u0259 t\u0259zyiql\u0259ri il\u0259 \u00fczl\u0259\u015fibl\u0259r. Venesiya Komissiyas\u0131 bu d\u00fcz\u0259li\u015fl\u0259ri QHT-l\u0259rin f\u0259aliyy\u0259tini m\u0259hdudla\u015fd\u0131ran d\u00fcz\u0259li\u015fl\u0259r kimi qiym\u0259tl\u0259ndirib.\n<\/p>\n<p>\n  B\u0259zi QHT r\u0259hb\u0259rl\u0259ri d\u00f6vl\u0259t\u0259 x\u0259yan\u0259t, vergid\u0259n yay\u0131nma, qanunsuz sahibkarl\u0131q, v\u0259zif\u0259 s\u0259lahiyy\u0259tl\u0259rind\u0259n sui-istifad\u0259 v\u0259 saxtakarl\u0131q ittihamlar\u0131 il\u0259 h\u0259bs olunublar.\n<\/p>\n<p>\n  Bir \u00e7ox m\u00fcst\u0259qil QHT \u00f6z f\u0259aliyy\u0259tini dayand\u0131rma\u011fa m\u0259cbur olub, tan\u0131nm\u0131\u015f h\u00fcquq m\u00fcdafi\u0259\u00e7il\u0259ri h\u0259bs olunublar, onlar\u0131n b\u0259zisinin \u00f6lk\u0259d\u0259n \u00e7\u0131x\u0131\u015f\u0131na qada\u011fa qoyulub, bank hesablar\u0131 dondurulub.\n<\/p>\n<p>\n  2014-c\u00fc ild\u0259 se\u00e7kil\u0259rin demokratik ke\u00e7irilm\u0259sinin t\u0259minat\u0131 il\u0259 ba\u011fl\u0131 AT\u018fT DT\u0130HB-nin t\u00f6vsiy\u0259l\u0259ri \u0259vv\u0259lkit\u0259k yerin\u0259 yetirilm\u0259yib. M\u0259hk\u0259m\u0259l\u0259rin m\u00fcst\u0259qilliyinin t\u0259min olunmas\u0131 \u00fc\u00e7\u00fcn ciddi add\u0131mlar at\u0131lmay\u0131b.\n<\/p>\n<p>\n  A\u0130 v\u0259 Az\u0259rbaycan aras\u0131nda siyasi dialoq sah\u0259sind\u0259 \u0259laq\u0259l\u0259r xeyli azal\u0131b.\n<\/p>\n<p>\n  S\u00f6z azadl\u0131\u011f\u0131n\u0131n da v\u0259ziyy\u0259ti pis olaraq qal\u0131r. M\u00fcxalif\u0259t q\u0259zeti olan \u201cAzadl\u0131q\u201da ciddi t\u0259zyiql\u0259r davam edir, iri m\u0259hk\u0259m\u0259 c\u0259rim\u0259l\u0259ri is\u0259 onlar\u0131n v\u0259ziyy\u0259tini daha da pisl\u0259\u015fdirib.\n<\/p>\n<p>\n  D\u00f6vl\u0259t xidm\u0259tind\u0259 korrupsiyaya qar\u015f\u0131 m\u00fcbariz\u0259 vasit\u0259si olan \u201cASAN-xidm\u0259t\u201d \u015f\u0259b\u0259k\u0259sinin geni\u015fl\u0259ndirilm\u0259sin\u0259 baxmayaraq, korrupsiyaya qar\u015f\u0131 m\u00fcbariz\u0259 sah\u0259sind\u0259 ciddi yax\u015f\u0131la\u015fmaya nail olunmay\u0131b v\u0259 \u00f6lk\u0259 \u201cTransparency \u0130nternational\u201d-\u0131n reytinqind\u0259 175 d\u00f6vl\u0259t aras\u0131nda 126-c\u0131 yeri tutur.\n<\/p>\n<p>\n  2014-c\u00fc ild\u0259 m\u0259hk\u0259m\u0259l\u0259rin m\u00fcst\u0259qilliyinin t\u0259min olunmas\u0131nda n\u0259z\u0259r\u0259\u00e7arpacaq u\u011furlar olmay\u0131b.\n<\/p>\n<p>\n  A\u0130 t\u0259msil\u00e7il\u0259ri QHT n\u00fcmay\u0259nd\u0259l\u0259rinin m\u0259hk\u0259m\u0259 prosesl\u0259rinin monitronqini ke\u00e7iribl\u0259r v\u0259 ciddi qanun pozuntular\u0131n\u0131n \u015fahidi olublar.\n<\/p>\n<p>\n  H\u00f6kum\u0259ti t\u0259nqid ed\u0259nl\u0259rin m\u00fcdafi\u0259 prosesi \u00e7\u0259tinl\u0259\u015fib. Probleml\u0259rd\u0259n biri d\u0259 v\u0259kil \u00e7at\u0131\u015fmazl\u0131\u011f\u0131d\u0131r. V\u0259kill\u0259rin \u00e7oxu m\u00fcxalif\u0259t\u00e7il\u0259ri m\u00fcdafi\u0259 etm\u0259kd\u0259n imtina edir. V\u0259kill\u0259r Kollegiyasi m\u00fcxalif\u0259t\u00e7il\u0259ri m\u00fcdafi\u0259 ed\u0259n h\u00fcquq\u015f\u00fcnaslara t\u0259zyiq g\u00f6st\u0259rir.\n<\/p>\n<p>\n  H\u00f6kum\u0259t Avropa \u0130nsan h\u00fcquqlar\u0131 M\u0259hk\u0259m\u0259sinin q\u0259rarlar\u0131na h\u00f6rm\u0259tl\u0259 yana\u015fm\u0131r, onlar\u0131 yerin\u0259 yetirmir.\n<\/p>\n<p>\n  S\u0259n\u0259dd\u0259 h\u0259m\u00e7inin qeyd olunan probleml\u0259rin aradan qald\u0131r\u0131lmas\u0131 \u00fc\u00e7\u00fcn 2015-ci ild\u0259 g\u00f6r\u00fcl\u0259c\u0259k i\u015fl\u0259rl\u0259 ba\u011f\u0131 t\u00f6vsiy\u0259l\u0259r ir\u0259li s\u00fcr\u00fcl\u00fcb.\n<\/p>\n<p>\n  \u018fsas\u0259n Avropa \u015euras\u0131n\u0131n \u00fczv\u00fc kimi \u00f6hd\u0259likl\u0259r\u0259 \u0259m\u0259l olunmas\u0131 v\u0259 yerin\u0259 yetirilm\u0259si, fundamental h\u00fcquq v\u0259 azadl\u0131qlar\u0131n, qanunun aliliyinin\u00a0 t\u0259min edilm\u0259si, Avropa \u0130nsan H\u00fcquqlar\u0131 M\u0259hk\u0259m\u0259sinin q\u0259rarlar\u0131n\u0131n yerin\u0259 yetirilm\u0259si t\u00f6vsiy\u0259 olunur.\n<\/p>\n<p>\n  V\u0259t\u0259nda\u015f c\u0259miyy\u0259tinin f\u0259aliyy\u0259ti \u00fc\u00e7\u00fcn \u0259lveri\u015fli \u015f\u0259raitin yarad\u0131lmas\u0131, qanunvericiliy\u0259 m\u0259hdudla\u015fd\u0131r\u0131c\u0131 normalar\u0131n l\u0259\u011fvi, QHT-l\u0259r\u0259 \u00f6z f\u0259aliyy\u0259tini h\u0259yata ke\u00e7irm\u0259k \u00fc\u00e7\u00fcn imkanlar\u0131n yarad\u0131lmas\u0131 t\u00f6vsiy\u0259 olunub.\n<\/p>\n<p>\n  Bundan \u0259lav\u0259, se\u00e7ki qanunvericiliyinin AT\u018fT DT\u0130HB-nin t\u00f6vsiy\u0259l\u0259rin\u0259 uy\u011funla\u015fd\u0131r\u0131lmas\u0131 v\u0259 2015-ci ilin noyabr\u0131nda ke\u00e7iril\u0259c\u0259k parlament se\u00e7kisi \u00f6nc\u0259si bu t\u00f6vsiy\u0259l\u0259rin yerin\u0259 yetirilm\u0259si m\u0259sl\u0259h\u0259t bilinib.\n<\/p>\n<p>\n  Diffamasiya v\u0259 b\u00f6htan\u0131n dekriminalla\u015fd\u0131r\u0131lmas\u0131 haqq\u0131nda qanunun q\u0259bulunun, jurnalistl\u0259rin v\u0259 f\u0259allar\u0131n t\u0259qib olunmas\u0131, q\u0259tl\u0259 yetirilm\u0259si hallar\u0131n\u0131n ara\u015fd\u0131r\u0131lmas\u0131n\u0131n g\u00fccl\u0259ndirilm\u0259sinin vacibliyi qeyd olunub.\n<\/p>\n<p>\n  N\u0259hay\u0259t, A\u0130 Qaraba\u011f problemi il\u0259 \u0259laq\u0259dar m\u00fcnaqi\u015f\u0259 t\u0259r\u0259fl\u0259rini \u201cg\u0259rginliyi art\u0131ran v\u0259 dinc prosesi pozan h\u0259r\u0259k\u0259t v\u0259 b\u0259yanatlardan \u00e7\u0259kinm\u0259y\u0259\u201d \u00e7a\u011f\u0131r\u0131b.<\/p>\n","protected":false},"excerpt":{"rendered":"<p>Az\u0259rbaycan\u0131n 2014-c\u00fc ilin may\u0131ndan noyabra kimi Avropa \u015euras\u0131nda s\u0259drlik etdiyi m\u00fcdd\u0259td\u0259 m\u00fcst\u0259qil  QHT-l\u0259rin durumu \u201cxeyli pisl\u0259\u015fib\u201d<\/p>\n","protected":false},"author":11,"featured_media":21897,"comment_status":"closed","ping_status":"open","sticky":false,"template":"","format":"standard","meta":{"_acf_changed":false,"_sitemap_exclude":false,"_sitemap_priority":"","_sitemap_frequency":"","footnotes":""},"categories":[56],"tags":[],"class_list":["post-167354","post","type-post","status-publish","format-standard","has-post-thumbnail","hentry","category-xeberler","infinite-scroll-item","generate-columns","tablet-grid-50","mobile-grid-100","grid-parent","grid-33","no-featured-image-padding"],"acf":[],"yoast_head":"<!-- This site is optimized with the Yoast SEO plugin v28.4 - https:\/\/yoast.com\/product\/yoast-seo-wordpress\/ -->\n<title>A\u0130: &quot;AT\u018fT-nin t\u00f6vsiy\u0259l\u0259ri yerin\u0259 yetirilm\u0259yib, m\u0259hk\u0259m\u0259l\u0259rin m\u00fcst\u0259qilliyi \u00fc\u00e7\u00fcn ciddi add\u0131mlar at\u0131lmay\u0131b&quot; - MEYDAN.TV<\/title>\n<meta name=\"robots\" content=\"index, follow, max-snippet:-1, max-image-preview:large, max-video-preview:-1\" \/>\n<link rel=\"canonical\" href=\"https:\/\/www.meydan.tv\/az\/article\/ai-atet-nin-tovsiyeleri-yerine-yetirilmeyib-mehkemelerin-musteqilliyi-ucun-ciddi-addimlar-atilmayib\/\" \/>\n<meta property=\"og:locale\" content=\"az_AZ\" \/>\n<meta property=\"og:type\" content=\"article\" \/>\n<meta property=\"og:title\" content=\"A\u0130: &quot;AT\u018fT-nin t\u00f6vsiy\u0259l\u0259ri yerin\u0259 yetirilm\u0259yib, m\u0259hk\u0259m\u0259l\u0259rin m\u00fcst\u0259qilliyi \u00fc\u00e7\u00fcn ciddi add\u0131mlar at\u0131lmay\u0131b&quot; - MEYDAN.TV\" \/>\n<meta property=\"og:description\" content=\"Az\u0259rbaycan\u0131n 2014-c\u00fc ilin may\u0131ndan noyabra kimi Avropa \u015euras\u0131nda s\u0259drlik etdiyi m\u00fcdd\u0259td\u0259 m\u00fcst\u0259qil QHT-l\u0259rin durumu \u201cxeyli pisl\u0259\u015fib\u201d\" \/>\n<meta property=\"og:url\" content=\"https:\/\/www.meydan.tv\/az\/article\/ai-atet-nin-tovsiyeleri-yerine-yetirilmeyib-mehkemelerin-musteqilliyi-ucun-ciddi-addimlar-atilmayib\/\" \/>\n<meta property=\"og:site_name\" content=\"MEYDAN.TV\" \/>\n<meta property=\"article:published_time\" content=\"2015-03-28T11:40:21+00:00\" \/>\n<meta property=\"og:image\" content=\"https:\/\/www.meydan.tv\/wp-content\/uploads\/7923.jpg\" \/>\n\t<meta property=\"og:image:width\" content=\"768\" \/>\n\t<meta property=\"og:image:height\" content=\"394\" \/>\n\t<meta property=\"og:image:type\" content=\"image\/jpeg\" \/>\n<meta name=\"twitter:card\" content=\"summary_large_image\" \/>\n<!-- \/ Yoast SEO plugin. -->","yoast_head_json":{"title":"A\u0130: \"AT\u018fT-nin t\u00f6vsiy\u0259l\u0259ri yerin\u0259 yetirilm\u0259yib, m\u0259hk\u0259m\u0259l\u0259rin m\u00fcst\u0259qilliyi \u00fc\u00e7\u00fcn ciddi add\u0131mlar at\u0131lmay\u0131b\" - MEYDAN.TV","robots":{"index":"index","follow":"follow","max-snippet":"max-snippet:-1","max-image-preview":"max-image-preview:large","max-video-preview":"max-video-preview:-1"},"canonical":"https:\/\/www.meydan.tv\/az\/article\/ai-atet-nin-tovsiyeleri-yerine-yetirilmeyib-mehkemelerin-musteqilliyi-ucun-ciddi-addimlar-atilmayib\/","og_locale":"az_AZ","og_type":"article","og_title":"A\u0130: \"AT\u018fT-nin t\u00f6vsiy\u0259l\u0259ri yerin\u0259 yetirilm\u0259yib, m\u0259hk\u0259m\u0259l\u0259rin m\u00fcst\u0259qilliyi \u00fc\u00e7\u00fcn ciddi add\u0131mlar at\u0131lmay\u0131b\" - MEYDAN.TV","og_description":"Az\u0259rbaycan\u0131n 2014-c\u00fc ilin may\u0131ndan noyabra kimi Avropa \u015euras\u0131nda s\u0259drlik etdiyi m\u00fcdd\u0259td\u0259 m\u00fcst\u0259qil QHT-l\u0259rin durumu \u201cxeyli pisl\u0259\u015fib\u201d","og_url":"https:\/\/www.meydan.tv\/az\/article\/ai-atet-nin-tovsiyeleri-yerine-yetirilmeyib-mehkemelerin-musteqilliyi-ucun-ciddi-addimlar-atilmayib\/","og_site_name":"MEYDAN.TV","article_published_time":"2015-03-28T11:40:21+00:00","og_image":[{"width":768,"height":394,"url":"https:\/\/www.meydan.tv\/wp-content\/uploads\/7923.jpg","type":"image\/jpeg"}],"twitter_card":"summary_large_image","schema":{"@context":"https:\/\/schema.org","@graph":[{"@type":"Article","@id":"https:\/\/www.meydan.tv\/az\/article\/ai-atet-nin-tovsiyeleri-yerine-yetirilmeyib-mehkemelerin-musteqilliyi-ucun-ciddi-addimlar-atilmayib\/#article","isPartOf":{"@id":"https:\/\/www.meydan.tv\/az\/article\/ai-atet-nin-tovsiyeleri-yerine-yetirilmeyib-mehkemelerin-musteqilliyi-ucun-ciddi-addimlar-atilmayib\/"},"author":{"name":"user-manager","@id":"https:\/\/www.meydan.tv\/az\/#\/schema\/person\/10d11eccf6da3662cf5fdab9806ea91a"},"headline":"A\u0130: &#8220;AT\u018fT-nin t\u00f6vsiy\u0259l\u0259ri yerin\u0259 yetirilm\u0259yib, m\u0259hk\u0259m\u0259l\u0259rin m\u00fcst\u0259qilliyi \u00fc\u00e7\u00fcn ciddi add\u0131mlar at\u0131lmay\u0131b&#8221;","datePublished":"2015-03-28T11:40:21+00:00","mainEntityOfPage":{"@id":"https:\/\/www.meydan.tv\/az\/article\/ai-atet-nin-tovsiyeleri-yerine-yetirilmeyib-mehkemelerin-musteqilliyi-ucun-ciddi-addimlar-atilmayib\/"},"wordCount":1021,"publisher":{"@id":"https:\/\/www.meydan.tv\/az\/#organization"},"image":{"@id":"https:\/\/www.meydan.tv\/az\/article\/ai-atet-nin-tovsiyeleri-yerine-yetirilmeyib-mehkemelerin-musteqilliyi-ucun-ciddi-addimlar-atilmayib\/#primaryimage"},"thumbnailUrl":"https:\/\/www.meydan.tv\/wp-content\/uploads\/7923.jpg","articleSection":["X\u0259b\u0259rl\u0259r"],"inLanguage":"az"},{"@type":"WebPage","@id":"https:\/\/www.meydan.tv\/az\/article\/ai-atet-nin-tovsiyeleri-yerine-yetirilmeyib-mehkemelerin-musteqilliyi-ucun-ciddi-addimlar-atilmayib\/","url":"https:\/\/www.meydan.tv\/az\/article\/ai-atet-nin-tovsiyeleri-yerine-yetirilmeyib-mehkemelerin-musteqilliyi-ucun-ciddi-addimlar-atilmayib\/","name":"A\u0130: \"AT\u018fT-nin t\u00f6vsiy\u0259l\u0259ri yerin\u0259 yetirilm\u0259yib, m\u0259hk\u0259m\u0259l\u0259rin m\u00fcst\u0259qilliyi \u00fc\u00e7\u00fcn ciddi add\u0131mlar at\u0131lmay\u0131b\" - MEYDAN.TV","isPartOf":{"@id":"https:\/\/www.meydan.tv\/az\/#website"},"primaryImageOfPage":{"@id":"https:\/\/www.meydan.tv\/az\/article\/ai-atet-nin-tovsiyeleri-yerine-yetirilmeyib-mehkemelerin-musteqilliyi-ucun-ciddi-addimlar-atilmayib\/#primaryimage"},"image":{"@id":"https:\/\/www.meydan.tv\/az\/article\/ai-atet-nin-tovsiyeleri-yerine-yetirilmeyib-mehkemelerin-musteqilliyi-ucun-ciddi-addimlar-atilmayib\/#primaryimage"},"thumbnailUrl":"https:\/\/www.meydan.tv\/wp-content\/uploads\/7923.jpg","datePublished":"2015-03-28T11:40:21+00:00","breadcrumb":{"@id":"https:\/\/www.meydan.tv\/az\/article\/ai-atet-nin-tovsiyeleri-yerine-yetirilmeyib-mehkemelerin-musteqilliyi-ucun-ciddi-addimlar-atilmayib\/#breadcrumb"},"inLanguage":"az","potentialAction":[{"@type":"ReadAction","target":["https:\/\/www.meydan.tv\/az\/article\/ai-atet-nin-tovsiyeleri-yerine-yetirilmeyib-mehkemelerin-musteqilliyi-ucun-ciddi-addimlar-atilmayib\/"]}]},{"@type":"ImageObject","inLanguage":"az","@id":"https:\/\/www.meydan.tv\/az\/article\/ai-atet-nin-tovsiyeleri-yerine-yetirilmeyib-mehkemelerin-musteqilliyi-ucun-ciddi-addimlar-atilmayib\/#primaryimage","url":"https:\/\/www.meydan.tv\/wp-content\/uploads\/7923.jpg","contentUrl":"https:\/\/www.meydan.tv\/wp-content\/uploads\/7923.jpg","width":768,"height":394,"caption":"Source:"},{"@type":"BreadcrumbList","@id":"https:\/\/www.meydan.tv\/az\/article\/ai-atet-nin-tovsiyeleri-yerine-yetirilmeyib-mehkemelerin-musteqilliyi-ucun-ciddi-addimlar-atilmayib\/#breadcrumb","itemListElement":[{"@type":"ListItem","position":1,"name":"Ana s\u0259hif\u0259","item":"https:\/\/www.meydan.tv\/az\/"},{"@type":"ListItem","position":2,"name":"X\u0259b\u0259rl\u0259r","item":"https:\/\/www.meydan.tv\/az\/section\/xeberler\/"},{"@type":"ListItem","position":3,"name":"A\u0130: &#8220;AT\u018fT-nin t\u00f6vsiy\u0259l\u0259ri yerin\u0259 yetirilm\u0259yib, m\u0259hk\u0259m\u0259l\u0259rin m\u00fcst\u0259qilliyi \u00fc\u00e7\u00fcn ciddi add\u0131mlar at\u0131lmay\u0131b&#8221;"}]},{"@type":"WebSite","@id":"https:\/\/www.meydan.tv\/az\/#website","url":"https:\/\/www.meydan.tv\/az\/","name":"MEYDAN.TV","description":"Meydan TV Az\u0259rbaycan\u0131n media m\u0259kan\u0131ndak\u0131 alternativ s\u0259sidir","publisher":{"@id":"https:\/\/www.meydan.tv\/az\/#organization"},"potentialAction":[{"@type":"SearchAction","target":{"@type":"EntryPoint","urlTemplate":"https:\/\/www.meydan.tv\/az\/?s={search_term_string}"},"query-input":{"@type":"PropertyValueSpecification","valueRequired":true,"valueName":"search_term_string"}}],"inLanguage":"az"},{"@type":"Organization","@id":"https:\/\/www.meydan.tv\/az\/#organization","name":"Meydan TV","url":"https:\/\/www.meydan.tv\/az\/","logo":{"@type":"ImageObject","inLanguage":"az","@id":"https:\/\/www.meydan.tv\/az\/#\/schema\/logo\/image\/","url":"https:\/\/www.meydan.tv\/wp-content\/uploads\/2021\/07\/meydan-logo.svg","contentUrl":"https:\/\/www.meydan.tv\/wp-content\/uploads\/2021\/07\/meydan-logo.svg","width":195,"height":46,"caption":"Meydan TV"},"image":{"@id":"https:\/\/www.meydan.tv\/az\/#\/schema\/logo\/image\/"}},{"@type":"Person","@id":"https:\/\/www.meydan.tv\/az\/#\/schema\/person\/10d11eccf6da3662cf5fdab9806ea91a","name":"user-manager"}]}},"_links":{"self":[{"href":"https:\/\/www.meydan.tv\/az\/wp-json\/wp\/v2\/posts\/167354","targetHints":{"allow":["GET"]}}],"collection":[{"href":"https:\/\/www.meydan.tv\/az\/wp-json\/wp\/v2\/posts"}],"about":[{"href":"https:\/\/www.meydan.tv\/az\/wp-json\/wp\/v2\/types\/post"}],"author":[{"embeddable":true,"href":"https:\/\/www.meydan.tv\/az\/wp-json\/wp\/v2\/users\/11"}],"replies":[{"embeddable":true,"href":"https:\/\/www.meydan.tv\/az\/wp-json\/wp\/v2\/comments?post=167354"}],"version-history":[{"count":0,"href":"https:\/\/www.meydan.tv\/az\/wp-json\/wp\/v2\/posts\/167354\/revisions"}],"wp:featuredmedia":[{"embeddable":true,"href":"https:\/\/www.meydan.tv\/az\/wp-json\/wp\/v2\/media\/21897"}],"wp:attachment":[{"href":"https:\/\/www.meydan.tv\/az\/wp-json\/wp\/v2\/media?parent=167354"}],"wp:term":[{"taxonomy":"category","embeddable":true,"href":"https:\/\/www.meydan.tv\/az\/wp-json\/wp\/v2\/categories?post=167354"},{"taxonomy":"post_tag","embeddable":true,"href":"https:\/\/www.meydan.tv\/az\/wp-json\/wp\/v2\/tags?post=167354"}],"curies":[{"name":"wp","href":"https:\/\/api.w.org\/{rel}","templated":true}]}}