{"id":167352,"date":"2015-03-25T22:10:05","date_gmt":"2015-03-25T22:10:05","guid":{"rendered":"https:\/\/www.meydan.tv\/article\/nazirler-kabinetinin-iclasinda-iki-memur-hebs-olundu\/"},"modified":"2015-03-25T22:10:05","modified_gmt":"2015-03-25T22:10:05","slug":"nazirler-kabinetinin-iclasinda-iki-memur-hebs-olundu","status":"publish","type":"post","link":"https:\/\/www.meydan.tv\/az\/article\/nazirler-kabinetinin-iclasinda-iki-memur-hebs-olundu\/","title":{"rendered":"Nazirl\u0259r Kabinetinin iclas\u0131nda iki m\u0259mur h\u0259bs olundu"},"content":{"rendered":"<figure class=\"wp-block-image size-large\">\n  <img decoding=\"async\" src=\"https:\/\/www.meydan.tv\/az\/21870\/\" alt=\"\" class=\"wp-image-21870\"\/><figcaption><\/figcaption><\/figure>\n<figure class=\"wp-block-image size-large\">\n  <img decoding=\"async\" src=\"https:\/\/www.meydan.tv\/az\/21873\/\" alt=\"\" class=\"wp-image-21873\"\/><figcaption><\/figcaption><\/figure>\n<p><div>\n    <i><br \/>\n      Ukraynan\u0131n daxili i\u015fl\u0259r naziri Arsen Avakov y\u00fcks\u0259k v\u0259zif\u0259li m\u0259murlar\u0131n h\u0259bsinin davam ed\u0259c\u0259yini bildirib<br \/>\n    <\/i>\n  <\/div>\n<\/p>\n<p><div><\/div>\n<\/p>\n<p><div>\n    Ukrayna Nazirl\u0259r Kabinetinin bu g\u00fcn ke\u00e7iril\u0259n iclas\u0131n\u0131n gedi\u015find\u0259 iki y\u00fcks\u0259k v\u0259zif\u0259li d\u00f6vl\u0259t m\u0259murunun h\u0259bsi h\u0259yata ke\u00e7irilib.\n  <\/div>\n<\/p>\n<p>\n  <a href=\"https:\/\/apa.az\"><br \/>\n    APA<br \/>\n  <\/a><br \/>\n  -n\u0131n Ukrayna x\u0259b\u0259r saytlar\u0131na istinad\u0259n verdiyi m\u0259lumata g\u00f6r\u0259, h\u00f6kum\u0259tin iclas\u0131 davam ed\u0259rk\u0259n h\u00fcquq-m\u00fchafiz\u0259 orqanlar\u0131n\u0131n \u0259m\u0259kda\u015flar\u0131 zala daxil olublar v\u0259 F\u00f6vq\u0259lad\u0259 Hallar \u00fczr\u0259 D\u00f6vl\u0259t Xidm\u0259tinin r\u0259hb\u0259ri Sergey Bo\u00e7kovski il\u0259 onun m\u00fcavini Vasili Stoyetskiy\u0259 qar\u015f\u0131 ittiham\u0131 onlar\u0131n \u00fcz\u00fcn\u0259 oxuyaraq qollar\u0131na qandal ke\u00e7iribl\u0259r v\u0259 apar\u0131blar. Onlar Cinay\u0259t M\u0259c\u0259ll\u0259sinin 208-ci madd\u0259si \u2013 Ukrayna xaricind\u0259 qeyri-qanuni olaraq valyuta hesablar\u0131 a\u00e7maq v\u0259 ya istifad\u0259 etm\u0259kd\u0259 g\u00fcnahland\u0131r\u0131l\u0131r.\n<\/p>\n<p>\n  Bo\u00e7kovski v\u0259 Stoyetski \u00f6z\u0259l \u015firk\u0259tl\u0259rd\u0259n s\u00fcni olaraq y\u00fcks\u0259k g\u00f6st\u0259ril\u0259n qiym\u0259tl\u0259rl\u0259 yanacaq alaraq, v\u0259sait k\u00f6\u00e7\u00fcr\u00fcl\u0259rk\u0259n h\u0259min v\u0259saitin bir hiss\u0259sini \u00f6z \u015f\u0259xsi hesablar\u0131na ke\u00e7irm\u0259kd\u0259 ittiham olunur. Daxili i\u015fl\u0259r naziri Arsen Avakov sxemin \u00e7ox sad\u0259 oldu\u011funu bildirib: \u201cBu sad\u0259 sxem \u00e7\u0259r\u00e7iv\u0259sind\u0259 d\u00f6vl\u0259t sat\u0131nalmalar\u0131 \u00f6z\u0259l \u015firk\u0259t vasit\u0259sil\u0259 h\u0259yata ke\u00e7irilir v\u0259 h\u0259min \u015firk\u0259t \u00f6d\u0259m\u0259l\u0259ri Cersi adas\u0131ndak\u0131 of\u015for \u015firk\u0259t\u0259 edir. Cersi adas\u0131ndan is\u0259 pullar Bo\u00e7kovski v\u0259 Stoyetskiy\u0259 m\u0259xsus dig\u0259r \u00f6z\u0259l \u015firk\u0259t\u0259 gedir\u201d.\n<\/p>\n<p>\n  Daxili i\u015fl\u0259r nazirin m\u00fc\u015faviri Anton Gera\u015f\u015fenko F\u00f6vq\u0259lad\u0259 Hallar \u00fczr\u0259 D\u00f6vl\u0259t Xidm\u0259tinin v\u0259 antiterror \u0259m\u0259liyyat\u0131n\u0131n ehtiyaclar\u0131 \u00fc\u00e7\u00fcn n\u0259z\u0259rd\u0259 tutulan yanaca\u011f\u0131n \u201cLukoyl\u201d v\u0259 \u201cAlyans\u201d \u015firk\u0259tl\u0259rind\u0259n \u015fi\u015firdilmi\u015f qiym\u0259tl\u0259rl\u0259 al\u0131nd\u0131\u011f\u0131n\u0131 s\u00f6yl\u0259yib: \u201cBu v\u0259saitin 15-20%-i \u201cotkat\u201d kimi Bo\u00e7kovski v\u0259 Stoyetskinin Cersi adas\u0131 v\u0259 Kiprd\u0259ki hesablar\u0131na k\u00f6\u00e7\u00fcr\u00fcl\u00fcb. D\u0130N-in son 6 ay \u0259rzind\u0259 apard\u0131\u011f\u0131 operatv-axtar\u0131\u015f t\u0259dbirl\u0259ri n\u0259tic\u0259sind\u0259 d\u00f6vl\u0259t xidm\u0259tinin r\u0259hb\u0259rliyi ba\u015fda olmaqla, b\u00fct\u00fcn korrupsiya vertikal\u0131n\u0131 a\u015fkarlamaq v\u0259 s\u0259n\u0259dl\u0259\u015fdirm\u0259k m\u00fcmk\u00fcn olub. Nazir Avakovun dediyi kimi, y\u00fcks\u0259k s\u0259viyy\u0259li korrupsionerl\u0259rin kameralar qar\u015f\u0131s\u0131nda h\u0259bsi tama\u015fa deyil, h\u0259r k\u0259s \u00fc\u00e7\u00fcn bir n\u00f6v peyv\u0259nddir ki, Ukrayna c\u0259miyy\u0259ti art\u0131q bundan sonra hakimiyy\u0259t dair\u0259l\u0259rind\u0259ki korrupsionerl\u0259r\u0259 d\u00f6z\u00fcm g\u00f6st\u0259rm\u0259y\u0259c\u0259k\u201d.\n<\/p>\n<figure class=\"wp-block-image size-large\">\n  <img decoding=\"async\" src=\"https:\/\/www.meydan.tv\/az\/21870\/\" alt=\"\" class=\"wp-image-21870\"\/><figcaption><\/figcaption><\/figure>\n<p>\n  Ba\u015f nazir Arseni Yasenyuk S. Bo\u00e7kovski il\u0259 ba\u011fl\u0131 olan firmalar\u0131n hesablar\u0131ndak\u0131 \u0259m\u0259liyyatlar\u0131n izl\u0259nm\u0259si \u00fc\u00e7\u00fcn avropal\u0131 v\u0259 amerikal\u0131 t\u0259r\u0259fda\u015flara m\u00fcraci\u0259t ed\u0259c\u0259yini bildirib.\n<\/p>\n<p>\n  Daxil i\u015fl\u0259r nazirinin m\u00fc\u015faviri Zoryan \u015ekiryak m\u00fcv\u0259qq\u0259ti olaraq F\u00f6vq\u0259lad\u0259 Hallar \u00fczr\u0259 D\u00f6vl\u0259t Xidm\u0259ti s\u0259drinin s\u0259lahiyy\u0259tl\u0259rinin icra\u00e7\u0131s\u0131 t\u0259yin edilib.\n<\/p>\n<p>\n  Ukraynan\u0131n daxili i\u015fl\u0259r naziri Arsen Avakov y\u00fcks\u0259k v\u0259zif\u0259li m\u0259murlar\u0131n h\u0259bsinin davam ed\u0259c\u0259yini bildirib. A. Avakov Aqrar S\u0259naye v\u0259 Ekologiya nazirlikl\u0259rinin ke\u00e7mi\u015f r\u0259hb\u0259rliyi bar\u0259sind\u0259 t\u0259hqiqat apar\u0131ld\u0131\u011f\u0131n\u0131 deyib. O, C\u0259nub-Q\u0259rb D\u0259mir Yolu \u0130dar\u0259sinin r\u0259isi Aleksey Krivopo\u015finin v\u0259zif\u0259sind\u0259n uzaqla\u015fd\u0131r\u0131ld\u0131\u011f\u0131n\u0131 a\u00e7\u0131qlay\u0131b.<\/p>\n","protected":false},"excerpt":{"rendered":"<p>Ukraynan\u0131n daxili i\u015fl\u0259r naziri Arsen Avakov y\u00fcks\u0259k v\u0259zif\u0259li m\u0259murlar\u0131n h\u0259bsinin davam ed\u0259c\u0259yini bildirib<\/p>\n","protected":false},"author":11,"featured_media":21870,"comment_status":"closed","ping_status":"open","sticky":false,"template":"","format":"standard","meta":{"_acf_changed":false,"_sitemap_exclude":false,"_sitemap_priority":"","_sitemap_frequency":"","footnotes":""},"categories":[56],"tags":[],"class_list":["post-167352","post","type-post","status-publish","format-standard","has-post-thumbnail","hentry","category-xeberler","infinite-scroll-item","generate-columns","tablet-grid-50","mobile-grid-100","grid-parent","grid-33","no-featured-image-padding"],"acf":[],"yoast_head":"<!-- This site is optimized with the Yoast SEO plugin v28.4 - https:\/\/yoast.com\/product\/yoast-seo-wordpress\/ -->\n<title>Nazirl\u0259r Kabinetinin iclas\u0131nda iki m\u0259mur h\u0259bs olundu - MEYDAN.TV<\/title>\n<meta name=\"robots\" content=\"index, follow, max-snippet:-1, max-image-preview:large, max-video-preview:-1\" \/>\n<link rel=\"canonical\" href=\"https:\/\/www.meydan.tv\/az\/article\/nazirler-kabinetinin-iclasinda-iki-memur-hebs-olundu\/\" \/>\n<meta property=\"og:locale\" content=\"az_AZ\" \/>\n<meta property=\"og:type\" content=\"article\" \/>\n<meta property=\"og:title\" content=\"Nazirl\u0259r Kabinetinin iclas\u0131nda iki m\u0259mur h\u0259bs olundu - MEYDAN.TV\" \/>\n<meta property=\"og:description\" content=\"Ukraynan\u0131n daxili i\u015fl\u0259r naziri Arsen Avakov y\u00fcks\u0259k v\u0259zif\u0259li m\u0259murlar\u0131n h\u0259bsinin davam ed\u0259c\u0259yini bildirib\" \/>\n<meta property=\"og:url\" content=\"https:\/\/www.meydan.tv\/az\/article\/nazirler-kabinetinin-iclasinda-iki-memur-hebs-olundu\/\" \/>\n<meta property=\"og:site_name\" content=\"MEYDAN.TV\" \/>\n<meta property=\"article:published_time\" content=\"2015-03-25T22:10:05+00:00\" \/>\n<meta property=\"og:image\" content=\"https:\/\/www.meydan.tv\/wp-content\/uploads\/7917.jpg\" \/>\n\t<meta property=\"og:image:width\" content=\"400\" \/>\n\t<meta property=\"og:image:height\" content=\"400\" \/>\n\t<meta property=\"og:image:type\" content=\"image\/jpeg\" \/>\n<meta name=\"twitter:card\" content=\"summary_large_image\" \/>\n<!-- \/ Yoast SEO plugin. -->","yoast_head_json":{"title":"Nazirl\u0259r Kabinetinin iclas\u0131nda iki m\u0259mur h\u0259bs olundu - MEYDAN.TV","robots":{"index":"index","follow":"follow","max-snippet":"max-snippet:-1","max-image-preview":"max-image-preview:large","max-video-preview":"max-video-preview:-1"},"canonical":"https:\/\/www.meydan.tv\/az\/article\/nazirler-kabinetinin-iclasinda-iki-memur-hebs-olundu\/","og_locale":"az_AZ","og_type":"article","og_title":"Nazirl\u0259r Kabinetinin iclas\u0131nda iki m\u0259mur h\u0259bs olundu - MEYDAN.TV","og_description":"Ukraynan\u0131n daxili i\u015fl\u0259r naziri Arsen Avakov y\u00fcks\u0259k v\u0259zif\u0259li m\u0259murlar\u0131n h\u0259bsinin davam ed\u0259c\u0259yini bildirib","og_url":"https:\/\/www.meydan.tv\/az\/article\/nazirler-kabinetinin-iclasinda-iki-memur-hebs-olundu\/","og_site_name":"MEYDAN.TV","article_published_time":"2015-03-25T22:10:05+00:00","og_image":[{"width":400,"height":400,"url":"https:\/\/www.meydan.tv\/wp-content\/uploads\/7917.jpg","type":"image\/jpeg"}],"twitter_card":"summary_large_image","schema":{"@context":"https:\/\/schema.org","@graph":[{"@type":"Article","@id":"https:\/\/www.meydan.tv\/az\/article\/nazirler-kabinetinin-iclasinda-iki-memur-hebs-olundu\/#article","isPartOf":{"@id":"https:\/\/www.meydan.tv\/az\/article\/nazirler-kabinetinin-iclasinda-iki-memur-hebs-olundu\/"},"author":{"name":"user-manager","@id":"https:\/\/www.meydan.tv\/az\/#\/schema\/person\/10d11eccf6da3662cf5fdab9806ea91a"},"headline":"Nazirl\u0259r Kabinetinin iclas\u0131nda iki m\u0259mur h\u0259bs olundu","datePublished":"2015-03-25T22:10:05+00:00","mainEntityOfPage":{"@id":"https:\/\/www.meydan.tv\/az\/article\/nazirler-kabinetinin-iclasinda-iki-memur-hebs-olundu\/"},"wordCount":606,"publisher":{"@id":"https:\/\/www.meydan.tv\/az\/#organization"},"image":{"@id":"https:\/\/www.meydan.tv\/az\/article\/nazirler-kabinetinin-iclasinda-iki-memur-hebs-olundu\/#primaryimage"},"thumbnailUrl":"https:\/\/www.meydan.tv\/wp-content\/uploads\/7917.jpg","articleSection":["X\u0259b\u0259rl\u0259r"],"inLanguage":"az"},{"@type":"WebPage","@id":"https:\/\/www.meydan.tv\/az\/article\/nazirler-kabinetinin-iclasinda-iki-memur-hebs-olundu\/","url":"https:\/\/www.meydan.tv\/az\/article\/nazirler-kabinetinin-iclasinda-iki-memur-hebs-olundu\/","name":"Nazirl\u0259r Kabinetinin iclas\u0131nda iki m\u0259mur h\u0259bs olundu - MEYDAN.TV","isPartOf":{"@id":"https:\/\/www.meydan.tv\/az\/#website"},"primaryImageOfPage":{"@id":"https:\/\/www.meydan.tv\/az\/article\/nazirler-kabinetinin-iclasinda-iki-memur-hebs-olundu\/#primaryimage"},"image":{"@id":"https:\/\/www.meydan.tv\/az\/article\/nazirler-kabinetinin-iclasinda-iki-memur-hebs-olundu\/#primaryimage"},"thumbnailUrl":"https:\/\/www.meydan.tv\/wp-content\/uploads\/7917.jpg","datePublished":"2015-03-25T22:10:05+00:00","breadcrumb":{"@id":"https:\/\/www.meydan.tv\/az\/article\/nazirler-kabinetinin-iclasinda-iki-memur-hebs-olundu\/#breadcrumb"},"inLanguage":"az","potentialAction":[{"@type":"ReadAction","target":["https:\/\/www.meydan.tv\/az\/article\/nazirler-kabinetinin-iclasinda-iki-memur-hebs-olundu\/"]}]},{"@type":"ImageObject","inLanguage":"az","@id":"https:\/\/www.meydan.tv\/az\/article\/nazirler-kabinetinin-iclasinda-iki-memur-hebs-olundu\/#primaryimage","url":"https:\/\/www.meydan.tv\/wp-content\/uploads\/7917.jpg","contentUrl":"https:\/\/www.meydan.tv\/wp-content\/uploads\/7917.jpg","width":400,"height":400,"caption":"Source:"},{"@type":"BreadcrumbList","@id":"https:\/\/www.meydan.tv\/az\/article\/nazirler-kabinetinin-iclasinda-iki-memur-hebs-olundu\/#breadcrumb","itemListElement":[{"@type":"ListItem","position":1,"name":"Ana s\u0259hif\u0259","item":"https:\/\/www.meydan.tv\/az\/"},{"@type":"ListItem","position":2,"name":"X\u0259b\u0259rl\u0259r","item":"https:\/\/www.meydan.tv\/az\/section\/xeberler\/"},{"@type":"ListItem","position":3,"name":"Nazirl\u0259r Kabinetinin iclas\u0131nda iki m\u0259mur h\u0259bs olundu"}]},{"@type":"WebSite","@id":"https:\/\/www.meydan.tv\/az\/#website","url":"https:\/\/www.meydan.tv\/az\/","name":"MEYDAN.TV","description":"Meydan TV Az\u0259rbaycan\u0131n media m\u0259kan\u0131ndak\u0131 alternativ s\u0259sidir","publisher":{"@id":"https:\/\/www.meydan.tv\/az\/#organization"},"potentialAction":[{"@type":"SearchAction","target":{"@type":"EntryPoint","urlTemplate":"https:\/\/www.meydan.tv\/az\/?s={search_term_string}"},"query-input":{"@type":"PropertyValueSpecification","valueRequired":true,"valueName":"search_term_string"}}],"inLanguage":"az"},{"@type":"Organization","@id":"https:\/\/www.meydan.tv\/az\/#organization","name":"Meydan TV","url":"https:\/\/www.meydan.tv\/az\/","logo":{"@type":"ImageObject","inLanguage":"az","@id":"https:\/\/www.meydan.tv\/az\/#\/schema\/logo\/image\/","url":"https:\/\/www.meydan.tv\/wp-content\/uploads\/2021\/07\/meydan-logo.svg","contentUrl":"https:\/\/www.meydan.tv\/wp-content\/uploads\/2021\/07\/meydan-logo.svg","width":195,"height":46,"caption":"Meydan TV"},"image":{"@id":"https:\/\/www.meydan.tv\/az\/#\/schema\/logo\/image\/"}},{"@type":"Person","@id":"https:\/\/www.meydan.tv\/az\/#\/schema\/person\/10d11eccf6da3662cf5fdab9806ea91a","name":"user-manager"}]}},"_links":{"self":[{"href":"https:\/\/www.meydan.tv\/az\/wp-json\/wp\/v2\/posts\/167352","targetHints":{"allow":["GET"]}}],"collection":[{"href":"https:\/\/www.meydan.tv\/az\/wp-json\/wp\/v2\/posts"}],"about":[{"href":"https:\/\/www.meydan.tv\/az\/wp-json\/wp\/v2\/types\/post"}],"author":[{"embeddable":true,"href":"https:\/\/www.meydan.tv\/az\/wp-json\/wp\/v2\/users\/11"}],"replies":[{"embeddable":true,"href":"https:\/\/www.meydan.tv\/az\/wp-json\/wp\/v2\/comments?post=167352"}],"version-history":[{"count":0,"href":"https:\/\/www.meydan.tv\/az\/wp-json\/wp\/v2\/posts\/167352\/revisions"}],"wp:featuredmedia":[{"embeddable":true,"href":"https:\/\/www.meydan.tv\/az\/wp-json\/wp\/v2\/media\/21870"}],"wp:attachment":[{"href":"https:\/\/www.meydan.tv\/az\/wp-json\/wp\/v2\/media?parent=167352"}],"wp:term":[{"taxonomy":"category","embeddable":true,"href":"https:\/\/www.meydan.tv\/az\/wp-json\/wp\/v2\/categories?post=167352"},{"taxonomy":"post_tag","embeddable":true,"href":"https:\/\/www.meydan.tv\/az\/wp-json\/wp\/v2\/tags?post=167352"}],"curies":[{"name":"wp","href":"https:\/\/api.w.org\/{rel}","templated":true}]}}