{"id":167348,"date":"2015-03-25T14:33:58","date_gmt":"2015-03-25T14:33:58","guid":{"rendered":"https:\/\/www.meydan.tv\/article\/huquq-mudafiecisi-arzu-abdullayeva-ofisinden-mehrum-edile-biler\/"},"modified":"2015-03-25T14:33:58","modified_gmt":"2015-03-25T14:33:58","slug":"huquq-mudafiecisi-arzu-abdullayeva-ofisinden-mehrum-edile-biler","status":"publish","type":"post","link":"https:\/\/www.meydan.tv\/az\/article\/huquq-mudafiecisi-arzu-abdullayeva-ofisinden-mehrum-edile-biler\/","title":{"rendered":"H\u00fcquq m\u00fcdafi\u0259\u00e7isi Arzu Abdullayeva ofisind\u0259n m\u0259hrum edil\u0259 bil\u0259r"},"content":{"rendered":"<figure class=\"wp-block-image size-large\">\n  <img decoding=\"async\" src=\"https:\/\/www.meydan.tv\/az\/21858\/\" alt=\"\" class=\"wp-image-21858\"\/><figcaption><\/figcaption><\/figure>\n<figure class=\"wp-block-image size-large\">\n  <img decoding=\"async\" src=\"https:\/\/www.meydan.tv\/az\/21858\/\" alt=\"\" class=\"wp-image-21858\"\/><figcaption><\/figcaption><\/figure>\n<p>\n  <i><br \/>\n    &#8220;Hakim rejim azad fikr\u0259 qar\u015f\u0131 \u00e7\u0131xaraq m\u00f6vcud hakimiyy\u0259ti uzun ill\u0259r saxlamaq \u00fcmudi il\u0259 Putin Rusiyas\u0131n\u0131n yoluyla gedir&#8221;<br \/>\n  <\/i>\n<\/p>\n<p>\n  Az\u0259rbaycan v\u0259t\u0259nda\u015f c\u0259miyy\u0259tinin f\u0259allar\u0131 \u00f6z m\u00fczakir\u0259l\u0259rini ke\u00e7irm\u0259k \u00fc\u00e7\u00fcn son meydan\u00e7adan m\u0259hrum edil\u0259 bil\u0259r. Helsinki V\u0259t\u0259nda\u015f Assambleyas\u0131 Az\u0259rbaycan Milli Komit\u0259sini (HVA AMK) ofisd\u0259n m\u0259hrum olunma t\u0259hl\u00fck\u0259si g\u00f6zl\u0259nilir. Bel\u0259 ki, son vaxtlar V\u0259t\u0259nda\u015f C\u0259miyy\u0259tini M\u00fcdafi\u0259 Komit\u0259sinin (VCMK) iclaslar\u0131 burada ke\u00e7irilirdi.\n<\/p>\n<p>\n  Bu bar\u0259d\u0259 Siyasi M\u0259hbuslar\u0131n Monitorinq M\u0259rk\u0259zinin Q\u0259rb d\u00f6vl\u0259tl\u0259rinin h\u00f6kum\u0259tl\u0259rin\u0259 v\u0259 beyn\u0259lxalq t\u0259\u015fkiatlara m\u00fcraci\u0259tind\u0259 deyilir.\n<\/p>\n<p>\n  V\u0259t\u0259nda\u015f c\u0259miyy\u0259ti institutlar\u0131n\u0131n layih\u0259l\u0259rinin dondurulmas\u0131 s\u0259b\u0259bind\u0259n HVA AMK ofisin icar\u0259 haqq\u0131n\u0131 \u00f6d\u0259y\u0259 bilmir v\u0259 buna g\u00f6r\u0259 t\u0259\u015fkilat\u0131 ofisd\u0259n \u00e7\u0131xmaq t\u0259hl\u00fck\u0259si g\u00f6zl\u0259yir.\n<\/p>\n<p>\n  M\u00fcraci\u0259td\u0259 Az\u0259rbaycan\u0131n avrointeqrasiyas\u0131nda, demokratik d\u0259y\u0259rl\u0259rin yay\u0131lmas\u0131nda v\u0259 m\u00fcdafi\u0259sind\u0259 VCMK-n\u0131n rolu v\u0259 f\u0259aliyy\u0259ti qeyd olunur.\n<\/p>\n<p>\n  \u201cAz\u0259rbaycanda hakim rejim azad fikr\u0259 qar\u015f\u0131 \u00e7\u0131xaraq m\u00f6vcud hakimiyy\u0259ti uzun ill\u0259r saxlamaq \u00fcmudi il\u0259 Putin Rusiyas\u0131n\u0131n yoluyla gedir. Bel\u0259 ki, 2013-c\u00fc ild\u0259n demokratik institutlar\u0131n \u00f6lk\u0259d\u0259n \u00e7\u0131xar\u0131lmas\u0131na ba\u015flan\u0131l\u0131b. Prezident se\u00e7kil\u0259ri \u0259r\u0259f\u0259sind\u0259 \u201cAzad Fikir\u201d Universiteti ba\u011flan\u0131b. Sonra v\u0259t\u0259nda\u015f c\u0259miyy\u0259ti f\u0259allar\u0131na qar\u015f\u0131 repressiyalar ba\u015flay\u0131b. Tan\u0131nm\u0131\u015f h\u00fcquq m\u00fcdafi\u0259\u00e7il\u0259ri Leyla Yunus v\u0259 onun h\u0259yat yolda\u015f\u0131, konfliktoloq Arif Yunus, v\u0259kil \u0130ntiqam \u018fliyev, R\u0259sul C\u0259f\u0259rov, Anar M\u0259mm\u0259dli h\u0259bs olunublar. Amerikan\u0131n IREX t\u0259\u015fkilat\u0131 ba\u011flan\u0131b,\u00a0 VCMK-nin \u00fczv\u00fc olan 30-dan \u00e7ox QHT-nin bank hesab\u0131 dondurulub v\u0259 bununla da v\u0259t\u0259nda\u015f c\u0259miyy\u0259tinin f\u0259aliyy\u0259ti iflic v\u0259ziyy\u0259tin\u0259 sal\u0131n\u0131b. Bu g\u00fcn demokratik fikrin son dayanaca\u011f\u0131 Helsinki V\u0259t\u0259nda\u015f Assambleyas\u0131 Az\u0259rbaycan Milli Komit\u0259sinin ofisidir. Burada VCMK-n\u0131n toplant\u0131lar\u0131 ke\u00e7irilir. \u0130car\u0259 haqq\u0131n\u0131n \u00f6d\u0259nilm\u0259m\u0259si s\u0259b\u0259bind\u0259n yax\u0131n g\u00fcnl\u0259rd\u0259 Helsinki V\u0259t\u0259nda\u015f Assambleyas\u0131 Az\u0259rbaycan Milli Komit\u0259sinin ofisi qapad\u0131lacaq\u201d, &#8211; m\u00fcraci\u0259td\u0259 deyilir.\n<\/p>\n<p>\n  HVA AMK v\u0259 onun r\u0259hb\u0259ri Arzu Abdullayeva Az\u0259rbaycanda insan h\u00fcquqlar\u0131 sah\u0259sind\u0259, o c\u00fcml\u0259d\u0259n siyasi m\u0259hbuslar\u0131n azadl\u0131\u011fa burax\u0131lmas\u0131nda b\u00f6y\u00fck i\u015fl\u0259r g\u00f6r\u00fcb, se\u00e7kil\u0259rin monitorinqini ke\u00e7irib v\u0259 s.\n<\/p>\n<p>\n  Bu g\u00fcn t\u0259\u015fkilat ba\u011flanmaq h\u0259ddin\u0259 \u00e7at\u0131b.\n<\/p>\n<p>\n  \u201cB\u00fct\u00fcn bu \u00f6zba\u015f\u0131nal\u0131q bizim y\u00f6nl\u0259ndiyimiz, \u00fcmid etdiyimiz v\u0259 inand\u0131\u011f\u0131m\u0131z Avropa demokratik institutlar\u0131n\u0131n s\u00fckutu i\u00e7\u0259risind\u0259 ba\u015f verir. HVA AMK-n\u0131n ba\u011flanmas\u0131 a\u011f\u0131r n\u0259tic\u0259l\u0259r\u0259 s\u0259b\u0259b olacaq. Xalq\u0131n A\u0130 v\u0259 AB\u015e-a olan inam\u0131 h\u0259mi\u015f\u0259lik it\u0259c\u0259k\u201d, &#8211; m\u00fc\u0259llifl\u0259r qeyd edirl\u0259r.\n<\/p>\n<p>\n  \u201cBiz ke\u00e7mi\u015f \u201csiyasi m\u0259hbuslar\u201d \u00fcmid edirik ki, HVA ofisinin saxlanmas\u0131nda biz\u0259 yard\u0131m\u00e7\u0131 olacaqs\u0131n\u0131z. Biz h\u00fcquq-m\u00fcdafi\u0259 t\u0259\u015fkilatlar\u0131n\u0131n r\u0259hb\u0259rl\u0259rin\u0259, Az\u0259rbaycan prezidentin\u0259\u00a0 m\u00fcraci\u0259t edirik v\u0259 bu add\u0131m yaln\u0131z Az\u0259rbaycan h\u00f6kum\u0259tinin imicin\u0259 m\u00fcsb\u0259t t\u0259sir g\u00f6st\u0259r\u0259c\u0259k\u201d, &#8211; m\u00fcraci\u0259td\u0259 deyilir.\n<\/p>\n<p>\n  M\u00fcraci\u0259ti Siyasi M\u0259hbuslar\u0131n Monitorinq M\u0259rk\u0259zinin r\u0259hb\u0259ri El\u015f\u0259n H\u0259s\u0259nov, t\u0259\u015fkilat\u0131n \u00fczvl\u0259ri Tural Abbasl\u0131, \u018fh\u0259d M\u0259mm\u0259dli, R\u00fcf\u0259t Hac\u0131b\u0259yli, Mehdi \u015eamilov imzalay\u0131blar.\n<\/p>\n<p>\n  A.Abdullayeva haz\u0131rda xidm\u0259ti ezamiyy\u0259td\u0259dir.\n<\/p>\n<p>\n  <i><br \/>\n    \u00a0VCMK 2009-cu ild\u0259 &#8211; QHT-l\u0259r haqq\u0131nda qanunvericiliy\u0259 \u00a0d\u00fcz\u0259li\u015fl\u0259rin edildiyi ilk vaxtlarda yarad\u0131l\u0131b. O zaman quruma 100-\u0259 yax\u0131n m\u00fcst\u0259qil QHT, o c\u00fcml\u0259d\u0259n indi r\u0259hb\u0259rl\u0259ri h\u0259bsd\u0259 olan t\u0259\u015fkilatlar daxil idi.<br \/>\n  <\/i>\n<\/p>\n<p>\n  <i><br \/>\n    Haz\u0131rda bir \u00e7ox QHT-y\u0259 qar\u015f\u0131 cinay\u0259t t\u0259qibl\u0259ri v\u0259 onlar\u0131n r\u0259hb\u0259rl\u0259rinin h\u0259bsi il\u0259 \u0259laq\u0259dar VCMK-d\u0259 20 f\u0259al i\u015ftirak edir.<br \/>\n  <\/i><\/p>\n","protected":false},"excerpt":{"rendered":"<p>&#8220;Hakim rejim azad fikr\u0259 qar\u015f\u0131 \u00e7\u0131xaraq m\u00f6vcud hakimiyy\u0259ti uzun ill\u0259r saxlamaq \u00fcmudi il\u0259 Putin Rusiyas\u0131n\u0131n yoluyla gedir&#8221;<\/p>\n","protected":false},"author":11,"featured_media":21858,"comment_status":"closed","ping_status":"open","sticky":false,"template":"","format":"standard","meta":{"_acf_changed":false,"_sitemap_exclude":false,"_sitemap_priority":"","_sitemap_frequency":"","footnotes":""},"categories":[56],"tags":[],"class_list":["post-167348","post","type-post","status-publish","format-standard","has-post-thumbnail","hentry","category-xeberler","infinite-scroll-item","generate-columns","tablet-grid-50","mobile-grid-100","grid-parent","grid-33","no-featured-image-padding"],"acf":[],"yoast_head":"<!-- This site is optimized with the Yoast SEO plugin v28.4 - https:\/\/yoast.com\/product\/yoast-seo-wordpress\/ -->\n<title>H\u00fcquq m\u00fcdafi\u0259\u00e7isi Arzu Abdullayeva ofisind\u0259n m\u0259hrum edil\u0259 bil\u0259r - MEYDAN.TV<\/title>\n<meta name=\"robots\" content=\"index, follow, max-snippet:-1, max-image-preview:large, max-video-preview:-1\" \/>\n<link rel=\"canonical\" href=\"https:\/\/www.meydan.tv\/az\/article\/huquq-mudafiecisi-arzu-abdullayeva-ofisinden-mehrum-edile-biler\/\" \/>\n<meta property=\"og:locale\" content=\"az_AZ\" \/>\n<meta property=\"og:type\" content=\"article\" \/>\n<meta property=\"og:title\" content=\"H\u00fcquq m\u00fcdafi\u0259\u00e7isi Arzu Abdullayeva ofisind\u0259n m\u0259hrum edil\u0259 bil\u0259r - MEYDAN.TV\" \/>\n<meta property=\"og:description\" content=\"&quot;Hakim rejim azad fikr\u0259 qar\u015f\u0131 \u00e7\u0131xaraq m\u00f6vcud hakimiyy\u0259ti uzun ill\u0259r saxlamaq \u00fcmudi il\u0259 Putin Rusiyas\u0131n\u0131n yoluyla gedir&quot;\" \/>\n<meta property=\"og:url\" content=\"https:\/\/www.meydan.tv\/az\/article\/huquq-mudafiecisi-arzu-abdullayeva-ofisinden-mehrum-edile-biler\/\" \/>\n<meta property=\"og:site_name\" content=\"MEYDAN.TV\" \/>\n<meta property=\"article:published_time\" content=\"2015-03-25T14:33:58+00:00\" \/>\n<meta property=\"og:image\" content=\"https:\/\/www.meydan.tv\/wp-content\/uploads\/7913.jpg\" \/>\n\t<meta property=\"og:image:width\" content=\"696\" \/>\n\t<meta property=\"og:image:height\" content=\"374\" \/>\n\t<meta property=\"og:image:type\" content=\"image\/jpeg\" \/>\n<meta name=\"twitter:card\" content=\"summary_large_image\" \/>\n<!-- \/ Yoast SEO plugin. -->","yoast_head_json":{"title":"H\u00fcquq m\u00fcdafi\u0259\u00e7isi Arzu Abdullayeva ofisind\u0259n m\u0259hrum edil\u0259 bil\u0259r - MEYDAN.TV","robots":{"index":"index","follow":"follow","max-snippet":"max-snippet:-1","max-image-preview":"max-image-preview:large","max-video-preview":"max-video-preview:-1"},"canonical":"https:\/\/www.meydan.tv\/az\/article\/huquq-mudafiecisi-arzu-abdullayeva-ofisinden-mehrum-edile-biler\/","og_locale":"az_AZ","og_type":"article","og_title":"H\u00fcquq m\u00fcdafi\u0259\u00e7isi Arzu Abdullayeva ofisind\u0259n m\u0259hrum edil\u0259 bil\u0259r - MEYDAN.TV","og_description":"\"Hakim rejim azad fikr\u0259 qar\u015f\u0131 \u00e7\u0131xaraq m\u00f6vcud hakimiyy\u0259ti uzun ill\u0259r saxlamaq \u00fcmudi il\u0259 Putin Rusiyas\u0131n\u0131n yoluyla gedir\"","og_url":"https:\/\/www.meydan.tv\/az\/article\/huquq-mudafiecisi-arzu-abdullayeva-ofisinden-mehrum-edile-biler\/","og_site_name":"MEYDAN.TV","article_published_time":"2015-03-25T14:33:58+00:00","og_image":[{"width":696,"height":374,"url":"https:\/\/www.meydan.tv\/wp-content\/uploads\/7913.jpg","type":"image\/jpeg"}],"twitter_card":"summary_large_image","schema":{"@context":"https:\/\/schema.org","@graph":[{"@type":"Article","@id":"https:\/\/www.meydan.tv\/az\/article\/huquq-mudafiecisi-arzu-abdullayeva-ofisinden-mehrum-edile-biler\/#article","isPartOf":{"@id":"https:\/\/www.meydan.tv\/az\/article\/huquq-mudafiecisi-arzu-abdullayeva-ofisinden-mehrum-edile-biler\/"},"author":{"name":"user-manager","@id":"https:\/\/www.meydan.tv\/az\/#\/schema\/person\/10d11eccf6da3662cf5fdab9806ea91a"},"headline":"H\u00fcquq m\u00fcdafi\u0259\u00e7isi Arzu Abdullayeva ofisind\u0259n m\u0259hrum edil\u0259 bil\u0259r","datePublished":"2015-03-25T14:33:58+00:00","mainEntityOfPage":{"@id":"https:\/\/www.meydan.tv\/az\/article\/huquq-mudafiecisi-arzu-abdullayeva-ofisinden-mehrum-edile-biler\/"},"wordCount":720,"publisher":{"@id":"https:\/\/www.meydan.tv\/az\/#organization"},"image":{"@id":"https:\/\/www.meydan.tv\/az\/article\/huquq-mudafiecisi-arzu-abdullayeva-ofisinden-mehrum-edile-biler\/#primaryimage"},"thumbnailUrl":"https:\/\/www.meydan.tv\/wp-content\/uploads\/7913.jpg","articleSection":["X\u0259b\u0259rl\u0259r"],"inLanguage":"az"},{"@type":"WebPage","@id":"https:\/\/www.meydan.tv\/az\/article\/huquq-mudafiecisi-arzu-abdullayeva-ofisinden-mehrum-edile-biler\/","url":"https:\/\/www.meydan.tv\/az\/article\/huquq-mudafiecisi-arzu-abdullayeva-ofisinden-mehrum-edile-biler\/","name":"H\u00fcquq m\u00fcdafi\u0259\u00e7isi Arzu Abdullayeva ofisind\u0259n m\u0259hrum edil\u0259 bil\u0259r - MEYDAN.TV","isPartOf":{"@id":"https:\/\/www.meydan.tv\/az\/#website"},"primaryImageOfPage":{"@id":"https:\/\/www.meydan.tv\/az\/article\/huquq-mudafiecisi-arzu-abdullayeva-ofisinden-mehrum-edile-biler\/#primaryimage"},"image":{"@id":"https:\/\/www.meydan.tv\/az\/article\/huquq-mudafiecisi-arzu-abdullayeva-ofisinden-mehrum-edile-biler\/#primaryimage"},"thumbnailUrl":"https:\/\/www.meydan.tv\/wp-content\/uploads\/7913.jpg","datePublished":"2015-03-25T14:33:58+00:00","breadcrumb":{"@id":"https:\/\/www.meydan.tv\/az\/article\/huquq-mudafiecisi-arzu-abdullayeva-ofisinden-mehrum-edile-biler\/#breadcrumb"},"inLanguage":"az","potentialAction":[{"@type":"ReadAction","target":["https:\/\/www.meydan.tv\/az\/article\/huquq-mudafiecisi-arzu-abdullayeva-ofisinden-mehrum-edile-biler\/"]}]},{"@type":"ImageObject","inLanguage":"az","@id":"https:\/\/www.meydan.tv\/az\/article\/huquq-mudafiecisi-arzu-abdullayeva-ofisinden-mehrum-edile-biler\/#primaryimage","url":"https:\/\/www.meydan.tv\/wp-content\/uploads\/7913.jpg","contentUrl":"https:\/\/www.meydan.tv\/wp-content\/uploads\/7913.jpg","width":696,"height":374,"caption":"Source:"},{"@type":"BreadcrumbList","@id":"https:\/\/www.meydan.tv\/az\/article\/huquq-mudafiecisi-arzu-abdullayeva-ofisinden-mehrum-edile-biler\/#breadcrumb","itemListElement":[{"@type":"ListItem","position":1,"name":"Ana s\u0259hif\u0259","item":"https:\/\/www.meydan.tv\/az\/"},{"@type":"ListItem","position":2,"name":"X\u0259b\u0259rl\u0259r","item":"https:\/\/www.meydan.tv\/az\/section\/xeberler\/"},{"@type":"ListItem","position":3,"name":"H\u00fcquq m\u00fcdafi\u0259\u00e7isi Arzu Abdullayeva ofisind\u0259n m\u0259hrum edil\u0259 bil\u0259r"}]},{"@type":"WebSite","@id":"https:\/\/www.meydan.tv\/az\/#website","url":"https:\/\/www.meydan.tv\/az\/","name":"MEYDAN.TV","description":"Meydan TV Az\u0259rbaycan\u0131n media m\u0259kan\u0131ndak\u0131 alternativ s\u0259sidir","publisher":{"@id":"https:\/\/www.meydan.tv\/az\/#organization"},"potentialAction":[{"@type":"SearchAction","target":{"@type":"EntryPoint","urlTemplate":"https:\/\/www.meydan.tv\/az\/?s={search_term_string}"},"query-input":{"@type":"PropertyValueSpecification","valueRequired":true,"valueName":"search_term_string"}}],"inLanguage":"az"},{"@type":"Organization","@id":"https:\/\/www.meydan.tv\/az\/#organization","name":"Meydan TV","url":"https:\/\/www.meydan.tv\/az\/","logo":{"@type":"ImageObject","inLanguage":"az","@id":"https:\/\/www.meydan.tv\/az\/#\/schema\/logo\/image\/","url":"https:\/\/www.meydan.tv\/wp-content\/uploads\/2021\/07\/meydan-logo.svg","contentUrl":"https:\/\/www.meydan.tv\/wp-content\/uploads\/2021\/07\/meydan-logo.svg","width":195,"height":46,"caption":"Meydan TV"},"image":{"@id":"https:\/\/www.meydan.tv\/az\/#\/schema\/logo\/image\/"}},{"@type":"Person","@id":"https:\/\/www.meydan.tv\/az\/#\/schema\/person\/10d11eccf6da3662cf5fdab9806ea91a","name":"user-manager"}]}},"_links":{"self":[{"href":"https:\/\/www.meydan.tv\/az\/wp-json\/wp\/v2\/posts\/167348","targetHints":{"allow":["GET"]}}],"collection":[{"href":"https:\/\/www.meydan.tv\/az\/wp-json\/wp\/v2\/posts"}],"about":[{"href":"https:\/\/www.meydan.tv\/az\/wp-json\/wp\/v2\/types\/post"}],"author":[{"embeddable":true,"href":"https:\/\/www.meydan.tv\/az\/wp-json\/wp\/v2\/users\/11"}],"replies":[{"embeddable":true,"href":"https:\/\/www.meydan.tv\/az\/wp-json\/wp\/v2\/comments?post=167348"}],"version-history":[{"count":0,"href":"https:\/\/www.meydan.tv\/az\/wp-json\/wp\/v2\/posts\/167348\/revisions"}],"wp:featuredmedia":[{"embeddable":true,"href":"https:\/\/www.meydan.tv\/az\/wp-json\/wp\/v2\/media\/21858"}],"wp:attachment":[{"href":"https:\/\/www.meydan.tv\/az\/wp-json\/wp\/v2\/media?parent=167348"}],"wp:term":[{"taxonomy":"category","embeddable":true,"href":"https:\/\/www.meydan.tv\/az\/wp-json\/wp\/v2\/categories?post=167348"},{"taxonomy":"post_tag","embeddable":true,"href":"https:\/\/www.meydan.tv\/az\/wp-json\/wp\/v2\/tags?post=167348"}],"curies":[{"name":"wp","href":"https:\/\/api.w.org\/{rel}","templated":true}]}}