{"id":167347,"date":"2015-03-25T14:22:04","date_gmt":"2015-03-25T14:22:04","guid":{"rendered":"https:\/\/www.meydan.tv\/article\/yasar-ceferli-200-minden-cox-valideyn-cagiris-sisteminin-esirine-cevrilir\/"},"modified":"2015-03-25T14:22:04","modified_gmt":"2015-03-25T14:22:04","slug":"yasar-ceferli-200-minden-cox-valideyn-cagiris-sisteminin-esirine-cevrilir","status":"publish","type":"post","link":"https:\/\/www.meydan.tv\/az\/article\/yasar-ceferli-200-minden-cox-valideyn-cagiris-sisteminin-esirine-cevrilir\/","title":{"rendered":"Ya\u015far C\u0259f\u0259rli: \u201c200 mind\u0259n \u00e7ox valideyn \u00e7a\u011f\u0131r\u0131\u015f sisteminin \u0259sirin\u0259 \u00e7evrilir\u201d"},"content":{"rendered":"<figure class=\"wp-block-image size-large\">\n  <img decoding=\"async\" src=\"https:\/\/www.meydan.tv\/az\/21855\/\" alt=\"\" class=\"wp-image-21855\"\/><figcaption><\/figcaption><\/figure>\n<figure class=\"wp-block-image size-large\">\n  <img decoding=\"async\" src=\"https:\/\/www.meydan.tv\/az\/21855\/\" alt=\"\" class=\"wp-image-21855\"\/><figcaption><\/figcaption><\/figure>\n<p>\n  <i><br \/>\n    \u201cAz\u0259rbaycanla NATO aras\u0131nda m\u00fcnasib\u0259tl\u0259r imitasiya xarakteri da\u015f\u0131y\u0131r\u201d<br \/>\n  <\/i>\n<\/p>\n<p>\n  \u201cB\u00fct\u00fcn probleml\u0259rin k\u00f6k\u00fcn\u00fc siyasi hakimiyy\u0259tin ordu quruculu\u011fu konsepsiyas\u0131nda axtarmaq laz\u0131md\u0131r. Ka\u011f\u0131z \u00fcz\u0259rind\u0259 elan olunmu\u015f konsepsiyadan s\u00f6hb\u0259t getmir. S\u00f6hb\u0259t hakimiy\u0259tin Silahl\u0131 Q\u00fcvv\u0259l\u0259r\u0259 m\u00fcnasib\u0259td\u0259 h\u0259yata ke\u00e7irdiyi real siyas\u0259td\u0259n gedir. \u0130qtidar ordudan hakimiyy\u0259ti \u0259lind\u0259 saxlama\u011fa imkan ver\u0259n \u0259sas dayaq n\u00f6qt\u0259l\u0259rind\u0259n biri kimi istifad\u0259 edir. B\u00fct\u00fcn siyas\u0259t sui-b\u0259hr\u0259l\u0259nm\u0259 \u00fcz\u0259rind\u0259 qurulub. \u00d6z\u00fc d\u0259 bu t\u0259kc\u0259 se\u00e7kil\u0259r zaman\u0131 h\u0259rbi qulluq\u00e7ular\u0131n s\u0259sl\u0259rini k\u00fctl\u0259vi \u015f\u0259kild\u0259 \u00f6z xeyrin\u0259 saxtala\u015fd\u0131rmaqla bitmir\u201d.\n<\/p>\n<p>\n  Bu s\u00f6zl\u0259ri Az\u0259rbaycan Regional Strateji Ara\u015fd\u0131rmalar \u0130nstitutunun direktoru Ya\u015far C\u0259f\u0259rli \u201cX\u0259z\u0259r\u201d H\u0259rbi T\u0259dqiqatlar \u0130nstitutunun bloquna m\u00fcsahib\u0259sind\u0259 deyib (<br \/>\n  <a href=\"https:\/\/caspiandefense.wordpress.com\/2015\/03\/24\/200-mind%C9%99n-cox-valideyin-18-ay-%C9%99rzind%C9%99-cagiris-sisteminin-%C9%99sirin%C9%99-cevrilir\/\"><br \/>\n    <a href=\"https:\/\/caspiandefense.wordpress.com\/2015\/03\/24\/200-mind%C9%99n-cox-valideyin-18-ay-%C9%99rzind%C9%99-cagiris-sisteminin-%C9%99sirin%C9%99-cevrilir\/\">\u201c200 mind\u0259n \u00e7ox valideyn 18 ay \u0259rzind\u0259 \u00e7a\u011f\u0131r\u0131\u015f sisteminin \u0259sirin\u0259&nbsp;\u00e7evrilir\u201d<\/a><br \/>\n  <\/a><br \/>\n  ).\n<\/p>\n<p>\n  Ya\u015far C\u0259f\u0259rli ordudak\u0131 insan haqlar\u0131 il\u0259 ba\u011fl\u0131 probleml\u0259rin \u0259sas s\u0259b\u0259bl\u0259rind\u0259n dan\u0131\u015f\u0131b: \u201cH\u0259min siyas\u0259tin n\u0259tic\u0259sidir ki, ictimai \u015f\u00fcurda h\u0259rbi xidm\u0259t h\u0259yat \u00fc\u00e7\u00fcn t\u0259hl\u00fck\u0259 m\u0259nb\u0259yi, Silahl\u0131 Q\u00fcvv\u0259l\u0259r ucuz v\u0259 m\u0259nas\u0131z \u00f6l\u00fcm m\u0259kan\u0131na \u00e7evrilib. \u018fm\u0259k birjas\u0131nda r\u0259qab\u0259t\u0259 d\u00f6z\u00fcml\u00fcl\u00fck bax\u0131m\u0131ndan bir \u00e7ox pe\u015f\u0259l\u0259rd\u0259n geri qalan zabit pe\u015f\u0259si is\u0259 g\u0259ncl\u0259r aras\u0131nda he\u00e7 d\u0259 populyar deyil\u201d.\n<\/p>\n<p>\n  H\u0259rbi ekspert deyib ki, m\u00f6vcud iqtidar\u0131n hakimiyy\u0259ti d\u00f6vr\u00fcnd\u0259 c\u0259miyy\u0259tin \u00f6l\u00fcm hallar\u0131n\u0131n say\u0131n\u0131n azalmas\u0131na \u00fcmid etm\u0259si \u0259b\u0259sdir: \u201cS\u0259b\u0259b \u00e7ox sad\u0259dir. Bildiyimiz kimi, itkil\u0259r iki hiss\u0259y\u0259 b\u00f6l\u00fcn\u00fcr: d\u00f6y\u00fc\u015f v\u0259 qeyri-d\u00f6y\u00fc\u015f itkil\u0259ri. D\u00f6y\u00fc\u015f itkil\u0259rinin \u0259sas s\u0259b\u0259bini siyasi hakimiyy\u0259tin m\u00fcnaqi\u015f\u0259 v\u0259ziyy\u0259tind\u0259n maksimum d\u0259r\u0259c\u0259d\u0259 yararlanmaq arzusunda axtarmaq laz\u0131md\u0131r. Bir t\u0259r\u0259fd\u0259n hakimiyy\u0259t \u0259halini m\u00fcharib\u0259 qorxusu alt\u0131nda saxlamaq \u00fc\u00e7\u00fcn at\u0259\u015fk\u0259s rejimin\u0259 riay\u0259t etm\u0259kd\u0259 maraql\u0131 deyil. \u00c7\u00fcnki bu h\u00f6kum\u0259t\u0259 \u0259ks\u0259riyy\u0259ti \u00f6z\u00fcn\u0259 tabe v\u0259ziyy\u0259td\u0259 saxlama\u011fa, rahatl\u0131qla \u00f6z ist\u0259yin\u0259 uy\u011fun idar\u0259 etm\u0259y\u0259 k\u00f6m\u0259k edir. \u0130kinci t\u0259r\u0259fd\u0259n, \u00f6lk\u0259d\u0259 ictimai-siyasi prosesl\u0259r iqtidar\u0131n arzulamad\u0131\u011f\u0131 istiqam\u0259td\u0259 inki\u015faf ed\u0259nd\u0259 diqq\u0259ti \u0259sas m\u0259s\u0259l\u0259l\u0259rd\u0259n yay\u0131nd\u0131rmaq \u00fc\u00e7\u00fcn c\u0259bh\u0259 b\u00f6lg\u0259sind\u0259 s\u00fcni qar\u015f\u0131durma yarad\u0131l\u0131r. Bir \u00e7ox hallarda at\u0259\u015fk\u0259sin pozulmas\u0131 ordumuza d\u00f6y\u00fc\u015f itkil\u0259r verm\u0259kl\u0259 baha ba\u015fa g\u0259lir. T\u0259bii ki, burada itkil\u0259r\u0259 g\u00f6r\u0259 m\u0259suliyy\u0259t birba\u015fa siyasi r\u0259hb\u0259rliyin \u00fcz\u0259rin\u0259 d\u00fc\u015f\u00fcr. Do\u011frudur, M\u00fcdafi\u0259 Nazirliyinin r\u0259hb\u0259rliyi, ordu generallar\u0131 h\u0259rbi nizamnam\u0259l\u0259rin t\u0259l\u0259bl\u0259rin\u0259 \u0259sas\u0259n tabe\u00e7ilikd\u0259 olan \u015f\u0259xsi hey\u0259tin h\u0259yat v\u0259 sa\u011flaml\u0131\u011f\u0131na m\u0259suliyy\u0259t da\u015f\u0131yan \u015f\u0259xsl\u0259r olaraq qanunlar\u0131n verdiyi imkanlar \u00e7\u0259r\u00e7iv\u0259sind\u0259 siyasi r\u0259hb\u0259rliyi m\u0259nas\u0131z yer\u0259 qan ax\u0131d\u0131lmas\u0131ndan \u00e7\u0259kindirm\u0259y\u0259 s\u00f6vq ed\u0259 bil\u0259rl\u0259r. Amma h\u0259rbi komandanl\u0131q v\u0259 generalitet bel\u0259 q\u0259tiyy\u0259tli add\u0131mlar atma\u011fa \u00f6z\u00fcnd\u0259 g\u00fcc tapm\u0131r v\u0259 ya b\u0259lli s\u0259b\u0259bl\u0259rd\u0259n buna ehtiyac duymur\u201d.\n<\/p>\n<p>\n  Ya\u015far C\u0259f\u0259rli m\u00fcsahib\u0259sind\u0259 daha sonra h\u0259rbi xidm\u0259t\u0259 \u00e7a\u011f\u0131r\u0131\u015f sistemind\u0259ki probleml\u0259r\u0259 d\u0259 toxunub: \u201c\u0130tkil\u0259rin say\u0131n\u0131n azalmamas\u0131na t\u0259sir ed\u0259n amill\u0259rd\u0259n biri d\u0259 c\u0259miyy\u0259tin m\u00fcqavim\u0259tsizliyidir.\u00a0 Orduda ba\u015f ver\u0259n \u00f6l\u00fcm hadis\u0259l\u0259ri \u201c\u015f\u00fckranl\u0131q\u201d f\u0259ls\u0259f\u0259sinin h\u00f6km\u00fcn\u0259 ita\u0259t ed\u0259n toplumu \u201cdaha \u00e7\u0259tin s\u0131naqlara d\u00fc\u00e7ar olmamaq\u201d \u00fc\u00e7\u00fcn susma\u011f\u0131n \u0259n yax\u015f\u0131 \u00e7\u0131x\u0131\u015f yolu oldu\u011funa inanma\u011fa s\u00f6vq edir. Siyasi hakimiyy\u0259t xalq\u0131m\u0131z\u0131n bu f\u0259ls\u0259fi m\u00fcqavim\u0259tsizliyind\u0259n d\u0259 laz\u0131m\u0131nca yararlan\u0131r. \u018flb\u0259tt\u0259 ki, \u00f6vladlar\u0131 \u00f6l\u00fcm t\u0259hl\u00fck\u0259si alt\u0131nda olan 200 mind\u0259n \u00e7ox az\u0259rbaycanl\u0131 valideyin 18 ay \u0259rzind\u0259 \u00e7a\u011f\u0131r\u0131\u015f sisteminin \u0259sirin\u0259 \u00e7evrilir. \u00d6vladsev\u0259r xalq\u0131m\u0131z \u0259sg\u0259rlikd\u0259n, \u00f6l\u00fcm\u00fcn cayna\u011f\u0131ndan qay\u0131tm\u0131\u015f o\u011fullar\u0131n\u0131 h\u0259l\u0259 bir m\u00fcdd\u0259t d\u0259 \u0259zizl\u0259m\u0259kd\u0259 davam edir, onlar\u0131 \u201cna\u015f\u00fck\u00fcr\u201d olmama\u011fa \u00e7a\u011f\u0131r\u0131r, yerl\u0259rind\u0259 sakit oturma\u011f\u0131 m\u0259sl\u0259h\u0259t g\u00f6r\u00fcr\u201d.\n<\/p>\n<p>\n  H\u0259rbi ekspert ordudak\u0131 r\u00fc\u015fv\u0259t v\u0259 korrupsiya hallar\u0131na da toxunub: \u201cM\u0259nim m\u0259lumatlar\u0131ma g\u00f6r\u0259, a\u015fa\u011f\u0131 t\u0259b\u0259q\u0259l\u0259rd\u0259 m\u00fc\u0259yy\u0259n ir\u0259lil\u0259yi\u015fl\u0259r var. Yuxar\u0131larda is\u0259 ciddi d\u0259yi\u015fiklikl\u0259r m\u00fc\u015fahid\u0259 olunmur. B\u00fct\u00fcn dig\u0259r sah\u0259l\u0259r kimi Silahl\u0131 Q\u00fcvv\u0259l\u0259r d\u0259 hakimiyy\u0259tin insihar\u0131ndad\u0131r. H\u0259rbi b\u00fcdc\u0259 \u00f6lk\u0259ni idar\u0259ed\u0259nl\u0259rin birba\u015fa n\u0259zar\u0259tind\u0259dir. \u018fsas korrupsiya prosesl\u0259ri d\u0259 orada ba\u015f verir. O sah\u0259y\u0259 d\u0259 xalq n\u0259zar\u0259t ed\u0259 bilmir. Hesabatl\u0131q is\u0259 ya yoxdur, ya da ki, h\u0259qiq\u0259ti \u0259ks etdirmir. M\u0259s\u0259l\u0259n, 2015-ci il \u00fc\u00e7\u00fcn Az\u0259rbaycan\u0131n m\u00fcdafi\u0259 x\u0259rcl\u0259ri 4,2 milyard dollardan \u00e7oxdur.\u00a0 Qon\u015fu \u0130randa eyni m\u0259qs\u0259dl\u0259r \u00fc\u00e7\u00fcn 2015-ci ild\u0259 6,3 milyard dollar ayr\u0131l\u0131b. G\u00f6r\u00fcnd\u00fcy\u00fc kimi, r\u0259q\u0259ml\u0259r aras\u0131nda f\u0259rq b\u00f6y\u00fck deyil. B\u0259s g\u00f6r\u0259s\u0259n, \u00f6lk\u0259mizin m\u00fcdafi\u0259 q\u00fcdr\u0259ti d\u0259 b\u00fct\u00fcn d\u00fcnyaya meydan oxuyan, AB\u015e, NATO qar\u015f\u0131s\u0131ndan geri \u00e7\u0259kilm\u0259y\u0259n \u0130ran\u0131n m\u00fcdafi\u0259 q\u00fcdr\u0259tin\u0259 yax\u0131nd\u0131r? M\u0259nc\u0259, ham\u0131n\u0131 d\u00fc\u015f\u00fcnd\u00fcr\u0259n ba\u015fqa bir maraql\u0131 sual da var: \u201cH\u0259rbi b\u00fcdc\u0259 pullar\u0131 hara v\u0259 nec\u0259 x\u0259rcl\u0259nir?\u201d Cavab\u0131 kimd\u0259n alaq?\u201d\n<\/p>\n<p>\n  \u201cM\u0259n Az\u0259rbaycan\u0131n g\u0259l\u0259c\u0259k perspektivini NATO-ya \u00fczvl\u00fckd\u0259 g\u00f6r\u00fcr\u0259m. \u0130ndiki m\u0259rh\u0259l\u0259d\u0259, bu, real g\u00f6r\u00fcn\u00fcm\u00fcr. \u00c7\u00fcnki Az\u0259rbaycan iqtidar\u0131 bu m\u0259s\u0259l\u0259d\u0259 d\u0259 siyas\u0259ti \u00f6z arzusuna uy\u011fun qurub. Haz\u0131rda, gurultulu b\u0259yanatlara baxmayaraq, Az\u0259rbaycanla NATO aras\u0131nda m\u00fcnasib\u0259tl\u0259r v\u0259 \u00f6lk\u0259mizin bu quruma \u00fczv d\u00f6vl\u0259tl\u0259rl\u0259 \u0259m\u0259kda\u015fl\u0131\u011f\u0131 yaln\u0131z imitasiya xarakteri da\u015f\u0131y\u0131r.\u00a0 H\u00f6kum\u0259t d\u0259yi\u015fiklik etm\u0259k arzusunda deyil. Ona g\u00f6r\u0259 d\u0259 hans\u0131sa t\u0259klifl\u0259r verm\u0259yin, fikirl\u0259r y\u00fcr\u00fctm\u0259yin he\u00e7 bir m\u0259nas\u0131 yoxdur\u201d \u2013 dey\u0259 Ya\u015far C\u0259f\u0259rli \u0259lav\u0259 edib.\n<\/p>\n<p>\n  Onu fikrinc\u0259, hakimiyy\u0259t d\u0259yi\u015fikliyi ba\u015f verm\u0259yinc\u0259, Az\u0259rbaycan xalq\u0131 ordu quruculu\u011fu sah\u0259sind\u0259 k\u00f6kl\u00fc islahatlar\u0131n \u015fahidi ola bilm\u0259y\u0259c\u0259k.<\/p>\n","protected":false},"excerpt":{"rendered":"<p>\u201cAz\u0259rbaycanla NATO aras\u0131nda m\u00fcnasib\u0259tl\u0259r imitasiya xarakteri da\u015f\u0131y\u0131r\u201d<\/p>\n","protected":false},"author":11,"featured_media":21855,"comment_status":"closed","ping_status":"open","sticky":false,"template":"","format":"standard","meta":{"_acf_changed":false,"_sitemap_exclude":false,"_sitemap_priority":"","_sitemap_frequency":"","footnotes":""},"categories":[56],"tags":[],"class_list":["post-167347","post","type-post","status-publish","format-standard","has-post-thumbnail","hentry","category-xeberler","infinite-scroll-item","generate-columns","tablet-grid-50","mobile-grid-100","grid-parent","grid-33","no-featured-image-padding"],"acf":[],"yoast_head":"<!-- This site is optimized with the Yoast SEO plugin v28.4 - https:\/\/yoast.com\/product\/yoast-seo-wordpress\/ -->\n<title>Ya\u015far C\u0259f\u0259rli: \u201c200 mind\u0259n \u00e7ox valideyn \u00e7a\u011f\u0131r\u0131\u015f sisteminin \u0259sirin\u0259 \u00e7evrilir\u201d - MEYDAN.TV<\/title>\n<meta name=\"robots\" content=\"index, follow, max-snippet:-1, max-image-preview:large, max-video-preview:-1\" \/>\n<link rel=\"canonical\" href=\"https:\/\/www.meydan.tv\/az\/article\/yasar-ceferli-200-minden-cox-valideyn-cagiris-sisteminin-esirine-cevrilir\/\" \/>\n<meta property=\"og:locale\" content=\"az_AZ\" \/>\n<meta property=\"og:type\" content=\"article\" \/>\n<meta property=\"og:title\" content=\"Ya\u015far C\u0259f\u0259rli: \u201c200 mind\u0259n \u00e7ox valideyn \u00e7a\u011f\u0131r\u0131\u015f sisteminin \u0259sirin\u0259 \u00e7evrilir\u201d - MEYDAN.TV\" \/>\n<meta property=\"og:description\" content=\"\u201cAz\u0259rbaycanla NATO aras\u0131nda m\u00fcnasib\u0259tl\u0259r imitasiya xarakteri da\u015f\u0131y\u0131r\u201d\" \/>\n<meta property=\"og:url\" content=\"https:\/\/www.meydan.tv\/az\/article\/yasar-ceferli-200-minden-cox-valideyn-cagiris-sisteminin-esirine-cevrilir\/\" \/>\n<meta property=\"og:site_name\" content=\"MEYDAN.TV\" \/>\n<meta property=\"article:published_time\" content=\"2015-03-25T14:22:04+00:00\" \/>\n<meta property=\"og:image\" content=\"https:\/\/www.meydan.tv\/wp-content\/uploads\/7912.jpg\" \/>\n\t<meta property=\"og:image:width\" content=\"683\" \/>\n\t<meta property=\"og:image:height\" content=\"455\" \/>\n\t<meta property=\"og:image:type\" content=\"image\/jpeg\" \/>\n<meta name=\"twitter:card\" content=\"summary_large_image\" \/>\n<!-- \/ Yoast SEO plugin. -->","yoast_head_json":{"title":"Ya\u015far C\u0259f\u0259rli: \u201c200 mind\u0259n \u00e7ox valideyn \u00e7a\u011f\u0131r\u0131\u015f sisteminin \u0259sirin\u0259 \u00e7evrilir\u201d - MEYDAN.TV","robots":{"index":"index","follow":"follow","max-snippet":"max-snippet:-1","max-image-preview":"max-image-preview:large","max-video-preview":"max-video-preview:-1"},"canonical":"https:\/\/www.meydan.tv\/az\/article\/yasar-ceferli-200-minden-cox-valideyn-cagiris-sisteminin-esirine-cevrilir\/","og_locale":"az_AZ","og_type":"article","og_title":"Ya\u015far C\u0259f\u0259rli: \u201c200 mind\u0259n \u00e7ox valideyn \u00e7a\u011f\u0131r\u0131\u015f sisteminin \u0259sirin\u0259 \u00e7evrilir\u201d - MEYDAN.TV","og_description":"\u201cAz\u0259rbaycanla NATO aras\u0131nda m\u00fcnasib\u0259tl\u0259r imitasiya xarakteri da\u015f\u0131y\u0131r\u201d","og_url":"https:\/\/www.meydan.tv\/az\/article\/yasar-ceferli-200-minden-cox-valideyn-cagiris-sisteminin-esirine-cevrilir\/","og_site_name":"MEYDAN.TV","article_published_time":"2015-03-25T14:22:04+00:00","og_image":[{"width":683,"height":455,"url":"https:\/\/www.meydan.tv\/wp-content\/uploads\/7912.jpg","type":"image\/jpeg"}],"twitter_card":"summary_large_image","schema":{"@context":"https:\/\/schema.org","@graph":[{"@type":"Article","@id":"https:\/\/www.meydan.tv\/az\/article\/yasar-ceferli-200-minden-cox-valideyn-cagiris-sisteminin-esirine-cevrilir\/#article","isPartOf":{"@id":"https:\/\/www.meydan.tv\/az\/article\/yasar-ceferli-200-minden-cox-valideyn-cagiris-sisteminin-esirine-cevrilir\/"},"author":{"name":"user-manager","@id":"https:\/\/www.meydan.tv\/az\/#\/schema\/person\/10d11eccf6da3662cf5fdab9806ea91a"},"headline":"Ya\u015far C\u0259f\u0259rli: \u201c200 mind\u0259n \u00e7ox valideyn \u00e7a\u011f\u0131r\u0131\u015f sisteminin \u0259sirin\u0259 \u00e7evrilir\u201d","datePublished":"2015-03-25T14:22:04+00:00","mainEntityOfPage":{"@id":"https:\/\/www.meydan.tv\/az\/article\/yasar-ceferli-200-minden-cox-valideyn-cagiris-sisteminin-esirine-cevrilir\/"},"wordCount":1178,"publisher":{"@id":"https:\/\/www.meydan.tv\/az\/#organization"},"image":{"@id":"https:\/\/www.meydan.tv\/az\/article\/yasar-ceferli-200-minden-cox-valideyn-cagiris-sisteminin-esirine-cevrilir\/#primaryimage"},"thumbnailUrl":"https:\/\/www.meydan.tv\/wp-content\/uploads\/7912.jpg","articleSection":["X\u0259b\u0259rl\u0259r"],"inLanguage":"az"},{"@type":"WebPage","@id":"https:\/\/www.meydan.tv\/az\/article\/yasar-ceferli-200-minden-cox-valideyn-cagiris-sisteminin-esirine-cevrilir\/","url":"https:\/\/www.meydan.tv\/az\/article\/yasar-ceferli-200-minden-cox-valideyn-cagiris-sisteminin-esirine-cevrilir\/","name":"Ya\u015far C\u0259f\u0259rli: \u201c200 mind\u0259n \u00e7ox valideyn \u00e7a\u011f\u0131r\u0131\u015f sisteminin \u0259sirin\u0259 \u00e7evrilir\u201d - MEYDAN.TV","isPartOf":{"@id":"https:\/\/www.meydan.tv\/az\/#website"},"primaryImageOfPage":{"@id":"https:\/\/www.meydan.tv\/az\/article\/yasar-ceferli-200-minden-cox-valideyn-cagiris-sisteminin-esirine-cevrilir\/#primaryimage"},"image":{"@id":"https:\/\/www.meydan.tv\/az\/article\/yasar-ceferli-200-minden-cox-valideyn-cagiris-sisteminin-esirine-cevrilir\/#primaryimage"},"thumbnailUrl":"https:\/\/www.meydan.tv\/wp-content\/uploads\/7912.jpg","datePublished":"2015-03-25T14:22:04+00:00","breadcrumb":{"@id":"https:\/\/www.meydan.tv\/az\/article\/yasar-ceferli-200-minden-cox-valideyn-cagiris-sisteminin-esirine-cevrilir\/#breadcrumb"},"inLanguage":"az","potentialAction":[{"@type":"ReadAction","target":["https:\/\/www.meydan.tv\/az\/article\/yasar-ceferli-200-minden-cox-valideyn-cagiris-sisteminin-esirine-cevrilir\/"]}]},{"@type":"ImageObject","inLanguage":"az","@id":"https:\/\/www.meydan.tv\/az\/article\/yasar-ceferli-200-minden-cox-valideyn-cagiris-sisteminin-esirine-cevrilir\/#primaryimage","url":"https:\/\/www.meydan.tv\/wp-content\/uploads\/7912.jpg","contentUrl":"https:\/\/www.meydan.tv\/wp-content\/uploads\/7912.jpg","width":683,"height":455,"caption":"Source:"},{"@type":"BreadcrumbList","@id":"https:\/\/www.meydan.tv\/az\/article\/yasar-ceferli-200-minden-cox-valideyn-cagiris-sisteminin-esirine-cevrilir\/#breadcrumb","itemListElement":[{"@type":"ListItem","position":1,"name":"Ana s\u0259hif\u0259","item":"https:\/\/www.meydan.tv\/az\/"},{"@type":"ListItem","position":2,"name":"X\u0259b\u0259rl\u0259r","item":"https:\/\/www.meydan.tv\/az\/section\/xeberler\/"},{"@type":"ListItem","position":3,"name":"Ya\u015far C\u0259f\u0259rli: \u201c200 mind\u0259n \u00e7ox valideyn \u00e7a\u011f\u0131r\u0131\u015f sisteminin \u0259sirin\u0259 \u00e7evrilir\u201d"}]},{"@type":"WebSite","@id":"https:\/\/www.meydan.tv\/az\/#website","url":"https:\/\/www.meydan.tv\/az\/","name":"MEYDAN.TV","description":"Meydan TV Az\u0259rbaycan\u0131n media m\u0259kan\u0131ndak\u0131 alternativ s\u0259sidir","publisher":{"@id":"https:\/\/www.meydan.tv\/az\/#organization"},"potentialAction":[{"@type":"SearchAction","target":{"@type":"EntryPoint","urlTemplate":"https:\/\/www.meydan.tv\/az\/?s={search_term_string}"},"query-input":{"@type":"PropertyValueSpecification","valueRequired":true,"valueName":"search_term_string"}}],"inLanguage":"az"},{"@type":"Organization","@id":"https:\/\/www.meydan.tv\/az\/#organization","name":"Meydan TV","url":"https:\/\/www.meydan.tv\/az\/","logo":{"@type":"ImageObject","inLanguage":"az","@id":"https:\/\/www.meydan.tv\/az\/#\/schema\/logo\/image\/","url":"https:\/\/www.meydan.tv\/wp-content\/uploads\/2021\/07\/meydan-logo.svg","contentUrl":"https:\/\/www.meydan.tv\/wp-content\/uploads\/2021\/07\/meydan-logo.svg","width":195,"height":46,"caption":"Meydan TV"},"image":{"@id":"https:\/\/www.meydan.tv\/az\/#\/schema\/logo\/image\/"}},{"@type":"Person","@id":"https:\/\/www.meydan.tv\/az\/#\/schema\/person\/10d11eccf6da3662cf5fdab9806ea91a","name":"user-manager"}]}},"_links":{"self":[{"href":"https:\/\/www.meydan.tv\/az\/wp-json\/wp\/v2\/posts\/167347","targetHints":{"allow":["GET"]}}],"collection":[{"href":"https:\/\/www.meydan.tv\/az\/wp-json\/wp\/v2\/posts"}],"about":[{"href":"https:\/\/www.meydan.tv\/az\/wp-json\/wp\/v2\/types\/post"}],"author":[{"embeddable":true,"href":"https:\/\/www.meydan.tv\/az\/wp-json\/wp\/v2\/users\/11"}],"replies":[{"embeddable":true,"href":"https:\/\/www.meydan.tv\/az\/wp-json\/wp\/v2\/comments?post=167347"}],"version-history":[{"count":0,"href":"https:\/\/www.meydan.tv\/az\/wp-json\/wp\/v2\/posts\/167347\/revisions"}],"wp:featuredmedia":[{"embeddable":true,"href":"https:\/\/www.meydan.tv\/az\/wp-json\/wp\/v2\/media\/21855"}],"wp:attachment":[{"href":"https:\/\/www.meydan.tv\/az\/wp-json\/wp\/v2\/media?parent=167347"}],"wp:term":[{"taxonomy":"category","embeddable":true,"href":"https:\/\/www.meydan.tv\/az\/wp-json\/wp\/v2\/categories?post=167347"},{"taxonomy":"post_tag","embeddable":true,"href":"https:\/\/www.meydan.tv\/az\/wp-json\/wp\/v2\/tags?post=167347"}],"curies":[{"name":"wp","href":"https:\/\/api.w.org\/{rel}","templated":true}]}}