{"id":167344,"date":"2015-03-24T21:13:05","date_gmt":"2015-03-24T21:13:05","guid":{"rendered":"https:\/\/www.meydan.tv\/article\/kendimizde-bir-musavatci-var\/"},"modified":"2015-03-24T21:13:05","modified_gmt":"2015-03-24T21:13:05","slug":"kendimizde-bir-musavatci-var","status":"publish","type":"post","link":"https:\/\/www.meydan.tv\/az\/article\/kendimizde-bir-musavatci-var\/","title":{"rendered":"K\u0259ndimizd\u0259 bir m\u00fcsavat\u00e7\u0131 var"},"content":{"rendered":"<figure class=\"wp-block-image size-large\">\n  <img decoding=\"async\" src=\"https:\/\/www.meydan.tv\/az\/21837\/\" alt=\"\" class=\"wp-image-21837\"\/><figcaption><\/figcaption><\/figure>\n<figure class=\"wp-block-image size-large\">\n  <img decoding=\"async\" src=\"https:\/\/www.meydan.tv\/az\/21840\/\" alt=\"\" class=\"wp-image-21840\"\/><figcaption><\/figcaption><\/figure>\n<p>\n  Bizim \u201crayon m\u00fcxalif\u0259t\u00e7il\u0259ri\u201d dey\u0259 bir anlay\u0131\u015f\u0131m\u0131z var. Bu ad alt\u0131nda hans\u0131 f\u0259dakarl\u0131qlar, prinsipiall\u0131q, q\u0259hr\u0259manl\u0131qlar var, bunu ham\u0131m\u0131z bilmirik. Dem\u0259li, rayonlarda v\u0259ziyy\u0259tin n\u0259 q\u0259d\u0259r a\u011f\u0131r oldu\u011funu bilirik. M\u00fcxalif siyasi f\u0259aliyy\u0259tl\u0259 m\u0259\u015f\u011ful olmaq, dem\u0259k olar ki, m\u00fcmk\u00fcns\u00fcz hala g\u0259tirilib. Amma davam ed\u0259nl\u0259r var. 27 ildir, m\u00fcbariz\u0259 aparanlar var. T\u0259s\u0259vv\u00fcr etm\u0259k bel\u0259 \u00e7\u0259tindir. Bu m\u00fcdd\u0259td\u0259 minl\u0259rl\u0259 adam sat\u0131l\u0131b. Amma sat\u0131lmaz insanlar var.\n<\/p>\n<p>\n  Bizim k\u0259ndd\u0259 bir m\u00fcsavat\u00e7\u0131 var \u2013 Kamran m\u00fc\u0259llim. M\u00fc\u0259llim oldu\u011funa g\u00f6r\u0259 bel\u0259 d\u0259 deyirl\u0259r, amma \u00e7ox vaxt sad\u0259c\u0259 \u201cb\u0259y\u201d deyirl\u0259r. O k\u0259ndd\u0259, dey\u0259s\u0259n, qon\u015fu k\u0259ndl\u0259rd\u0259 d\u0259 yegan\u0259 m\u00fcxalif\u0259t\u00e7i odur. Ona guya zarafatla, ya da h\u00f6rm\u0259tl\u0259 \u201cb\u0259y\u201d dey\u0259nl\u0259r hiss el\u0259mirl\u0259r ki, o k\u0259ndl\u0259rd\u0259 yegan\u0259 \u201cb\u0259y\u201d ad\u0131na layiq adam odur. M\u0259nim h\u0259r iki h\u0259bsimd\u0259 narahatl\u0131\u011f\u0131n\u0131 b\u00f6l\u00fc\u015f\u00fcb. Ged\u0259nd\u0259 d\u0259 g\u00f6r\u00fc\u015fd\u00fcm Kamran b\u0259yl\u0259. Q\u0131sa s\u00f6hb\u0259timiz oldu, amma \u201cba\u015f\u0131n\u0131 sal a\u015fa\u011f\u0131\u201d dey\u0259n k\u0259ndlil\u0259rin aras\u0131nda ada kimi h\u0259ms\u00f6hb\u0259t g\u00f6rd\u00fcm o s\u00f6hb\u0259td\u0259.\n<\/p>\n<p>\n  Rayon m\u00fcxalif\u0259t\u00e7il\u0259rin\u0259 ad\u0259t\u0259n la\u011f edirl\u0259r, onlar\u0131 donkixotluqda q\u0131nay\u0131rlar, h\u0259qiq\u0259ti ba\u015fa d\u00fc\u015fm\u0259m\u0259kd\u0259, ya\u015faya bilm\u0259m\u0259kd\u0259 g\u00fcnahland\u0131r\u0131rlar. Guya ba\u015f\u0131n\u0131 a\u015fa\u011f\u0131 sal\u0131b, otlayanlar ya\u015fama\u011f\u0131n \u00e7\u0259mini tapa bilibl\u0259r, amma h\u0259r k\u0259ndd\u0259, ad\u0259t\u0259n, 1 n\u0259f\u0259r olan bu m\u00fcxalif\u0259t\u00e7i reall\u0131q hissini itirib. Rayon m\u00fcxalif\u0259t\u00e7isi is\u0259 bunlara d\u00f6z\u00fcr, h\u0259r k\u0259sl\u0259 s\u0259mimi m\u00fcbahis\u0259y\u0259 giri\u015fir. H\u0259qiq\u0259t o q\u0259d\u0259r onun t\u0259r\u0259find\u0259dir ki, h\u0259r m\u00fcbahis\u0259d\u0259 \u201c\u0259\u0259, yax\u015f\u0131. N\u0259 is\u0259. G\u00f6r\u00fcr\u00fck d\u0259 neyn\u0259y\u0259 bilirsiz\u201d s\u00f6zl\u0259ri il\u0259 qar\u015f\u0131 t\u0259r\u0259f \u00e7\u0131x\u0131b gedir. H\u0259r se\u00e7kid\u0259 \u00f6z partiyas\u0131ndan namiz\u0259di t\u0259bli\u011f edir \u2013 o k\u0259ndd\u0259 yegan\u0259 t\u0259bli\u011fat\u00e7\u0131 olsa da. Se\u00e7ki komissiyas\u0131nda h\u0259mk\u0259ndlil\u0259ri il\u0259 \u00fcz-g\u00f6z olur, amma \u0259dal\u0259tin yan\u0131nda olmaqdan \u0259l \u00e7\u0259kmir.\n<\/p>\n<p>\n  Rayon m\u00fcxalif\u0259t\u00e7isi kas\u0131b ya\u015fay\u0131r, Bak\u0131 il\u0259 \u0259laq\u0259si ad\u0259t\u0259n yaln\u0131z q\u0259zetl\u0259r vasit\u0259sil\u0259 olur, bir d\u0259 partiya s\u0259dri rayona g\u0259l\u0259nd\u0259 \u00e7\u0131x\u0131r g\u00f6r\u00fc\u015f\u00fcn\u0259. Hakimiyy\u0259t orqanlar\u0131ndan kims\u0259 ona ili\u015fm\u0259z, ta ki yuxar\u0131dan sifari\u015f g\u0259lm\u0259y\u0259. Qanunla ya\u015fay\u0131r, ona g\u00f6r\u0259 d\u0259 ona m\u00fcnasib\u0259td\u0259 qanunlar az-\u00e7ox i\u015fl\u0259yir.\n<\/p>\n<p>\n  Bu q\u0259d\u0259r la\u011fla\u011f\u0131, donkixotluq eyhamlar\u0131na baxmayaraq, onun el\u0259 n\u00f6v h\u00f6rm\u0259ti var ki, k\u0259ndd\u0259 ba\u015fqa he\u00e7 kimd\u0259 yoxdur. H\u0259r k\u0259s anlay\u0131r ki, bu adam onlar\u0131n ed\u0259 bilm\u0259diyini edir. C\u0259sar\u0259tl\u0259ri \u00e7atmayan i\u015fi g\u00f6r\u00fcr. \u018fsas m\u0259s\u0259l\u0259 he\u00e7 g\u00f6r\u00fcl\u0259n i\u015fd\u0259 d\u0259 deyil. \u0130nsanlar etiraf etm\u0259s\u0259l\u0259r d\u0259, bilirl\u0259r ki, rayon m\u00fcxalif\u0259t\u00e7isi onlar\u0131n \u00fcmid etm\u0259y\u0259 c\u0259sar\u0259t etm\u0259dikl\u0259rin\u0259 \u00fcmid b\u0259sl\u0259yirl\u0259r. \u0130dealistdirl\u0259r, qar\u0131n u\u011frunda \u00e7ox \u015feyini satan v\u0259 ya sata bil\u0259n adamlar\u0131n aras\u0131nda ideayalarla ya\u015fayan nadir adamlard\u0131rlar, amma q\u0259l\u0259b\u0259y\u0259 o q\u0259d\u0259r inan\u0131rlar ki, t\u0259k bir \u00fcmidl\u0259 27 il m\u00fcbariz\u0259 apar\u0131rlar.\n<\/p>\n<p>\n  H\u0259m d\u0259 bu 27 il \u0259rzind\u0259 bir d\u0259f\u0259 d\u0259 zorak\u0131l\u0131\u011fa, dincliy\u0259 t\u0259hl\u00fck\u0259 yaradan vasit\u0259l\u0259r\u0259 m\u00fcraci\u0259t etm\u0259yibl\u0259r. Onlar\u0131 t\u0259hqir d\u0259 edibl\u0259r, d\u00f6y\u00fcbl\u0259r d\u0259, i\u015fd\u0259n d\u0259 qovublar, qohumlar\u0131n\u0131 da c\u0259zaland\u0131r\u0131blar, onlara la\u011f da edibl\u0259r, amma onlar bunun \u0259v\u0259zind\u0259 h\u0259mi\u015f\u0259 dinc, sivil, h\u00fcquqi \u00fcsullarla m\u00fcbariz\u0259 apar\u0131blar. N\u0259tic\u0259si olsa da, olmasa da, zorak\u0131l\u0131q etm\u0259yibl\u0259r. M\u00fcqayis\u0259 \u00fc\u00e7\u00fcn deyim ki, h\u0259tta Nelson Mandela da qaralar\u0131n terror\u00e7u d\u0259st\u0259sini bir m\u00fcdd\u0259t d\u0259st\u0259kl\u0259yib.\n<\/p>\n<p>\n  M\u0259n ba\u015fqa \u00f6lk\u0259l\u0259rd\u0259 uzun m\u00fcdd\u0259t m\u00fcbariz\u0259 aparan adamlar haqq\u0131nda oxumu\u015fam, Birmada, CAR-da, Lat\u0131n Amerikas\u0131nda v\u0259 s.. Amma bizim rayon m\u00fcxalif\u0259t\u00e7il\u0259ri kimi inaml\u0131, \u00fcmidli insanlar haqq\u0131nda oxumam\u0131\u015fam. Onlar \u00f6z k\u0259ndind\u0259, \u015f\u0259h\u0259rind\u0259 f\u0259rdi q\u0259hr\u0259manl\u0131q n\u00fcmun\u0259si yarad\u0131rlar. Zaman-zaman \u00fcmidd\u0259n d\u00fc\u015f\u0259ni d\u0259 olur, inam\u0131n\u0131 itir\u0259ni d\u0259, lap sat\u0131lanlar da olub. Amma bizim rayon m\u00fcxalif\u0259t\u00e7il\u0259rimiz yen\u0259 var, onlar partiya f\u0259rqin\u0259 d\u0259 baxmadan m\u00fcbariz, s\u0131nmayan insanlar kimi h\u0259l\u0259 d\u0259 \u00f6z balaca, dar\u0131sqal, t\u0259mirsiz q\u0259rargahlar\u0131nda demokratik Az\u0259rbaycan\u0131 g\u00f6zl\u0259yirl\u0259r. 1-2 ilimiz h\u0259bsd\u0259 ke\u00e7\u0259nd\u0259, e\u015fitm\u0259diyimiz t\u0259rif qalm\u0131r, dem\u0259k olar ki. Amma \u00f6mr\u00fcn\u00fc, g\u0259ncliyini, h\u0259tta qocal\u0131\u011f\u0131n\u0131 bu i\u015f\u0259 s\u0259rf ed\u0259n, b\u00fct\u00fcn m\u0259hrumiyy\u0259tl\u0259r\u0259 d\u00f6z\u0259n adamlar var ki, \u00e7ox vaxt yada d\u00fc\u015fm\u00fcrl\u0259r. Aralar\u0131nda xeyli qocalar var, bilirl\u0259r ki, \u00f6l\u0259c\u0259kl\u0259r, ist\u0259dikl\u0259rini g\u00f6rm\u0259y\u0259c\u0259kl\u0259r, amma davam edirl\u0259r.\n<\/p>\n<p>\n  M\u0259n tutulandan sonra anama i\u015fl\u0259diyi m\u0259kt\u0259bd\u0259 t\u0259zyiq vard\u0131. Direktor ba\u015fqa m\u00fc\u0259lliml\u0259r\u0259 deyirdi ki, ona salam verm\u0259sinl\u0259r. Bunun n\u0259 q\u0259d\u0259r a\u011f\u0131r oldu\u011funu evd\u0259 dinl\u0259mi\u015f\u0259m. 27 il bu v\u0259 bundan a\u011f\u0131r t\u0259zyiq alt\u0131nda ya\u015fayan adamlar\u0131 d\u00fc\u015f\u00fcn\u0259nd\u0259 is\u0259 \u0259tim \u00fcrp\u0259\u015fir. V\u0259 bu a\u011f\u0131r m\u00fcbariz\u0259d\u0259 dinc m\u00fcbariz\u0259d\u0259n he\u00e7 vaxt imtina etm\u0259m\u0259k&#8230; art\u0131q \u0259t \u00fcrp\u0259\u015fm\u0259yinin \u00f6t\u0259sind\u0259 bir \u015feydir, bu.\n<\/p>\n<p>\n  Bildiyim\u0259 g\u00f6r\u0259, Nobel m\u00fckafat\u0131n\u0131 f\u0259rdi verirl\u0259r. T\u0259\u015fkilat da olsa, insan da olsa, 1 ilin m\u00fckafat\u0131 bir ne\u00e7\u0259 n\u0259f\u0259r\u0259 verils\u0259 d\u0259, k\u00fctl\u0259vi s\u0259ciyy\u0259 da\u015f\u0131m\u0131r. Amma m\u0259n rayon m\u00fcxalif\u0259t\u00e7il\u0259rimizin s\u0131nmayan, h\u0259yatlar\u0131 il\u0259 dinc m\u00fcbariz\u0259nin kitab\u0131n\u0131 yazan n\u00fcmay\u0259nd\u0259l\u0259rini s\u00fclh \u00fczr\u0259 Nobel m\u00fckafat\u0131na layiq hesab edir\u0259m. Bilmir\u0259m, bir t\u0259\u015fkilat yarad\u0131b onlar\u0131 ora \u00fczv edib namiz\u0259dliyini verm\u0259k laz\u0131md\u0131r, yoxsa nec\u0259, amma onlar buna layiqdirl\u0259r \u2013 Qorba\u00e7ovdan da, Obamadan da \u00e7ox layiqdirl\u0259r.\n<\/p>\n<p>\n  B\u0259xtiyar Hac\u0131yevin m\u0259hk\u0259m\u0259sind\u0259 i\u015ftirak etm\u0259k \u00fc\u00e7\u00fcn 2011-ci ild\u0259 G\u0259nc\u0259y\u0259 getmi\u015fdik. Orda, dey\u0259s\u0259n, \u00dcmid partiyas\u0131n\u0131n q\u0259rargah\u0131nda g\u00f6r\u00fc\u015fd\u00fck. AXCP, M\u00fcsavat t\u0259msil\u00e7il\u0259ri d\u0259 g\u0259lmi\u015fdi. Qocalm\u0131\u015f, vaxt\u0131ndan \u0259vv\u0259l sa\u00e7-saqqal\u0131 a\u011farm\u0131\u015f, b\u0259zil\u0259ri beli b\u00fck\u00fclm\u00fc\u015f, kas\u0131b, amma \u00fcr\u0259kl\u0259rind\u0259 he\u00e7 vaxt \u00f6lm\u0259y\u0259n \u00fcmid g\u00f6zl\u0259rin\u0259 yans\u0131yan insanlar yar\u0131qaranl\u0131q, balaca, t\u0259mirsiz ota\u011fa y\u0131\u011f\u0131ld\u0131lar. Biz is\u0259 \u0259ks\u0259riyy\u0259timiz g\u0259ncl\u0259r, dey\u0259-g\u00fcl\u0259 i\u015f\u0131q sa\u00e7\u0131rd\u0131q. Onlar biz\u0259 baxd\u0131lar, g\u00f6zl\u0259rind\u0259 he\u00e7 vaxt s\u00f6nm\u0259y\u0259n h\u0259min \u00fcmidl\u0259 g\u00fcl\u00fcms\u0259dil\u0259r. B\u0259zil\u0259rinin g\u00f6zl\u0259ri ya\u015fard\u0131. Biri k\u00f6vr\u0259k halda dedi ki, \u201cn\u0259 yax\u015f\u0131 sizin kimi g\u0259ncl\u0259r var. Biz bilmirdik bunu. El\u0259 bilirdik, davam etdir\u0259n yoxdur. Amma siz vars\u0131n\u0131z. Davam edir\u201d.<\/p>\n","protected":false},"excerpt":{"rendered":"<p>Nobel\u0259 layiq az\u0259rbaycanl\u0131lar v\u0259 ya 27 illik dinc m\u00fcbariz\u0259<\/p>\n","protected":false},"author":11,"featured_media":21837,"comment_status":"closed","ping_status":"open","sticky":false,"template":"","format":"standard","meta":{"_acf_changed":false,"_sitemap_exclude":false,"_sitemap_priority":"","_sitemap_frequency":"","footnotes":""},"categories":[57],"tags":[],"class_list":["post-167344","post","type-post","status-publish","format-standard","has-post-thumbnail","hentry","category-menim-fikrimce","infinite-scroll-item","generate-columns","tablet-grid-50","mobile-grid-100","grid-parent","grid-33","no-featured-image-padding"],"acf":[],"yoast_head":"<!-- This site is optimized with the Yoast SEO plugin v27.4 - https:\/\/yoast.com\/product\/yoast-seo-wordpress\/ -->\n<title>K\u0259ndimizd\u0259 bir m\u00fcsavat\u00e7\u0131 var - MEYDAN.TV<\/title>\n<meta name=\"robots\" content=\"index, follow, max-snippet:-1, max-image-preview:large, max-video-preview:-1\" \/>\n<link rel=\"canonical\" href=\"https:\/\/www.meydan.tv\/az\/article\/kendimizde-bir-musavatci-var\/\" \/>\n<meta property=\"og:locale\" content=\"az_AZ\" \/>\n<meta property=\"og:type\" content=\"article\" \/>\n<meta property=\"og:title\" content=\"K\u0259ndimizd\u0259 bir m\u00fcsavat\u00e7\u0131 var - MEYDAN.TV\" \/>\n<meta property=\"og:description\" content=\"Nobel\u0259 layiq az\u0259rbaycanl\u0131lar v\u0259 ya 27 illik dinc m\u00fcbariz\u0259\" \/>\n<meta property=\"og:url\" content=\"https:\/\/www.meydan.tv\/az\/article\/kendimizde-bir-musavatci-var\/\" \/>\n<meta property=\"og:site_name\" content=\"MEYDAN.TV\" \/>\n<meta property=\"article:published_time\" content=\"2015-03-24T21:13:05+00:00\" \/>\n<meta property=\"og:image\" content=\"https:\/\/www.meydan.tv\/wp-content\/uploads\/7906.jpg\" \/>\n\t<meta property=\"og:image:width\" content=\"500\" \/>\n\t<meta property=\"og:image:height\" content=\"500\" \/>\n\t<meta property=\"og:image:type\" content=\"image\/jpeg\" \/>\n<meta name=\"author\" content=\"user-manager\" \/>\n<meta name=\"twitter:card\" content=\"summary_large_image\" \/>\n<script type=\"application\/ld+json\" class=\"yoast-schema-graph\">{\"@context\":\"https:\\\/\\\/schema.org\",\"@graph\":[{\"@type\":\"Article\",\"@id\":\"https:\\\/\\\/www.meydan.tv\\\/az\\\/article\\\/kendimizde-bir-musavatci-var\\\/#article\",\"isPartOf\":{\"@id\":\"https:\\\/\\\/www.meydan.tv\\\/az\\\/article\\\/kendimizde-bir-musavatci-var\\\/\"},\"author\":{\"name\":\"user-manager\",\"@id\":\"https:\\\/\\\/www.meydan.tv\\\/az\\\/#\\\/schema\\\/person\\\/10d11eccf6da3662cf5fdab9806ea91a\"},\"headline\":\"K\u0259ndimizd\u0259 bir m\u00fcsavat\u00e7\u0131 var\",\"datePublished\":\"2015-03-24T21:13:05+00:00\",\"mainEntityOfPage\":{\"@id\":\"https:\\\/\\\/www.meydan.tv\\\/az\\\/article\\\/kendimizde-bir-musavatci-var\\\/\"},\"wordCount\":1292,\"publisher\":{\"@id\":\"https:\\\/\\\/www.meydan.tv\\\/az\\\/#organization\"},\"image\":{\"@id\":\"https:\\\/\\\/www.meydan.tv\\\/az\\\/article\\\/kendimizde-bir-musavatci-var\\\/#primaryimage\"},\"thumbnailUrl\":\"https:\\\/\\\/www.meydan.tv\\\/wp-content\\\/uploads\\\/7906.jpg\",\"articleSection\":[\"M\u0259nim Fikrimc\u0259\"],\"inLanguage\":\"az\"},{\"@type\":\"WebPage\",\"@id\":\"https:\\\/\\\/www.meydan.tv\\\/az\\\/article\\\/kendimizde-bir-musavatci-var\\\/\",\"url\":\"https:\\\/\\\/www.meydan.tv\\\/az\\\/article\\\/kendimizde-bir-musavatci-var\\\/\",\"name\":\"K\u0259ndimizd\u0259 bir m\u00fcsavat\u00e7\u0131 var - MEYDAN.TV\",\"isPartOf\":{\"@id\":\"https:\\\/\\\/www.meydan.tv\\\/az\\\/#website\"},\"primaryImageOfPage\":{\"@id\":\"https:\\\/\\\/www.meydan.tv\\\/az\\\/article\\\/kendimizde-bir-musavatci-var\\\/#primaryimage\"},\"image\":{\"@id\":\"https:\\\/\\\/www.meydan.tv\\\/az\\\/article\\\/kendimizde-bir-musavatci-var\\\/#primaryimage\"},\"thumbnailUrl\":\"https:\\\/\\\/www.meydan.tv\\\/wp-content\\\/uploads\\\/7906.jpg\",\"datePublished\":\"2015-03-24T21:13:05+00:00\",\"breadcrumb\":{\"@id\":\"https:\\\/\\\/www.meydan.tv\\\/az\\\/article\\\/kendimizde-bir-musavatci-var\\\/#breadcrumb\"},\"inLanguage\":\"az\",\"potentialAction\":[{\"@type\":\"ReadAction\",\"target\":[\"https:\\\/\\\/www.meydan.tv\\\/az\\\/article\\\/kendimizde-bir-musavatci-var\\\/\"]}]},{\"@type\":\"ImageObject\",\"inLanguage\":\"az\",\"@id\":\"https:\\\/\\\/www.meydan.tv\\\/az\\\/article\\\/kendimizde-bir-musavatci-var\\\/#primaryimage\",\"url\":\"https:\\\/\\\/www.meydan.tv\\\/wp-content\\\/uploads\\\/7906.jpg\",\"contentUrl\":\"https:\\\/\\\/www.meydan.tv\\\/wp-content\\\/uploads\\\/7906.jpg\",\"width\":500,\"height\":500,\"caption\":\"Source:\"},{\"@type\":\"BreadcrumbList\",\"@id\":\"https:\\\/\\\/www.meydan.tv\\\/az\\\/article\\\/kendimizde-bir-musavatci-var\\\/#breadcrumb\",\"itemListElement\":[{\"@type\":\"ListItem\",\"position\":1,\"name\":\"Ana s\u0259hif\u0259\",\"item\":\"https:\\\/\\\/www.meydan.tv\\\/az\\\/\"},{\"@type\":\"ListItem\",\"position\":2,\"name\":\"M\u0259nim Fikrimc\u0259\",\"item\":\"https:\\\/\\\/www.meydan.tv\\\/az\\\/section\\\/menim-fikrimce\\\/\"},{\"@type\":\"ListItem\",\"position\":3,\"name\":\"K\u0259ndimizd\u0259 bir m\u00fcsavat\u00e7\u0131 var\"}]},{\"@type\":\"WebSite\",\"@id\":\"https:\\\/\\\/www.meydan.tv\\\/az\\\/#website\",\"url\":\"https:\\\/\\\/www.meydan.tv\\\/az\\\/\",\"name\":\"MEYDAN.TV\",\"description\":\"Meydan TV Az\u0259rbaycan\u0131n media m\u0259kan\u0131ndak\u0131 alternativ s\u0259sidir\",\"publisher\":{\"@id\":\"https:\\\/\\\/www.meydan.tv\\\/az\\\/#organization\"},\"potentialAction\":[{\"@type\":\"SearchAction\",\"target\":{\"@type\":\"EntryPoint\",\"urlTemplate\":\"https:\\\/\\\/www.meydan.tv\\\/az\\\/?s={search_term_string}\"},\"query-input\":{\"@type\":\"PropertyValueSpecification\",\"valueRequired\":true,\"valueName\":\"search_term_string\"}}],\"inLanguage\":\"az\"},{\"@type\":\"Organization\",\"@id\":\"https:\\\/\\\/www.meydan.tv\\\/az\\\/#organization\",\"name\":\"Meydan TV\",\"url\":\"https:\\\/\\\/www.meydan.tv\\\/az\\\/\",\"logo\":{\"@type\":\"ImageObject\",\"inLanguage\":\"az\",\"@id\":\"https:\\\/\\\/www.meydan.tv\\\/az\\\/#\\\/schema\\\/logo\\\/image\\\/\",\"url\":\"https:\\\/\\\/www.meydan.tv\\\/wp-content\\\/uploads\\\/2021\\\/07\\\/meydan-logo.svg\",\"contentUrl\":\"https:\\\/\\\/www.meydan.tv\\\/wp-content\\\/uploads\\\/2021\\\/07\\\/meydan-logo.svg\",\"width\":195,\"height\":46,\"caption\":\"Meydan TV\"},\"image\":{\"@id\":\"https:\\\/\\\/www.meydan.tv\\\/az\\\/#\\\/schema\\\/logo\\\/image\\\/\"}},{\"@type\":\"Person\",\"@id\":\"https:\\\/\\\/www.meydan.tv\\\/az\\\/#\\\/schema\\\/person\\\/10d11eccf6da3662cf5fdab9806ea91a\",\"name\":\"user-manager\"}]}<\/script>\n<!-- \/ Yoast SEO plugin. -->","yoast_head_json":{"title":"K\u0259ndimizd\u0259 bir m\u00fcsavat\u00e7\u0131 var - MEYDAN.TV","robots":{"index":"index","follow":"follow","max-snippet":"max-snippet:-1","max-image-preview":"max-image-preview:large","max-video-preview":"max-video-preview:-1"},"canonical":"https:\/\/www.meydan.tv\/az\/article\/kendimizde-bir-musavatci-var\/","og_locale":"az_AZ","og_type":"article","og_title":"K\u0259ndimizd\u0259 bir m\u00fcsavat\u00e7\u0131 var - MEYDAN.TV","og_description":"Nobel\u0259 layiq az\u0259rbaycanl\u0131lar v\u0259 ya 27 illik dinc m\u00fcbariz\u0259","og_url":"https:\/\/www.meydan.tv\/az\/article\/kendimizde-bir-musavatci-var\/","og_site_name":"MEYDAN.TV","article_published_time":"2015-03-24T21:13:05+00:00","og_image":[{"width":500,"height":500,"url":"https:\/\/www.meydan.tv\/wp-content\/uploads\/7906.jpg","type":"image\/jpeg"}],"author":"user-manager","twitter_card":"summary_large_image","schema":{"@context":"https:\/\/schema.org","@graph":[{"@type":"Article","@id":"https:\/\/www.meydan.tv\/az\/article\/kendimizde-bir-musavatci-var\/#article","isPartOf":{"@id":"https:\/\/www.meydan.tv\/az\/article\/kendimizde-bir-musavatci-var\/"},"author":{"name":"user-manager","@id":"https:\/\/www.meydan.tv\/az\/#\/schema\/person\/10d11eccf6da3662cf5fdab9806ea91a"},"headline":"K\u0259ndimizd\u0259 bir m\u00fcsavat\u00e7\u0131 var","datePublished":"2015-03-24T21:13:05+00:00","mainEntityOfPage":{"@id":"https:\/\/www.meydan.tv\/az\/article\/kendimizde-bir-musavatci-var\/"},"wordCount":1292,"publisher":{"@id":"https:\/\/www.meydan.tv\/az\/#organization"},"image":{"@id":"https:\/\/www.meydan.tv\/az\/article\/kendimizde-bir-musavatci-var\/#primaryimage"},"thumbnailUrl":"https:\/\/www.meydan.tv\/wp-content\/uploads\/7906.jpg","articleSection":["M\u0259nim Fikrimc\u0259"],"inLanguage":"az"},{"@type":"WebPage","@id":"https:\/\/www.meydan.tv\/az\/article\/kendimizde-bir-musavatci-var\/","url":"https:\/\/www.meydan.tv\/az\/article\/kendimizde-bir-musavatci-var\/","name":"K\u0259ndimizd\u0259 bir m\u00fcsavat\u00e7\u0131 var - MEYDAN.TV","isPartOf":{"@id":"https:\/\/www.meydan.tv\/az\/#website"},"primaryImageOfPage":{"@id":"https:\/\/www.meydan.tv\/az\/article\/kendimizde-bir-musavatci-var\/#primaryimage"},"image":{"@id":"https:\/\/www.meydan.tv\/az\/article\/kendimizde-bir-musavatci-var\/#primaryimage"},"thumbnailUrl":"https:\/\/www.meydan.tv\/wp-content\/uploads\/7906.jpg","datePublished":"2015-03-24T21:13:05+00:00","breadcrumb":{"@id":"https:\/\/www.meydan.tv\/az\/article\/kendimizde-bir-musavatci-var\/#breadcrumb"},"inLanguage":"az","potentialAction":[{"@type":"ReadAction","target":["https:\/\/www.meydan.tv\/az\/article\/kendimizde-bir-musavatci-var\/"]}]},{"@type":"ImageObject","inLanguage":"az","@id":"https:\/\/www.meydan.tv\/az\/article\/kendimizde-bir-musavatci-var\/#primaryimage","url":"https:\/\/www.meydan.tv\/wp-content\/uploads\/7906.jpg","contentUrl":"https:\/\/www.meydan.tv\/wp-content\/uploads\/7906.jpg","width":500,"height":500,"caption":"Source:"},{"@type":"BreadcrumbList","@id":"https:\/\/www.meydan.tv\/az\/article\/kendimizde-bir-musavatci-var\/#breadcrumb","itemListElement":[{"@type":"ListItem","position":1,"name":"Ana s\u0259hif\u0259","item":"https:\/\/www.meydan.tv\/az\/"},{"@type":"ListItem","position":2,"name":"M\u0259nim Fikrimc\u0259","item":"https:\/\/www.meydan.tv\/az\/section\/menim-fikrimce\/"},{"@type":"ListItem","position":3,"name":"K\u0259ndimizd\u0259 bir m\u00fcsavat\u00e7\u0131 var"}]},{"@type":"WebSite","@id":"https:\/\/www.meydan.tv\/az\/#website","url":"https:\/\/www.meydan.tv\/az\/","name":"MEYDAN.TV","description":"Meydan TV Az\u0259rbaycan\u0131n media m\u0259kan\u0131ndak\u0131 alternativ s\u0259sidir","publisher":{"@id":"https:\/\/www.meydan.tv\/az\/#organization"},"potentialAction":[{"@type":"SearchAction","target":{"@type":"EntryPoint","urlTemplate":"https:\/\/www.meydan.tv\/az\/?s={search_term_string}"},"query-input":{"@type":"PropertyValueSpecification","valueRequired":true,"valueName":"search_term_string"}}],"inLanguage":"az"},{"@type":"Organization","@id":"https:\/\/www.meydan.tv\/az\/#organization","name":"Meydan TV","url":"https:\/\/www.meydan.tv\/az\/","logo":{"@type":"ImageObject","inLanguage":"az","@id":"https:\/\/www.meydan.tv\/az\/#\/schema\/logo\/image\/","url":"https:\/\/www.meydan.tv\/wp-content\/uploads\/2021\/07\/meydan-logo.svg","contentUrl":"https:\/\/www.meydan.tv\/wp-content\/uploads\/2021\/07\/meydan-logo.svg","width":195,"height":46,"caption":"Meydan TV"},"image":{"@id":"https:\/\/www.meydan.tv\/az\/#\/schema\/logo\/image\/"}},{"@type":"Person","@id":"https:\/\/www.meydan.tv\/az\/#\/schema\/person\/10d11eccf6da3662cf5fdab9806ea91a","name":"user-manager"}]}},"_links":{"self":[{"href":"https:\/\/www.meydan.tv\/az\/wp-json\/wp\/v2\/posts\/167344","targetHints":{"allow":["GET"]}}],"collection":[{"href":"https:\/\/www.meydan.tv\/az\/wp-json\/wp\/v2\/posts"}],"about":[{"href":"https:\/\/www.meydan.tv\/az\/wp-json\/wp\/v2\/types\/post"}],"author":[{"embeddable":true,"href":"https:\/\/www.meydan.tv\/az\/wp-json\/wp\/v2\/users\/11"}],"replies":[{"embeddable":true,"href":"https:\/\/www.meydan.tv\/az\/wp-json\/wp\/v2\/comments?post=167344"}],"version-history":[{"count":0,"href":"https:\/\/www.meydan.tv\/az\/wp-json\/wp\/v2\/posts\/167344\/revisions"}],"wp:featuredmedia":[{"embeddable":true,"href":"https:\/\/www.meydan.tv\/az\/wp-json\/wp\/v2\/media\/21837"}],"wp:attachment":[{"href":"https:\/\/www.meydan.tv\/az\/wp-json\/wp\/v2\/media?parent=167344"}],"wp:term":[{"taxonomy":"category","embeddable":true,"href":"https:\/\/www.meydan.tv\/az\/wp-json\/wp\/v2\/categories?post=167344"},{"taxonomy":"post_tag","embeddable":true,"href":"https:\/\/www.meydan.tv\/az\/wp-json\/wp\/v2\/tags?post=167344"}],"curies":[{"name":"wp","href":"https:\/\/api.w.org\/{rel}","templated":true}]}}