{"id":167340,"date":"2015-03-23T22:44:02","date_gmt":"2015-03-23T22:44:02","guid":{"rendered":"https:\/\/www.meydan.tv\/article\/andranik-qriqoryan-esger-catismadigina-gore-postlara-mulkileri-yerlesdirirler\/"},"modified":"2015-03-23T22:44:02","modified_gmt":"2015-03-23T22:44:02","slug":"andranik-qriqoryan-esger-catismadigina-gore-postlara-mulkileri-yerlesdirirler","status":"publish","type":"post","link":"https:\/\/www.meydan.tv\/az\/article\/andranik-qriqoryan-esger-catismadigina-gore-postlara-mulkileri-yerlesdirirler\/","title":{"rendered":"Andranik Qriqoryan: &#8220;\u018fsg\u0259r \u00e7at\u0131\u015fmad\u0131\u011f\u0131na g\u00f6r\u0259 postlara m\u00fclkil\u0259ri yerl\u0259\u015fdirirl\u0259r&#8221;"},"content":{"rendered":"<figure class=\"wp-block-image size-large\">\n  <img decoding=\"async\" src=\"https:\/\/www.meydan.tv\/az\/21786\/\" alt=\"\" class=\"wp-image-21786\"\/><figcaption><\/figcaption><\/figure>\n<figure class=\"wp-block-image size-large\">\n  <img decoding=\"async\" src=\"https:\/\/www.meydan.tv\/az\/21786\/\" alt=\"\" class=\"wp-image-21786\"\/><figcaption><\/figcaption><\/figure>\n<p>\n  <i><br \/>\n    Erm\u0259ni h\u0259rbi qulluq\u00e7u Az\u0259rbaycan t\u0259r\u0259f\u0259 ke\u00e7m\u0259sinin s\u0259b\u0259bl\u0259rini a\u00e7\u0131qlay\u0131b<br \/>\n  <\/i>\n<\/p>\n<p>\n  Mart\u0131n 22-d\u0259 g\u00fcnorta saatlar\u0131nda ilkin m\u0259lunata g\u00f6r\u0259 1991-ci ild\u0259 Xocav\u0259nd rayonunda anadan olmu\u015f, Erm\u0259nistan silahl\u0131 q\u00fcvv\u0259l\u0259rinin h\u0259rb\u00e7isi, m\u00fcqavil\u0259 \u0259sas\u0131nda h\u0259rbi xidm\u0259t ke\u00e7\u0259n h\u0259rbi qulluq\u00e7u Andranik Araratovi\u00e7 Qriqoryan \u00f6z h\u0259rbi hiss\u0259sini t\u0259rk ed\u0259r\u0259k k\u00f6n\u00fcll\u00fc sur\u0259td\u0259 Az\u0259rbaycan t\u0259r\u0259fin\u0259 t\u0259slim olub.\n<\/p>\n<p>\n  Qo\u015funlar\u0131n t\u0259mas x\u0259ttini ke\u00e7\u0259n erm\u0259ni h\u0259rb\u00e7isi h\u0259rbi qulluq\u00e7ular\u0131m\u0131z t\u0259r\u0259find\u0259n saxlan\u0131l\u0131b.\n<\/p>\n<p>\n  \u0130lkin dindirm\u0259d\u0259 Andranik Qriqoryan bildirib: &#8220;M\u0259n 1991-ci ild\u0259 Martuni rayonunda anadan olmu\u015f Andranik Araratovi\u00e7 Qriqoryanam. 22 mart 2015-ci il tarixind\u0259 k\u00f6n\u00fcll\u00fc olaraq Az\u0259rbaycan t\u0259r\u0259fin\u0259 ke\u00e7mi\u015f\u0259m. Bunun \u00e7ox sad\u0259 bir s\u0259b\u0259bi var. M\u0259n m\u0259nas\u0131z yer\u0259 \u00f6lm\u0259kd\u0259n qorxuram.\n<\/p>\n<p>\n  C\u0259bh\u0259 x\u0259ttini ke\u00e7\u0259nd\u0259 m\u0259n t\u0259k deyildim. M\u0259niml\u0259 siz t\u0259r\u0259f\u0259 ke\u00e7m\u0259y\u0259 c\u0259hd g\u00f6st\u0259r\u0259n bir n\u0259f\u0259r d\u0259 var idi. M\u0259n daha c\u0259ld t\u0259rp\u0259ndim. Silah\u0131 at\u0131b siz\u0259 t\u0259r\u0259f g\u0259ldim. Onun taleyind\u0259n x\u0259b\u0259rim yoxdur. G\u00fcman edir\u0259m ki, art\u0131q sa\u011f deyil.\n<\/p>\n<p>\n  N\u0259 q\u0259d\u0259r erm\u0259ni hakimiyy\u0259ti \u00f6z xalq\u0131ndan mart\u0131n 19-da olan hadis\u0259ni gizl\u0259tm\u0259k ist\u0259s\u0259 d\u0259 art\u0131q ham\u0131 bilir. M\u0259nas\u0131z t\u0259\u015fkil olunmu\u015f t\u0259xribat zaman\u0131 20-d\u0259n art\u0131q \u00f6lu, onlarla yaral\u0131 var. \u018fsg\u0259r \u00e7at\u0131\u015fmad\u0131\u011f\u0131na g\u00f6r\u0259 postlara m\u00fclkil\u0259ri yerl\u0259\u015fdirirl\u0259r.\n<\/p>\n<p>\n  M\u0259n onlar\u0131n \u00e7irkin oyunlar\u0131n\u0131n n\u00f6vb\u0259ti qurban\u0131 olmaq ist\u0259mir\u0259m. Qaraba\u011fdak\u0131 d\u00f6z\u00fclm\u0259z \u015f\u0259rait, h\u0259rbi hiss\u0259l\u0259rd\u0259ki intizams\u0131zl\u0131q, silah-sursat \u00e7at\u0131\u015fmazl\u0131\u011f\u0131, qida v\u0259 d\u0259rman q\u0131tl\u0131\u011f\u0131, yerli erm\u0259nil\u0259rl\u0259 Erm\u0259nistanl\u0131 erm\u0259nil\u0259r aras\u0131ndak\u0131 m\u00fcnaqi\u015f\u0259, zabitl\u0259rin \u0259sg\u0259r v\u0259 gizirl\u0259r\u0259 pis m\u00fcnasib\u0259ti v\u0259 h\u0259rc-m\u0259rclik m\u0259ni cana y\u0131\u011f\u0131b. M\u0259nim kimi o t\u0259r\u0259fd\u0259 bu c\u00fcr ya\u015famaqdan bezib bura ke\u00e7m\u0259k ist\u0259y\u0259n \u00e7oxlu sayda insan var.\n<\/p>\n<p>\n  Amma a\u00e7\u0131\u011f\u0131n\u0131 deyim ki, burda onlar\u0131 n\u0259 g\u00f6zl\u0259diyini bilm\u0259dikl\u0259ri \u00fc\u00e7\u00fcn \u00fcr\u0259k etmirl\u0259r. M\u0259n d\u0259 bu add\u0131m\u0131 atmazdan \u0259vv\u0259l \u00e7ox d\u00fc\u015f\u00fcnd\u00fcm v\u0259 q\u0259rara g\u0259ldim orada qal\u0131b \u00f6l\u00fcm saat\u0131m\u0131 g\u00f6zl\u0259m\u0259kd\u0259ns\u0259 k\u00f6n\u00fcll\u00fc t\u0259slim olum. G\u00f6zl\u0259diyimin tam \u0259ksi olaraq burda m\u0259ni normal qar\u015f\u0131lad\u0131lar v\u0259 doyunca yem\u0259k-i\u00e7m\u0259k verdil\u0259r.\n<\/p>\n<p>\n  Bir d\u0259 buradan \u0259lind\u0259 m\u0259cbur silah tutan yolda\u015flar\u0131ma s\u0259sl\u0259nib dem\u0259k ist\u0259yir\u0259m ki, az\u0259rbaycanl\u0131lar he\u00e7 d\u0259 o, cinay\u0259tkar hakimiyy\u0259tin ill\u0259rdir bizim beynimiz\u0259 yeritdikl\u0259ri kimi deyill\u0259r. N\u0259 q\u0259d\u0259r ki, gec deyil siz d\u0259 m\u0259nim kimi edin&#8221;.\n<\/p>\n<p>\n  Haz\u0131rda t\u0259hl\u00fck\u0259sizliyi t\u0259min olunmaqla saxlan\u0131lan \u0259sir A.Qriqoryanla ham\u0131l\u0131qla q\u0259bul edilmi\u015f insan h\u00fcquqlar\u0131 normalar\u0131 daxilind\u0259 r\u0259ftar edilir<\/p>\n","protected":false},"excerpt":{"rendered":"<p>Erm\u0259ni h\u0259rbi qulluq\u00e7u Az\u0259rbaycan t\u0259r\u0259f\u0259 ke\u00e7m\u0259sinin s\u0259b\u0259bl\u0259rini a\u00e7\u0131qlay\u0131b<\/p>\n","protected":false},"author":11,"featured_media":21786,"comment_status":"closed","ping_status":"open","sticky":false,"template":"","format":"standard","meta":{"_acf_changed":false,"_sitemap_exclude":false,"_sitemap_priority":"","_sitemap_frequency":"","footnotes":""},"categories":[56],"tags":[],"class_list":["post-167340","post","type-post","status-publish","format-standard","has-post-thumbnail","hentry","category-xeberler","infinite-scroll-item","generate-columns","tablet-grid-50","mobile-grid-100","grid-parent","grid-33","no-featured-image-padding"],"acf":[],"yoast_head":"<!-- This site is optimized with the Yoast SEO plugin v28.4 - https:\/\/yoast.com\/product\/yoast-seo-wordpress\/ -->\n<title>Andranik Qriqoryan: &quot;\u018fsg\u0259r \u00e7at\u0131\u015fmad\u0131\u011f\u0131na g\u00f6r\u0259 postlara m\u00fclkil\u0259ri yerl\u0259\u015fdirirl\u0259r&quot; - MEYDAN.TV<\/title>\n<meta name=\"robots\" content=\"index, follow, max-snippet:-1, max-image-preview:large, max-video-preview:-1\" \/>\n<link rel=\"canonical\" href=\"https:\/\/www.meydan.tv\/az\/article\/andranik-qriqoryan-esger-catismadigina-gore-postlara-mulkileri-yerlesdirirler\/\" \/>\n<meta property=\"og:locale\" content=\"az_AZ\" \/>\n<meta property=\"og:type\" content=\"article\" \/>\n<meta property=\"og:title\" content=\"Andranik Qriqoryan: &quot;\u018fsg\u0259r \u00e7at\u0131\u015fmad\u0131\u011f\u0131na g\u00f6r\u0259 postlara m\u00fclkil\u0259ri yerl\u0259\u015fdirirl\u0259r&quot; - MEYDAN.TV\" \/>\n<meta property=\"og:description\" content=\"Erm\u0259ni h\u0259rbi qulluq\u00e7u Az\u0259rbaycan t\u0259r\u0259f\u0259 ke\u00e7m\u0259sinin s\u0259b\u0259bl\u0259rini a\u00e7\u0131qlay\u0131b\" \/>\n<meta property=\"og:url\" content=\"https:\/\/www.meydan.tv\/az\/article\/andranik-qriqoryan-esger-catismadigina-gore-postlara-mulkileri-yerlesdirirler\/\" \/>\n<meta property=\"og:site_name\" content=\"MEYDAN.TV\" \/>\n<meta property=\"article:published_time\" content=\"2015-03-23T22:44:02+00:00\" \/>\n<meta property=\"og:image\" content=\"https:\/\/www.meydan.tv\/wp-content\/uploads\/7900.jpg\" \/>\n\t<meta property=\"og:image:width\" content=\"400\" \/>\n\t<meta property=\"og:image:height\" content=\"446\" \/>\n\t<meta property=\"og:image:type\" content=\"image\/jpeg\" \/>\n<meta name=\"twitter:card\" content=\"summary_large_image\" \/>\n<!-- \/ Yoast SEO plugin. -->","yoast_head_json":{"title":"Andranik Qriqoryan: \"\u018fsg\u0259r \u00e7at\u0131\u015fmad\u0131\u011f\u0131na g\u00f6r\u0259 postlara m\u00fclkil\u0259ri yerl\u0259\u015fdirirl\u0259r\" - MEYDAN.TV","robots":{"index":"index","follow":"follow","max-snippet":"max-snippet:-1","max-image-preview":"max-image-preview:large","max-video-preview":"max-video-preview:-1"},"canonical":"https:\/\/www.meydan.tv\/az\/article\/andranik-qriqoryan-esger-catismadigina-gore-postlara-mulkileri-yerlesdirirler\/","og_locale":"az_AZ","og_type":"article","og_title":"Andranik Qriqoryan: \"\u018fsg\u0259r \u00e7at\u0131\u015fmad\u0131\u011f\u0131na g\u00f6r\u0259 postlara m\u00fclkil\u0259ri yerl\u0259\u015fdirirl\u0259r\" - MEYDAN.TV","og_description":"Erm\u0259ni h\u0259rbi qulluq\u00e7u Az\u0259rbaycan t\u0259r\u0259f\u0259 ke\u00e7m\u0259sinin s\u0259b\u0259bl\u0259rini a\u00e7\u0131qlay\u0131b","og_url":"https:\/\/www.meydan.tv\/az\/article\/andranik-qriqoryan-esger-catismadigina-gore-postlara-mulkileri-yerlesdirirler\/","og_site_name":"MEYDAN.TV","article_published_time":"2015-03-23T22:44:02+00:00","og_image":[{"width":400,"height":446,"url":"https:\/\/www.meydan.tv\/wp-content\/uploads\/7900.jpg","type":"image\/jpeg"}],"twitter_card":"summary_large_image","schema":{"@context":"https:\/\/schema.org","@graph":[{"@type":"Article","@id":"https:\/\/www.meydan.tv\/az\/article\/andranik-qriqoryan-esger-catismadigina-gore-postlara-mulkileri-yerlesdirirler\/#article","isPartOf":{"@id":"https:\/\/www.meydan.tv\/az\/article\/andranik-qriqoryan-esger-catismadigina-gore-postlara-mulkileri-yerlesdirirler\/"},"author":{"name":"user-manager","@id":"https:\/\/www.meydan.tv\/az\/#\/schema\/person\/10d11eccf6da3662cf5fdab9806ea91a"},"headline":"Andranik Qriqoryan: &#8220;\u018fsg\u0259r \u00e7at\u0131\u015fmad\u0131\u011f\u0131na g\u00f6r\u0259 postlara m\u00fclkil\u0259ri yerl\u0259\u015fdirirl\u0259r&#8221;","datePublished":"2015-03-23T22:44:02+00:00","mainEntityOfPage":{"@id":"https:\/\/www.meydan.tv\/az\/article\/andranik-qriqoryan-esger-catismadigina-gore-postlara-mulkileri-yerlesdirirler\/"},"wordCount":562,"publisher":{"@id":"https:\/\/www.meydan.tv\/az\/#organization"},"image":{"@id":"https:\/\/www.meydan.tv\/az\/article\/andranik-qriqoryan-esger-catismadigina-gore-postlara-mulkileri-yerlesdirirler\/#primaryimage"},"thumbnailUrl":"https:\/\/www.meydan.tv\/wp-content\/uploads\/7900.jpg","articleSection":["X\u0259b\u0259rl\u0259r"],"inLanguage":"az"},{"@type":"WebPage","@id":"https:\/\/www.meydan.tv\/az\/article\/andranik-qriqoryan-esger-catismadigina-gore-postlara-mulkileri-yerlesdirirler\/","url":"https:\/\/www.meydan.tv\/az\/article\/andranik-qriqoryan-esger-catismadigina-gore-postlara-mulkileri-yerlesdirirler\/","name":"Andranik Qriqoryan: \"\u018fsg\u0259r \u00e7at\u0131\u015fmad\u0131\u011f\u0131na g\u00f6r\u0259 postlara m\u00fclkil\u0259ri yerl\u0259\u015fdirirl\u0259r\" - MEYDAN.TV","isPartOf":{"@id":"https:\/\/www.meydan.tv\/az\/#website"},"primaryImageOfPage":{"@id":"https:\/\/www.meydan.tv\/az\/article\/andranik-qriqoryan-esger-catismadigina-gore-postlara-mulkileri-yerlesdirirler\/#primaryimage"},"image":{"@id":"https:\/\/www.meydan.tv\/az\/article\/andranik-qriqoryan-esger-catismadigina-gore-postlara-mulkileri-yerlesdirirler\/#primaryimage"},"thumbnailUrl":"https:\/\/www.meydan.tv\/wp-content\/uploads\/7900.jpg","datePublished":"2015-03-23T22:44:02+00:00","breadcrumb":{"@id":"https:\/\/www.meydan.tv\/az\/article\/andranik-qriqoryan-esger-catismadigina-gore-postlara-mulkileri-yerlesdirirler\/#breadcrumb"},"inLanguage":"az","potentialAction":[{"@type":"ReadAction","target":["https:\/\/www.meydan.tv\/az\/article\/andranik-qriqoryan-esger-catismadigina-gore-postlara-mulkileri-yerlesdirirler\/"]}]},{"@type":"ImageObject","inLanguage":"az","@id":"https:\/\/www.meydan.tv\/az\/article\/andranik-qriqoryan-esger-catismadigina-gore-postlara-mulkileri-yerlesdirirler\/#primaryimage","url":"https:\/\/www.meydan.tv\/wp-content\/uploads\/7900.jpg","contentUrl":"https:\/\/www.meydan.tv\/wp-content\/uploads\/7900.jpg","width":400,"height":446,"caption":"Source:"},{"@type":"BreadcrumbList","@id":"https:\/\/www.meydan.tv\/az\/article\/andranik-qriqoryan-esger-catismadigina-gore-postlara-mulkileri-yerlesdirirler\/#breadcrumb","itemListElement":[{"@type":"ListItem","position":1,"name":"Ana s\u0259hif\u0259","item":"https:\/\/www.meydan.tv\/az\/"},{"@type":"ListItem","position":2,"name":"X\u0259b\u0259rl\u0259r","item":"https:\/\/www.meydan.tv\/az\/section\/xeberler\/"},{"@type":"ListItem","position":3,"name":"Andranik Qriqoryan: &#8220;\u018fsg\u0259r \u00e7at\u0131\u015fmad\u0131\u011f\u0131na g\u00f6r\u0259 postlara m\u00fclkil\u0259ri yerl\u0259\u015fdirirl\u0259r&#8221;"}]},{"@type":"WebSite","@id":"https:\/\/www.meydan.tv\/az\/#website","url":"https:\/\/www.meydan.tv\/az\/","name":"MEYDAN.TV","description":"Meydan TV Az\u0259rbaycan\u0131n media m\u0259kan\u0131ndak\u0131 alternativ s\u0259sidir","publisher":{"@id":"https:\/\/www.meydan.tv\/az\/#organization"},"potentialAction":[{"@type":"SearchAction","target":{"@type":"EntryPoint","urlTemplate":"https:\/\/www.meydan.tv\/az\/?s={search_term_string}"},"query-input":{"@type":"PropertyValueSpecification","valueRequired":true,"valueName":"search_term_string"}}],"inLanguage":"az"},{"@type":"Organization","@id":"https:\/\/www.meydan.tv\/az\/#organization","name":"Meydan TV","url":"https:\/\/www.meydan.tv\/az\/","logo":{"@type":"ImageObject","inLanguage":"az","@id":"https:\/\/www.meydan.tv\/az\/#\/schema\/logo\/image\/","url":"https:\/\/www.meydan.tv\/wp-content\/uploads\/2021\/07\/meydan-logo.svg","contentUrl":"https:\/\/www.meydan.tv\/wp-content\/uploads\/2021\/07\/meydan-logo.svg","width":195,"height":46,"caption":"Meydan TV"},"image":{"@id":"https:\/\/www.meydan.tv\/az\/#\/schema\/logo\/image\/"}},{"@type":"Person","@id":"https:\/\/www.meydan.tv\/az\/#\/schema\/person\/10d11eccf6da3662cf5fdab9806ea91a","name":"user-manager"}]}},"_links":{"self":[{"href":"https:\/\/www.meydan.tv\/az\/wp-json\/wp\/v2\/posts\/167340","targetHints":{"allow":["GET"]}}],"collection":[{"href":"https:\/\/www.meydan.tv\/az\/wp-json\/wp\/v2\/posts"}],"about":[{"href":"https:\/\/www.meydan.tv\/az\/wp-json\/wp\/v2\/types\/post"}],"author":[{"embeddable":true,"href":"https:\/\/www.meydan.tv\/az\/wp-json\/wp\/v2\/users\/11"}],"replies":[{"embeddable":true,"href":"https:\/\/www.meydan.tv\/az\/wp-json\/wp\/v2\/comments?post=167340"}],"version-history":[{"count":0,"href":"https:\/\/www.meydan.tv\/az\/wp-json\/wp\/v2\/posts\/167340\/revisions"}],"wp:featuredmedia":[{"embeddable":true,"href":"https:\/\/www.meydan.tv\/az\/wp-json\/wp\/v2\/media\/21786"}],"wp:attachment":[{"href":"https:\/\/www.meydan.tv\/az\/wp-json\/wp\/v2\/media?parent=167340"}],"wp:term":[{"taxonomy":"category","embeddable":true,"href":"https:\/\/www.meydan.tv\/az\/wp-json\/wp\/v2\/categories?post=167340"},{"taxonomy":"post_tag","embeddable":true,"href":"https:\/\/www.meydan.tv\/az\/wp-json\/wp\/v2\/tags?post=167340"}],"curies":[{"name":"wp","href":"https:\/\/api.w.org\/{rel}","templated":true}]}}