{"id":167338,"date":"2015-03-23T10:46:02","date_gmt":"2015-03-23T10:46:02","guid":{"rendered":"https:\/\/www.meydan.tv\/article\/avropanin-yeni-enerji-xeritesi-tehlil\/"},"modified":"2015-03-23T10:46:02","modified_gmt":"2015-03-23T10:46:02","slug":"avropanin-yeni-enerji-xeritesi-tehlil","status":"publish","type":"post","link":"https:\/\/www.meydan.tv\/az\/article\/avropanin-yeni-enerji-xeritesi-tehlil\/","title":{"rendered":"Avropan\u0131n yeni enerji x\u0259rit\u0259si (T\u018fHL\u0130L)"},"content":{"rendered":"<figure class=\"wp-block-image size-large\">\n  <img decoding=\"async\" src=\"https:\/\/www.meydan.tv\/az\/21806\/\" alt=\"\" class=\"wp-image-21806\"\/><figcaption><\/figcaption><\/figure>\n<\/p>\n<figure class=\"wp-block-image size-large\">\n  <img decoding=\"async\" src=\"https:\/\/www.meydan.tv\/az\/21810\/\" alt=\"\" class=\"wp-image-21810\"\/><figcaption><\/figcaption><\/figure>\n<p>\n  <i><br \/>\n    Az\u0259rbaycan h\u00f6kum\u0259ti anlamal\u0131d\u0131r ki, neft-qazla dost tutmaq eras\u0131 art\u0131q bitib<br \/>\n  <\/i>\n<\/p>\n<p>\n  Bu g\u00fcnl\u0259rd\u0259 Az\u0259rbaycan\u0131, regionumuzu, g\u0259l\u0259c\u0259yin enerji x\u0259rit\u0259sini v\u0259 bu sah\u0259d\u0259 \u201coyun qaydalar\u0131n\u0131\u201d d\u0259yi\u015f\u0259 bil\u0259c\u0259k \u00e7ox m\u00fch\u00fcm bir hadis\u0259 ba\u015f verdi: Avropa \u0130ttifaq\u0131 liderl\u0259rinin son g\u00f6r\u00fc\u015f\u00fcnd\u0259 Avropa Enerji \u0130ttifaq\u0131n\u0131n yarad\u0131lmas\u0131na q\u0259rar verildi. Bu ilin sonuna q\u0259d\u0259r AB-nin b\u00fct\u00fcn \u00f6lk\u0259l\u0259ri \u00f6z qanunverici aktlar\u0131n\u0131 Enerji \u0130ttifaq\u0131n\u0131n qaydalar\u0131na uy\u011fun hala g\u0259tir\u0259c\u0259k v\u0259 2016-ci ilin yanvar\u0131ndan bu qaydalar b\u00fct\u00fcn AB m\u0259kan\u0131nda ke\u00e7\u0259rli olacaq.\n<\/p>\n<p>\n  Q\u0259rar\u0131n verilm\u0259sind\u0259, \u0259lb\u0259tt\u0259 ki, \u0259sas\u00a0s\u0259b\u0259b Rusiyad\u0131r v\u0259 Avropan\u0131n Rusiyadan enerji as\u0131l\u0131l\u0131\u011f\u0131n\u0131n azald\u0131lmas\u0131, Kremlin enerji da\u015f\u0131y\u0131c\u0131lar\u0131ndan \u015fantaj v\u0259 siyasi al\u0259t kimi istifad\u0259 etm\u0259sinin qar\u015f\u0131s\u0131n\u0131n al\u0131nmas\u0131d\u0131r. Q\u0259rara \u0259sas\u0259n: 1) AB \u00f6lk\u0259l\u0259ri razila\u015fd\u0131r\u0131lm\u0131\u015f qiym\u0259t siyas\u0259ti y\u00fcr\u00fcd\u0259c\u0259k, 2) B\u00fct\u00fcn\u00a0enerji m\u00fcqavil\u0259l\u0259ri yeni ittifaq\u0131n qaydalar\u0131na uy\u011fyn olacaq, 3) B\u00fct\u00fcn m\u00fcqavil\u0259l\u0259r Avropa Enerji Xartiyas\u0131na uy\u011funlu\u011funu Avropa Enerji \u0130ttifaq\u0131n\u0131n t\u0259sdiqind\u0259n sonra q\u00fcvv\u0259y\u0259 min\u0259c\u0259k, 4) Enerji da\u015f\u0131y\u0131c\u0131lar\u0131n\u0131 Avropa bazar\u0131nda satmaq ist\u0259y\u0259n \u00f6lk\u0259l\u0259rin t\u0259kt\u0259r\u0259fli qiym\u0259tqoyma siyas\u0259tin\u0259 son veril\u0259c\u0259k, 5) Qeyd etdiyim kimi, \u0259sas h\u0259d\u0259f Rusiya olsa da, Avropa Birliyi indid\u0259n bilir ki, yax\u0131n 5 ild\u0259 bazara yeni oyun\u00e7ular daxil olacaq, ona g\u00f6r\u0259 d\u0259, h\u0259min oyun\u00e7ulara da b\u0259ri ba\u015fdan \u00f6z qaydalar\u0131n\u0131 t\u0259dbiq edir.\n<\/p>\n<p>\n  Avropa Birliyin\u0259 daxil olan \u00f6lk\u0259l\u0259r bir ild\u0259 enerji da\u015f\u0131y\u0131c\u0131lar\u0131na 1,1 triyon avro v\u0259sait x\u0259rcl\u0259yir (qaz, neft, da\u015f k\u00f6m\u00fcr, b\u0259rba olunan enerji layih\u0259l\u0259ri), y\u0259ni, bazar b\u00f6y\u00fckd\u00fcr, bu g\u00fcn\u0259 q\u0259d\u0259r Avropan\u0131n \u0259sas h\u0259d\u0259fi \u0259halisinin n\u0259 yolla olur-olsun enerji da\u015f\u0131y\u0131c\u0131lar\u0131 il\u0259 t\u0259min etm\u0259k idis\u0259, indi \u0259sas m\u0259qs\u0259d bu bazara \u00e7\u0259ki-d\u00fcz\u0259n verm\u0259k, \u0259sas da, x\u0259rcl\u0259n\u0259n v\u0259saitin Avropa m\u0259kan\u0131nda qalmas\u0131 \u00fc\u00e7\u00fcn alternativ, b\u0259rpa olunan enerjiy\u0259 ke\u00e7id strategiyas\u0131d\u0131r. \u00c7ox\u015fax\u0259li enerji t\u0259hcizat\u0131 modelin\u0259 ke\u00e7id Avropaya ind\u0259 500 mlrd. avroya yax\u0131n v\u0259sait\u0259 q\u0259na\u0259t etm\u0259y\u0259, daha do\u011frusu, bu h\u0259cmd\u0259 v\u0259saitin AB m\u0259kan\u0131ndan k\u0259nara x\u0259rcl\u0259nm\u0259sin\u0259 imkan ver\u0259c\u0259k. Model kimi Danimarkan\u0131n \u0259ld\u0259 etdiyi nailiyy\u0259tl\u0259r g\u00f6t\u00fcr\u00fcl\u00fcb, bu \u00f6lk\u0259d\u0259 enerji ehtiyac\u0131n\u0131n art\u0131q 47%-i ekoloji t\u0259miz, b\u0259rpa olunan sah\u0259l\u0259rd\u0259n al\u0131n\u0131r. Norve\u00e7 modeli d\u0259 \u00e7ox yax\u015f\u0131d\u0131r, bu \u00f6lk\u0259 b\u00fct\u00fcn \u0259razisi boyu elektrikl\u0259 i\u015fl\u0259y\u0259n avtomobill\u0259ri \u015farj etm\u0259k \u00fc\u00e7\u00fcn pulsuz m\u0259nt\u0259q\u0259l\u0259r qura\u015fd\u0131r\u0131r, elektrikl\u0259 i\u015fl\u0259y\u0259n ma\u015f\u0131nlara 0 vergi t\u0259dbiq edir, y\u0259ni, m\u00fcxt\u0259lif t\u0259\u015fviq proqramlar\u0131 vasit\u0259si il\u0259 bu sah\u0259ni stimulla\u015fd\u0131r\u0131r.\n<\/p>\n<p>\n  Almaniyada f\u0259aliyy\u0259t g\u00f6st\u0259r\u0259n &#8220;Institute of Energy Economics at the University of Cologne&#8221; (EWI) t\u0259\u015fkilat\u0131 Avropan\u0131n Rusiyadan qaz as\u0131l\u0131l\u0131\u011f\u0131n\u0131 \u00f6l\u00e7\u0259n yeni bir hesabat yay\u0131mlay\u0131b. Hesabata g\u00f6r\u0259, Avropa indi, 2015-ci ild\u0259 Rusiyan\u0131n enerji \u015fantaj\u0131na 2009-cu il\u0259 g\u00f6r\u0259 daha yax\u015f\u0131 haz\u0131rl\u0131ql\u0131 v\u0259ziyy\u0259td\u0259dir (<br \/>\n  <a id=\"5\" linktype=\"document\"><br \/>\n    hesabat PDF formatda t\u0259qdim olunur<br \/>\n  <\/a><br \/>\n  ). Amma, \u0259sas\u0259n, C\u0259nub, \u015e\u0259rqi , Baltikyan\u0131 Avropa \u00f6lk\u0259l\u0259ri h\u0259l\u0259 d\u0259 Rusiya qaz\u0131ndan ciddi as\u0131l\u0131 v\u0259ziyy\u0259td\u0259dirl\u0259r v\u0259 \u0259sas h\u0259d\u0259f kimi, m\u0259hz bu \u00f6lk\u0259l\u0259rin as\u0131l\u0131l\u0131\u011f\u0131n\u0131n azald\u0131lmas\u0131 g\u00fcnd\u0259m\u0259 g\u0259lib.\u00a0(Foto)\n<\/p>\n<figure class=\"wp-block-image size-large\">\n  <img decoding=\"async\" src=\"https:\/\/www.meydan.tv\/az\/21819\/\" alt=\"\" class=\"wp-image-21819\"\/><figcaption><\/figcaption><\/figure>\n<p>\n  B\u00fct\u00fcn bu ba\u015f ver\u0259n hadis\u0259l\u0259rin Az\u0259rbaycanla birba\u015fa \u0259laq\u0259si var. Az\u0259rbaycan h\u00f6kum\u0259ti israr edir ki, yax\u0131n 5 ild\u0259 Avropan\u0131n yeni qaz m\u0259nb\u0259yi bizim \u00f6lk\u0259 olacaq v\u0259 bu tezisd\u0259n siyasi dividentl\u0259r \u0259ld\u0259 etm\u0259k \u00fc\u00e7\u00fcn istifad\u0259 edirl\u0259r. Bir m\u0259s\u0259l\u0259ni anlam\u0131rlar ki, bu tezis Az\u0259rbaycan auditoriyas\u0131 \u00fc\u00e7\u00fcn ke\u00e7\u0259rli olsa da, Avropa institutlar\u0131n\u0131 bel\u0259 m\u0259s\u0259l\u0259l\u0259rl\u0259 aldatmaq m\u00fcmk\u00fcn deyil. Az\u0259rbaycan\u0131n qaz resurslar\u0131 Avropa \u00fc\u00e7\u00fcn t\u0259k bir m\u0259s\u0259l\u0259d\u0259 \u00f6n\u0259mli idi: Rusiya qiym\u0259t diqt\u0259 ed\u0259rk\u0259n, yeni m\u0259nb\u0259nin olmas\u0131 Avropaya dan\u0131\u015f\u0131qlarda \u00fcst\u00fcnl\u00fck qazanma\u011fa yard\u0131m\u00e7\u0131 olurdu, amma, h\u0259m Avropa, h\u0259m d\u0259 Rusiya yax\u015f\u0131 bilirdil\u0259r ki, Az\u0259rbaycan\u0131n \u00e7ox ki\u00e7ik qaz h\u0259cml\u0259ri Avropada \u201chavan\u0131 d\u0259yi\u015fm\u0259y\u0259c\u0259k\u201d. Yeni Enerji \u0130ttfaq\u0131n\u0131n yaranmas\u0131 is\u0259, \u00fcmumiyy\u0259tl\u0259, bu amili d\u0259 he\u00e7\u0259 endirir: Rusiya daha qiym\u0259t dikt\u0259si ed\u0259 bilm\u0259y\u0259c\u0259k. Yax\u0131n 5 ild\u0259 Avropa qaz bazar\u0131na yeni b\u00f6y\u00fck oyun\u00e7ular daxil olacaq. AB\u015e, \u0130srail, Kipr kimi oyun\u00e7ularla yana\u015f\u0131, \u0130ran v\u0259 \u0130raq kimi b\u00f6y\u00fck, \u0259h\u0259miyy\u0259tli qaz ehtiyatlar\u0131 olan \u00f6lk\u0259l\u0259r d\u0259 Avropa bazar\u0131n\u0131 h\u0259d\u0259f al\u0131b. \u00c7\u00fcnki, stabil v\u0259 varl\u0131 m\u00fc\u015ft\u0259ril\u0259r m\u0259hz bu bazardad\u0131r. Avropa da bunun f\u0259rqind\u0259dir, bunu anlay\u0131r v\u0259 oyun qaydalar\u0131n\u0131 \u00f6z\u00fc m\u00fc\u0259yy\u0259n etm\u0259y\u0259 \u00e7al\u0131\u015f\u0131r. R\u0259q\u0259ml\u0259rin quru dili il\u0259 v\u0259ziyy\u0259t bel\u0259dir: 2020-ci ild\u0259 Avropan\u0131n qaza olan t\u0259labat\u0131 500 mlrd.\u00a0m3 olacaq, Az\u0259rbaycan 2020-ci ild\u0259 \u0259n yax\u015f\u0131 halda Avropaya 10 mlrd. m3 qaz \u00e7\u0131xarda bil\u0259c\u0259k ki, bu da \u00e7ox ki\u00e7ik r\u0259q\u0259mdir. \u0130ran sanksiyalar g\u00f6t\u00fcr\u00fcld\u00fckd\u0259n sonra 3 il\u0259 Avropa bazar\u0131na 60 mlrd. m3 qaz \u00e7\u0131xarda bil\u0259r, \u0130raq\u0131n potensial\u0131 is\u0259 15-20 mlrd. m3-dir. Y\u0259ni, t\u0259k bu iki \u00f6lk\u0259 Az\u0259rbaycandan 8 d\u0259f\u0259 \u00e7ox Avropaya qaz ixrac ed\u0259 bil\u0259r. AB\u015e-da s\u0131x\u0131lm\u0131\u015f qaz terminallar\u0131 2016-c\u0131 ild\u0259n sonra i\u015f\u0259 d\u00fc\u015f\u0259c\u0259k, 2020-ci il\u0259 q\u0259d\u0259r AB\u015e Avropaya 80 mlrd. m3 qaz \u00e7\u0131xarda bil\u0259r. \u0130srail v\u0259 Kipr d\u0259 2020-ci il\u0259 q\u0259d\u0259r Avropa bazar\u0131na ild\u0259 30-40 mlrd. m3 qaz \u00e7\u0131xartma\u011f\u0131 h\u0259d\u0259fl\u0259yir. Y\u0259ni, yeni qaz m\u0259nb\u0259l\u0259rind\u0259n 2020-ci il\u0259 q\u0259d\u0259r Avropaya 200-210 mlrd. m3 qaz sat\u0131\u015fa \u00e7\u0131xar\u0131lacaq ki, bu da Rusiyan\u0131n bu g\u00fcn t\u0259dar\u00fck etdiyi 150 mlrd. m3 qazdan xeyli art\u0131qd\u0131r. Ba\u015fqa s\u00f6zl\u0259, 19 martda yaranm\u0131\u015f yeni Avropa Enerji \u0130ttifaq\u0131 m\u0259hz bu m\u0259s\u0259l\u0259l\u0259ri h\u0259ll etm\u0259k \u00fc\u00e7\u00fcn t\u0259sis edildi.\n<\/p>\n<p>\n  Az\u0259rbaycan h\u00f6kum\u0259ti anlamal\u0131d\u0131r ki, neft-qazla dost tutmaq eras\u0131 art\u0131q bitib, \u00f6lk\u0259nin b\u00fct\u00fcn iqtisadi v\u0259 siyasi maraqlar\u0131 m\u0259hz enerji faktoruna k\u00f6kl\u0259ndiyind\u0259n art\u0131q dayanaql\u0131\u011f\u0131n\u0131 itirib, \u00f6lk\u0259 m\u00fctl\u0259q yeni, t\u0259r\u0259qqiy\u0259 hesablanm\u0131\u015f model\u0259, yeni sistem\u0259 ke\u00e7m\u0259lidir.\u00a0\u0130ndiki siyasi hakimiyy\u0259t bunu n\u0259 q\u0259d\u0259r tez anlasa, \u00f6lk\u0259miz \u00fc\u00e7\u00fcn, d\u00f6vl\u0259timiz \u00fc\u00e7\u00fcn bir o q\u0259d\u0259r faydal\u0131 olacaq.\u00a0Yox\u00a0\u0259g\u0259r\u00a0reall\u0131\u011f\u0131 q\u0259bul etm\u0259m\u0259kd\u0259 israrl\u0131 olsalar, h\u0259m \u00f6zl\u0259rin\u0259, h\u0259m \u00f6lk\u0259miz\u0259 ciddi ziyan vuracaqlar\u2026.\n<\/p>\n<p>\n  Natiq C\u0259f\u0259rli<\/p>\n","protected":false},"excerpt":{"rendered":"<p>Az\u0259rbaycan h\u00f6kum\u0259ti anlamal\u0131d\u0131r ki, neft-qazla dost tutmaq eras\u0131 art\u0131q bitib<\/p>\n","protected":false},"author":11,"featured_media":21806,"comment_status":"closed","ping_status":"open","sticky":false,"template":"","format":"standard","meta":{"_acf_changed":false,"_sitemap_exclude":false,"_sitemap_priority":"","_sitemap_frequency":"","footnotes":""},"categories":[56],"tags":[],"class_list":["post-167338","post","type-post","status-publish","format-standard","has-post-thumbnail","hentry","category-xeberler","infinite-scroll-item","generate-columns","tablet-grid-50","mobile-grid-100","grid-parent","grid-33","no-featured-image-padding"],"acf":[],"yoast_head":"<!-- This site is optimized with the Yoast SEO plugin v28.4 - https:\/\/yoast.com\/product\/yoast-seo-wordpress\/ -->\n<title>Avropan\u0131n yeni enerji x\u0259rit\u0259si (T\u018fHL\u0130L) - MEYDAN.TV<\/title>\n<meta name=\"robots\" content=\"index, follow, max-snippet:-1, max-image-preview:large, max-video-preview:-1\" \/>\n<link rel=\"canonical\" href=\"https:\/\/www.meydan.tv\/az\/article\/avropanin-yeni-enerji-xeritesi-tehlil\/\" \/>\n<meta property=\"og:locale\" content=\"az_AZ\" \/>\n<meta property=\"og:type\" content=\"article\" \/>\n<meta property=\"og:title\" content=\"Avropan\u0131n yeni enerji x\u0259rit\u0259si (T\u018fHL\u0130L) - MEYDAN.TV\" \/>\n<meta property=\"og:description\" content=\"Az\u0259rbaycan h\u00f6kum\u0259ti anlamal\u0131d\u0131r ki, neft-qazla dost tutmaq eras\u0131 art\u0131q bitib\" \/>\n<meta property=\"og:url\" content=\"https:\/\/www.meydan.tv\/az\/article\/avropanin-yeni-enerji-xeritesi-tehlil\/\" \/>\n<meta property=\"og:site_name\" content=\"MEYDAN.TV\" \/>\n<meta property=\"article:published_time\" content=\"2015-03-23T10:46:02+00:00\" \/>\n<meta property=\"og:image\" content=\"https:\/\/www.meydan.tv\/wp-content\/uploads\/7895.jpg\" \/>\n\t<meta property=\"og:image:width\" content=\"389\" \/>\n\t<meta property=\"og:image:height\" content=\"300\" \/>\n\t<meta property=\"og:image:type\" content=\"image\/jpeg\" \/>\n<meta name=\"twitter:card\" content=\"summary_large_image\" \/>\n<!-- \/ Yoast SEO plugin. -->","yoast_head_json":{"title":"Avropan\u0131n yeni enerji x\u0259rit\u0259si (T\u018fHL\u0130L) - MEYDAN.TV","robots":{"index":"index","follow":"follow","max-snippet":"max-snippet:-1","max-image-preview":"max-image-preview:large","max-video-preview":"max-video-preview:-1"},"canonical":"https:\/\/www.meydan.tv\/az\/article\/avropanin-yeni-enerji-xeritesi-tehlil\/","og_locale":"az_AZ","og_type":"article","og_title":"Avropan\u0131n yeni enerji x\u0259rit\u0259si (T\u018fHL\u0130L) - MEYDAN.TV","og_description":"Az\u0259rbaycan h\u00f6kum\u0259ti anlamal\u0131d\u0131r ki, neft-qazla dost tutmaq eras\u0131 art\u0131q bitib","og_url":"https:\/\/www.meydan.tv\/az\/article\/avropanin-yeni-enerji-xeritesi-tehlil\/","og_site_name":"MEYDAN.TV","article_published_time":"2015-03-23T10:46:02+00:00","og_image":[{"width":389,"height":300,"url":"https:\/\/www.meydan.tv\/wp-content\/uploads\/7895.jpg","type":"image\/jpeg"}],"twitter_card":"summary_large_image","schema":{"@context":"https:\/\/schema.org","@graph":[{"@type":"Article","@id":"https:\/\/www.meydan.tv\/az\/article\/avropanin-yeni-enerji-xeritesi-tehlil\/#article","isPartOf":{"@id":"https:\/\/www.meydan.tv\/az\/article\/avropanin-yeni-enerji-xeritesi-tehlil\/"},"author":{"name":"user-manager","@id":"https:\/\/www.meydan.tv\/az\/#\/schema\/person\/10d11eccf6da3662cf5fdab9806ea91a"},"headline":"Avropan\u0131n yeni enerji x\u0259rit\u0259si (T\u018fHL\u0130L)","datePublished":"2015-03-23T10:46:02+00:00","mainEntityOfPage":{"@id":"https:\/\/www.meydan.tv\/az\/article\/avropanin-yeni-enerji-xeritesi-tehlil\/"},"wordCount":1256,"publisher":{"@id":"https:\/\/www.meydan.tv\/az\/#organization"},"image":{"@id":"https:\/\/www.meydan.tv\/az\/article\/avropanin-yeni-enerji-xeritesi-tehlil\/#primaryimage"},"thumbnailUrl":"https:\/\/www.meydan.tv\/wp-content\/uploads\/7895.jpg","articleSection":["X\u0259b\u0259rl\u0259r"],"inLanguage":"az"},{"@type":"WebPage","@id":"https:\/\/www.meydan.tv\/az\/article\/avropanin-yeni-enerji-xeritesi-tehlil\/","url":"https:\/\/www.meydan.tv\/az\/article\/avropanin-yeni-enerji-xeritesi-tehlil\/","name":"Avropan\u0131n yeni enerji x\u0259rit\u0259si (T\u018fHL\u0130L) - MEYDAN.TV","isPartOf":{"@id":"https:\/\/www.meydan.tv\/az\/#website"},"primaryImageOfPage":{"@id":"https:\/\/www.meydan.tv\/az\/article\/avropanin-yeni-enerji-xeritesi-tehlil\/#primaryimage"},"image":{"@id":"https:\/\/www.meydan.tv\/az\/article\/avropanin-yeni-enerji-xeritesi-tehlil\/#primaryimage"},"thumbnailUrl":"https:\/\/www.meydan.tv\/wp-content\/uploads\/7895.jpg","datePublished":"2015-03-23T10:46:02+00:00","breadcrumb":{"@id":"https:\/\/www.meydan.tv\/az\/article\/avropanin-yeni-enerji-xeritesi-tehlil\/#breadcrumb"},"inLanguage":"az","potentialAction":[{"@type":"ReadAction","target":["https:\/\/www.meydan.tv\/az\/article\/avropanin-yeni-enerji-xeritesi-tehlil\/"]}]},{"@type":"ImageObject","inLanguage":"az","@id":"https:\/\/www.meydan.tv\/az\/article\/avropanin-yeni-enerji-xeritesi-tehlil\/#primaryimage","url":"https:\/\/www.meydan.tv\/wp-content\/uploads\/7895.jpg","contentUrl":"https:\/\/www.meydan.tv\/wp-content\/uploads\/7895.jpg","width":389,"height":300,"caption":"Source:"},{"@type":"BreadcrumbList","@id":"https:\/\/www.meydan.tv\/az\/article\/avropanin-yeni-enerji-xeritesi-tehlil\/#breadcrumb","itemListElement":[{"@type":"ListItem","position":1,"name":"Ana s\u0259hif\u0259","item":"https:\/\/www.meydan.tv\/az\/"},{"@type":"ListItem","position":2,"name":"X\u0259b\u0259rl\u0259r","item":"https:\/\/www.meydan.tv\/az\/section\/xeberler\/"},{"@type":"ListItem","position":3,"name":"Avropan\u0131n yeni enerji x\u0259rit\u0259si (T\u018fHL\u0130L)"}]},{"@type":"WebSite","@id":"https:\/\/www.meydan.tv\/az\/#website","url":"https:\/\/www.meydan.tv\/az\/","name":"MEYDAN.TV","description":"Meydan TV Az\u0259rbaycan\u0131n media m\u0259kan\u0131ndak\u0131 alternativ s\u0259sidir","publisher":{"@id":"https:\/\/www.meydan.tv\/az\/#organization"},"potentialAction":[{"@type":"SearchAction","target":{"@type":"EntryPoint","urlTemplate":"https:\/\/www.meydan.tv\/az\/?s={search_term_string}"},"query-input":{"@type":"PropertyValueSpecification","valueRequired":true,"valueName":"search_term_string"}}],"inLanguage":"az"},{"@type":"Organization","@id":"https:\/\/www.meydan.tv\/az\/#organization","name":"Meydan TV","url":"https:\/\/www.meydan.tv\/az\/","logo":{"@type":"ImageObject","inLanguage":"az","@id":"https:\/\/www.meydan.tv\/az\/#\/schema\/logo\/image\/","url":"https:\/\/www.meydan.tv\/wp-content\/uploads\/2021\/07\/meydan-logo.svg","contentUrl":"https:\/\/www.meydan.tv\/wp-content\/uploads\/2021\/07\/meydan-logo.svg","width":195,"height":46,"caption":"Meydan TV"},"image":{"@id":"https:\/\/www.meydan.tv\/az\/#\/schema\/logo\/image\/"}},{"@type":"Person","@id":"https:\/\/www.meydan.tv\/az\/#\/schema\/person\/10d11eccf6da3662cf5fdab9806ea91a","name":"user-manager"}]}},"_links":{"self":[{"href":"https:\/\/www.meydan.tv\/az\/wp-json\/wp\/v2\/posts\/167338","targetHints":{"allow":["GET"]}}],"collection":[{"href":"https:\/\/www.meydan.tv\/az\/wp-json\/wp\/v2\/posts"}],"about":[{"href":"https:\/\/www.meydan.tv\/az\/wp-json\/wp\/v2\/types\/post"}],"author":[{"embeddable":true,"href":"https:\/\/www.meydan.tv\/az\/wp-json\/wp\/v2\/users\/11"}],"replies":[{"embeddable":true,"href":"https:\/\/www.meydan.tv\/az\/wp-json\/wp\/v2\/comments?post=167338"}],"version-history":[{"count":0,"href":"https:\/\/www.meydan.tv\/az\/wp-json\/wp\/v2\/posts\/167338\/revisions"}],"wp:featuredmedia":[{"embeddable":true,"href":"https:\/\/www.meydan.tv\/az\/wp-json\/wp\/v2\/media\/21806"}],"wp:attachment":[{"href":"https:\/\/www.meydan.tv\/az\/wp-json\/wp\/v2\/media?parent=167338"}],"wp:term":[{"taxonomy":"category","embeddable":true,"href":"https:\/\/www.meydan.tv\/az\/wp-json\/wp\/v2\/categories?post=167338"},{"taxonomy":"post_tag","embeddable":true,"href":"https:\/\/www.meydan.tv\/az\/wp-json\/wp\/v2\/tags?post=167338"}],"curies":[{"name":"wp","href":"https:\/\/api.w.org\/{rel}","templated":true}]}}