{"id":167337,"date":"2015-03-23T00:43:47","date_gmt":"2015-03-23T00:43:47","guid":{"rendered":"https:\/\/www.meydan.tv\/article\/elektrik-enerjisinin-qiymeti-bahalasa-biler\/"},"modified":"2015-03-23T00:43:47","modified_gmt":"2015-03-23T00:43:47","slug":"elektrik-enerjisinin-qiymeti-bahalasa-biler","status":"publish","type":"post","link":"https:\/\/www.meydan.tv\/az\/article\/elektrik-enerjisinin-qiymeti-bahalasa-biler\/","title":{"rendered":"Elektrik enerjisinin qiym\u0259ti bahala\u015fa bil\u0259r"},"content":{"rendered":"<figure class=\"wp-block-image size-large\">\n  <img decoding=\"async\" src=\"https:\/\/www.meydan.tv\/az\/21801\/\" alt=\"\" class=\"wp-image-21801\"\/><figcaption><\/figcaption><\/figure>\n<figure class=\"wp-block-image size-large\">\n  <img decoding=\"async\" src=\"https:\/\/www.meydan.tv\/az\/21804\/\" alt=\"\" class=\"wp-image-21804\"\/><figcaption><\/figcaption><\/figure>\n<p>\n  <i><br \/>\n    Qubad \u0130bado\u011flu: &#8220;Tarif \u015euras\u0131n\u0131n h\u0259r an q\u0259rar verm\u0259si lab\u00fcdd\u00fcr&#8221;<br \/>\n  <\/i>\n<\/p>\n<p>\n  &#8220;Az\u0259rbaycan manat\u0131n\u0131n ucuzla\u015fmas\u0131ndan sonra b\u0131r s\u0131ra d\u00f6vl\u0259t \u015firk\u0259tl\u0259rinin maliyy\u0259 v\u0259ziyy\u0259ti xeyli pisl\u0259\u015fib. Onlar aras\u0131nda &#8220;Az\u0259renerji&#8221; A\u00e7\u0131q S\u0259hmdar C\u0259miyy\u0259ti (ASC) x\u00fcsusil\u0259 f\u0259rql\u0259nir. Kredit borcu \u0259sas\u0259n valyuta il\u0259 olan v\u0259 xaricd\u0259n d\u00f6vl\u0259t t\u0259minat\u0131 il\u0259 \u0259n \u00e7ox kredit g\u00f6t\u00fcr\u0259n &#8220;Az\u0259renerji&#8221; ASC-i manat\u0131n devalvasiyas\u0131ndan sonra \u00f6z\u00fcn\u0259m\u0259xsus maliyy\u0259 v\u0259saitl\u0259ri hesab\u0131na borc \u00f6hd\u0259likl\u0259rini yerin\u0259 yetir\u0259 bilm\u0259y\u0259c\u0259k&#8221;.\n<\/p>\n<p>\n  Bunu iqtisad\u00e7\u0131 Qubad \u0130bado\u011flu \u00f6z Facebook s\u0259hif\u0259sind\u0259 yaz\u0131b.\n<\/p>\n<p>\n  Onun s\u00f6zl\u0259rin\u0259 g\u00f6r\u0259, \u015firk\u0259tin s\u00fcr\u0259tl\u0259 artan investisiya \u00f6hd\u0259likl\u0259ri (4 milyard dollardan \u00e7ox) v\u0259 vergi borclar\u0131 (1 milyard dollar manatad\u0259k) onun haz\u0131rk\u0131 situasiyada maliyy\u0259 sabitliyini daha pisl\u0259\u015fdirib, \u00f6d\u0259m\u0259 qabliyy\u0259tini a\u015fa\u011f\u0131 sal\u0131b: &#8220;\u015eirk\u0259tin istehsal etdiyi m\u0259hsulun maya d\u0259y\u0259rin\u0259 yanacaq, ma\u015f\u0131n v\u0259 avadanl\u0131qlar x\u0259rcl\u0259ri \u0259h\u0259miyy\u0259tli paya malikdir. Bel\u0259 ki, &#8220;Az\u0259renerji&#8221; ASC-d\u0259 yanacaq x\u0259rcl\u0259ri \u015firk\u0259tin \u0259m\u0259liyyat x\u0259rcl\u0259rinin t\u0259qrib\u0259n yar\u0131s\u0131n\u0131 t\u0259\u015fkil edir. \u018fg\u0259r &#8220;Az\u0259renerji&#8221; ASC-y\u0259 ARDN\u015e-nin satd\u0131\u011f\u0131 qaz\u0131n qiym\u0259tl\u0259rind\u0259 ucuzla\u015fma ba\u015f verm\u0259zs\u0259 v\u0259 onun kreditor borclar\u0131 d\u00f6vl\u0259t b\u00fcdc\u0259si hesab\u0131na ba\u011flanmazsa, &#8220;x\u0259rcl\u0259r-plus&#8221; mexanizmi il\u0259 tarifl\u0259rin m\u00fc\u0259yy\u0259nl\u0259\u015fdirm\u0259sin\u0259 ke\u00e7ilm\u0259y\u0259c\u0259yi t\u0259qdird\u0259 \u015firk\u0259tin defolt olmas\u0131 ehtimal\u0131 getdikc\u0259 art\u0131r. V\u0259ziyy\u0259td\u0259n \u00e7\u0131xmaq \u00fc\u00e7\u00fcn m\u00fcmk\u00fcn yollar\u0131n h\u0259r biri m\u00fcxt\u0259lif s\u0259viyy\u0259li sosial riskl\u0259r\u0259 malikdir. Birinci yol kreditor borclar\u0131n\u0131n b\u00fcdc\u0259d\u0259n qar\u015f\u0131lanmas\u0131d\u0131r&#8221;.\n<\/p>\n<figure class=\"wp-block-image size-large\">\n  <img decoding=\"async\" src=\"https:\/\/www.meydan.tv\/az\/21801\/\" alt=\"\" class=\"wp-image-21801\"\/><figcaption><\/figcaption><\/figure>\n<p>\n  \u0130qtisad\u00e7\u0131n\u0131n fikrinc\u0259, neft qiym\u0259tl\u0259inin k\u0259skin ucuzla\u015fmas\u0131 s\u0259b\u0259bind\u0259n proqnozla\u015fd\u0131r\u0131lan g\u0259lirl\u0259rin yar\u0131s\u0131na bel\u0259 malik olmayan D\u00f6vl\u0259t Neft Fondunun d\u00f6vl\u0259t b\u00fcdc\u0259sin\u0259 transfer \u00f6hd\u0259likl\u0259rind\u0259 yaranan \u00e7\u0259tinlikl\u0259r fonunda b\u00fcdc\u0259 x\u0259rcl\u0259rinin art\u0131m\u0131 deyil, ixtisar\u0131 daha \u00e7ox ehtimal olunur: &#8220;\u0130kinci yol is\u0259 enerji tarifl\u0259rinin &#8220;x\u0259rcl\u0259r plyus&#8221; mexanizmi il\u0259 t\u0259nziml\u0259nm\u0259sidir. Bu sistem\u0259 ke\u00e7id elektrik enerjisininin qiym\u0259tl\u0259inin bahala\u015fmas\u0131n\u0131 \u015f\u0259rtl\u0259ndirir. Onun ard\u0131nca is\u0259 &#8220;Bak\u0131 metropoliteni&#8221; v\u0259 &#8220;Az\u0259rbaycan d\u0259mir yollar\u0131&#8221; qapal\u0131 s\u0259hmdar c\u0259miyy\u0259tl\u0259rind\u0259 (QSC) s\u0259rni\u015finl\u0259r \u00fc\u00e7\u00fcn gedi\u015f haqq\u0131n\u0131n bahala\u015fmas\u0131 ba\u015f ver\u0259 bil\u0259r. Bu yol sosial bax\u0131mdan daha riskli olsa da, h\u00f6k\u00fcm\u0259tin haz\u0131rk\u0131 maliyy\u0259 durumunda daha real g\u00f6rs\u0259nir. Odur ki, elektrik enerjisinin qiym\u0259tinin bahala\u015fmas\u0131 lab\u00fcdd\u00fcr v\u0259 &#8220;Tarif&#8221; \u015euras\u0131ndan bel\u0259 q\u0259rar\u0131 ist\u0259nil\u0259n anda (daha \u00e7ox ehtimal olunan yay aylar\u0131nda) g\u00f6zl\u0259m\u0259k m\u00fcmk\u00fcnd\u00fcr. Amma h\u00f6k\u00fcm\u0259t onu da n\u0259z\u0259r\u0259 almal\u0131d\u0131r ki, \u0259rzaq x\u0259rcl\u0259rinin bahala\u015fd\u0131\u011f\u0131 indiki d\u00f6vrd\u0259 bir \u00e7ox ail\u0259l\u0259r h\u0259tta haz\u0131rk\u0131 tarifl\u0259 elektrik enerjisini \u00f6d\u0259m\u0259kd\u0259 bel\u0259 \u00e7\u0259tinlik\u0259rl\u0259 qar\u015f\u0131la\u015f\u0131rlar&#8221;.\n<\/p><\/p>\n","protected":false},"excerpt":{"rendered":"<p>Qubad \u0130bado\u011flu: &#8220;Tarif \u015euras\u0131n\u0131n h\u0259r an q\u0259rar verm\u0259si lab\u00fcdd\u00fcr&#8221;<\/p>\n","protected":false},"author":11,"featured_media":21801,"comment_status":"closed","ping_status":"open","sticky":false,"template":"","format":"standard","meta":{"_acf_changed":false,"_sitemap_exclude":false,"_sitemap_priority":"","_sitemap_frequency":"","footnotes":""},"categories":[56],"tags":[],"class_list":["post-167337","post","type-post","status-publish","format-standard","has-post-thumbnail","hentry","category-xeberler","infinite-scroll-item","generate-columns","tablet-grid-50","mobile-grid-100","grid-parent","grid-33","no-featured-image-padding"],"acf":[],"yoast_head":"<!-- This site is optimized with the Yoast SEO plugin v28.4 - https:\/\/yoast.com\/product\/yoast-seo-wordpress\/ -->\n<title>Elektrik enerjisinin qiym\u0259ti bahala\u015fa bil\u0259r - MEYDAN.TV<\/title>\n<meta name=\"robots\" content=\"index, follow, max-snippet:-1, max-image-preview:large, max-video-preview:-1\" \/>\n<link rel=\"canonical\" href=\"https:\/\/www.meydan.tv\/az\/article\/elektrik-enerjisinin-qiymeti-bahalasa-biler\/\" \/>\n<meta property=\"og:locale\" content=\"az_AZ\" \/>\n<meta property=\"og:type\" content=\"article\" \/>\n<meta property=\"og:title\" content=\"Elektrik enerjisinin qiym\u0259ti bahala\u015fa bil\u0259r - MEYDAN.TV\" \/>\n<meta property=\"og:description\" content=\"Qubad \u0130bado\u011flu: &quot;Tarif \u015euras\u0131n\u0131n h\u0259r an q\u0259rar verm\u0259si lab\u00fcdd\u00fcr&quot;\" \/>\n<meta property=\"og:url\" content=\"https:\/\/www.meydan.tv\/az\/article\/elektrik-enerjisinin-qiymeti-bahalasa-biler\/\" \/>\n<meta property=\"og:site_name\" content=\"MEYDAN.TV\" \/>\n<meta property=\"article:published_time\" content=\"2015-03-23T00:43:47+00:00\" \/>\n<meta property=\"og:image\" content=\"https:\/\/www.meydan.tv\/wp-content\/uploads\/7893.jpg\" \/>\n\t<meta property=\"og:image:width\" content=\"300\" \/>\n\t<meta property=\"og:image:height\" content=\"300\" \/>\n\t<meta property=\"og:image:type\" content=\"image\/jpeg\" \/>\n<meta name=\"twitter:card\" content=\"summary_large_image\" \/>\n<!-- \/ Yoast SEO plugin. -->","yoast_head_json":{"title":"Elektrik enerjisinin qiym\u0259ti bahala\u015fa bil\u0259r - MEYDAN.TV","robots":{"index":"index","follow":"follow","max-snippet":"max-snippet:-1","max-image-preview":"max-image-preview:large","max-video-preview":"max-video-preview:-1"},"canonical":"https:\/\/www.meydan.tv\/az\/article\/elektrik-enerjisinin-qiymeti-bahalasa-biler\/","og_locale":"az_AZ","og_type":"article","og_title":"Elektrik enerjisinin qiym\u0259ti bahala\u015fa bil\u0259r - MEYDAN.TV","og_description":"Qubad \u0130bado\u011flu: \"Tarif \u015euras\u0131n\u0131n h\u0259r an q\u0259rar verm\u0259si lab\u00fcdd\u00fcr\"","og_url":"https:\/\/www.meydan.tv\/az\/article\/elektrik-enerjisinin-qiymeti-bahalasa-biler\/","og_site_name":"MEYDAN.TV","article_published_time":"2015-03-23T00:43:47+00:00","og_image":[{"width":300,"height":300,"url":"https:\/\/www.meydan.tv\/wp-content\/uploads\/7893.jpg","type":"image\/jpeg"}],"twitter_card":"summary_large_image","schema":{"@context":"https:\/\/schema.org","@graph":[{"@type":"Article","@id":"https:\/\/www.meydan.tv\/az\/article\/elektrik-enerjisinin-qiymeti-bahalasa-biler\/#article","isPartOf":{"@id":"https:\/\/www.meydan.tv\/az\/article\/elektrik-enerjisinin-qiymeti-bahalasa-biler\/"},"author":{"name":"user-manager","@id":"https:\/\/www.meydan.tv\/az\/#\/schema\/person\/10d11eccf6da3662cf5fdab9806ea91a"},"headline":"Elektrik enerjisinin qiym\u0259ti bahala\u015fa bil\u0259r","datePublished":"2015-03-23T00:43:47+00:00","mainEntityOfPage":{"@id":"https:\/\/www.meydan.tv\/az\/article\/elektrik-enerjisinin-qiymeti-bahalasa-biler\/"},"wordCount":550,"publisher":{"@id":"https:\/\/www.meydan.tv\/az\/#organization"},"image":{"@id":"https:\/\/www.meydan.tv\/az\/article\/elektrik-enerjisinin-qiymeti-bahalasa-biler\/#primaryimage"},"thumbnailUrl":"https:\/\/www.meydan.tv\/wp-content\/uploads\/7893.jpg","articleSection":["X\u0259b\u0259rl\u0259r"],"inLanguage":"az"},{"@type":"WebPage","@id":"https:\/\/www.meydan.tv\/az\/article\/elektrik-enerjisinin-qiymeti-bahalasa-biler\/","url":"https:\/\/www.meydan.tv\/az\/article\/elektrik-enerjisinin-qiymeti-bahalasa-biler\/","name":"Elektrik enerjisinin qiym\u0259ti bahala\u015fa bil\u0259r - MEYDAN.TV","isPartOf":{"@id":"https:\/\/www.meydan.tv\/az\/#website"},"primaryImageOfPage":{"@id":"https:\/\/www.meydan.tv\/az\/article\/elektrik-enerjisinin-qiymeti-bahalasa-biler\/#primaryimage"},"image":{"@id":"https:\/\/www.meydan.tv\/az\/article\/elektrik-enerjisinin-qiymeti-bahalasa-biler\/#primaryimage"},"thumbnailUrl":"https:\/\/www.meydan.tv\/wp-content\/uploads\/7893.jpg","datePublished":"2015-03-23T00:43:47+00:00","breadcrumb":{"@id":"https:\/\/www.meydan.tv\/az\/article\/elektrik-enerjisinin-qiymeti-bahalasa-biler\/#breadcrumb"},"inLanguage":"az","potentialAction":[{"@type":"ReadAction","target":["https:\/\/www.meydan.tv\/az\/article\/elektrik-enerjisinin-qiymeti-bahalasa-biler\/"]}]},{"@type":"ImageObject","inLanguage":"az","@id":"https:\/\/www.meydan.tv\/az\/article\/elektrik-enerjisinin-qiymeti-bahalasa-biler\/#primaryimage","url":"https:\/\/www.meydan.tv\/wp-content\/uploads\/7893.jpg","contentUrl":"https:\/\/www.meydan.tv\/wp-content\/uploads\/7893.jpg","width":300,"height":300,"caption":"Source:"},{"@type":"BreadcrumbList","@id":"https:\/\/www.meydan.tv\/az\/article\/elektrik-enerjisinin-qiymeti-bahalasa-biler\/#breadcrumb","itemListElement":[{"@type":"ListItem","position":1,"name":"Ana s\u0259hif\u0259","item":"https:\/\/www.meydan.tv\/az\/"},{"@type":"ListItem","position":2,"name":"X\u0259b\u0259rl\u0259r","item":"https:\/\/www.meydan.tv\/az\/section\/xeberler\/"},{"@type":"ListItem","position":3,"name":"Elektrik enerjisinin qiym\u0259ti bahala\u015fa bil\u0259r"}]},{"@type":"WebSite","@id":"https:\/\/www.meydan.tv\/az\/#website","url":"https:\/\/www.meydan.tv\/az\/","name":"MEYDAN.TV","description":"Meydan TV Az\u0259rbaycan\u0131n media m\u0259kan\u0131ndak\u0131 alternativ s\u0259sidir","publisher":{"@id":"https:\/\/www.meydan.tv\/az\/#organization"},"potentialAction":[{"@type":"SearchAction","target":{"@type":"EntryPoint","urlTemplate":"https:\/\/www.meydan.tv\/az\/?s={search_term_string}"},"query-input":{"@type":"PropertyValueSpecification","valueRequired":true,"valueName":"search_term_string"}}],"inLanguage":"az"},{"@type":"Organization","@id":"https:\/\/www.meydan.tv\/az\/#organization","name":"Meydan TV","url":"https:\/\/www.meydan.tv\/az\/","logo":{"@type":"ImageObject","inLanguage":"az","@id":"https:\/\/www.meydan.tv\/az\/#\/schema\/logo\/image\/","url":"https:\/\/www.meydan.tv\/wp-content\/uploads\/2021\/07\/meydan-logo.svg","contentUrl":"https:\/\/www.meydan.tv\/wp-content\/uploads\/2021\/07\/meydan-logo.svg","width":195,"height":46,"caption":"Meydan TV"},"image":{"@id":"https:\/\/www.meydan.tv\/az\/#\/schema\/logo\/image\/"}},{"@type":"Person","@id":"https:\/\/www.meydan.tv\/az\/#\/schema\/person\/10d11eccf6da3662cf5fdab9806ea91a","name":"user-manager"}]}},"_links":{"self":[{"href":"https:\/\/www.meydan.tv\/az\/wp-json\/wp\/v2\/posts\/167337","targetHints":{"allow":["GET"]}}],"collection":[{"href":"https:\/\/www.meydan.tv\/az\/wp-json\/wp\/v2\/posts"}],"about":[{"href":"https:\/\/www.meydan.tv\/az\/wp-json\/wp\/v2\/types\/post"}],"author":[{"embeddable":true,"href":"https:\/\/www.meydan.tv\/az\/wp-json\/wp\/v2\/users\/11"}],"replies":[{"embeddable":true,"href":"https:\/\/www.meydan.tv\/az\/wp-json\/wp\/v2\/comments?post=167337"}],"version-history":[{"count":0,"href":"https:\/\/www.meydan.tv\/az\/wp-json\/wp\/v2\/posts\/167337\/revisions"}],"wp:featuredmedia":[{"embeddable":true,"href":"https:\/\/www.meydan.tv\/az\/wp-json\/wp\/v2\/media\/21801"}],"wp:attachment":[{"href":"https:\/\/www.meydan.tv\/az\/wp-json\/wp\/v2\/media?parent=167337"}],"wp:term":[{"taxonomy":"category","embeddable":true,"href":"https:\/\/www.meydan.tv\/az\/wp-json\/wp\/v2\/categories?post=167337"},{"taxonomy":"post_tag","embeddable":true,"href":"https:\/\/www.meydan.tv\/az\/wp-json\/wp\/v2\/tags?post=167337"}],"curies":[{"name":"wp","href":"https:\/\/api.w.org\/{rel}","templated":true}]}}