{"id":167336,"date":"2015-03-22T23:29:48","date_gmt":"2015-03-22T23:29:48","guid":{"rendered":"https:\/\/www.meydan.tv\/article\/aig-azerbaycandan-getmeye-telesmir\/"},"modified":"2015-03-22T23:29:48","modified_gmt":"2015-03-22T23:29:48","slug":"aig-azerbaycandan-getmeye-telesmir","status":"publish","type":"post","link":"https:\/\/www.meydan.tv\/az\/article\/aig-azerbaycandan-getmeye-telesmir\/","title":{"rendered":"AIG Az\u0259rbaycandan getm\u0259y\u0259 t\u0259l\u0259smir"},"content":{"rendered":"<figure class=\"wp-block-image size-large\">\n  <img decoding=\"async\" src=\"https:\/\/www.meydan.tv\/az\/21798\/\" alt=\"\" class=\"wp-image-21798\"\/><figcaption><\/figcaption><\/figure>\n<figure class=\"wp-block-image size-large\">\n  <img decoding=\"async\" src=\"https:\/\/www.meydan.tv\/az\/21798\/\" alt=\"\" class=\"wp-image-21798\"\/><figcaption><\/figcaption><\/figure>\n<p>\n  <i><br \/>\n    H\u00f6kum\u0259t yeni \u015f\u0259raitd\u0259 proteksionizmin azald\u0131lmas\u0131na ged\u0259 bil\u0259r<br \/>\n  <\/i>\n<\/p>\n<p>\n  Amerikan\u0131n AIG \u015firk\u0259tinin &#8220;Chartis Azerbaijan&#8221; s\u0131\u011forta \u015firk\u0259tinin sat\u0131\u015f\u0131 dayand\u0131r\u0131l\u0131b, dey\u0259 m\u00fc\u015ft\u0259ril\u0259rd\u0259n biri bildirib v\u0259 qeyd edib ki, s\u0259b\u0259b devalvasiyad\u0131r.\n<\/p>\n<p>\n  M\u0259lumat\u0131 &#8220;Turan \u0130A&#8221; yay\u0131b.\n<\/p>\n<p>\n  \u018fvv\u0259ll\u0259r s\u0259hmdarlar Az\u0259rbaycandak\u0131 biznesl\u0259rini satmaq variant\u0131na bax\u0131rd\u0131lar. \u015eirk\u0259tin s\u0259hml\u0259rinin sat\u0131\u015f\u0131 \u00fczr\u0259 dan\u0131\u015f\u0131qlar 2014-c\u00fc ilin iyununda ba\u015flay\u0131b. R\u0259hb\u0259rlik bu q\u0259rar\u0131 iri bazarlarda i\u015fl\u0259m\u0259k ist\u0259yi il\u0259 izah edirdi.\n<\/p>\n<p>\n  M\u0259nb\u0259l\u0259r istisna etmir ki, \u015firk\u0259t manat\u0131n devalvasiyas\u0131ndan sonra yaranan konyunktur d\u0259yi\u015fm\u0259si il\u0259 ba\u011fl\u0131 i\u015fl\u0259rini b\u0259rpa ed\u0259 bil\u0259rl\u0259r.\n<\/p>\n<p>\n  Nikbin ekspertl\u0259r &#8220;Turan \u0130A&#8221;-a bildiribl\u0259r ki, h\u00f6kum\u0259t yeni \u015f\u0259raitd\u0259 proteksionizmin azald\u0131lmas\u0131na ged\u0259 bil\u0259r. H\u0259m\u00e7inin qeyri-neft sektoruna xarici investisiya c\u0259lb edilm\u0259si \u00fczr\u0259 yeni siyas\u0259tin h\u0259yata ke\u00e7irilm\u0259si g\u00f6zl\u0259nilir. Bunlar is\u0259 y\u00fcks\u0259k s\u0259viyy\u0259d\u0259 s\u0131\u011forta qarantiyas\u0131 t\u0259l\u0259b edir. M\u0259s\u0259l\u0259n, AIG kimi \u2013 bu \u015firk\u0259t d\u00fcnyada 70 milyon m\u00fc\u015ft\u0259rinin \u0259mlak\u0131n\u0131 s\u0131\u011fortalay\u0131r.\n<\/p>\n<p>\n  &#8220;Turan \u0130A&#8221; bildirib ki, &#8220;Chartis Azerbaijan&#8221; neft bumu zaman\u0131 g\u0259lib iri investorlar\u0131n riskl\u0259rini s\u0131\u011forta edirdi. O, 15 oktyabr 2010-cu ild\u0259 MMC-d\u0259n ASC-y\u0259 \u00e7evrilib. O h\u0259m\u00e7inin ad\u0131n\u0131 da d\u0259yi\u015fib.\n<\/p>\n<p>\n  &#8220;Son ill\u0259r Az\u0259rbaycan\u0131n s\u0131\u011forta bazar\u0131 y\u00fcks\u0259k r\u0259hb\u0259rlikl\u0259 ba\u011fl\u0131 5-6 \u015firk\u0259tin \u0259lind\u0259 c\u0259ml\u0259\u015fir. Bunlar PASHA Sigorta,\u00a0 Ateshgah Sigorta,\u00a0 PASHA Heyat Sigorta,\u00a0 Ipek Yolu Sigorta,\u00a0 Atesgah Heyat Sigorta, \u00a0AzS\u0131\u011forta v\u0259 s.-dir.\n<\/p>\n<p>\n  \u00d6lk\u0259d\u0259 s\u0131\u011forta bazar\u0131 inki\u015faf etm\u0259yib \u2013 h\u0259cmi \u00a0350 mln-a yax\u0131nd\u0131r. \u00dcDM-\u0259 nisb\u0259td\u0259 bu, 0,6 faizdir. AB\u015e-da bu g\u00f6st\u0259rici 11 faiz, \u0130rlandiyada 24 faizdir. Ona g\u00f6r\u0259 AIG-in h\u0259r\u0259k\u0259ti anla\u015f\u0131land\u0131r.\n<\/p>\n<p>\n  1978-ci ild\u0259 \u00c7in \u201ca\u00e7\u0131q qap\u0131\u201d elan ed\u0259nd\u0259n v\u0259 azad iqtisadi zonalara yaranandan sonra AIG \u00c7ind\u0259 100 faiz xarici kapitall\u0131 imtiyazl\u0131 yegan\u0259 \u015firk\u0259t olub. M\u0259hz o, xarici investorlar\u0131n riskl\u0259rini s\u0131\u011forta edib v\u0259 bu, \u00c7ind\u0259 investisiya bumuna g\u0259tirib \u00e7\u0131xar\u0131b&#8221;,- dey\u0259 &#8220;Turan \u0130A&#8221;\u0131n m\u0259lumat\u0131nda bildirilir.<\/p>\n","protected":false},"excerpt":{"rendered":"<p>H\u00f6kum\u0259t yeni \u015f\u0259raitd\u0259 proteksionizmin azald\u0131lmas\u0131na ged\u0259 bil\u0259r<\/p>\n","protected":false},"author":11,"featured_media":21798,"comment_status":"closed","ping_status":"open","sticky":false,"template":"","format":"standard","meta":{"_acf_changed":false,"_sitemap_exclude":false,"_sitemap_priority":"","_sitemap_frequency":"","footnotes":""},"categories":[56],"tags":[],"class_list":["post-167336","post","type-post","status-publish","format-standard","has-post-thumbnail","hentry","category-xeberler","infinite-scroll-item","generate-columns","tablet-grid-50","mobile-grid-100","grid-parent","grid-33","no-featured-image-padding"],"acf":[],"yoast_head":"<!-- This site is optimized with the Yoast SEO plugin v28.4 - https:\/\/yoast.com\/product\/yoast-seo-wordpress\/ -->\n<title>AIG Az\u0259rbaycandan getm\u0259y\u0259 t\u0259l\u0259smir - MEYDAN.TV<\/title>\n<meta name=\"robots\" content=\"index, follow, max-snippet:-1, max-image-preview:large, max-video-preview:-1\" \/>\n<link rel=\"canonical\" href=\"https:\/\/www.meydan.tv\/az\/article\/aig-azerbaycandan-getmeye-telesmir\/\" \/>\n<meta property=\"og:locale\" content=\"az_AZ\" \/>\n<meta property=\"og:type\" content=\"article\" \/>\n<meta property=\"og:title\" content=\"AIG Az\u0259rbaycandan getm\u0259y\u0259 t\u0259l\u0259smir - MEYDAN.TV\" \/>\n<meta property=\"og:description\" content=\"H\u00f6kum\u0259t yeni \u015f\u0259raitd\u0259 proteksionizmin azald\u0131lmas\u0131na ged\u0259 bil\u0259r\" \/>\n<meta property=\"og:url\" content=\"https:\/\/www.meydan.tv\/az\/article\/aig-azerbaycandan-getmeye-telesmir\/\" \/>\n<meta property=\"og:site_name\" content=\"MEYDAN.TV\" \/>\n<meta property=\"article:published_time\" content=\"2015-03-22T23:29:48+00:00\" \/>\n<meta property=\"og:image\" content=\"https:\/\/www.meydan.tv\/wp-content\/uploads\/7892.jpg\" \/>\n\t<meta property=\"og:image:width\" content=\"400\" \/>\n\t<meta property=\"og:image:height\" content=\"267\" \/>\n\t<meta property=\"og:image:type\" content=\"image\/jpeg\" \/>\n<meta name=\"twitter:card\" content=\"summary_large_image\" \/>\n<!-- \/ Yoast SEO plugin. -->","yoast_head_json":{"title":"AIG Az\u0259rbaycandan getm\u0259y\u0259 t\u0259l\u0259smir - MEYDAN.TV","robots":{"index":"index","follow":"follow","max-snippet":"max-snippet:-1","max-image-preview":"max-image-preview:large","max-video-preview":"max-video-preview:-1"},"canonical":"https:\/\/www.meydan.tv\/az\/article\/aig-azerbaycandan-getmeye-telesmir\/","og_locale":"az_AZ","og_type":"article","og_title":"AIG Az\u0259rbaycandan getm\u0259y\u0259 t\u0259l\u0259smir - MEYDAN.TV","og_description":"H\u00f6kum\u0259t yeni \u015f\u0259raitd\u0259 proteksionizmin azald\u0131lmas\u0131na ged\u0259 bil\u0259r","og_url":"https:\/\/www.meydan.tv\/az\/article\/aig-azerbaycandan-getmeye-telesmir\/","og_site_name":"MEYDAN.TV","article_published_time":"2015-03-22T23:29:48+00:00","og_image":[{"width":400,"height":267,"url":"https:\/\/www.meydan.tv\/wp-content\/uploads\/7892.jpg","type":"image\/jpeg"}],"twitter_card":"summary_large_image","schema":{"@context":"https:\/\/schema.org","@graph":[{"@type":"Article","@id":"https:\/\/www.meydan.tv\/az\/article\/aig-azerbaycandan-getmeye-telesmir\/#article","isPartOf":{"@id":"https:\/\/www.meydan.tv\/az\/article\/aig-azerbaycandan-getmeye-telesmir\/"},"author":{"name":"user-manager","@id":"https:\/\/www.meydan.tv\/az\/#\/schema\/person\/10d11eccf6da3662cf5fdab9806ea91a"},"headline":"AIG Az\u0259rbaycandan getm\u0259y\u0259 t\u0259l\u0259smir","datePublished":"2015-03-22T23:29:48+00:00","mainEntityOfPage":{"@id":"https:\/\/www.meydan.tv\/az\/article\/aig-azerbaycandan-getmeye-telesmir\/"},"wordCount":392,"publisher":{"@id":"https:\/\/www.meydan.tv\/az\/#organization"},"image":{"@id":"https:\/\/www.meydan.tv\/az\/article\/aig-azerbaycandan-getmeye-telesmir\/#primaryimage"},"thumbnailUrl":"https:\/\/www.meydan.tv\/wp-content\/uploads\/7892.jpg","articleSection":["X\u0259b\u0259rl\u0259r"],"inLanguage":"az"},{"@type":"WebPage","@id":"https:\/\/www.meydan.tv\/az\/article\/aig-azerbaycandan-getmeye-telesmir\/","url":"https:\/\/www.meydan.tv\/az\/article\/aig-azerbaycandan-getmeye-telesmir\/","name":"AIG Az\u0259rbaycandan getm\u0259y\u0259 t\u0259l\u0259smir - MEYDAN.TV","isPartOf":{"@id":"https:\/\/www.meydan.tv\/az\/#website"},"primaryImageOfPage":{"@id":"https:\/\/www.meydan.tv\/az\/article\/aig-azerbaycandan-getmeye-telesmir\/#primaryimage"},"image":{"@id":"https:\/\/www.meydan.tv\/az\/article\/aig-azerbaycandan-getmeye-telesmir\/#primaryimage"},"thumbnailUrl":"https:\/\/www.meydan.tv\/wp-content\/uploads\/7892.jpg","datePublished":"2015-03-22T23:29:48+00:00","breadcrumb":{"@id":"https:\/\/www.meydan.tv\/az\/article\/aig-azerbaycandan-getmeye-telesmir\/#breadcrumb"},"inLanguage":"az","potentialAction":[{"@type":"ReadAction","target":["https:\/\/www.meydan.tv\/az\/article\/aig-azerbaycandan-getmeye-telesmir\/"]}]},{"@type":"ImageObject","inLanguage":"az","@id":"https:\/\/www.meydan.tv\/az\/article\/aig-azerbaycandan-getmeye-telesmir\/#primaryimage","url":"https:\/\/www.meydan.tv\/wp-content\/uploads\/7892.jpg","contentUrl":"https:\/\/www.meydan.tv\/wp-content\/uploads\/7892.jpg","width":400,"height":267,"caption":"Source:"},{"@type":"BreadcrumbList","@id":"https:\/\/www.meydan.tv\/az\/article\/aig-azerbaycandan-getmeye-telesmir\/#breadcrumb","itemListElement":[{"@type":"ListItem","position":1,"name":"Ana s\u0259hif\u0259","item":"https:\/\/www.meydan.tv\/az\/"},{"@type":"ListItem","position":2,"name":"X\u0259b\u0259rl\u0259r","item":"https:\/\/www.meydan.tv\/az\/section\/xeberler\/"},{"@type":"ListItem","position":3,"name":"AIG Az\u0259rbaycandan getm\u0259y\u0259 t\u0259l\u0259smir"}]},{"@type":"WebSite","@id":"https:\/\/www.meydan.tv\/az\/#website","url":"https:\/\/www.meydan.tv\/az\/","name":"MEYDAN.TV","description":"Meydan TV Az\u0259rbaycan\u0131n media m\u0259kan\u0131ndak\u0131 alternativ s\u0259sidir","publisher":{"@id":"https:\/\/www.meydan.tv\/az\/#organization"},"potentialAction":[{"@type":"SearchAction","target":{"@type":"EntryPoint","urlTemplate":"https:\/\/www.meydan.tv\/az\/?s={search_term_string}"},"query-input":{"@type":"PropertyValueSpecification","valueRequired":true,"valueName":"search_term_string"}}],"inLanguage":"az"},{"@type":"Organization","@id":"https:\/\/www.meydan.tv\/az\/#organization","name":"Meydan TV","url":"https:\/\/www.meydan.tv\/az\/","logo":{"@type":"ImageObject","inLanguage":"az","@id":"https:\/\/www.meydan.tv\/az\/#\/schema\/logo\/image\/","url":"https:\/\/www.meydan.tv\/wp-content\/uploads\/2021\/07\/meydan-logo.svg","contentUrl":"https:\/\/www.meydan.tv\/wp-content\/uploads\/2021\/07\/meydan-logo.svg","width":195,"height":46,"caption":"Meydan TV"},"image":{"@id":"https:\/\/www.meydan.tv\/az\/#\/schema\/logo\/image\/"}},{"@type":"Person","@id":"https:\/\/www.meydan.tv\/az\/#\/schema\/person\/10d11eccf6da3662cf5fdab9806ea91a","name":"user-manager"}]}},"_links":{"self":[{"href":"https:\/\/www.meydan.tv\/az\/wp-json\/wp\/v2\/posts\/167336","targetHints":{"allow":["GET"]}}],"collection":[{"href":"https:\/\/www.meydan.tv\/az\/wp-json\/wp\/v2\/posts"}],"about":[{"href":"https:\/\/www.meydan.tv\/az\/wp-json\/wp\/v2\/types\/post"}],"author":[{"embeddable":true,"href":"https:\/\/www.meydan.tv\/az\/wp-json\/wp\/v2\/users\/11"}],"replies":[{"embeddable":true,"href":"https:\/\/www.meydan.tv\/az\/wp-json\/wp\/v2\/comments?post=167336"}],"version-history":[{"count":0,"href":"https:\/\/www.meydan.tv\/az\/wp-json\/wp\/v2\/posts\/167336\/revisions"}],"wp:featuredmedia":[{"embeddable":true,"href":"https:\/\/www.meydan.tv\/az\/wp-json\/wp\/v2\/media\/21798"}],"wp:attachment":[{"href":"https:\/\/www.meydan.tv\/az\/wp-json\/wp\/v2\/media?parent=167336"}],"wp:term":[{"taxonomy":"category","embeddable":true,"href":"https:\/\/www.meydan.tv\/az\/wp-json\/wp\/v2\/categories?post=167336"},{"taxonomy":"post_tag","embeddable":true,"href":"https:\/\/www.meydan.tv\/az\/wp-json\/wp\/v2\/tags?post=167336"}],"curies":[{"name":"wp","href":"https:\/\/api.w.org\/{rel}","templated":true}]}}