{"id":167334,"date":"2015-03-22T20:49:14","date_gmt":"2015-03-22T20:49:14","guid":{"rendered":"https:\/\/www.meydan.tv\/article\/usaqlar-prezidentlerin-oyuncaqlari-kimi\/"},"modified":"2015-03-22T20:49:14","modified_gmt":"2015-03-22T20:49:14","slug":"usaqlar-prezidentlerin-oyuncaqlari-kimi","status":"publish","type":"post","link":"https:\/\/www.meydan.tv\/az\/article\/usaqlar-prezidentlerin-oyuncaqlari-kimi\/","title":{"rendered":"U\u015faqlar prezidentl\u0259rin oyuncaqlar\u0131 kimi\u2026"},"content":{"rendered":"<figure class=\"wp-block-image size-large\">\n  <img decoding=\"async\" src=\"https:\/\/www.meydan.tv\/az\/21789\/\" alt=\"\" class=\"wp-image-21789\"\/><figcaption><\/figcaption><\/figure>\n<figure class=\"wp-block-image size-large\">\n  <img decoding=\"async\" src=\"https:\/\/www.meydan.tv\/az\/21792\/\" alt=\"\" class=\"wp-image-21792\"\/><figcaption><\/figcaption><\/figure>\n<p>\n  \u018fynin\u0259 \u0259n az\u0131 bir \u00f6l\u00e7\u00fc b\u00f6y\u00fck, \u00e7iyinl\u0259rind\u0259n s\u00fcr\u00fc\u015f\u0259n kostyum, qara qalstuk, yana daranm\u0131\u015f sa\u00e7lar, sovet \u015finelind\u0259n \u00e7\u0131xsa da, sovet d\u00fc\u00e7\u00fcnc\u0259sini h\u0259l\u0259 d\u0259 ba\u015f\u0131ndan \u00e7\u0131xara bilm\u0259y\u0259n\u00a0 ata-babalar\u0131na b\u0259nz\u0259dil\u0259n u\u015faq\u2026\u00a0 K\u0259nardan bu m\u0259nz\u0259r\u0259ni izl\u0259yib ona \u00e7iynin\u0259 qoyulan prezident \u0259linin m\u0259suliyy\u0259tini zorla d\u0259rk etdirm\u0259y\u0259 \u00e7al\u0131\u015fan b\u00f6y\u00fckl\u0259r. V\u0259 \u00f6lk\u0259 ba\u015f\u00e7\u0131s\u0131n\u0131n donuq bax\u0131\u015flar\u0131. Bu, yanvar\u0131n 6-da Rusiya prezidenti Putinin q\u0131\u015f t\u0259tilini Voronojd\u0259 ke\u00e7irm\u0259k \u00fc\u00e7\u00fcn g\u0259l\u0259n luqanskl\u0131 u\u015faqlarla g\u00f6r\u00fc\u015f\u00fcnd\u0259n yad\u0131mda qalan yegan\u0259 s\u0259hn\u0259 oldu. O s\u0259hn\u0259y\u0259 baxa-baxa d\u00f6vl\u0259t ba\u015f\u00e7\u0131lar\u0131n\u0131n u\u015faq m\u0259sumiyy\u0259tind\u0259n h\u0259r zaman t\u0259bli\u011fat m\u0259qs\u0259dil\u0259 istifad\u0259 etdiyini v\u0259 bunun h\u0259mi\u015f\u0259 olmasa da, \u00e7ox zaman yayarl\u0131 oldu\u011funu d\u00fc\u015f\u00fcnd\u00fcm. \u018fslind\u0259 u\u015faqlar przidentl\u0259rin h\u0259mi\u015f\u0259 sevimli \u201coyuncaqlar\u0131\u201d olub. Onlarla kamera qar\u015f\u0131s\u0131na ke\u00e7ib, xo\u015fb\u0259xtlik pozlar\u0131 ver\u0259nd\u0259 d\u0259 u\u015faqlar\u0131n g\u0259l\u0259c\u0259y\u0259ni yox, \u00f6zl\u0259rini siyasi g\u0259l\u0259c\u0259kl\u0259rini d\u00fc\u015f\u00fcn\u00fcbl\u0259r. Bu u\u015faqlar h\u0259min siyasi g\u0259l\u0259c\u0259yin davaml\u0131 ola bilm\u0259si \u00fc\u00e7\u00fcn \u00e7ox yax\u015f\u0131 d\u00fc\u015f\u00fcn\u00fclm\u00fc\u015f t\u0259bli\u011fat\u0131n t\u0259rkib hiss\u0259sidir. Kimi bu t\u0259bli\u011fat\u0131 daha s\u0259mimi, inand\u0131rc\u0131 apar\u0131b, kimi d\u0259 Putin kimi u\u015fa\u011f\u0131n \u0259ynin\u0259 b\u00f6y\u00fck kostyumunun \u00e7iynind\u0259n s\u00fcr\u00fc\u015fd\u00fcr\u00fcb d\u00fc\u015f\u00fcr\u00fcb.\n<\/p>\n<p>\n  Erm\u0259nistan prezidenti Serj Sarkisyan yeni il \u015f\u0259nliyind\u0259 aralar\u0131nda Qaraba\u011fdan ged\u0259n u\u015faqlar\u0131n da oldu\u011fu \u201cbalaca dostlar\u0131n\u0131\u201d q\u0259bul ed\u0259nd\u0259 Putind\u0259n daha s\u0259mimi g\u00f6r\u00fcn\u00fcrd\u00fc.\n<\/p>\n<p>\n  Obaman\u0131n Limuzini saxlatd\u0131raraq yolda t\u0259sad\u00fcf\u0259n \u00a0g\u00f6rd\u00fcy\u00fc 2 u\u015fa\u011f\u0131 g\u00f6t\u00fcrm\u0259si, daha sonra u\u015faqlardan birinin prezidentin qula\u011f\u0131na tutdu\u011fu telefonla anas\u0131na z\u0259ng edib \u201cM\u0259nim yan\u0131mda Obama var\u201d dey\u0259r\u0259k g\u00fcl\u00fcms\u0259m\u0259si d\u0259 \u201cu\u015faqlar\u0131n yad adam\u0131n ma\u015f\u0131n\u0131na minm\u0259m\u0259si g\u0259r\u0259kdiyi\u201d bar\u0259d\u0259 valideyn n\u0259sih\u0259tl\u0259rini ictimaiyy\u0259t qar\u015f\u0131s\u0131nda alt-\u00fcst edirdi. S\u0131rf prezidentin piar\u0131 xatir\u0131n\u0259 valideynl\u0259rin u\u015faqlar\u0131n h\u0259yat\u0131 \u00fc\u00e7\u00fcn vacib olan m\u0259sl\u0259h\u0259ti qulaqard\u0131na vurulurdu. \u00a0H\u0259m d\u0259 \u00f6lk\u0259nini birinci adam\u0131 t\u0259r\u0259find\u0259n.\n<\/p>\n<p>\n  Almaniya kansleri Angela Merkel aya\u011f\u0131n\u0131n s\u0131nmas\u0131na v\u0259 qoltuq a\u011fac\u0131 il\u0259 g\u0259zm\u0259sin\u0259 baxmayaraq u\u015faqlara verdiyi v\u0259di unutmam\u0131\u015fd\u0131. Onlarla g\u00f6r\u00fc\u015fm\u00fc\u015f, h\u0259tta bir yerd\u0259 mahn\u0131 oxumu\u015fdu. T\u0259bli\u011fat ma\u015f\u0131n\u0131 yen\u0259 i\u015f ba\u015f\u0131ndayd\u0131. Merkelin u\u015faqlarla olan g\u00f6r\u00fc\u015fd\u0259n ba\u015fqa b\u00fct\u00fcn g\u00f6r\u00fc\u015fl\u0259ri t\u0259xir\u0259 sald\u0131\u011f\u0131, b\u00fct\u00fcn i\u015fl\u0259ri evd\u0259n idar\u0259 etdiyi d\u0259f\u0259l\u0259rl\u0259 vur\u011fulan\u0131rd\u0131\u0131. Kansler \u00f6z\u00fc d\u0259 \u00e7\u0131x\u0131\u015f\u0131nda ayaq \u00fcst\u0259 zorla dayand\u0131\u011f\u0131n\u0131 deyib u\u015faqlar\u0131 sanki minn\u0259t duy\u011fusuna sald\u0131.\n<\/p>\n<p>\n  U\u015faqlardan gen-bol istifad\u0259 etm\u0259k bax\u0131m\u0131ndan T\u00fcrkiy\u0259 prezidenti R\u0259c\u0259b Tayyib \u018frdo\u011fan bir \u00e7ox h\u0259mkar\u0131n\u0131 k\u00f6lg\u0259d\u0259 qoyar. O, u\u015faqlardan m\u0259har\u0259tl\u0259 yararlanmaqda mahirdir. \u00c7\u0131x\u0131\u015f\u0131n\u0131n \u0259n gur yerind\u0259 \u201cq\u0259fild\u0259n\u201d k\u00fcrs\u00fcy\u0259 yax\u0131nla\u015fan u\u015fa\u011f\u0131 quca\u011f\u0131na al\u0131b ox\u015faya, h\u0259tta a\u011flaya bil\u0259r. Fiziki, \u0259qli m\u0259hdudiyy\u0259ti olan u\u015faqlar\u0131 ba\u011fr\u0131na bas\u0131r, saray\u0131n\u0131n qap\u0131lar\u0131n\u0131 onlara a\u00e7\u0131r, onlarla s\u00f6hb\u0259tl\u0259\u015fir, h\u0259tta ma\u015f\u0131n\u0131n\u0131n baqaj\u0131nda yolda rast g\u0259l\u0259 bil\u0259c\u0259yi u\u015faqlar \u00fc\u00e7\u00fcn h\u0259diyy\u0259 g\u0259zdirir. Prezidentin m\u00fchafiz\u0259\u00e7il\u0259rini h\u0259r an k\u00fc\u00e7\u0259d\u0259 \u0259lind\u0259 oyuncaq ora-bura a\u00e7an g\u00f6rm\u0259k\u00a0 m\u00fcmk\u00fcnd\u00fcr. Bu, T\u00fcrkiy\u0259 prezidentinin geni\u015f k\u00fctl\u0259l\u0259r\u0259 hesablanm\u015f t\u0259bli\u011fat\u0131d\u0131r v\u0259 etiraf etm\u0259k laz\u0131md\u0131r ki, \u018frdo\u011fan bunu yax\u015f\u0131 bacar\u0131r.\n<\/p>\n<p>\n  Prezidentl\u0259 g\u00f6r\u00fc\u015fd\u00fcr\u00fcl\u0259n u\u015faqlar\u0131n \u0259vv\u0259lc\u0259d\u0259n haz\u0131rla\u015fd\u0131r\u0131lmas\u0131 normald\u0131r, b\u0259lk\u0259 h\u0259tta protokol g\u0259r\u0259yidir. Ancaq normal olmayan bir \u015fey var, azya\u015fl\u0131lar\u0131n b\u00f6y\u00fckl\u0259r kimi geyinm\u0259y\u0259, dan\u0131\u015fma\u011fa, davranma\u011fa vadar edilm\u0259si. Avropa v\u0259 Q\u0259rb liderl\u0259ri bunu etdirm\u0259y\u0259 \u00e7al\u0131\u015fm\u0131r, \u00e7\u00fcnki bu, onlara laz\u0131m deyil. \u018fg\u0259r amerikal\u0131 u\u015faq Obamayla basketbol oynamaqdansa, ona \u0130ran\u0131n n\u00fcv\u0259 \u015fal\u0131\u015fmas\u0131, 5+1 g\u00f6r\u00fc\u015fl\u0259ri bar\u0259d\u0259 sual vers\u0259, ya o u\u015faq dahi kimi b\u00fct\u00fcn m\u0259tbuat\u0131n diqq\u0259tind\u0259 olacaq, ya da Obama u\u015fa\u011f\u0131 cans\u0131x\u0131c\u0131 siyas\u0259t\u0259 qar\u0131\u015fma\u011fa m\u0259cbur etdiyin\u0259 g\u00f6r\u0259 t\u0259nqid h\u0259d\u0259fin\u0259 \u00e7evril\u0259c\u0259k. \u00a0Amerika prezidentin\u0259 is\u0259 n\u0259 birincisi, n\u0259 d\u0259 ikincisi laz\u0131md\u0131r. Ona sad\u0259c\u0259 h\u0259rd\u0259n u\u015faqlarla kameraya \u201cyaxalanmaq\u201d g\u0259r\u0259kdir ki, bunu da t\u0259biilik qatd\u0131\u011f\u0131 \u00a0bacar\u0131qla edir. H\u0259tta Putin bel\u0259 \u00e7iyni \u00e7iynind\u0259n a\u015fa\u011f\u0131 dayanan ukraynal\u0131 u\u015faqla g\u00f6r\u00fc\u015f\u0259nd\u0259, onu \u00f6z\u00fcn\u0259 t\u0259r\u0259f s\u0131x\u0131b \u015f\u0259kil \u00e7\u0259kdir\u0259nd\u0259 qay\u011f\u0131ke\u015f g\u00f6r\u00fcnm\u0259y\u0259 \u00e7al\u0131\u015f\u0131r.\n<\/p>\n<p>\n  Bizd\u0259 d\u0259 G\u0259nc\u0259d\u0259n olan 11 ya\u015fl\u0131 u\u015faqla prezidentin g\u00f6r\u00fc\u015f\u00fcnd\u0259 maraql\u0131 m\u0259qamlar g\u00f6zl\u0259m\u0259k olard\u0131. H\u0259tta\u00a0 u\u015fa\u011f\u0131n qara kostyum v\u0259 qalstukuna da s\u00f6z yoxdur. Amma sif\u0259tin\u0259 ciddi ifad\u0259 verm\u0259y\u0259 \u00e7al\u0131\u015f\u0131b \u201cC\u0259nab Prezident, s\u0259hv etmir\u0259ms\u0259, Siz bu il mart\u0131n 17-d\u0259 T\u00fcrkiy\u0259nin Qars \u015f\u0259h\u0259rind\u0259 TANAP layih\u0259sinin t\u0259m\u0259lini qoydunuz. M\u0259n Siz\u0259, \u00f6lk\u0259miz\u0259 u\u011furlar arzu edir\u0259m. Mehriban xan\u0131m, Siz d\u0259 d\u00fcn\u0259n c\u0259nab Prezident il\u0259 b\u0259rab\u0259r Bak\u0131 Olimpiya Stadionunun a\u00e7\u0131l\u0131\u015f\u0131nda i\u015ftirak etdiniz. M\u0259n Sizi televiziya vasit\u0259sil\u0259 izl\u0259dim. Sizi birinci Avropa Oyunlar\u0131 m\u00fcnasib\u0259til\u0259 t\u0259brik edir\u0259m. Bu Oyunlar ilk d\u0259f\u0259 bizd\u0259 ke\u00e7irilir. \u00d6lk\u0259mizin idman\u00e7\u0131lar\u0131n\u0131 t\u0259brik edir, onlara u\u011furlar arzulay\u0131ram\u201d dem\u0259si bir az art\u0131q olmad\u0131m\u0131, c\u0259nablar? X\u00fcsus\u0259n d\u0259 haz\u0131rda 5-ci sinifd\u0259 oxuyan u\u015faq\u00a0 \u00f6z\u00fc \u201cM\u0259n d\u00f6rd\u00fcnc\u00fc sinf\u0259d\u0259k z\u0259if idim\u201d dey\u0259 prezident\u0259 etiraf edirs\u0259?\u00a0 Bu u\u015fa\u011fa el\u0259 \u00f6z\u00fc kimi olma\u011fa imkan verm\u0259m\u0259kl\u0259, t\u0259bli\u011fat\u0131 antit\u0259bli\u011fata \u00e7evirm\u0259kd\u0259 n\u0259 qazand\u0131n\u0131z, c\u0259nablar?\n<\/p>\n<p>\n  B\u0259lk\u0259 deputat Had\u0131 R\u0259c\u0259bli m\u00fc\u0259lliml\u0259r \u00fc\u00e7\u00fcn \u201ci\u015fd\u0259n sonra i\u015f\u201d t\u0259klifini ger\u00e7\u0259kl\u0259\u015fdirm\u0259k \u00fc\u00e7\u00fcn bu u\u015fa\u011f\u0131n etiraf\u0131ndan yararlans\u0131n? N\u0259 d\u0259 olsa u\u015faq \u00f6z\u00fc \u201c4-c\u00fc sinf\u0259 q\u0259d\u0259r z\u0259if idim\u201d deyir. Ba\u015fqa s\u00f6zl\u0259, ibtidai sinif m\u00fc\u0259llimini yerd\u0259n-yer\u0259 vurur. \u018fg\u0259r bu u\u015faq 1 ild\u0259 TANAP-la ba\u011fl\u0131 dan\u0131\u015facaq q\u0259d\u0259r savadlan\u0131bsa, dem\u0259li b\u00fct\u00fcn g\u00fcnahlar ona 4-c\u00fc sinf\u0259d\u0259k d\u0259rs dey\u0259n m\u00fc\u0259llimd\u0259dir. \u018fg\u0259r m\u00fc\u0259llim u\u015fa\u011f\u0131n istedad\u0131n\u0131 vaxt\u0131nda a\u015fkar ets\u0259ydi, indi o t\u0259kc\u0259 TANAP-dan yox, Konqres\u0259 se\u00e7kil\u0259rd\u0259 respublika\u00e7\u0131lar\u0131n q\u0259l\u0259b\u0259sinin d\u00fcnya siyas\u0259tin\u0259 n\u0259tic\u0259l\u0259rind\u0259n d\u0259 dan\u0131\u015fard\u0131.\n<\/p>\n<p>\n  Yeni \u00e7\u0131x\u0131\u015f\u0131n yeri g\u00f6r\u00fcn\u00fcr,\u00a0 Had\u0131 R\u0259c\u0259bli!<\/p>\n","protected":false},"excerpt":{"rendered":"<p>T\u0259bli\u011fat ma\u015f\u0131nlar\u0131 nec\u0259 i\u015fl\u0259yir\u2026<\/p>\n","protected":false},"author":11,"featured_media":21789,"comment_status":"closed","ping_status":"open","sticky":false,"template":"","format":"standard","meta":{"_acf_changed":false,"_sitemap_exclude":false,"_sitemap_priority":"","_sitemap_frequency":"","footnotes":""},"categories":[57],"tags":[],"class_list":["post-167334","post","type-post","status-publish","format-standard","has-post-thumbnail","hentry","category-menim-fikrimce","infinite-scroll-item","generate-columns","tablet-grid-50","mobile-grid-100","grid-parent","grid-33","no-featured-image-padding"],"acf":[],"yoast_head":"<!-- This site is optimized with the Yoast SEO plugin v27.4 - https:\/\/yoast.com\/product\/yoast-seo-wordpress\/ -->\n<title>U\u015faqlar prezidentl\u0259rin oyuncaqlar\u0131 kimi\u2026 - MEYDAN.TV<\/title>\n<meta name=\"robots\" content=\"index, follow, max-snippet:-1, max-image-preview:large, max-video-preview:-1\" \/>\n<link rel=\"canonical\" href=\"https:\/\/www.meydan.tv\/az\/article\/usaqlar-prezidentlerin-oyuncaqlari-kimi\/\" \/>\n<meta property=\"og:locale\" content=\"az_AZ\" \/>\n<meta property=\"og:type\" content=\"article\" \/>\n<meta property=\"og:title\" content=\"U\u015faqlar prezidentl\u0259rin oyuncaqlar\u0131 kimi\u2026 - MEYDAN.TV\" \/>\n<meta property=\"og:description\" content=\"T\u0259bli\u011fat ma\u015f\u0131nlar\u0131 nec\u0259 i\u015fl\u0259yir\u2026\" \/>\n<meta property=\"og:url\" content=\"https:\/\/www.meydan.tv\/az\/article\/usaqlar-prezidentlerin-oyuncaqlari-kimi\/\" \/>\n<meta property=\"og:site_name\" content=\"MEYDAN.TV\" \/>\n<meta property=\"article:published_time\" content=\"2015-03-22T20:49:14+00:00\" \/>\n<meta property=\"og:image\" content=\"https:\/\/www.meydan.tv\/wp-content\/uploads\/7889.jpg\" \/>\n\t<meta property=\"og:image:width\" content=\"500\" \/>\n\t<meta property=\"og:image:height\" content=\"500\" \/>\n\t<meta property=\"og:image:type\" content=\"image\/jpeg\" \/>\n<meta name=\"author\" content=\"user-manager\" \/>\n<meta name=\"twitter:card\" content=\"summary_large_image\" \/>\n<script type=\"application\/ld+json\" class=\"yoast-schema-graph\">{\"@context\":\"https:\\\/\\\/schema.org\",\"@graph\":[{\"@type\":\"Article\",\"@id\":\"https:\\\/\\\/www.meydan.tv\\\/az\\\/article\\\/usaqlar-prezidentlerin-oyuncaqlari-kimi\\\/#article\",\"isPartOf\":{\"@id\":\"https:\\\/\\\/www.meydan.tv\\\/az\\\/article\\\/usaqlar-prezidentlerin-oyuncaqlari-kimi\\\/\"},\"author\":{\"name\":\"user-manager\",\"@id\":\"https:\\\/\\\/www.meydan.tv\\\/az\\\/#\\\/schema\\\/person\\\/10d11eccf6da3662cf5fdab9806ea91a\"},\"headline\":\"U\u015faqlar prezidentl\u0259rin oyuncaqlar\u0131 kimi\u2026\",\"datePublished\":\"2015-03-22T20:49:14+00:00\",\"mainEntityOfPage\":{\"@id\":\"https:\\\/\\\/www.meydan.tv\\\/az\\\/article\\\/usaqlar-prezidentlerin-oyuncaqlari-kimi\\\/\"},\"wordCount\":1250,\"publisher\":{\"@id\":\"https:\\\/\\\/www.meydan.tv\\\/az\\\/#organization\"},\"image\":{\"@id\":\"https:\\\/\\\/www.meydan.tv\\\/az\\\/article\\\/usaqlar-prezidentlerin-oyuncaqlari-kimi\\\/#primaryimage\"},\"thumbnailUrl\":\"https:\\\/\\\/www.meydan.tv\\\/wp-content\\\/uploads\\\/7889.jpg\",\"articleSection\":[\"M\u0259nim Fikrimc\u0259\"],\"inLanguage\":\"az\"},{\"@type\":\"WebPage\",\"@id\":\"https:\\\/\\\/www.meydan.tv\\\/az\\\/article\\\/usaqlar-prezidentlerin-oyuncaqlari-kimi\\\/\",\"url\":\"https:\\\/\\\/www.meydan.tv\\\/az\\\/article\\\/usaqlar-prezidentlerin-oyuncaqlari-kimi\\\/\",\"name\":\"U\u015faqlar prezidentl\u0259rin oyuncaqlar\u0131 kimi\u2026 - MEYDAN.TV\",\"isPartOf\":{\"@id\":\"https:\\\/\\\/www.meydan.tv\\\/az\\\/#website\"},\"primaryImageOfPage\":{\"@id\":\"https:\\\/\\\/www.meydan.tv\\\/az\\\/article\\\/usaqlar-prezidentlerin-oyuncaqlari-kimi\\\/#primaryimage\"},\"image\":{\"@id\":\"https:\\\/\\\/www.meydan.tv\\\/az\\\/article\\\/usaqlar-prezidentlerin-oyuncaqlari-kimi\\\/#primaryimage\"},\"thumbnailUrl\":\"https:\\\/\\\/www.meydan.tv\\\/wp-content\\\/uploads\\\/7889.jpg\",\"datePublished\":\"2015-03-22T20:49:14+00:00\",\"breadcrumb\":{\"@id\":\"https:\\\/\\\/www.meydan.tv\\\/az\\\/article\\\/usaqlar-prezidentlerin-oyuncaqlari-kimi\\\/#breadcrumb\"},\"inLanguage\":\"az\",\"potentialAction\":[{\"@type\":\"ReadAction\",\"target\":[\"https:\\\/\\\/www.meydan.tv\\\/az\\\/article\\\/usaqlar-prezidentlerin-oyuncaqlari-kimi\\\/\"]}]},{\"@type\":\"ImageObject\",\"inLanguage\":\"az\",\"@id\":\"https:\\\/\\\/www.meydan.tv\\\/az\\\/article\\\/usaqlar-prezidentlerin-oyuncaqlari-kimi\\\/#primaryimage\",\"url\":\"https:\\\/\\\/www.meydan.tv\\\/wp-content\\\/uploads\\\/7889.jpg\",\"contentUrl\":\"https:\\\/\\\/www.meydan.tv\\\/wp-content\\\/uploads\\\/7889.jpg\",\"width\":500,\"height\":500,\"caption\":\"Source:\"},{\"@type\":\"BreadcrumbList\",\"@id\":\"https:\\\/\\\/www.meydan.tv\\\/az\\\/article\\\/usaqlar-prezidentlerin-oyuncaqlari-kimi\\\/#breadcrumb\",\"itemListElement\":[{\"@type\":\"ListItem\",\"position\":1,\"name\":\"Ana s\u0259hif\u0259\",\"item\":\"https:\\\/\\\/www.meydan.tv\\\/az\\\/\"},{\"@type\":\"ListItem\",\"position\":2,\"name\":\"M\u0259nim Fikrimc\u0259\",\"item\":\"https:\\\/\\\/www.meydan.tv\\\/az\\\/section\\\/menim-fikrimce\\\/\"},{\"@type\":\"ListItem\",\"position\":3,\"name\":\"U\u015faqlar prezidentl\u0259rin oyuncaqlar\u0131 kimi\u2026\"}]},{\"@type\":\"WebSite\",\"@id\":\"https:\\\/\\\/www.meydan.tv\\\/az\\\/#website\",\"url\":\"https:\\\/\\\/www.meydan.tv\\\/az\\\/\",\"name\":\"MEYDAN.TV\",\"description\":\"Meydan TV Az\u0259rbaycan\u0131n media m\u0259kan\u0131ndak\u0131 alternativ s\u0259sidir\",\"publisher\":{\"@id\":\"https:\\\/\\\/www.meydan.tv\\\/az\\\/#organization\"},\"potentialAction\":[{\"@type\":\"SearchAction\",\"target\":{\"@type\":\"EntryPoint\",\"urlTemplate\":\"https:\\\/\\\/www.meydan.tv\\\/az\\\/?s={search_term_string}\"},\"query-input\":{\"@type\":\"PropertyValueSpecification\",\"valueRequired\":true,\"valueName\":\"search_term_string\"}}],\"inLanguage\":\"az\"},{\"@type\":\"Organization\",\"@id\":\"https:\\\/\\\/www.meydan.tv\\\/az\\\/#organization\",\"name\":\"Meydan TV\",\"url\":\"https:\\\/\\\/www.meydan.tv\\\/az\\\/\",\"logo\":{\"@type\":\"ImageObject\",\"inLanguage\":\"az\",\"@id\":\"https:\\\/\\\/www.meydan.tv\\\/az\\\/#\\\/schema\\\/logo\\\/image\\\/\",\"url\":\"https:\\\/\\\/www.meydan.tv\\\/wp-content\\\/uploads\\\/2021\\\/07\\\/meydan-logo.svg\",\"contentUrl\":\"https:\\\/\\\/www.meydan.tv\\\/wp-content\\\/uploads\\\/2021\\\/07\\\/meydan-logo.svg\",\"width\":195,\"height\":46,\"caption\":\"Meydan TV\"},\"image\":{\"@id\":\"https:\\\/\\\/www.meydan.tv\\\/az\\\/#\\\/schema\\\/logo\\\/image\\\/\"}},{\"@type\":\"Person\",\"@id\":\"https:\\\/\\\/www.meydan.tv\\\/az\\\/#\\\/schema\\\/person\\\/10d11eccf6da3662cf5fdab9806ea91a\",\"name\":\"user-manager\"}]}<\/script>\n<!-- \/ Yoast SEO plugin. -->","yoast_head_json":{"title":"U\u015faqlar prezidentl\u0259rin oyuncaqlar\u0131 kimi\u2026 - MEYDAN.TV","robots":{"index":"index","follow":"follow","max-snippet":"max-snippet:-1","max-image-preview":"max-image-preview:large","max-video-preview":"max-video-preview:-1"},"canonical":"https:\/\/www.meydan.tv\/az\/article\/usaqlar-prezidentlerin-oyuncaqlari-kimi\/","og_locale":"az_AZ","og_type":"article","og_title":"U\u015faqlar prezidentl\u0259rin oyuncaqlar\u0131 kimi\u2026 - MEYDAN.TV","og_description":"T\u0259bli\u011fat ma\u015f\u0131nlar\u0131 nec\u0259 i\u015fl\u0259yir\u2026","og_url":"https:\/\/www.meydan.tv\/az\/article\/usaqlar-prezidentlerin-oyuncaqlari-kimi\/","og_site_name":"MEYDAN.TV","article_published_time":"2015-03-22T20:49:14+00:00","og_image":[{"width":500,"height":500,"url":"https:\/\/www.meydan.tv\/wp-content\/uploads\/7889.jpg","type":"image\/jpeg"}],"author":"user-manager","twitter_card":"summary_large_image","schema":{"@context":"https:\/\/schema.org","@graph":[{"@type":"Article","@id":"https:\/\/www.meydan.tv\/az\/article\/usaqlar-prezidentlerin-oyuncaqlari-kimi\/#article","isPartOf":{"@id":"https:\/\/www.meydan.tv\/az\/article\/usaqlar-prezidentlerin-oyuncaqlari-kimi\/"},"author":{"name":"user-manager","@id":"https:\/\/www.meydan.tv\/az\/#\/schema\/person\/10d11eccf6da3662cf5fdab9806ea91a"},"headline":"U\u015faqlar prezidentl\u0259rin oyuncaqlar\u0131 kimi\u2026","datePublished":"2015-03-22T20:49:14+00:00","mainEntityOfPage":{"@id":"https:\/\/www.meydan.tv\/az\/article\/usaqlar-prezidentlerin-oyuncaqlari-kimi\/"},"wordCount":1250,"publisher":{"@id":"https:\/\/www.meydan.tv\/az\/#organization"},"image":{"@id":"https:\/\/www.meydan.tv\/az\/article\/usaqlar-prezidentlerin-oyuncaqlari-kimi\/#primaryimage"},"thumbnailUrl":"https:\/\/www.meydan.tv\/wp-content\/uploads\/7889.jpg","articleSection":["M\u0259nim Fikrimc\u0259"],"inLanguage":"az"},{"@type":"WebPage","@id":"https:\/\/www.meydan.tv\/az\/article\/usaqlar-prezidentlerin-oyuncaqlari-kimi\/","url":"https:\/\/www.meydan.tv\/az\/article\/usaqlar-prezidentlerin-oyuncaqlari-kimi\/","name":"U\u015faqlar prezidentl\u0259rin oyuncaqlar\u0131 kimi\u2026 - MEYDAN.TV","isPartOf":{"@id":"https:\/\/www.meydan.tv\/az\/#website"},"primaryImageOfPage":{"@id":"https:\/\/www.meydan.tv\/az\/article\/usaqlar-prezidentlerin-oyuncaqlari-kimi\/#primaryimage"},"image":{"@id":"https:\/\/www.meydan.tv\/az\/article\/usaqlar-prezidentlerin-oyuncaqlari-kimi\/#primaryimage"},"thumbnailUrl":"https:\/\/www.meydan.tv\/wp-content\/uploads\/7889.jpg","datePublished":"2015-03-22T20:49:14+00:00","breadcrumb":{"@id":"https:\/\/www.meydan.tv\/az\/article\/usaqlar-prezidentlerin-oyuncaqlari-kimi\/#breadcrumb"},"inLanguage":"az","potentialAction":[{"@type":"ReadAction","target":["https:\/\/www.meydan.tv\/az\/article\/usaqlar-prezidentlerin-oyuncaqlari-kimi\/"]}]},{"@type":"ImageObject","inLanguage":"az","@id":"https:\/\/www.meydan.tv\/az\/article\/usaqlar-prezidentlerin-oyuncaqlari-kimi\/#primaryimage","url":"https:\/\/www.meydan.tv\/wp-content\/uploads\/7889.jpg","contentUrl":"https:\/\/www.meydan.tv\/wp-content\/uploads\/7889.jpg","width":500,"height":500,"caption":"Source:"},{"@type":"BreadcrumbList","@id":"https:\/\/www.meydan.tv\/az\/article\/usaqlar-prezidentlerin-oyuncaqlari-kimi\/#breadcrumb","itemListElement":[{"@type":"ListItem","position":1,"name":"Ana s\u0259hif\u0259","item":"https:\/\/www.meydan.tv\/az\/"},{"@type":"ListItem","position":2,"name":"M\u0259nim Fikrimc\u0259","item":"https:\/\/www.meydan.tv\/az\/section\/menim-fikrimce\/"},{"@type":"ListItem","position":3,"name":"U\u015faqlar prezidentl\u0259rin oyuncaqlar\u0131 kimi\u2026"}]},{"@type":"WebSite","@id":"https:\/\/www.meydan.tv\/az\/#website","url":"https:\/\/www.meydan.tv\/az\/","name":"MEYDAN.TV","description":"Meydan TV Az\u0259rbaycan\u0131n media m\u0259kan\u0131ndak\u0131 alternativ s\u0259sidir","publisher":{"@id":"https:\/\/www.meydan.tv\/az\/#organization"},"potentialAction":[{"@type":"SearchAction","target":{"@type":"EntryPoint","urlTemplate":"https:\/\/www.meydan.tv\/az\/?s={search_term_string}"},"query-input":{"@type":"PropertyValueSpecification","valueRequired":true,"valueName":"search_term_string"}}],"inLanguage":"az"},{"@type":"Organization","@id":"https:\/\/www.meydan.tv\/az\/#organization","name":"Meydan TV","url":"https:\/\/www.meydan.tv\/az\/","logo":{"@type":"ImageObject","inLanguage":"az","@id":"https:\/\/www.meydan.tv\/az\/#\/schema\/logo\/image\/","url":"https:\/\/www.meydan.tv\/wp-content\/uploads\/2021\/07\/meydan-logo.svg","contentUrl":"https:\/\/www.meydan.tv\/wp-content\/uploads\/2021\/07\/meydan-logo.svg","width":195,"height":46,"caption":"Meydan TV"},"image":{"@id":"https:\/\/www.meydan.tv\/az\/#\/schema\/logo\/image\/"}},{"@type":"Person","@id":"https:\/\/www.meydan.tv\/az\/#\/schema\/person\/10d11eccf6da3662cf5fdab9806ea91a","name":"user-manager"}]}},"_links":{"self":[{"href":"https:\/\/www.meydan.tv\/az\/wp-json\/wp\/v2\/posts\/167334","targetHints":{"allow":["GET"]}}],"collection":[{"href":"https:\/\/www.meydan.tv\/az\/wp-json\/wp\/v2\/posts"}],"about":[{"href":"https:\/\/www.meydan.tv\/az\/wp-json\/wp\/v2\/types\/post"}],"author":[{"embeddable":true,"href":"https:\/\/www.meydan.tv\/az\/wp-json\/wp\/v2\/users\/11"}],"replies":[{"embeddable":true,"href":"https:\/\/www.meydan.tv\/az\/wp-json\/wp\/v2\/comments?post=167334"}],"version-history":[{"count":0,"href":"https:\/\/www.meydan.tv\/az\/wp-json\/wp\/v2\/posts\/167334\/revisions"}],"wp:featuredmedia":[{"embeddable":true,"href":"https:\/\/www.meydan.tv\/az\/wp-json\/wp\/v2\/media\/21789"}],"wp:attachment":[{"href":"https:\/\/www.meydan.tv\/az\/wp-json\/wp\/v2\/media?parent=167334"}],"wp:term":[{"taxonomy":"category","embeddable":true,"href":"https:\/\/www.meydan.tv\/az\/wp-json\/wp\/v2\/categories?post=167334"},{"taxonomy":"post_tag","embeddable":true,"href":"https:\/\/www.meydan.tv\/az\/wp-json\/wp\/v2\/tags?post=167334"}],"curies":[{"name":"wp","href":"https:\/\/api.w.org\/{rel}","templated":true}]}}