{"id":167332,"date":"2015-03-22T15:33:22","date_gmt":"2015-03-22T15:33:22","guid":{"rendered":"https:\/\/www.meydan.tv\/article\/son-2-ayda-evlenenlerin-sayi-artib\/"},"modified":"2015-03-22T15:33:22","modified_gmt":"2015-03-22T15:33:22","slug":"son-2-ayda-evlenenlerin-sayi-artib","status":"publish","type":"post","link":"https:\/\/www.meydan.tv\/az\/article\/son-2-ayda-evlenenlerin-sayi-artib\/","title":{"rendered":"Son 2 ayda evl\u0259n\u0259nl\u0259rin say\u0131 art\u0131b"},"content":{"rendered":"<figure class=\"wp-block-image size-large\">\n  <img decoding=\"async\" src=\"https:\/\/www.meydan.tv\/az\/21783\/\" alt=\"\" class=\"wp-image-21783\"\/><figcaption><\/figcaption><\/figure>\n<figure class=\"wp-block-image size-large\">\n  <img decoding=\"async\" src=\"https:\/\/www.meydan.tv\/az\/21783\/\" alt=\"\" class=\"wp-image-21783\"\/><figcaption><\/figcaption><\/figure>\n<p>\n  <i><br \/>\n    Bu il \u0259halinin h\u0259r 1000 n\u0259f\u0259rin\u0259 d\u00fc\u015f\u0259n nikahlar\u0131n say\u0131 6,9, bo\u015fanmalar\u0131n say\u0131 is\u0259 1,4 olub<br \/>\n  <\/i>\n<\/p>\n<p>\n  2015-ci ilin ilk ay\u0131 \u0259rzind\u0259 Az\u0259rbaycanda r\u0259smi orqanlar t\u0259r\u0259find\u0259n 5,6 min nikah qeyd\u0259 al\u0131n\u0131b.\n<\/p>\n<p>\n  D\u00f6vl\u0259t Statistika Komit\u0259sinin yayd\u0131\u011f\u0131 m\u0259lumata g\u00f6r\u0259, bu g\u00f6st\u0259rici \u00f6t\u0259n ilin analoji d\u00f6vr\u00fc il\u0259 m\u00fcqayis\u0259d\u0259 nisb\u0259t\u0259n \u00e7oxdur. \u00d6t\u0259n ilin yanvar ay\u0131nda is\u0259 Az\u0259rbaycanda r\u0259smi orqanlar t\u0259r\u0259find\u0259n 5,4 min nikah qeyd\u0259 al\u0131n\u0131b.\n<\/p>\n<p>\n  Bu il qeyd\u0259 al\u0131nan bo\u015fanmalar\u0131n say\u0131 da \u00f6t\u0259n ilin m\u00fcvafiq d\u00f6vr\u00fc il\u0259 m\u00fcqayis\u0259d\u0259 bir q\u0259d\u0259r \u00e7oxdur. Bu ilin yanvar ay\u0131nda \u00f6lk\u0259d\u0259 r\u0259smi orqanlar t\u0259r\u0259find\u0259n 1,1 min bo\u015fanma hal\u0131 ba\u015f verib. \u00d6t\u0259n ilin yanvar ay\u0131nda is\u0259 bu g\u00f6st\u0259rici 1,0 min olub.\n<\/p>\n<p>\n  Bu il \u0259halinin h\u0259r 1000 n\u0259f\u0259rin\u0259 d\u00fc\u015f\u0259n nikahlar\u0131n say\u0131 6,9, bo\u015fanmalar\u0131n say\u0131 is\u0259 1,4 olub.\n<\/p>\n<p>\n  Az\u0259rbaycanda 2013-c\u00fc ill\u0259 m\u00fcqayis\u0259d\u0259 2014-c\u00fc ild\u0259 nikahlar\u0131n say\u0131 azal\u0131b, bo\u015fanmalar\u0131n say\u0131 is\u0259 art\u0131b. \u00d6t\u0259n il Az\u0259rbaycanda 12,1 min n\u0259f\u0259r bo\u015fan\u0131b, 84,9 min n\u0259f\u0259r nikah ba\u011flay\u0131b.<\/p>\n","protected":false},"excerpt":{"rendered":"<p>Bu il \u0259halinin h\u0259r 1000 n\u0259f\u0259rin\u0259 d\u00fc\u015f\u0259n nikahlar\u0131n say\u0131 6,9, bo\u015fanmalar\u0131n say\u0131 is\u0259 1,4 olub<\/p>\n","protected":false},"author":11,"featured_media":21783,"comment_status":"closed","ping_status":"open","sticky":false,"template":"","format":"standard","meta":{"_acf_changed":false,"_sitemap_exclude":false,"_sitemap_priority":"","_sitemap_frequency":"","footnotes":""},"categories":[56],"tags":[],"class_list":["post-167332","post","type-post","status-publish","format-standard","has-post-thumbnail","hentry","category-xeberler","infinite-scroll-item","generate-columns","tablet-grid-50","mobile-grid-100","grid-parent","grid-33","no-featured-image-padding"],"acf":[],"yoast_head":"<!-- This site is optimized with the Yoast SEO plugin v28.4 - https:\/\/yoast.com\/product\/yoast-seo-wordpress\/ -->\n<title>Son 2 ayda evl\u0259n\u0259nl\u0259rin say\u0131 art\u0131b - MEYDAN.TV<\/title>\n<meta name=\"robots\" content=\"index, follow, max-snippet:-1, max-image-preview:large, max-video-preview:-1\" \/>\n<link rel=\"canonical\" href=\"https:\/\/www.meydan.tv\/az\/article\/son-2-ayda-evlenenlerin-sayi-artib\/\" \/>\n<meta property=\"og:locale\" content=\"az_AZ\" \/>\n<meta property=\"og:type\" content=\"article\" \/>\n<meta property=\"og:title\" content=\"Son 2 ayda evl\u0259n\u0259nl\u0259rin say\u0131 art\u0131b - MEYDAN.TV\" \/>\n<meta property=\"og:description\" content=\"Bu il \u0259halinin h\u0259r 1000 n\u0259f\u0259rin\u0259 d\u00fc\u015f\u0259n nikahlar\u0131n say\u0131 6,9, bo\u015fanmalar\u0131n say\u0131 is\u0259 1,4 olub\" \/>\n<meta property=\"og:url\" content=\"https:\/\/www.meydan.tv\/az\/article\/son-2-ayda-evlenenlerin-sayi-artib\/\" \/>\n<meta property=\"og:site_name\" content=\"MEYDAN.TV\" \/>\n<meta property=\"article:published_time\" content=\"2015-03-22T15:33:22+00:00\" \/>\n<meta property=\"og:image\" content=\"https:\/\/www.meydan.tv\/wp-content\/uploads\/7886.jpg\" \/>\n\t<meta property=\"og:image:width\" content=\"467\" \/>\n\t<meta property=\"og:image:height\" content=\"350\" \/>\n\t<meta property=\"og:image:type\" content=\"image\/jpeg\" \/>\n<meta name=\"twitter:card\" content=\"summary_large_image\" \/>\n<!-- \/ Yoast SEO plugin. -->","yoast_head_json":{"title":"Son 2 ayda evl\u0259n\u0259nl\u0259rin say\u0131 art\u0131b - MEYDAN.TV","robots":{"index":"index","follow":"follow","max-snippet":"max-snippet:-1","max-image-preview":"max-image-preview:large","max-video-preview":"max-video-preview:-1"},"canonical":"https:\/\/www.meydan.tv\/az\/article\/son-2-ayda-evlenenlerin-sayi-artib\/","og_locale":"az_AZ","og_type":"article","og_title":"Son 2 ayda evl\u0259n\u0259nl\u0259rin say\u0131 art\u0131b - MEYDAN.TV","og_description":"Bu il \u0259halinin h\u0259r 1000 n\u0259f\u0259rin\u0259 d\u00fc\u015f\u0259n nikahlar\u0131n say\u0131 6,9, bo\u015fanmalar\u0131n say\u0131 is\u0259 1,4 olub","og_url":"https:\/\/www.meydan.tv\/az\/article\/son-2-ayda-evlenenlerin-sayi-artib\/","og_site_name":"MEYDAN.TV","article_published_time":"2015-03-22T15:33:22+00:00","og_image":[{"width":467,"height":350,"url":"https:\/\/www.meydan.tv\/wp-content\/uploads\/7886.jpg","type":"image\/jpeg"}],"twitter_card":"summary_large_image","schema":{"@context":"https:\/\/schema.org","@graph":[{"@type":"Article","@id":"https:\/\/www.meydan.tv\/az\/article\/son-2-ayda-evlenenlerin-sayi-artib\/#article","isPartOf":{"@id":"https:\/\/www.meydan.tv\/az\/article\/son-2-ayda-evlenenlerin-sayi-artib\/"},"author":{"name":"user-manager","@id":"https:\/\/www.meydan.tv\/az\/#\/schema\/person\/10d11eccf6da3662cf5fdab9806ea91a"},"headline":"Son 2 ayda evl\u0259n\u0259nl\u0259rin say\u0131 art\u0131b","datePublished":"2015-03-22T15:33:22+00:00","mainEntityOfPage":{"@id":"https:\/\/www.meydan.tv\/az\/article\/son-2-ayda-evlenenlerin-sayi-artib\/"},"wordCount":218,"publisher":{"@id":"https:\/\/www.meydan.tv\/az\/#organization"},"image":{"@id":"https:\/\/www.meydan.tv\/az\/article\/son-2-ayda-evlenenlerin-sayi-artib\/#primaryimage"},"thumbnailUrl":"https:\/\/www.meydan.tv\/wp-content\/uploads\/7886.jpg","articleSection":["X\u0259b\u0259rl\u0259r"],"inLanguage":"az"},{"@type":"WebPage","@id":"https:\/\/www.meydan.tv\/az\/article\/son-2-ayda-evlenenlerin-sayi-artib\/","url":"https:\/\/www.meydan.tv\/az\/article\/son-2-ayda-evlenenlerin-sayi-artib\/","name":"Son 2 ayda evl\u0259n\u0259nl\u0259rin say\u0131 art\u0131b - MEYDAN.TV","isPartOf":{"@id":"https:\/\/www.meydan.tv\/az\/#website"},"primaryImageOfPage":{"@id":"https:\/\/www.meydan.tv\/az\/article\/son-2-ayda-evlenenlerin-sayi-artib\/#primaryimage"},"image":{"@id":"https:\/\/www.meydan.tv\/az\/article\/son-2-ayda-evlenenlerin-sayi-artib\/#primaryimage"},"thumbnailUrl":"https:\/\/www.meydan.tv\/wp-content\/uploads\/7886.jpg","datePublished":"2015-03-22T15:33:22+00:00","breadcrumb":{"@id":"https:\/\/www.meydan.tv\/az\/article\/son-2-ayda-evlenenlerin-sayi-artib\/#breadcrumb"},"inLanguage":"az","potentialAction":[{"@type":"ReadAction","target":["https:\/\/www.meydan.tv\/az\/article\/son-2-ayda-evlenenlerin-sayi-artib\/"]}]},{"@type":"ImageObject","inLanguage":"az","@id":"https:\/\/www.meydan.tv\/az\/article\/son-2-ayda-evlenenlerin-sayi-artib\/#primaryimage","url":"https:\/\/www.meydan.tv\/wp-content\/uploads\/7886.jpg","contentUrl":"https:\/\/www.meydan.tv\/wp-content\/uploads\/7886.jpg","width":467,"height":350,"caption":"Source:"},{"@type":"BreadcrumbList","@id":"https:\/\/www.meydan.tv\/az\/article\/son-2-ayda-evlenenlerin-sayi-artib\/#breadcrumb","itemListElement":[{"@type":"ListItem","position":1,"name":"Ana s\u0259hif\u0259","item":"https:\/\/www.meydan.tv\/az\/"},{"@type":"ListItem","position":2,"name":"X\u0259b\u0259rl\u0259r","item":"https:\/\/www.meydan.tv\/az\/section\/xeberler\/"},{"@type":"ListItem","position":3,"name":"Son 2 ayda evl\u0259n\u0259nl\u0259rin say\u0131 art\u0131b"}]},{"@type":"WebSite","@id":"https:\/\/www.meydan.tv\/az\/#website","url":"https:\/\/www.meydan.tv\/az\/","name":"MEYDAN.TV","description":"Meydan TV Az\u0259rbaycan\u0131n media m\u0259kan\u0131ndak\u0131 alternativ s\u0259sidir","publisher":{"@id":"https:\/\/www.meydan.tv\/az\/#organization"},"potentialAction":[{"@type":"SearchAction","target":{"@type":"EntryPoint","urlTemplate":"https:\/\/www.meydan.tv\/az\/?s={search_term_string}"},"query-input":{"@type":"PropertyValueSpecification","valueRequired":true,"valueName":"search_term_string"}}],"inLanguage":"az"},{"@type":"Organization","@id":"https:\/\/www.meydan.tv\/az\/#organization","name":"Meydan TV","url":"https:\/\/www.meydan.tv\/az\/","logo":{"@type":"ImageObject","inLanguage":"az","@id":"https:\/\/www.meydan.tv\/az\/#\/schema\/logo\/image\/","url":"https:\/\/www.meydan.tv\/wp-content\/uploads\/2021\/07\/meydan-logo.svg","contentUrl":"https:\/\/www.meydan.tv\/wp-content\/uploads\/2021\/07\/meydan-logo.svg","width":195,"height":46,"caption":"Meydan TV"},"image":{"@id":"https:\/\/www.meydan.tv\/az\/#\/schema\/logo\/image\/"}},{"@type":"Person","@id":"https:\/\/www.meydan.tv\/az\/#\/schema\/person\/10d11eccf6da3662cf5fdab9806ea91a","name":"user-manager"}]}},"_links":{"self":[{"href":"https:\/\/www.meydan.tv\/az\/wp-json\/wp\/v2\/posts\/167332","targetHints":{"allow":["GET"]}}],"collection":[{"href":"https:\/\/www.meydan.tv\/az\/wp-json\/wp\/v2\/posts"}],"about":[{"href":"https:\/\/www.meydan.tv\/az\/wp-json\/wp\/v2\/types\/post"}],"author":[{"embeddable":true,"href":"https:\/\/www.meydan.tv\/az\/wp-json\/wp\/v2\/users\/11"}],"replies":[{"embeddable":true,"href":"https:\/\/www.meydan.tv\/az\/wp-json\/wp\/v2\/comments?post=167332"}],"version-history":[{"count":0,"href":"https:\/\/www.meydan.tv\/az\/wp-json\/wp\/v2\/posts\/167332\/revisions"}],"wp:featuredmedia":[{"embeddable":true,"href":"https:\/\/www.meydan.tv\/az\/wp-json\/wp\/v2\/media\/21783"}],"wp:attachment":[{"href":"https:\/\/www.meydan.tv\/az\/wp-json\/wp\/v2\/media?parent=167332"}],"wp:term":[{"taxonomy":"category","embeddable":true,"href":"https:\/\/www.meydan.tv\/az\/wp-json\/wp\/v2\/categories?post=167332"},{"taxonomy":"post_tag","embeddable":true,"href":"https:\/\/www.meydan.tv\/az\/wp-json\/wp\/v2\/tags?post=167332"}],"curies":[{"name":"wp","href":"https:\/\/api.w.org\/{rel}","templated":true}]}}