{"id":167331,"date":"2015-03-22T15:01:14","date_gmt":"2015-03-22T15:01:14","guid":{"rendered":"https:\/\/www.meydan.tv\/article\/yeni-metro-stansiyalari-ilin-sonunda-acilacaq\/"},"modified":"2015-03-22T15:01:14","modified_gmt":"2015-03-22T15:01:14","slug":"yeni-metro-stansiyalari-ilin-sonunda-acilacaq","status":"publish","type":"post","link":"https:\/\/www.meydan.tv\/az\/article\/yeni-metro-stansiyalari-ilin-sonunda-acilacaq\/","title":{"rendered":"Yeni metro stansiyalar\u0131 ilin sonunda a\u00e7\u0131lacaq"},"content":{"rendered":"<figure class=\"wp-block-image size-large\">\n  <img decoding=\"async\" src=\"https:\/\/www.meydan.tv\/az\/21780\/\" alt=\"\" class=\"wp-image-21780\"\/><figcaption><\/figcaption><\/figure>\n<figure class=\"wp-block-image size-large\">\n  <img decoding=\"async\" src=\"https:\/\/www.meydan.tv\/az\/21780\/\" alt=\"\" class=\"wp-image-21780\"\/><figcaption><\/figcaption><\/figure>\n<p>\n  <i><br \/>\n    &#8220;Haz\u0131rda laz\u0131mi avadanl\u0131\u011f\u0131n qura\u015fd\u0131r\u0131lmas\u0131 v\u0259 stansiyalar\u0131n abadl\u0131\u011f\u0131 \u00fczr\u0259 i\u015f gedir&#8221;<br \/>\n  <\/i>\n<\/p>\n<p>\n  &#8220;Bak\u0131 Metropoliteni&#8221; QSC &#8220;b\u0259n\u00f6v\u015f\u0259yi x\u0259tt&#8221;in ilk iki &#8211; &#8220;Avtova\u011fzal&#8221; v\u0259 &#8220;Memar \u018fc\u0259mi-2&#8221; stansiyalar\u0131n\u0131 2015-ci ilin sonuna istismara verm\u0259yi planla\u015fd\u0131r\u0131r. Bunu Trend-\u0259 QSC-nin m\u0259tbuat xidm\u0259tinin r\u0259hb\u0259ri N\u0259simi Pa\u015fayev deyib.\n<\/p>\n<p>\n  Onun s\u00f6zl\u0259rin\u0259 g\u00f6r\u0259, haz\u0131rda laz\u0131mi avadanl\u0131\u011f\u0131n qura\u015fd\u0131r\u0131lmas\u0131 v\u0259 stansiyalar\u0131n abadl\u0131\u011f\u0131 \u00fczr\u0259 i\u015f gedir: &#8220;Plana \u0259sas\u0259n, stansiyalar bu ilin sonuna a\u00e7\u0131lacaq&#8221;.\n<\/p>\n<p>\n  &#8220;B\u0259n\u00f6v\u015f\u0259yi x\u0259tt&#8221; 12 stansiyadan ibar\u0259t olacaq.<\/p>\n","protected":false},"excerpt":{"rendered":"<p>&#8220;Haz\u0131rda laz\u0131mi avadanl\u0131\u011f\u0131n qura\u015fd\u0131r\u0131lmas\u0131 v\u0259 stansiyalar\u0131n abadl\u0131\u011f\u0131 \u00fczr\u0259 i\u015f gedir&#8221;<\/p>\n","protected":false},"author":11,"featured_media":21780,"comment_status":"closed","ping_status":"open","sticky":false,"template":"","format":"standard","meta":{"_acf_changed":false,"_sitemap_exclude":false,"_sitemap_priority":"","_sitemap_frequency":"","footnotes":""},"categories":[56],"tags":[],"class_list":["post-167331","post","type-post","status-publish","format-standard","has-post-thumbnail","hentry","category-xeberler","infinite-scroll-item","generate-columns","tablet-grid-50","mobile-grid-100","grid-parent","grid-33","no-featured-image-padding"],"acf":[],"yoast_head":"<!-- This site is optimized with the Yoast SEO plugin v28.4 - https:\/\/yoast.com\/product\/yoast-seo-wordpress\/ -->\n<title>Yeni metro stansiyalar\u0131 ilin sonunda a\u00e7\u0131lacaq - MEYDAN.TV<\/title>\n<meta name=\"robots\" content=\"index, follow, max-snippet:-1, max-image-preview:large, max-video-preview:-1\" \/>\n<link rel=\"canonical\" href=\"https:\/\/www.meydan.tv\/az\/article\/yeni-metro-stansiyalari-ilin-sonunda-acilacaq\/\" \/>\n<meta property=\"og:locale\" content=\"az_AZ\" \/>\n<meta property=\"og:type\" content=\"article\" \/>\n<meta property=\"og:title\" content=\"Yeni metro stansiyalar\u0131 ilin sonunda a\u00e7\u0131lacaq - MEYDAN.TV\" \/>\n<meta property=\"og:description\" content=\"&quot;Haz\u0131rda laz\u0131mi avadanl\u0131\u011f\u0131n qura\u015fd\u0131r\u0131lmas\u0131 v\u0259 stansiyalar\u0131n abadl\u0131\u011f\u0131 \u00fczr\u0259 i\u015f gedir&quot;\" \/>\n<meta property=\"og:url\" content=\"https:\/\/www.meydan.tv\/az\/article\/yeni-metro-stansiyalari-ilin-sonunda-acilacaq\/\" \/>\n<meta property=\"og:site_name\" content=\"MEYDAN.TV\" \/>\n<meta property=\"article:published_time\" content=\"2015-03-22T15:01:14+00:00\" \/>\n<meta property=\"og:image\" content=\"https:\/\/www.meydan.tv\/wp-content\/uploads\/7884.jpg\" \/>\n\t<meta property=\"og:image:width\" content=\"471\" \/>\n\t<meta property=\"og:image:height\" content=\"350\" \/>\n\t<meta property=\"og:image:type\" content=\"image\/jpeg\" \/>\n<meta name=\"twitter:card\" content=\"summary_large_image\" \/>\n<!-- \/ Yoast SEO plugin. -->","yoast_head_json":{"title":"Yeni metro stansiyalar\u0131 ilin sonunda a\u00e7\u0131lacaq - MEYDAN.TV","robots":{"index":"index","follow":"follow","max-snippet":"max-snippet:-1","max-image-preview":"max-image-preview:large","max-video-preview":"max-video-preview:-1"},"canonical":"https:\/\/www.meydan.tv\/az\/article\/yeni-metro-stansiyalari-ilin-sonunda-acilacaq\/","og_locale":"az_AZ","og_type":"article","og_title":"Yeni metro stansiyalar\u0131 ilin sonunda a\u00e7\u0131lacaq - MEYDAN.TV","og_description":"\"Haz\u0131rda laz\u0131mi avadanl\u0131\u011f\u0131n qura\u015fd\u0131r\u0131lmas\u0131 v\u0259 stansiyalar\u0131n abadl\u0131\u011f\u0131 \u00fczr\u0259 i\u015f gedir\"","og_url":"https:\/\/www.meydan.tv\/az\/article\/yeni-metro-stansiyalari-ilin-sonunda-acilacaq\/","og_site_name":"MEYDAN.TV","article_published_time":"2015-03-22T15:01:14+00:00","og_image":[{"width":471,"height":350,"url":"https:\/\/www.meydan.tv\/wp-content\/uploads\/7884.jpg","type":"image\/jpeg"}],"twitter_card":"summary_large_image","schema":{"@context":"https:\/\/schema.org","@graph":[{"@type":"Article","@id":"https:\/\/www.meydan.tv\/az\/article\/yeni-metro-stansiyalari-ilin-sonunda-acilacaq\/#article","isPartOf":{"@id":"https:\/\/www.meydan.tv\/az\/article\/yeni-metro-stansiyalari-ilin-sonunda-acilacaq\/"},"author":{"name":"user-manager","@id":"https:\/\/www.meydan.tv\/az\/#\/schema\/person\/10d11eccf6da3662cf5fdab9806ea91a"},"headline":"Yeni metro stansiyalar\u0131 ilin sonunda a\u00e7\u0131lacaq","datePublished":"2015-03-22T15:01:14+00:00","mainEntityOfPage":{"@id":"https:\/\/www.meydan.tv\/az\/article\/yeni-metro-stansiyalari-ilin-sonunda-acilacaq\/"},"wordCount":112,"publisher":{"@id":"https:\/\/www.meydan.tv\/az\/#organization"},"image":{"@id":"https:\/\/www.meydan.tv\/az\/article\/yeni-metro-stansiyalari-ilin-sonunda-acilacaq\/#primaryimage"},"thumbnailUrl":"https:\/\/www.meydan.tv\/wp-content\/uploads\/7884.jpg","articleSection":["X\u0259b\u0259rl\u0259r"],"inLanguage":"az"},{"@type":"WebPage","@id":"https:\/\/www.meydan.tv\/az\/article\/yeni-metro-stansiyalari-ilin-sonunda-acilacaq\/","url":"https:\/\/www.meydan.tv\/az\/article\/yeni-metro-stansiyalari-ilin-sonunda-acilacaq\/","name":"Yeni metro stansiyalar\u0131 ilin sonunda a\u00e7\u0131lacaq - MEYDAN.TV","isPartOf":{"@id":"https:\/\/www.meydan.tv\/az\/#website"},"primaryImageOfPage":{"@id":"https:\/\/www.meydan.tv\/az\/article\/yeni-metro-stansiyalari-ilin-sonunda-acilacaq\/#primaryimage"},"image":{"@id":"https:\/\/www.meydan.tv\/az\/article\/yeni-metro-stansiyalari-ilin-sonunda-acilacaq\/#primaryimage"},"thumbnailUrl":"https:\/\/www.meydan.tv\/wp-content\/uploads\/7884.jpg","datePublished":"2015-03-22T15:01:14+00:00","breadcrumb":{"@id":"https:\/\/www.meydan.tv\/az\/article\/yeni-metro-stansiyalari-ilin-sonunda-acilacaq\/#breadcrumb"},"inLanguage":"az","potentialAction":[{"@type":"ReadAction","target":["https:\/\/www.meydan.tv\/az\/article\/yeni-metro-stansiyalari-ilin-sonunda-acilacaq\/"]}]},{"@type":"ImageObject","inLanguage":"az","@id":"https:\/\/www.meydan.tv\/az\/article\/yeni-metro-stansiyalari-ilin-sonunda-acilacaq\/#primaryimage","url":"https:\/\/www.meydan.tv\/wp-content\/uploads\/7884.jpg","contentUrl":"https:\/\/www.meydan.tv\/wp-content\/uploads\/7884.jpg","width":471,"height":350,"caption":"Source:"},{"@type":"BreadcrumbList","@id":"https:\/\/www.meydan.tv\/az\/article\/yeni-metro-stansiyalari-ilin-sonunda-acilacaq\/#breadcrumb","itemListElement":[{"@type":"ListItem","position":1,"name":"Ana s\u0259hif\u0259","item":"https:\/\/www.meydan.tv\/az\/"},{"@type":"ListItem","position":2,"name":"X\u0259b\u0259rl\u0259r","item":"https:\/\/www.meydan.tv\/az\/section\/xeberler\/"},{"@type":"ListItem","position":3,"name":"Yeni metro stansiyalar\u0131 ilin sonunda a\u00e7\u0131lacaq"}]},{"@type":"WebSite","@id":"https:\/\/www.meydan.tv\/az\/#website","url":"https:\/\/www.meydan.tv\/az\/","name":"MEYDAN.TV","description":"Meydan TV Az\u0259rbaycan\u0131n media m\u0259kan\u0131ndak\u0131 alternativ s\u0259sidir","publisher":{"@id":"https:\/\/www.meydan.tv\/az\/#organization"},"potentialAction":[{"@type":"SearchAction","target":{"@type":"EntryPoint","urlTemplate":"https:\/\/www.meydan.tv\/az\/?s={search_term_string}"},"query-input":{"@type":"PropertyValueSpecification","valueRequired":true,"valueName":"search_term_string"}}],"inLanguage":"az"},{"@type":"Organization","@id":"https:\/\/www.meydan.tv\/az\/#organization","name":"Meydan TV","url":"https:\/\/www.meydan.tv\/az\/","logo":{"@type":"ImageObject","inLanguage":"az","@id":"https:\/\/www.meydan.tv\/az\/#\/schema\/logo\/image\/","url":"https:\/\/www.meydan.tv\/wp-content\/uploads\/2021\/07\/meydan-logo.svg","contentUrl":"https:\/\/www.meydan.tv\/wp-content\/uploads\/2021\/07\/meydan-logo.svg","width":195,"height":46,"caption":"Meydan TV"},"image":{"@id":"https:\/\/www.meydan.tv\/az\/#\/schema\/logo\/image\/"}},{"@type":"Person","@id":"https:\/\/www.meydan.tv\/az\/#\/schema\/person\/10d11eccf6da3662cf5fdab9806ea91a","name":"user-manager"}]}},"_links":{"self":[{"href":"https:\/\/www.meydan.tv\/az\/wp-json\/wp\/v2\/posts\/167331","targetHints":{"allow":["GET"]}}],"collection":[{"href":"https:\/\/www.meydan.tv\/az\/wp-json\/wp\/v2\/posts"}],"about":[{"href":"https:\/\/www.meydan.tv\/az\/wp-json\/wp\/v2\/types\/post"}],"author":[{"embeddable":true,"href":"https:\/\/www.meydan.tv\/az\/wp-json\/wp\/v2\/users\/11"}],"replies":[{"embeddable":true,"href":"https:\/\/www.meydan.tv\/az\/wp-json\/wp\/v2\/comments?post=167331"}],"version-history":[{"count":0,"href":"https:\/\/www.meydan.tv\/az\/wp-json\/wp\/v2\/posts\/167331\/revisions"}],"wp:featuredmedia":[{"embeddable":true,"href":"https:\/\/www.meydan.tv\/az\/wp-json\/wp\/v2\/media\/21780"}],"wp:attachment":[{"href":"https:\/\/www.meydan.tv\/az\/wp-json\/wp\/v2\/media?parent=167331"}],"wp:term":[{"taxonomy":"category","embeddable":true,"href":"https:\/\/www.meydan.tv\/az\/wp-json\/wp\/v2\/categories?post=167331"},{"taxonomy":"post_tag","embeddable":true,"href":"https:\/\/www.meydan.tv\/az\/wp-json\/wp\/v2\/tags?post=167331"}],"curies":[{"name":"wp","href":"https:\/\/api.w.org\/{rel}","templated":true}]}}