{"id":167330,"date":"2015-03-22T14:27:25","date_gmt":"2015-03-22T14:27:25","guid":{"rendered":"https:\/\/www.meydan.tv\/article\/son-efv-serencami-hakimiyyetin-siyasi-mehbus-istiqametindeki-imitasiya-siyasetini-bir-daha-ifsa-etdi\/"},"modified":"2015-03-22T14:27:25","modified_gmt":"2015-03-22T14:27:25","slug":"son-efv-serencami-hakimiyyetin-siyasi-mehbus-istiqametindeki-imitasiya-siyasetini-bir-daha-ifsa-etdi","status":"publish","type":"post","link":"https:\/\/www.meydan.tv\/az\/article\/son-efv-serencami-hakimiyyetin-siyasi-mehbus-istiqametindeki-imitasiya-siyasetini-bir-daha-ifsa-etdi\/","title":{"rendered":"&#8220;Son \u0259fv s\u0259r\u0259ncam\u0131 hakimiyy\u0259tin \u201csiyasi m\u0259hbus\u201d istiqam\u0259tind\u0259ki imitasiya siyas\u0259tini bir daha if\u015fa etdi&#8221;"},"content":{"rendered":"<figure class=\"wp-block-image size-large\">\n  <img decoding=\"async\" src=\"https:\/\/www.meydan.tv\/az\/21765\/\" alt=\"\" class=\"wp-image-21765\"\/><figcaption><\/figcaption><\/figure>\n<figure class=\"wp-block-image size-large\">\n  <img decoding=\"async\" src=\"https:\/\/www.meydan.tv\/az\/21768\/\" alt=\"\" class=\"wp-image-21768\"\/><figcaption><\/figcaption><\/figure>\n<p>\n  <i><br \/>\n    &#8220;Nec\u0259 ola bilir ki, d\u00f6vl\u0259t ba\u015f\u00e7\u0131s\u0131 v\u0259t\u0259nda\u015f\u0131n h\u0259yat\u0131na q\u0259sd ed\u0259n, insanlar\u0131 yaralayan, \u00f6ld\u00fcr\u0259n, ba\u015fqalar\u0131n\u0131n \u0259mlak\u0131n\u0131 \u0259l\u0259 ke\u00e7ir\u0259n, da\u011f\u0131dan, x\u00fcsusi v\u0259 d\u00f6vl\u0259t m\u00fclkiyy\u0259tin\u0259 ziyan vuran, insan alveri il\u0259 m\u0259\u015f\u011ful olan, h\u0259r n\u00f6v qa\u00e7aqmal\u00e7\u0131l\u0131\u011f\u0131 \u00f6z\u00fcn\u0259 pe\u015f\u0259 se\u00e7\u0259n, narkotika il\u0259 c\u0259miyy\u0259ti z\u0259h\u0259rl\u0259y\u0259n, onun sat\u0131\u015f\u0131n\u0131, \u00f6lk\u0259y\u0259 idxal\u0131n\u0131 v\u0259 ixrac\u0131n\u0131 t\u0259\u015fkil ed\u0259n v\u0259 s. \u015f\u0259xsl\u0259ri bir g\u00fcn\u00fcn i\u00e7ind\u0259 bir s\u0259r\u0259ncamla azadl\u0131\u011fa burax\u0131r, amma&#8230;&#8221;<br \/>\n  <\/i>\n<\/p>\n<p>\n  \u201cSiyasi M\u0259hbuslars\u0131z Az\u0259rbaycan\u201d \u0130ctimai Alyans\u0131n\u0131n koordinatoru, h\u00fcquq m\u00fcdafi\u0259\u00e7isi Oqtay G\u00fclal\u0131yev d\u00f6vl\u0259t ba\u015f\u00e7\u0131s\u0131 t\u0259r\u0259find\u0259n imzalanm\u0131\u015f son \u0259fv s\u0259r\u0259ncam\u0131na \u00f6z\u00fcn\u00fcn Facebook s\u0259hif\u0259sind\u0259 m\u00fcnasib\u0259t bildirib. Statusda deyilir;\n<\/p>\n<p>\n  \u201cBir ne\u00e7\u0259 g\u00fcn \u00f6nc\u0259 \u0130lham \u018fliyev n\u00f6vb\u0259ti \u0259fv s\u0259r\u0259ncam\u0131 imzalad\u0131. Bu d\u0259f\u0259 d\u0259 g\u00f6zl\u0259ntil\u0259r \u00f6z\u00fcn\u00fc do\u011frultmad\u0131. \u00d6lk\u0259 h\u0259bsxanalar\u0131nda haqq etm\u0259diyi c\u0259zan\u0131 \u00e7\u0259k\u0259n 100- d\u0259n \u00e7ox siyasi m\u0259hbusdan yaln\u0131z bir ne\u00e7\u0259 n\u0259f\u0259r azadl\u0131\u011fa \u00e7\u0131xd\u0131. Haqq\u0131nda Avropa \u0130nsan Haqlar\u0131 M\u0259hk\u0259m\u0259sinin q\u0259rar\u0131 olan \u018fli \u0130nsanov v\u0259 \u0130lqar M\u0259mm\u0259dov ba\u015fda olmaqla azadl\u0131\u011fa \u00e7\u0131xaca\u011f\u0131 g\u00f6zl\u0259nil\u0259n onlarla siyasi m\u0259hbus yen\u0259 h\u0259bsxanada qald\u0131. Hakimiyy\u0259t bir daha azadl\u0131q, demokratiya, insan haqlar\u0131 ugrunda m\u00fcbariz\u0259 aparan insanlara qar\u015f\u0131 n\u0259 q\u0259d\u0259r q\u0259ddar, ac\u0131mas\u0131z v\u0259 qisas\u00e7\u0131 oldu\u011funu ortaya qoydu. Eyni zamanda yerli v\u0259 beyn\u0259lxalq ictimaiyy\u0259t \u00fc\u00e7\u00fcn\u00a0 \u201csiyasi m\u0259hbus kart\u0131\u201d-n\u0131 \u00e7ox x\u0259sislikl\u0259 x\u0259rcl\u0259diyini n\u00fcmayi\u015f etdirdi&#8230;\n<\/p>\n<p>\n  Son \u0259fv s\u0259r\u0259ncam\u0131nda m\u0259nim diqq\u0259timi bir m\u0259qam \u00e7\u0259kdi. \u018ffv siyah\u0131s\u0131nda yer alan 101 m\u0259hkumdan yar\u0131dan \u00e7oxu (59 n\u0259f\u0259r) a\u011f\u0131r cinay\u0259t t\u00f6r\u0259tm\u0259kd\u0259 ittiham olunaraq Bak\u0131 v\u0259 regionlarda yerl\u0259\u015f\u0259n A\u011f\u0131r Cinay\u0259tl\u0259r M\u0259hk\u0259m\u0259sinin h\u00f6km\u00fc il\u0259 azadl\u0131qdan m\u0259hrum olunublar (bax;<br \/>\n  <a href=\"http:\/\/www.president.az\/articles\/14580\"><br \/>\n    http:\/\/www.president.az\/articles\/14580<br \/>\n  <\/a><br \/>\n  ). Onlar\u0131n b\u0259zil\u0259ri haqq\u0131nda m\u0259hk\u0259m\u0259 h\u00f6km\u00fc h\u0259tta 2013- v\u0259 2014- c\u00fc ill\u0259rd\u0259 \u00e7\u0131xar\u0131l\u0131b v\u0259 t\u00f6r\u0259tdikl\u0259ri cinay\u0259t\u0259 g\u00f6r\u0259 a\u011f\u0131r c\u0259zaya m\u0259hkum edilibl\u0259r. Amma c\u0259zalar\u0131n\u0131n he\u00e7 1\/3- ni, h\u0259tta el\u0259l\u0259ri var 1\/5- ni bel\u0259 \u00e7\u0259km\u0259yibl\u0259r. \u018flb\u0259tt\u0259 sosial \u0259dal\u0259tsiziliyin h\u00f6km s\u00fcrd\u00fcy\u00fc, o\u011frular\u0131n, talan\u00e7\u0131lar\u0131n, mandat alver\u00e7il\u0259rinin hakimiyy\u0259tin yuxar\u0131 qatlar\u0131n\u0131 z\u0259bt edib \u00f6zl\u0259rin\u0259 isti yuva sald\u0131qlar\u0131 m\u0259ml\u0259k\u0259td\u0259 h\u0259bsd\u0259 olan hans\u0131sa m\u0259hbusun azadl\u0131\u011fa \u00e7\u0131xmas\u0131na qar\u015f\u0131 deyilik. D\u00fc\u015f\u00fcn\u00fcr\u00fck ki, \u00f6lk\u0259d\u0259 sosial \u0259dal\u0259t b\u0259rpa olunmal\u0131, Q\u0131z\u0131l Amnistiya t\u0259tbiq edilm\u0259li, c\u0259za v\u0259 h\u0259bs \u015f\u0259rtl\u0259rin\u0259 yenid\u0259n bax\u0131lmal\u0131d\u0131r. Amma qeyd ed\u0259k ki, d\u00f6vl\u0259t ba\u015f\u00e7\u0131s\u0131n\u0131n humanistlik v\u0259 insanl\u0131q n\u00fcmun\u0259si g\u00f6st\u0259r\u0259r\u0259k \u0259fv s\u0259r\u0259ncam\u0131 imzalad\u0131\u011f\u0131 iddias\u0131n\u0131 ir\u0259li s\u00fcr\u0259nl\u0259rin iddias\u0131 \u0259fv siyah\u0131s\u0131na baxanda el\u0259 ilk bax\u0131\u015fda darmada\u011f\u0131n olur. \u00c7\u00fcnki ani olaraq sual meydana \u00e7\u0131x\u0131r; Nec\u0259 ola bilir ki, d\u00f6vl\u0259t ba\u015f\u00e7\u0131s\u0131 v\u0259t\u0259nda\u015f\u0131n h\u0259yat\u0131na q\u0259sd ed\u0259n, insanlar\u0131 yaralayan, \u00f6ld\u00fcr\u0259n, ba\u015fqalar\u0131n\u0131n \u0259mlak\u0131n\u0131 \u0259l\u0259 ke\u00e7ir\u0259n, da\u011f\u0131dan, x\u00fcsusi v\u0259 d\u00f6vl\u0259t m\u00fclkiyy\u0259tin\u0259 ziyan vuran, insan alveri il\u0259 m\u0259\u015f\u011ful olan, h\u0259r n\u00f6v qa\u00e7aqmal\u00e7\u0131l\u0131\u011f\u0131 \u00f6z\u00fcn\u0259 pe\u015f\u0259 se\u00e7\u0259n, narkotika il\u0259 c\u0259miyy\u0259ti z\u0259h\u0259rl\u0259y\u0259n, onun sat\u0131\u015f\u0131n\u0131, \u00f6lk\u0259y\u0259 idxal\u0131n\u0131 v\u0259 ixrac\u0131n\u0131 t\u0259\u015fkil ed\u0259n v\u0259 s. \u015f\u0259xsl\u0259ri bir g\u00fcn\u00fcn i\u00e7ind\u0259 bir s\u0259r\u0259ncamla azadl\u0131\u011fa burax\u0131r, amma b\u00fct\u00fcn h\u0259yat\u0131n\u0131 c\u0259miyy\u0259tin safla\u015fd\u0131r\u0131lmas\u0131, insanlar\u0131n haqlar\u0131n\u0131, m\u00fclkl\u0259rini, milli m\u0259n\u0259vi d\u0259y\u0259rl\u0259ri qoruma\u011f\u0131 \u00f6z\u00fcn\u00fcn h\u0259yat amal\u0131na \u00e7evirmi\u015f \u0130lqar M\u0259mm\u0259dov, Tofiq Yaqublu, Yadigar Sad\u0131ql\u0131, \u0130ntiqam \u018fliyev, Leyla Yunus, R\u0259sul C\u0259f\u0259rov, X\u0259dic\u0259 \u0130smay\u0131l, Taleh Ba\u011f\u0131rzad\u0259, Anar M\u0259mm\u0259dli, Seymur H\u0259zi, Sirac v\u0259 F\u0259r\u0259c K\u0259rimli qarda\u015flar\u0131, Hilal M\u0259mm\u0259dov, Nem\u0259t P\u0259nahl\u0131 kimi f\u0259dakar insanlar\u0131, \u201c\u0259sg\u0259r \u00f6l\u00fcml\u0259rin\u0259 son!\u201d dey\u0259n N\u0130DA- \u00e7\u0131 g\u0259ncl\u0259ri, \u201cAllah t\u0259kdir, \u015f\u0259riki yoxdur\u201d dey\u0259n inancl\u0131 insanlar\u0131 v\u0259 dig\u0259rl\u0259rini azadl\u0131\u011fa buraxm\u0131r? Onlara gen dunyan\u0131 dar edir, qaranl\u0131q zindanda \u00e7\u00fcr\u00fcd\u00fcr, girov saxlay\u0131r. Bu nec\u0259 humanistlik, nec\u0259 insanl\u0131q, nec\u0259 \u0259dal\u0259tdir? Bel\u0259 \u00e7\u0131x\u0131r ki, \u00f6lk\u0259 s\u0259rv\u0259tl\u0259rinin bir qrup \u015f\u0259xs t\u0259r\u0259find\u0259n talan edilib of\u015far zonalara \u00e7\u0131xar\u0131lmas\u0131 cinay\u0259t deyil, amma talan\u00e7\u0131lar\u0131 v\u0259 o\u011frular\u0131 if\u015fa etm\u0259k ba\u011f\u0131\u015flanmaz cinay\u0259tdir. \u0130nsanlar\u0131n m\u00fclkini ba\u015f\u0131na u\u00e7urtmaq, onlar\u0131n haqq\u0131n\u0131 yem\u0259k gunah deyil, amma haqq\u0131 yeyil\u0259nl\u0259rin haqq\u0131n\u0131 m\u00fcdafi\u0259 etm\u0259k, onlar\u0131n s\u0259sini Avropa M\u0259hk\u0259m\u0259sin\u0259 da\u015f\u0131maq cinay\u0259tdir. Bel\u0259 \u00e7\u0131x\u0131r ki, se\u00e7icinin s\u0259sini, xalq\u0131n mandat\u0131n\u0131 o\u011furlamaq, d\u00f6vl\u0259t hakimiyy\u0259tini qanunsuz yolla \u0259l\u0259 ke\u00e7irm\u0259k cinay\u0259t deyil, amma se\u00e7kil\u0259rin saxtala\u015fd\u0131rmas\u0131na, hakimiyy\u0259tin q\u0259sb olunmas\u0131 qar\u015f\u0131 \u00e7\u0131xmaq \u0259n a\u011f\u0131r cinay\u0259tdir, el\u0259mi? Bu m\u00fcqayis\u0259l\u0259ri uzatmaq olar. Amma n\u0259tic\u0259 d\u0259yi\u015fmir. Son \u0259fv s\u0259r\u0259ncam\u0131 insanlar\u0131 v\u0259 \u00f6lk\u0259ni tar- mar edib da\u011f\u0131danlarla insanlar\u0131n v\u0259 \u00f6lk\u0259nin haqq\u0131n\u0131 qoruyanlara m\u00fcnasib\u0259td\u0259 \u00e7ox \u015fey deyir&#8230;\n<\/p>\n<figure class=\"wp-block-image size-large\">\n  <img decoding=\"async\" src=\"https:\/\/www.meydan.tv\/az\/21765\/\" alt=\"\" class=\"wp-image-21765\"\/><figcaption><\/figcaption><\/figure>\n<p>\n  Son \u0259fv s\u0259r\u0259ncam\u0131 hakimiyy\u0259t v\u0259 onun yanda\u015flar\u0131 t\u0259r\u0259find\u0259n \u201csiyasi m\u0259hbus\u201d m\u0259s\u0259l\u0259sind\u0259 ill\u0259rdir y\u00fcr\u00fcd\u00fcl\u0259n imitasiya siyas\u0259tini bir daha if\u015fa etdi. Bu s\u0259r\u0259ncam h\u0259m d\u0259 ke\u00e7\u0259n ilin oktyabr\u0131nda yarad\u0131lm\u0131\u015f \u0130nsan Haqlar\u0131 \u00fczr\u0259 Birg\u0259 \u0130\u015f\u00e7i Qrupunun da formal, g\u00f6zd\u0259n p\u0259rd\u0259 asmaq \u00fc\u00e7\u00fcn ortaya at\u0131lm\u0131\u015f qurum oldu\u011funu bir daha g\u00f6st\u0259rdi.\n<\/p>\n<p>\n  \u00d6lk\u0259d\u0259 siyasi m\u0259hbuslar\u0131n m\u00f6vcudlu\u011fu bu hakimiyy\u0259tin mahiyy\u0259tind\u0259n, xarakterind\u0259n, f\u0259ls\u0259f\u0259sind\u0259n ir\u0259li g\u0259lir. Avtoritar rejiml\u0259r harda varsa orda h\u00f6km\u0259n ictimai- siyasi f\u0259allara qar\u015f\u0131 repressiyalar, qanunsuz h\u0259bsl\u0259r olub v\u0259 yen\u0259 d\u0259 olacaq. Eyn\u0259n Az\u0259rbaycanda oldu\u011fu kimi&#8230;\n<\/p>\n<p>\n  \u018fliyev rejimi siyasi m\u0259hbus problemini h\u0259ll etm\u0259k \u0259v\u0259zin\u0259 bu siyah\u0131ya yeni insanlar\u0131 \u0259lav\u0259 edir. Bir ne\u00e7\u0259 h\u0259ft\u0259 \u00f6nc\u0259 G\u00f6y\u00e7ayda h\u00fcquq m\u00fcdafi\u0259\u00e7isi Taleh Xasm\u0259mm\u0259dovun yenid\u0259n \u015f\u0259rl\u0259n\u0259r\u0259k h\u0259bs olunmas\u0131 v\u0259 h\u0259bsxanada i\u015fg\u0259nc\u0259l\u0259r\u0259 m\u0259ruz qalmas\u0131 buna misal ola bil\u0259r. Hakimiyy\u0259t t\u0259kc\u0259 siyasi m\u0259hbuslar\u0131 h\u0259bsxanada saxlamaqla, onlar\u0131n say\u0131n\u0131 art\u0131rmaqla kifay\u0259tl\u0259nmir, h\u0259bsd\u0259 olan bu insanlara m\u0259n\u0259vi \u0259zab, i\u015fg\u0259nc\u0259 verir, onlardan qisas al\u0131r. H\u0259bsd\u0259 olan tan\u0131nm\u0131\u015f h\u00fcquq m\u00fcdafi\u0259\u00e7isi xan\u0131m Leyla Yunusun qan\u0131nda hepatit C virusu \u00a0a\u015fkar olunub, qara ciy\u0259rind\u0259n da\u011f\u0131lma prosesi gedir. Yerli v\u0259 beyn\u0259lxalq ictimaiyy\u0259tin, x\u00fcsus\u0259n onu m\u00fcayin\u0259 ed\u0259n Alman h\u0259kiml\u0259rinin t\u0259kidli t\u0259l\u0259bl\u0259rin\u0259 baxmayaraq hakimiyy\u0259t onu n\u0259inki azadl\u0131\u011fa buraxmaq, h\u0259tta normal m\u00fcalic\u0259sini bel\u0259 t\u0259\u015fkil etm\u0259k ist\u0259mir. Ke\u00e7\u0259n \u0259srd\u0259 fa\u015fist Almaniyas\u0131n\u0131n \u00f6z \u0259sirl\u0259rin\u0259 qar\u015f\u0131 h\u0259yata ke\u00e7irdiyi q\u0259ddarl\u0131q, amans\u0131zl\u0131q v\u0259 qisas\u00e7\u0131l\u0131q n\u00fcmun\u0259sini bu g\u00fcnki hakimiyy\u0259t ba\u015fqa bir formada Leyla Yunusun timsal\u0131nda h\u0259bsd\u0259 girov saxlad\u0131\u011f\u0131 siyasi m\u0259hbuslara qar\u015f\u0131 h\u0259yata ke\u00e7irir. AXCP s\u0259dri \u018fli K\u0259rimly\u0259 g\u00f6r\u0259 onun qayn\u0131 Elnur Seyidovu a\u011f\u0131r x\u0259st\u0259 olmas\u0131na baxmayaraq 3 ildir ki, h\u0259bsd\u0259 girov saxlay\u0131r. ABU- nun sabiq rektoru El\u015fad Abdullayevin yayd\u0131\u011f\u0131 gizli \u201cmandat alveri\u201d videosuna g\u00f6r\u0259 onun sad\u0259 k\u0259nd h\u0259yat\u0131 ya\u015fayan, g\u00fcnahs\u0131z qarda\u015f\u0131 o\u011flu M\u00fcbariz Abdullayevi 10 il h\u0259bs c\u0259zas\u0131 verir, u\u015faqdan- b\u00f6y\u00fcy\u0259 b\u00fct\u00fcn qohumlar\u0131n\u0131n \u00f6lk\u0259d\u0259n \u00e7\u0131x\u0131\u015f\u0131n\u0131 yasaq edir. Ba\u015fqa bir misal; bir ne\u00e7\u0259 ay \u00f6nc\u0259 14 sayl\u0131 C\u00c7M- d\u0259 m\u0259hkum El\u015fad Babayevi \u00f6ld\u00fcr\u0259nl\u0259ri m\u0259hk\u0259m\u0259 \u00f6n\u00fcn\u0259 \u00e7\u0131xar\u0131b c\u0259zaland\u0131rmaq \u0259v\u0259zin\u0259, bu v\u0259h\u015filiy\u0259, cinay\u0259t\u0259 etiraz ed\u0259n g\u00fcnahs\u0131z m\u0259hkumlar\u0131 ba\u015fda siyasi m\u0259hbus, jurnalist Araz Quliyev olmaqla \u201cTubzon\u201d-a g\u00f6nd\u0259rib i\u015fg\u0259nc\u0259 verir, 3 ayd\u0131r ki, onlar\u0131 i\u015f\u0131q \u00fcz\u00fcn\u0259 h\u0259sr\u0259t qoyub \u201ckars\u201d-da saxlay\u0131r. \u00dcr\u0259kl\u0259ri bununla da soyumur, veril\u0259n m\u0259lumata g\u00f6r\u0259 bir ne\u00e7\u0259 g\u00fcn \u00f6nc\u0259 14 sayl\u0131 C\u00c7M- d\u0259 qapal\u0131 m\u0259hk\u0259m\u0259 ke\u00e7irib h\u0259min \u015f\u0259xsl\u0259ri \u201ckr\u0131t\u0131\u201d deyil\u0259n Qobustan Qapal\u0131 H\u0259bsxanas\u0131na g\u00f6nd\u0259rilm\u0259si bar\u0259d\u0259 q\u0259rar \u00e7\u0131xar\u0131blar. Art\u0131q ne\u00e7\u0259nci d\u0259f\u0259dir subut olunur ki, bu hakimiyy\u0259t cinay\u0259t t\u00f6r\u0259d\u0259nl\u0259ri deyil, h\u0259min cinay\u0259t\u0259 etiraz\u0131n\u0131 bildirib haqq\u0131n\u0131 qoruyanlar\u0131 c\u0259zaland\u0131r\u0131r, onlardan qisas al\u0131r. \u00c7\u00fcnki onlar Az\u0259rbaycanda tam m\u00fcqavim\u0259tsiz, ba\u015fdan- aya\u011fa manqurtla\u015fm\u0131\u015f c\u0259miyy\u0259t g\u00f6rm\u0259k ist\u0259yirl\u0259r. Bu is\u0259 he\u00e7 vaxt m\u00fcmk\u00fcn olmay\u0131b v\u0259 olmayacaq!\n<\/p>\n<p>\n  &#8230; Hakimiyy\u0259tin h\u0259bsxana t\u0259f\u0259kk\u00fcr\u00fc, siyasi m\u0259hbus problemin\u0259 yana\u015fma d\u00fc\u015f\u00fcnc\u0259si, t\u0259rzi budur. Bu t\u0259f\u0259kk\u00fcr, d\u00fc\u015f\u00fcnc\u0259 t\u0259rzi d\u0259yi\u015fm\u0259yinc\u0259 \u00f6lk\u0259d\u0259 siyasi m\u0259hbuslar\u0131n m\u00f6vcudlu\u011fu v\u0259 problem\u0259 m\u00fcnasib\u0259t d\u0259 d\u0259yi\u015fm\u0259y\u0259c\u0259k. T\u0259f\u0259kk\u00fcr\u00fcn v\u0259 problemin k\u00f6kl\u00fc d\u0259yi\u015fm\u0259si is\u0259 rejimin d\u0259yi\u015fm\u0259sind\u0259n ke\u00e7ir. \u00c7\u00fcnki yuxar\u0131da qeyd olundu\u011fu kimi siyasi m\u0259hbuslar\u0131n m\u00f6vcudlu\u011fu \u018fliyev rejiminin mahiyy\u0259tind\u0259n v\u0259 f\u0259ls\u0259f\u0259sind\u0259n ir\u0259li g\u0259lir. Siyasi M\u0259hbuslars\u0131z Az\u0259rbaycana ged\u0259n yol is\u0259 \u018fliyevsiz rejimd\u0259n- demokratik c\u0259miyy\u0259td\u0259n ke\u00e7ir&#8230;\u201d<\/p>\n","protected":false},"excerpt":{"rendered":"<p>&#8220;Nec\u0259 ola bilir ki, d\u00f6vl\u0259t ba\u015f\u00e7\u0131s\u0131 v\u0259t\u0259nda\u015f\u0131n h\u0259yat\u0131na q\u0259sd ed\u0259n, insanlar\u0131 yaralayan, \u00f6ld\u00fcr\u0259n, ba\u015fqalar\u0131n\u0131n \u0259mlak\u0131n\u0131 \u0259l\u0259 ke\u00e7ir\u0259n, da\u011f\u0131dan, x\u00fcsusi v\u0259 d\u00f6vl\u0259t m\u00fclkiyy\u0259tin\u0259 ziyan vuran, insan alveri il\u0259 m\u0259\u015f\u011ful olan, h\u0259r n\u00f6v qa\u00e7aqmal\u00e7\u0131l\u0131\u011f\u0131 \u00f6z\u00fcn\u0259 pe\u015f\u0259 se\u00e7\u0259n, narkotika il\u0259 c\u0259miyy\u0259ti z\u0259h\u0259rl\u0259y\u0259n, onun sat\u0131\u015f\u0131n\u0131, \u00f6lk\u0259y\u0259 idxal\u0131n\u0131 v\u0259 ixrac\u0131n\u0131 t\u0259\u015fkil ed\u0259n v\u0259 s. \u015f\u0259xsl\u0259ri bir g\u00fcn\u00fcn i\u00e7ind\u0259 bir s\u0259r\u0259ncamla azadl\u0131\u011fa burax\u0131r, amma&#8230;&#8221;<\/p>\n","protected":false},"author":11,"featured_media":21765,"comment_status":"closed","ping_status":"open","sticky":false,"template":"","format":"standard","meta":{"_acf_changed":false,"_sitemap_exclude":false,"_sitemap_priority":"","_sitemap_frequency":"","footnotes":""},"categories":[56],"tags":[],"class_list":["post-167330","post","type-post","status-publish","format-standard","has-post-thumbnail","hentry","category-xeberler","infinite-scroll-item","generate-columns","tablet-grid-50","mobile-grid-100","grid-parent","grid-33","no-featured-image-padding"],"acf":[],"yoast_head":"<!-- This site is optimized with the Yoast SEO plugin v28.4 - https:\/\/yoast.com\/product\/yoast-seo-wordpress\/ -->\n<title>&quot;Son \u0259fv s\u0259r\u0259ncam\u0131 hakimiyy\u0259tin \u201csiyasi m\u0259hbus\u201d istiqam\u0259tind\u0259ki imitasiya siyas\u0259tini bir daha if\u015fa etdi&quot; - MEYDAN.TV<\/title>\n<meta name=\"robots\" content=\"index, follow, max-snippet:-1, max-image-preview:large, max-video-preview:-1\" \/>\n<link rel=\"canonical\" href=\"https:\/\/www.meydan.tv\/az\/article\/son-efv-serencami-hakimiyyetin-siyasi-mehbus-istiqametindeki-imitasiya-siyasetini-bir-daha-ifsa-etdi\/\" \/>\n<meta property=\"og:locale\" content=\"az_AZ\" \/>\n<meta property=\"og:type\" content=\"article\" \/>\n<meta property=\"og:title\" content=\"&quot;Son \u0259fv s\u0259r\u0259ncam\u0131 hakimiyy\u0259tin \u201csiyasi m\u0259hbus\u201d istiqam\u0259tind\u0259ki imitasiya siyas\u0259tini bir daha if\u015fa etdi&quot; - MEYDAN.TV\" \/>\n<meta property=\"og:description\" content=\"&quot;Nec\u0259 ola bilir ki, d\u00f6vl\u0259t ba\u015f\u00e7\u0131s\u0131 v\u0259t\u0259nda\u015f\u0131n h\u0259yat\u0131na q\u0259sd ed\u0259n, insanlar\u0131 yaralayan, \u00f6ld\u00fcr\u0259n, ba\u015fqalar\u0131n\u0131n \u0259mlak\u0131n\u0131 \u0259l\u0259 ke\u00e7ir\u0259n, da\u011f\u0131dan, x\u00fcsusi v\u0259 d\u00f6vl\u0259t m\u00fclkiyy\u0259tin\u0259 ziyan vuran, insan alveri il\u0259 m\u0259\u015f\u011ful olan, h\u0259r n\u00f6v qa\u00e7aqmal\u00e7\u0131l\u0131\u011f\u0131 \u00f6z\u00fcn\u0259 pe\u015f\u0259 se\u00e7\u0259n, narkotika il\u0259 c\u0259miyy\u0259ti z\u0259h\u0259rl\u0259y\u0259n, onun sat\u0131\u015f\u0131n\u0131, \u00f6lk\u0259y\u0259 idxal\u0131n\u0131 v\u0259 ixrac\u0131n\u0131 t\u0259\u015fkil ed\u0259n v\u0259 s. \u015f\u0259xsl\u0259ri bir g\u00fcn\u00fcn i\u00e7ind\u0259 bir s\u0259r\u0259ncamla azadl\u0131\u011fa burax\u0131r, amma...&quot;\" \/>\n<meta property=\"og:url\" content=\"https:\/\/www.meydan.tv\/az\/article\/son-efv-serencami-hakimiyyetin-siyasi-mehbus-istiqametindeki-imitasiya-siyasetini-bir-daha-ifsa-etdi\/\" \/>\n<meta property=\"og:site_name\" content=\"MEYDAN.TV\" \/>\n<meta property=\"article:published_time\" content=\"2015-03-22T14:27:25+00:00\" \/>\n<meta property=\"og:image\" content=\"https:\/\/www.meydan.tv\/wp-content\/uploads\/7882.jpg\" \/>\n\t<meta property=\"og:image:width\" content=\"326\" \/>\n\t<meta property=\"og:image:height\" content=\"155\" \/>\n\t<meta property=\"og:image:type\" content=\"image\/jpeg\" \/>\n<meta name=\"twitter:card\" content=\"summary_large_image\" \/>\n<!-- \/ Yoast SEO plugin. -->","yoast_head_json":{"title":"\"Son \u0259fv s\u0259r\u0259ncam\u0131 hakimiyy\u0259tin \u201csiyasi m\u0259hbus\u201d istiqam\u0259tind\u0259ki imitasiya siyas\u0259tini bir daha if\u015fa etdi\" - MEYDAN.TV","robots":{"index":"index","follow":"follow","max-snippet":"max-snippet:-1","max-image-preview":"max-image-preview:large","max-video-preview":"max-video-preview:-1"},"canonical":"https:\/\/www.meydan.tv\/az\/article\/son-efv-serencami-hakimiyyetin-siyasi-mehbus-istiqametindeki-imitasiya-siyasetini-bir-daha-ifsa-etdi\/","og_locale":"az_AZ","og_type":"article","og_title":"\"Son \u0259fv s\u0259r\u0259ncam\u0131 hakimiyy\u0259tin \u201csiyasi m\u0259hbus\u201d istiqam\u0259tind\u0259ki imitasiya siyas\u0259tini bir daha if\u015fa etdi\" - MEYDAN.TV","og_description":"\"Nec\u0259 ola bilir ki, d\u00f6vl\u0259t ba\u015f\u00e7\u0131s\u0131 v\u0259t\u0259nda\u015f\u0131n h\u0259yat\u0131na q\u0259sd ed\u0259n, insanlar\u0131 yaralayan, \u00f6ld\u00fcr\u0259n, ba\u015fqalar\u0131n\u0131n \u0259mlak\u0131n\u0131 \u0259l\u0259 ke\u00e7ir\u0259n, da\u011f\u0131dan, x\u00fcsusi v\u0259 d\u00f6vl\u0259t m\u00fclkiyy\u0259tin\u0259 ziyan vuran, insan alveri il\u0259 m\u0259\u015f\u011ful olan, h\u0259r n\u00f6v qa\u00e7aqmal\u00e7\u0131l\u0131\u011f\u0131 \u00f6z\u00fcn\u0259 pe\u015f\u0259 se\u00e7\u0259n, narkotika il\u0259 c\u0259miyy\u0259ti z\u0259h\u0259rl\u0259y\u0259n, onun sat\u0131\u015f\u0131n\u0131, \u00f6lk\u0259y\u0259 idxal\u0131n\u0131 v\u0259 ixrac\u0131n\u0131 t\u0259\u015fkil ed\u0259n v\u0259 s. \u015f\u0259xsl\u0259ri bir g\u00fcn\u00fcn i\u00e7ind\u0259 bir s\u0259r\u0259ncamla azadl\u0131\u011fa burax\u0131r, amma...\"","og_url":"https:\/\/www.meydan.tv\/az\/article\/son-efv-serencami-hakimiyyetin-siyasi-mehbus-istiqametindeki-imitasiya-siyasetini-bir-daha-ifsa-etdi\/","og_site_name":"MEYDAN.TV","article_published_time":"2015-03-22T14:27:25+00:00","og_image":[{"width":326,"height":155,"url":"https:\/\/www.meydan.tv\/wp-content\/uploads\/7882.jpg","type":"image\/jpeg"}],"twitter_card":"summary_large_image","schema":{"@context":"https:\/\/schema.org","@graph":[{"@type":"Article","@id":"https:\/\/www.meydan.tv\/az\/article\/son-efv-serencami-hakimiyyetin-siyasi-mehbus-istiqametindeki-imitasiya-siyasetini-bir-daha-ifsa-etdi\/#article","isPartOf":{"@id":"https:\/\/www.meydan.tv\/az\/article\/son-efv-serencami-hakimiyyetin-siyasi-mehbus-istiqametindeki-imitasiya-siyasetini-bir-daha-ifsa-etdi\/"},"author":{"name":"user-manager","@id":"https:\/\/www.meydan.tv\/az\/#\/schema\/person\/10d11eccf6da3662cf5fdab9806ea91a"},"headline":"&#8220;Son \u0259fv s\u0259r\u0259ncam\u0131 hakimiyy\u0259tin \u201csiyasi m\u0259hbus\u201d istiqam\u0259tind\u0259ki imitasiya siyas\u0259tini bir daha if\u015fa etdi&#8221;","datePublished":"2015-03-22T14:27:25+00:00","mainEntityOfPage":{"@id":"https:\/\/www.meydan.tv\/az\/article\/son-efv-serencami-hakimiyyetin-siyasi-mehbus-istiqametindeki-imitasiya-siyasetini-bir-daha-ifsa-etdi\/"},"wordCount":1786,"publisher":{"@id":"https:\/\/www.meydan.tv\/az\/#organization"},"image":{"@id":"https:\/\/www.meydan.tv\/az\/article\/son-efv-serencami-hakimiyyetin-siyasi-mehbus-istiqametindeki-imitasiya-siyasetini-bir-daha-ifsa-etdi\/#primaryimage"},"thumbnailUrl":"https:\/\/www.meydan.tv\/wp-content\/uploads\/7882.jpg","articleSection":["X\u0259b\u0259rl\u0259r"],"inLanguage":"az"},{"@type":"WebPage","@id":"https:\/\/www.meydan.tv\/az\/article\/son-efv-serencami-hakimiyyetin-siyasi-mehbus-istiqametindeki-imitasiya-siyasetini-bir-daha-ifsa-etdi\/","url":"https:\/\/www.meydan.tv\/az\/article\/son-efv-serencami-hakimiyyetin-siyasi-mehbus-istiqametindeki-imitasiya-siyasetini-bir-daha-ifsa-etdi\/","name":"\"Son \u0259fv s\u0259r\u0259ncam\u0131 hakimiyy\u0259tin \u201csiyasi m\u0259hbus\u201d istiqam\u0259tind\u0259ki imitasiya siyas\u0259tini bir daha if\u015fa etdi\" - MEYDAN.TV","isPartOf":{"@id":"https:\/\/www.meydan.tv\/az\/#website"},"primaryImageOfPage":{"@id":"https:\/\/www.meydan.tv\/az\/article\/son-efv-serencami-hakimiyyetin-siyasi-mehbus-istiqametindeki-imitasiya-siyasetini-bir-daha-ifsa-etdi\/#primaryimage"},"image":{"@id":"https:\/\/www.meydan.tv\/az\/article\/son-efv-serencami-hakimiyyetin-siyasi-mehbus-istiqametindeki-imitasiya-siyasetini-bir-daha-ifsa-etdi\/#primaryimage"},"thumbnailUrl":"https:\/\/www.meydan.tv\/wp-content\/uploads\/7882.jpg","datePublished":"2015-03-22T14:27:25+00:00","breadcrumb":{"@id":"https:\/\/www.meydan.tv\/az\/article\/son-efv-serencami-hakimiyyetin-siyasi-mehbus-istiqametindeki-imitasiya-siyasetini-bir-daha-ifsa-etdi\/#breadcrumb"},"inLanguage":"az","potentialAction":[{"@type":"ReadAction","target":["https:\/\/www.meydan.tv\/az\/article\/son-efv-serencami-hakimiyyetin-siyasi-mehbus-istiqametindeki-imitasiya-siyasetini-bir-daha-ifsa-etdi\/"]}]},{"@type":"ImageObject","inLanguage":"az","@id":"https:\/\/www.meydan.tv\/az\/article\/son-efv-serencami-hakimiyyetin-siyasi-mehbus-istiqametindeki-imitasiya-siyasetini-bir-daha-ifsa-etdi\/#primaryimage","url":"https:\/\/www.meydan.tv\/wp-content\/uploads\/7882.jpg","contentUrl":"https:\/\/www.meydan.tv\/wp-content\/uploads\/7882.jpg","width":326,"height":155,"caption":"Source:"},{"@type":"BreadcrumbList","@id":"https:\/\/www.meydan.tv\/az\/article\/son-efv-serencami-hakimiyyetin-siyasi-mehbus-istiqametindeki-imitasiya-siyasetini-bir-daha-ifsa-etdi\/#breadcrumb","itemListElement":[{"@type":"ListItem","position":1,"name":"Ana s\u0259hif\u0259","item":"https:\/\/www.meydan.tv\/az\/"},{"@type":"ListItem","position":2,"name":"X\u0259b\u0259rl\u0259r","item":"https:\/\/www.meydan.tv\/az\/section\/xeberler\/"},{"@type":"ListItem","position":3,"name":"&#8220;Son \u0259fv s\u0259r\u0259ncam\u0131 hakimiyy\u0259tin \u201csiyasi m\u0259hbus\u201d istiqam\u0259tind\u0259ki imitasiya siyas\u0259tini bir daha if\u015fa etdi&#8221;"}]},{"@type":"WebSite","@id":"https:\/\/www.meydan.tv\/az\/#website","url":"https:\/\/www.meydan.tv\/az\/","name":"MEYDAN.TV","description":"Meydan TV Az\u0259rbaycan\u0131n media m\u0259kan\u0131ndak\u0131 alternativ s\u0259sidir","publisher":{"@id":"https:\/\/www.meydan.tv\/az\/#organization"},"potentialAction":[{"@type":"SearchAction","target":{"@type":"EntryPoint","urlTemplate":"https:\/\/www.meydan.tv\/az\/?s={search_term_string}"},"query-input":{"@type":"PropertyValueSpecification","valueRequired":true,"valueName":"search_term_string"}}],"inLanguage":"az"},{"@type":"Organization","@id":"https:\/\/www.meydan.tv\/az\/#organization","name":"Meydan TV","url":"https:\/\/www.meydan.tv\/az\/","logo":{"@type":"ImageObject","inLanguage":"az","@id":"https:\/\/www.meydan.tv\/az\/#\/schema\/logo\/image\/","url":"https:\/\/www.meydan.tv\/wp-content\/uploads\/2021\/07\/meydan-logo.svg","contentUrl":"https:\/\/www.meydan.tv\/wp-content\/uploads\/2021\/07\/meydan-logo.svg","width":195,"height":46,"caption":"Meydan TV"},"image":{"@id":"https:\/\/www.meydan.tv\/az\/#\/schema\/logo\/image\/"}},{"@type":"Person","@id":"https:\/\/www.meydan.tv\/az\/#\/schema\/person\/10d11eccf6da3662cf5fdab9806ea91a","name":"user-manager"}]}},"_links":{"self":[{"href":"https:\/\/www.meydan.tv\/az\/wp-json\/wp\/v2\/posts\/167330","targetHints":{"allow":["GET"]}}],"collection":[{"href":"https:\/\/www.meydan.tv\/az\/wp-json\/wp\/v2\/posts"}],"about":[{"href":"https:\/\/www.meydan.tv\/az\/wp-json\/wp\/v2\/types\/post"}],"author":[{"embeddable":true,"href":"https:\/\/www.meydan.tv\/az\/wp-json\/wp\/v2\/users\/11"}],"replies":[{"embeddable":true,"href":"https:\/\/www.meydan.tv\/az\/wp-json\/wp\/v2\/comments?post=167330"}],"version-history":[{"count":0,"href":"https:\/\/www.meydan.tv\/az\/wp-json\/wp\/v2\/posts\/167330\/revisions"}],"wp:featuredmedia":[{"embeddable":true,"href":"https:\/\/www.meydan.tv\/az\/wp-json\/wp\/v2\/media\/21765"}],"wp:attachment":[{"href":"https:\/\/www.meydan.tv\/az\/wp-json\/wp\/v2\/media?parent=167330"}],"wp:term":[{"taxonomy":"category","embeddable":true,"href":"https:\/\/www.meydan.tv\/az\/wp-json\/wp\/v2\/categories?post=167330"},{"taxonomy":"post_tag","embeddable":true,"href":"https:\/\/www.meydan.tv\/az\/wp-json\/wp\/v2\/tags?post=167330"}],"curies":[{"name":"wp","href":"https:\/\/api.w.org\/{rel}","templated":true}]}}