{"id":167328,"date":"2015-03-21T18:29:54","date_gmt":"2015-03-21T18:29:54","guid":{"rendered":"https:\/\/www.meydan.tv\/article\/avtobus-olayi\/"},"modified":"2015-03-21T18:29:54","modified_gmt":"2015-03-21T18:29:54","slug":"avtobus-olayi","status":"publish","type":"post","link":"https:\/\/www.meydan.tv\/az\/article\/avtobus-olayi\/","title":{"rendered":"Avtobus olay\u0131"},"content":{"rendered":"<figure class=\"wp-block-image size-large\">\n  <img decoding=\"async\" src=\"https:\/\/www.meydan.tv\/az\/21166\/\" alt=\"\" class=\"wp-image-21166\"\/><figcaption><\/figcaption><\/figure>\n<figure class=\"wp-block-image size-large\">\n  <img decoding=\"async\" src=\"https:\/\/www.meydan.tv\/az\/21169\/\" alt=\"\" class=\"wp-image-21169\"\/><figcaption><\/figcaption><\/figure>\n<p>\n  Bu g\u00fcn biz\u0259 inki\u015faf modeli kimi g\u00f6st\u0259ril\u0259n paytaxt\u0131n m\u0259rk\u0259zind\u0259 \u0259lilliyi olan insanlar \u00fc\u00e7\u00fcn normal \u015f\u0259rait yoxdur. \u0130ctimai n\u0259qliyyatdan istifad\u0259 h\u00fcququmuz kobud \u015f\u0259kild\u0259 pozulur. H\u0259r hans\u0131 bir yer\u0259 getm\u0259k \u00fc\u00e7\u00fcn m\u0259n\u0259 20-25 manata ba\u015fa g\u0259l\u0259n London taksil\u0259rind\u0259n istifad\u0259 edir\u0259m. \u00c7\u00fcnki yaln\u0131z onun pandusu var. \u015e\u0259h\u0259r\u0259 g\u0259tiril\u0259n yeni avtobuslar is\u0259 yaln\u0131z m\u0259rk\u0259zi hiss\u0259l\u0259rd\u0259 istifad\u0259y\u0259 verilib. Onlardan da yaln\u0131z m\u0259rk\u0259zi hiss\u0259l\u0259rd\u0259 bir \u00fcnvandan ba\u015fqa bir \u00fcnvana getm\u0259k \u00fc\u00e7\u00fcn istifad\u0259 ed\u0259 bilir\u0259m.\n<\/p>\n<p>\n  Bu yax\u0131nlarda n\u0259hay\u0259t, h\u0259min avtobusa min\u0259 bildim. Bunu da ancaq yan\u0131mdak\u0131 jurnalist tan\u0131\u015f\u0131m\u0131n hesab\u0131na. \u00a0Biz Mehmanla b\u0259rab\u0259r idik, \u015f\u0259h\u0259rin m\u0259rk\u0259zind\u0259 bir ke\u00e7id vard\u0131, ondan ke\u00e7\u0259 bilm\u0259dim. Mehmana dedim ki, g\u0259l, avtobusa min\u0259k. \u018fvv\u0259l d\u0259 bir ne\u00e7\u0259 d\u0259f\u0259 c\u0259hd el\u0259mi\u015f\u0259m ki, yeni g\u0259tiril\u0259n avtobuslara minim, amma min\u0259 bilm\u0259mi\u015f\u0259m. Bu avtobuslarda pandus var, y\u0259ni \u0259lil arabas\u0131ndan istifad\u0259 olunan \u015f\u0259xsl\u0259r rahatl\u0131qla bu avtobusa minib-d\u00fc\u015f\u0259 bil\u0259rl\u0259r.\n<\/p>\n<p>\n  H\u0259r d\u0259f\u0259 minm\u0259k ist\u0259y\u0259nd\u0259 s\u00fcr\u00fcc\u00fcl\u0259r min bir b\u0259han\u0259 g\u0259tiribl\u0259r, gah deyibl\u0259r ki, pandusu a\u00e7a bilmirl\u0259r, gah deyirl\u0259r ki, avtobusun salonunda adam \u00e7oxdur, ya da \u0259sas g\u0259tiribl\u0259r ki, t\u0259l\u0259sirl\u0259r. H\u0259min g\u00fcn Mehmana dedim ki, g\u0259l \u00e7\u0259kili\u015f d\u0259 ed\u0259k, g\u00f6st\u0259r\u0259k ki, \u0259lil arabas\u0131nda olan bir adam avtobusdan istifad\u0259d\u0259 hans\u0131 \u00e7\u0259tinlikl\u0259rl\u0259 \u00fczl\u0259\u015f\u0259c\u0259k. Ke\u00e7\u0259n ay bir t\u0259limd\u0259 N\u0259qliyyat Nazirliyinin n\u00fcmay\u0259nd\u0259si m\u0259n\u0259 s\u00fcbut etm\u0259y\u0259 \u00e7al\u0131\u015f\u0131rd\u0131 ki, bel\u0259 hal ola bilm\u0259z. \u00a0Avtobusa minm\u0259k ist\u0259y\u0259nd\u0259 s\u00fcr\u00fcc\u00fc \u00fcz-g\u00f6z\u00fcn\u00fc tur\u015futdu, dedi ki, get i\u015f-g\u00fcc\u00fcn\u00fcn dal\u0131nca.\n<\/p>\n<p>\n  T\u0259s\u0259vv\u00fcr edin, yar\u0131m saat soyuqda dayanm\u0131\u015fam, \u0259lil arabas\u0131nda oturdu\u011fumdan qan d\u00f6vran\u0131 yax\u015f\u0131 i\u015fl\u0259mir, ev\u0259 qay\u0131danda q\u0131zd\u0131rma i\u00e7ind\u0259ydim. Sosial \u015f\u0259b\u0259k\u0259l\u0259rd\u0259 el\u0259 yaz\u0131rd\u0131lar ki, guya biz kimis\u0259 \u015fantaj etmi\u015fik. M\u0259n bu \u00f6lk\u0259nin v\u0259t\u0259nda\u015f\u0131yam, ictimai n\u0259qliyyatdan istifad\u0259 etm\u0259k haqq\u0131m var. S\u00fcr\u00fcc\u00fc d\u0259 s\u0259rni\u015fin\u0259 xidm\u0259t g\u00f6st\u0259rm\u0259k \u00fc\u00e7\u00fcn maa\u015f al\u0131r. \u018fg\u0259r bir d\u00f6vl\u0259t qulluq\u00e7usu v\u0259zif\u0259sind\u0259n as\u0131l\u0131 olmayaraq v\u0259t\u0259nda\u015fla kobud \u015f\u0259kild\u0259 davran\u0131rsa v\u0259 v\u0259zif\u0259sini icra etmirs\u0259 c\u0259zaland\u0131r\u0131lmal\u0131d\u0131r! B\u0259zil\u0259ri deyir ki, s\u00fcr\u00fcc\u00fc pandusu a\u00e7mamal\u0131d\u0131r. He\u00e7 Avropada da el\u0259 \u015fey yoxdur. Halbuki, \u015f\u0259xs\u0259n m\u0259n Avropada avtobusdan istifad\u0259 ed\u0259rk\u0259n m\u0259hz s\u00fcr\u00fcc\u00fc \u00f6z\u00fc d\u00fc\u015f\u00fcb pandusu a\u00e7m\u0131\u015fd\u0131.\n<\/p>\n<figure class=\"wp-block-image size-large\">\n  <img decoding=\"async\" src=\"https:\/\/www.meydan.tv\/az\/21172\/\" alt=\"\" class=\"wp-image-21172\"\/><figcaption><\/figcaption><\/figure>\n<p>\n  Bir ne\u00e7\u0259 il \u00f6nc\u0259 T\u00fcrkiy\u0259d\u0259 mill\u0259t v\u0259kill\u0259ri \u015f\u0259h\u0259r infrastrukturunun v\u0259 n\u0259qliyyat\u0131n \u0259lilliyi olan insanlar \u00fc\u00e7\u00fcn m\u00fc\u0259ss\u0259rliyini yoxlamaq \u00fc\u00e7\u00fcn bir h\u0259ft\u0259lik kampaniyaya ba\u015flad\u0131lar. \u00a0Mill\u0259t v\u0259kill\u0259rinin bir qismi bir h\u0259ft\u0259 \u0259rzind\u0259 g\u00f6zl\u0259rini qara par\u00e7a il\u0259 \u00f6rt\u00fcb, i\u015f\u0259 evl\u0259rind\u0259n el\u0259 g\u0259lib-getdil\u0259r. Bir qismi qula\u011f\u0131n\u0131 tamamil\u0259 qapad\u0131, bir qismi d\u0259 \u0259lil arabas\u0131nda h\u0259r\u0259k\u0259t etm\u0259y\u0259 ba\u015flad\u0131. Onlar \u0259yani \u015f\u0259kild\u0259 \u00f6zl\u0259ri b\u00fct\u00fcn probleml\u0259ri tam ya\u015fad\u0131lar. Mill\u0259t v\u0259kill\u0259ri g\u00f6zl\u0259rini qapamaqla g\u00f6rm\u0259 m\u0259hdudiyy\u0259ti olanlar\u0131, qulaqlar\u0131n\u0131 qapayanlar e\u015fitm\u0259 m\u0259hdudiyy\u0259tl\u0259ri olanlar\u0131, \u0259lil arabas\u0131nda oturanlar is\u0259 g\u0259z\u0259 bilm\u0259y\u0259n fiziki m\u0259hdudiyy\u0259tl\u0259ri olanlar\u0131 \u0259v\u0259z etdil\u0259r. Onlar bundan \u0259vv\u0259l \u0259lilliyi olan insanlar\u0131n probleml\u0259rini \u00f6z dill\u0259rind\u0259n e\u015fitmi\u015fdil\u0259r v\u0259 qism\u0259n m\u0259s\u0259l\u0259l\u0259ri d\u00fcz\u0259ltmi\u015fdil\u0259r. Bu is\u0259 o q\u0259d\u0259r d\u0259 effektli olmam\u0131\u015fd\u0131. Amma ax\u0131r\u0131nc\u0131 d\u0259f\u0259 etdikl\u0259ri bu kampaniya bir \u00e7ox \u0259ng\u0259ll\u0259ri m\u0259hz mill\u0259t v\u0259kill\u0259ri t\u0259r\u0259find\u0259n \u00fczl\u0259\u015fm\u0259yind\u0259n sonra d\u00fcz\u0259ldi. \u015e\u0259h\u0259r infrastrukturu v\u0259 n\u0259qliyyatda b\u00f6y\u00fck islahatlar getdi.\n<\/p>\n<p>\n  Bu yax\u0131nda Ankaradan m\u00fcalic\u0259d\u0259n g\u0259l\u0259n \u0259lil arabas\u0131 istifad\u0259\u00e7isi tan\u0131\u015f\u0131m orda olark\u0259n h\u0259r yerd\u0259 m\u00fcst\u0259qil \u015f\u0259kild\u0259 h\u0259r\u0259k\u0259t etdiyini v\u0259 he\u00e7 bir \u0259ng\u0259ll\u0259 qar\u015f\u0131la\u015fmad\u0131\u011f\u0131n\u0131 dedi. H\u0259tta Ankara \u015f\u0259h\u0259r b\u0259l\u0259diyy\u0259l\u0259ri \u0259lil arabas\u0131 istifad\u0259\u00e7il\u0259rinin h\u0259r hans\u0131 bir s\u0259kid\u0259 \u0259ng\u0259l ya\u015fama\u011f\u0131na g\u00f6r\u0259, yerind\u0259c\u0259 kompensaasiya \u00f6d\u0259yir. G\u00f6rm\u0259 m\u0259hdudiyy\u0259ti olan \u015f\u0259xsl\u0259r \u00fc\u00e7\u00fcn is\u0259 x\u00fcsusi yollar a\u00e7\u0131blar. Onlar da m\u00fcst\u0259qil \u015f\u0259kild\u0259 \u015f\u0259h\u0259rd\u0259 h\u0259r\u0259k\u0259t ed\u0259 bilirl\u0259r. H\u0259min tan\u0131\u015f\u0131m deyir ki, ilk d\u0259f\u0259 idi ki, \u0259lillik qazanandan sonra h\u0259r hans\u0131 bir yerd\u0259 t\u0259k ba\u015f\u0131na h\u0259r\u0259k\u0259t ed\u0259 bildim v\u0259 bu m\u0259ni \u00e7ox xo\u015fb\u0259xt etdi.\n<\/p>\n<p>\n  Az\u0259rbaycanda is\u0259 \u0259lilliyi olan insan\u0131n t\u0259kba\u015f\u0131na, b\u0259l\u0259d\u00e7isiz h\u0259r\u0259k\u0259t etm\u0259si m\u00fcmk\u00fcn deyil. Bir s\u00f6zl\u0259, m\u00fcst\u0259qil h\u0259r\u0259k\u0259t etm\u0259 qabiliyy\u0259timizi pu\u00e7 edibl\u0259r. M\u0259niml\u0259 bir \u00e7ox insan raz\u0131la\u015far ki, bu \u00f6lk\u0259d\u0259 he\u00e7 \u0259lilliyi olmayan insanlar \u015f\u0259h\u0259r infrastrukturu v\u0259 n\u0259qliyyatdan istifad\u0259 ed\u0259rk\u0259n, \u00f6zl\u0259ri d\u0259 \u0259ng\u0259ll\u0259r ya\u015fay\u0131r. H\u0259tta bu qeyri m\u00fc\u0259ss\u0259rlikd\u0259n z\u0259d\u0259 alanlar da var.\n<\/p>\n<p>\n  D\u00fc\u015f\u00fcn\u00fcr\u0259m ki, bizim mill\u0259t v\u0259kill\u0259ri d\u0259 T\u00fcrkiy\u0259d\u0259ki kampaniyadan ets\u0259l\u0259r, \u015f\u0259h\u0259rd\u0259ki m\u00fc\u0259ss\u0259rlik d\u00fcz\u0259l\u0259r. Bu onlar \u00fc\u00e7\u00fcn m\u00fcq\u0259dd\u0259s bir amala \u00e7evrilm\u0259lidir. \u018fg\u0259r mill\u0259t v\u0259kili 26 d\u0259f\u0259 H\u0259cc\u0259 ged\u0259 bilirs\u0259, bir h\u0259ft\u0259 \u0259rzind\u0259 g\u00f6z\u00fc, qula\u011f\u0131 ba\u011fl\u0131 v\u0259 ya \u0259lil arabas\u0131nda i\u015f\u0259 gedib g\u0259l\u0259 bil\u0259r.\n<\/p>\n<p>\n  Bir s\u00fcr\u00fcc\u00fcn\u00fcn i\u015fd\u0259n \u00e7\u0131xar\u0131lma\u011f\u0131na can\u0131 \u201cyananlar\u201d \u0259lilliyi olan insanlar\u0131n ictimai n\u0259qliyyat\u0131n v\u0259 infrastrukturun anormall\u0131\u011f\u0131na g\u00f6r\u0259 \u00f6z evl\u0259rind\u0259 dustaq kimi qalmalar\u0131na can\u0131 yans\u0131n!<\/p>\n","protected":false},"excerpt":{"rendered":"<p>S\u00fcr\u00fcc\u00fcy\u0259 can\u0131n\u0131z yan\u0131nca&#8230;<\/p>\n","protected":false},"author":11,"featured_media":21166,"comment_status":"closed","ping_status":"open","sticky":false,"template":"","format":"standard","meta":{"_acf_changed":false,"_sitemap_exclude":false,"_sitemap_priority":"","_sitemap_frequency":"","footnotes":""},"categories":[57],"tags":[],"class_list":["post-167328","post","type-post","status-publish","format-standard","has-post-thumbnail","hentry","category-menim-fikrimce","infinite-scroll-item","generate-columns","tablet-grid-50","mobile-grid-100","grid-parent","grid-33","no-featured-image-padding"],"acf":[],"yoast_head":"<!-- This site is optimized with the Yoast SEO plugin v27.4 - https:\/\/yoast.com\/product\/yoast-seo-wordpress\/ -->\n<title>Avtobus olay\u0131 - MEYDAN.TV<\/title>\n<meta name=\"robots\" content=\"index, follow, max-snippet:-1, max-image-preview:large, max-video-preview:-1\" \/>\n<link rel=\"canonical\" href=\"https:\/\/www.meydan.tv\/az\/article\/avtobus-olayi\/\" \/>\n<meta property=\"og:locale\" content=\"az_AZ\" \/>\n<meta property=\"og:type\" content=\"article\" \/>\n<meta property=\"og:title\" content=\"Avtobus olay\u0131 - MEYDAN.TV\" \/>\n<meta property=\"og:description\" content=\"S\u00fcr\u00fcc\u00fcy\u0259 can\u0131n\u0131z yan\u0131nca...\" \/>\n<meta property=\"og:url\" content=\"https:\/\/www.meydan.tv\/az\/article\/avtobus-olayi\/\" \/>\n<meta property=\"og:site_name\" content=\"MEYDAN.TV\" \/>\n<meta property=\"article:published_time\" content=\"2015-03-21T18:29:54+00:00\" \/>\n<meta property=\"og:image\" content=\"https:\/\/www.meydan.tv\/wp-content\/uploads\/7879.jpg\" \/>\n\t<meta property=\"og:image:width\" content=\"500\" \/>\n\t<meta property=\"og:image:height\" content=\"500\" \/>\n\t<meta property=\"og:image:type\" content=\"image\/jpeg\" \/>\n<meta name=\"author\" content=\"user-manager\" \/>\n<meta name=\"twitter:card\" content=\"summary_large_image\" \/>\n<script type=\"application\/ld+json\" class=\"yoast-schema-graph\">{\"@context\":\"https:\\\/\\\/schema.org\",\"@graph\":[{\"@type\":\"Article\",\"@id\":\"https:\\\/\\\/www.meydan.tv\\\/az\\\/article\\\/avtobus-olayi\\\/#article\",\"isPartOf\":{\"@id\":\"https:\\\/\\\/www.meydan.tv\\\/az\\\/article\\\/avtobus-olayi\\\/\"},\"author\":{\"name\":\"user-manager\",\"@id\":\"https:\\\/\\\/www.meydan.tv\\\/az\\\/#\\\/schema\\\/person\\\/10d11eccf6da3662cf5fdab9806ea91a\"},\"headline\":\"Avtobus olay\u0131\",\"datePublished\":\"2015-03-21T18:29:54+00:00\",\"mainEntityOfPage\":{\"@id\":\"https:\\\/\\\/www.meydan.tv\\\/az\\\/article\\\/avtobus-olayi\\\/\"},\"wordCount\":1065,\"publisher\":{\"@id\":\"https:\\\/\\\/www.meydan.tv\\\/az\\\/#organization\"},\"image\":{\"@id\":\"https:\\\/\\\/www.meydan.tv\\\/az\\\/article\\\/avtobus-olayi\\\/#primaryimage\"},\"thumbnailUrl\":\"https:\\\/\\\/www.meydan.tv\\\/wp-content\\\/uploads\\\/7879.jpg\",\"articleSection\":[\"M\u0259nim Fikrimc\u0259\"],\"inLanguage\":\"az\"},{\"@type\":\"WebPage\",\"@id\":\"https:\\\/\\\/www.meydan.tv\\\/az\\\/article\\\/avtobus-olayi\\\/\",\"url\":\"https:\\\/\\\/www.meydan.tv\\\/az\\\/article\\\/avtobus-olayi\\\/\",\"name\":\"Avtobus olay\u0131 - MEYDAN.TV\",\"isPartOf\":{\"@id\":\"https:\\\/\\\/www.meydan.tv\\\/az\\\/#website\"},\"primaryImageOfPage\":{\"@id\":\"https:\\\/\\\/www.meydan.tv\\\/az\\\/article\\\/avtobus-olayi\\\/#primaryimage\"},\"image\":{\"@id\":\"https:\\\/\\\/www.meydan.tv\\\/az\\\/article\\\/avtobus-olayi\\\/#primaryimage\"},\"thumbnailUrl\":\"https:\\\/\\\/www.meydan.tv\\\/wp-content\\\/uploads\\\/7879.jpg\",\"datePublished\":\"2015-03-21T18:29:54+00:00\",\"breadcrumb\":{\"@id\":\"https:\\\/\\\/www.meydan.tv\\\/az\\\/article\\\/avtobus-olayi\\\/#breadcrumb\"},\"inLanguage\":\"az\",\"potentialAction\":[{\"@type\":\"ReadAction\",\"target\":[\"https:\\\/\\\/www.meydan.tv\\\/az\\\/article\\\/avtobus-olayi\\\/\"]}]},{\"@type\":\"ImageObject\",\"inLanguage\":\"az\",\"@id\":\"https:\\\/\\\/www.meydan.tv\\\/az\\\/article\\\/avtobus-olayi\\\/#primaryimage\",\"url\":\"https:\\\/\\\/www.meydan.tv\\\/wp-content\\\/uploads\\\/7879.jpg\",\"contentUrl\":\"https:\\\/\\\/www.meydan.tv\\\/wp-content\\\/uploads\\\/7879.jpg\",\"width\":500,\"height\":500,\"caption\":\"Source:\"},{\"@type\":\"BreadcrumbList\",\"@id\":\"https:\\\/\\\/www.meydan.tv\\\/az\\\/article\\\/avtobus-olayi\\\/#breadcrumb\",\"itemListElement\":[{\"@type\":\"ListItem\",\"position\":1,\"name\":\"Ana s\u0259hif\u0259\",\"item\":\"https:\\\/\\\/www.meydan.tv\\\/az\\\/\"},{\"@type\":\"ListItem\",\"position\":2,\"name\":\"M\u0259nim Fikrimc\u0259\",\"item\":\"https:\\\/\\\/www.meydan.tv\\\/az\\\/section\\\/menim-fikrimce\\\/\"},{\"@type\":\"ListItem\",\"position\":3,\"name\":\"Avtobus olay\u0131\"}]},{\"@type\":\"WebSite\",\"@id\":\"https:\\\/\\\/www.meydan.tv\\\/az\\\/#website\",\"url\":\"https:\\\/\\\/www.meydan.tv\\\/az\\\/\",\"name\":\"MEYDAN.TV\",\"description\":\"Meydan TV Az\u0259rbaycan\u0131n media m\u0259kan\u0131ndak\u0131 alternativ s\u0259sidir\",\"publisher\":{\"@id\":\"https:\\\/\\\/www.meydan.tv\\\/az\\\/#organization\"},\"potentialAction\":[{\"@type\":\"SearchAction\",\"target\":{\"@type\":\"EntryPoint\",\"urlTemplate\":\"https:\\\/\\\/www.meydan.tv\\\/az\\\/?s={search_term_string}\"},\"query-input\":{\"@type\":\"PropertyValueSpecification\",\"valueRequired\":true,\"valueName\":\"search_term_string\"}}],\"inLanguage\":\"az\"},{\"@type\":\"Organization\",\"@id\":\"https:\\\/\\\/www.meydan.tv\\\/az\\\/#organization\",\"name\":\"Meydan TV\",\"url\":\"https:\\\/\\\/www.meydan.tv\\\/az\\\/\",\"logo\":{\"@type\":\"ImageObject\",\"inLanguage\":\"az\",\"@id\":\"https:\\\/\\\/www.meydan.tv\\\/az\\\/#\\\/schema\\\/logo\\\/image\\\/\",\"url\":\"https:\\\/\\\/www.meydan.tv\\\/wp-content\\\/uploads\\\/2021\\\/07\\\/meydan-logo.svg\",\"contentUrl\":\"https:\\\/\\\/www.meydan.tv\\\/wp-content\\\/uploads\\\/2021\\\/07\\\/meydan-logo.svg\",\"width\":195,\"height\":46,\"caption\":\"Meydan TV\"},\"image\":{\"@id\":\"https:\\\/\\\/www.meydan.tv\\\/az\\\/#\\\/schema\\\/logo\\\/image\\\/\"}},{\"@type\":\"Person\",\"@id\":\"https:\\\/\\\/www.meydan.tv\\\/az\\\/#\\\/schema\\\/person\\\/10d11eccf6da3662cf5fdab9806ea91a\",\"name\":\"user-manager\"}]}<\/script>\n<!-- \/ Yoast SEO plugin. -->","yoast_head_json":{"title":"Avtobus olay\u0131 - MEYDAN.TV","robots":{"index":"index","follow":"follow","max-snippet":"max-snippet:-1","max-image-preview":"max-image-preview:large","max-video-preview":"max-video-preview:-1"},"canonical":"https:\/\/www.meydan.tv\/az\/article\/avtobus-olayi\/","og_locale":"az_AZ","og_type":"article","og_title":"Avtobus olay\u0131 - MEYDAN.TV","og_description":"S\u00fcr\u00fcc\u00fcy\u0259 can\u0131n\u0131z yan\u0131nca...","og_url":"https:\/\/www.meydan.tv\/az\/article\/avtobus-olayi\/","og_site_name":"MEYDAN.TV","article_published_time":"2015-03-21T18:29:54+00:00","og_image":[{"width":500,"height":500,"url":"https:\/\/www.meydan.tv\/wp-content\/uploads\/7879.jpg","type":"image\/jpeg"}],"author":"user-manager","twitter_card":"summary_large_image","schema":{"@context":"https:\/\/schema.org","@graph":[{"@type":"Article","@id":"https:\/\/www.meydan.tv\/az\/article\/avtobus-olayi\/#article","isPartOf":{"@id":"https:\/\/www.meydan.tv\/az\/article\/avtobus-olayi\/"},"author":{"name":"user-manager","@id":"https:\/\/www.meydan.tv\/az\/#\/schema\/person\/10d11eccf6da3662cf5fdab9806ea91a"},"headline":"Avtobus olay\u0131","datePublished":"2015-03-21T18:29:54+00:00","mainEntityOfPage":{"@id":"https:\/\/www.meydan.tv\/az\/article\/avtobus-olayi\/"},"wordCount":1065,"publisher":{"@id":"https:\/\/www.meydan.tv\/az\/#organization"},"image":{"@id":"https:\/\/www.meydan.tv\/az\/article\/avtobus-olayi\/#primaryimage"},"thumbnailUrl":"https:\/\/www.meydan.tv\/wp-content\/uploads\/7879.jpg","articleSection":["M\u0259nim Fikrimc\u0259"],"inLanguage":"az"},{"@type":"WebPage","@id":"https:\/\/www.meydan.tv\/az\/article\/avtobus-olayi\/","url":"https:\/\/www.meydan.tv\/az\/article\/avtobus-olayi\/","name":"Avtobus olay\u0131 - MEYDAN.TV","isPartOf":{"@id":"https:\/\/www.meydan.tv\/az\/#website"},"primaryImageOfPage":{"@id":"https:\/\/www.meydan.tv\/az\/article\/avtobus-olayi\/#primaryimage"},"image":{"@id":"https:\/\/www.meydan.tv\/az\/article\/avtobus-olayi\/#primaryimage"},"thumbnailUrl":"https:\/\/www.meydan.tv\/wp-content\/uploads\/7879.jpg","datePublished":"2015-03-21T18:29:54+00:00","breadcrumb":{"@id":"https:\/\/www.meydan.tv\/az\/article\/avtobus-olayi\/#breadcrumb"},"inLanguage":"az","potentialAction":[{"@type":"ReadAction","target":["https:\/\/www.meydan.tv\/az\/article\/avtobus-olayi\/"]}]},{"@type":"ImageObject","inLanguage":"az","@id":"https:\/\/www.meydan.tv\/az\/article\/avtobus-olayi\/#primaryimage","url":"https:\/\/www.meydan.tv\/wp-content\/uploads\/7879.jpg","contentUrl":"https:\/\/www.meydan.tv\/wp-content\/uploads\/7879.jpg","width":500,"height":500,"caption":"Source:"},{"@type":"BreadcrumbList","@id":"https:\/\/www.meydan.tv\/az\/article\/avtobus-olayi\/#breadcrumb","itemListElement":[{"@type":"ListItem","position":1,"name":"Ana s\u0259hif\u0259","item":"https:\/\/www.meydan.tv\/az\/"},{"@type":"ListItem","position":2,"name":"M\u0259nim Fikrimc\u0259","item":"https:\/\/www.meydan.tv\/az\/section\/menim-fikrimce\/"},{"@type":"ListItem","position":3,"name":"Avtobus olay\u0131"}]},{"@type":"WebSite","@id":"https:\/\/www.meydan.tv\/az\/#website","url":"https:\/\/www.meydan.tv\/az\/","name":"MEYDAN.TV","description":"Meydan TV Az\u0259rbaycan\u0131n media m\u0259kan\u0131ndak\u0131 alternativ s\u0259sidir","publisher":{"@id":"https:\/\/www.meydan.tv\/az\/#organization"},"potentialAction":[{"@type":"SearchAction","target":{"@type":"EntryPoint","urlTemplate":"https:\/\/www.meydan.tv\/az\/?s={search_term_string}"},"query-input":{"@type":"PropertyValueSpecification","valueRequired":true,"valueName":"search_term_string"}}],"inLanguage":"az"},{"@type":"Organization","@id":"https:\/\/www.meydan.tv\/az\/#organization","name":"Meydan TV","url":"https:\/\/www.meydan.tv\/az\/","logo":{"@type":"ImageObject","inLanguage":"az","@id":"https:\/\/www.meydan.tv\/az\/#\/schema\/logo\/image\/","url":"https:\/\/www.meydan.tv\/wp-content\/uploads\/2021\/07\/meydan-logo.svg","contentUrl":"https:\/\/www.meydan.tv\/wp-content\/uploads\/2021\/07\/meydan-logo.svg","width":195,"height":46,"caption":"Meydan TV"},"image":{"@id":"https:\/\/www.meydan.tv\/az\/#\/schema\/logo\/image\/"}},{"@type":"Person","@id":"https:\/\/www.meydan.tv\/az\/#\/schema\/person\/10d11eccf6da3662cf5fdab9806ea91a","name":"user-manager"}]}},"_links":{"self":[{"href":"https:\/\/www.meydan.tv\/az\/wp-json\/wp\/v2\/posts\/167328","targetHints":{"allow":["GET"]}}],"collection":[{"href":"https:\/\/www.meydan.tv\/az\/wp-json\/wp\/v2\/posts"}],"about":[{"href":"https:\/\/www.meydan.tv\/az\/wp-json\/wp\/v2\/types\/post"}],"author":[{"embeddable":true,"href":"https:\/\/www.meydan.tv\/az\/wp-json\/wp\/v2\/users\/11"}],"replies":[{"embeddable":true,"href":"https:\/\/www.meydan.tv\/az\/wp-json\/wp\/v2\/comments?post=167328"}],"version-history":[{"count":0,"href":"https:\/\/www.meydan.tv\/az\/wp-json\/wp\/v2\/posts\/167328\/revisions"}],"wp:featuredmedia":[{"embeddable":true,"href":"https:\/\/www.meydan.tv\/az\/wp-json\/wp\/v2\/media\/21166"}],"wp:attachment":[{"href":"https:\/\/www.meydan.tv\/az\/wp-json\/wp\/v2\/media?parent=167328"}],"wp:term":[{"taxonomy":"category","embeddable":true,"href":"https:\/\/www.meydan.tv\/az\/wp-json\/wp\/v2\/categories?post=167328"},{"taxonomy":"post_tag","embeddable":true,"href":"https:\/\/www.meydan.tv\/az\/wp-json\/wp\/v2\/tags?post=167328"}],"curies":[{"name":"wp","href":"https:\/\/api.w.org\/{rel}","templated":true}]}}