{"id":167326,"date":"2015-03-20T16:39:43","date_gmt":"2015-03-20T16:39:43","guid":{"rendered":"https:\/\/www.meydan.tv\/article\/amnesty-international-efvi-yeterli-saymadi\/"},"modified":"2015-03-20T16:39:43","modified_gmt":"2015-03-20T16:39:43","slug":"amnesty-international-efvi-yeterli-saymadi","status":"publish","type":"post","link":"https:\/\/www.meydan.tv\/az\/article\/amnesty-international-efvi-yeterli-saymadi\/","title":{"rendered":"&#8220;Amnesty International&#8221; \u0259fvi yet\u0259rli saymad\u0131"},"content":{"rendered":"<figure class=\"wp-block-image size-large\">\n  <img decoding=\"async\" src=\"https:\/\/www.meydan.tv\/az\/21741\/\" alt=\"\" class=\"wp-image-21741\"\/><figcaption><\/figcaption><\/figure>\n<figure class=\"wp-block-image size-large\">\n  <img decoding=\"async\" src=\"https:\/\/www.meydan.tv\/az\/21741\/\" alt=\"\" class=\"wp-image-21741\"\/><figcaption><\/figcaption><\/figure>\n<p>\n  <i><br \/>\n    &#8220;B\u00fct\u00fcn vicdan m\u0259hbuslar\u0131 d\u0259rhal v\u0259 qeyd-\u015f\u0259rtsiz burax\u0131lmal\u0131d\u0131r&#8221;<br \/>\n  <\/i>\n<\/p>\n<p>\n  &#8220;Az\u0259rbaycan\u0131n iki vicdan m\u0259hbusunu azad etm\u0259si m\u00fcsb\u0259t add\u0131md\u0131r, ancaq h\u0259bsxanada h\u0259l\u0259 d\u0259 20 bel\u0259 m\u0259hbus qal\u0131r. Buna g\u00f6r\u0259 d\u0259, bu \u0259fvi Avropa Oyunlar\u0131 \u0259r\u0259f\u0259sind\u0259 t\u0259nqidl\u0259ri azaltmaq \u00fc\u00e7\u00fcn formal jest saymaq olar&#8221;.\n<\/p>\n<p>\n  Azadl\u0131q Radiosunun m\u0259lumat\u0131na g\u00f6r\u0259 bu b\u0259yanatla &#8220;Amnesty International&#8221; h\u00fcquq-m\u00fcdafi\u0259 t\u0259\u015fkilat\u0131 Az\u0259rbaycan prezidenti \u0130lham \u018fliyevin iki g\u00fcn qabaq imzalad\u0131\u011f\u0131 \u0259fv s\u0259r\u0259ncam\u0131na m\u00fcnasib\u0259t bildirib. S\u0259r\u0259ncamla iki siyasi m\u0259hbus &#8211; Se\u00e7kil\u0259rin Monitorinqi v\u0259 Demokratiyan\u0131n T\u0259drisi M\u0259rk\u0259zinin koordinatoru B\u0259\u015fir S\u00fcleymanl\u0131 il\u0259 bloqqer Orxan Eyyubzad\u0259 d\u0259 azadl\u0131\u011fa \u00e7\u0131x\u0131b.\n<\/p>\n<p>\n  &#8220;Amnesty International&#8221; is\u0259 bunu yetr\u0259li saym\u0131r. &#8220;Bu, yax\u015f\u0131 x\u0259b\u0259rdir, ancaq b\u0259s rejimin t\u0259nqidind\u0259n savay\u0131 real cinay\u0259t t\u00f6r\u0259tm\u0259y\u0259n ba\u015fqalar\u0131 nec\u0259 olacaq? Az\u0259rbaycan hakimiyy\u0259ti bir \u0259li il\u0259 verdiyini dig\u0259r \u0259li il\u0259 al\u0131r. \u0130ki g\u00fcn \u0259vv\u0259l m\u0259hk\u0259m\u0259 bir m\u00fcxalif\u0259t\u00e7inin qarda\u015f\u0131na uydurma ittihamlarla alt\u0131 il c\u0259za k\u0259sib. Az\u0259rbaycanda rejim insan haqlar\u0131 bar\u0259d\u0259 do\u011frudan ciddi d\u00fc\u015f\u00fcn\u00fcrs\u0259, b\u00fct\u00fcn vicdan m\u0259hbuslar\u0131n\u0131 d\u0259rhal v\u0259 qeyd-\u015f\u0259rtsiz buraxmal\u0131d\u0131r. H\u00f6kum\u0259t t\u0259nqid\u00e7il\u0259rinin siyasi motivli ittihamlarla h\u0259bsi dayand\u0131r\u0131lmal\u0131d\u0131r&#8221;, &#8211; dey\u0259 &#8220;Amnesty International&#8221;\u0131n Avropa v\u0259 Orta Asiya \u00fczr\u0259 direktor m\u00fcavini Denis Krivo\u015fiv qeyd edib.\n<\/p>\n<p>\n  &#8220;Amnesty International&#8221; eyni zamanda hakimiyy\u0259ti B\u0259\u015fir S\u00fcleymanl\u0131 v\u0259 Orxan Eyyubzad\u0259ni azad etm\u0259kl\u0259 kifay\u0259tl\u0259nm\u0259m\u0259y\u0259, onlara qar\u015f\u0131 ittihamlar\u0131 d\u0259rhal l\u0259\u011fv etm\u0259y\u0259, Orxan Eyyubzad\u0259nin h\u0259bsd\u0259 pis r\u0259ftara m\u0259ruz qalmas\u0131 iddialar\u0131n\u0131 ara\u015fd\u0131rma\u011fa \u00e7a\u011f\u0131r\u0131r.<\/p>\n","protected":false},"excerpt":{"rendered":"<p>&#8220;B\u00fct\u00fcn vicdan m\u0259hbuslar\u0131 d\u0259rhal v\u0259 qeyd-\u015f\u0259rtsiz burax\u0131lmal\u0131d\u0131r&#8221;<\/p>\n","protected":false},"author":11,"featured_media":21741,"comment_status":"closed","ping_status":"open","sticky":false,"template":"","format":"standard","meta":{"_acf_changed":false,"_sitemap_exclude":false,"_sitemap_priority":"","_sitemap_frequency":"","footnotes":""},"categories":[56],"tags":[],"class_list":["post-167326","post","type-post","status-publish","format-standard","has-post-thumbnail","hentry","category-xeberler","infinite-scroll-item","generate-columns","tablet-grid-50","mobile-grid-100","grid-parent","grid-33","no-featured-image-padding"],"acf":[],"yoast_head":"<!-- This site is optimized with the Yoast SEO plugin v28.4 - https:\/\/yoast.com\/product\/yoast-seo-wordpress\/ -->\n<title>&quot;Amnesty International&quot; \u0259fvi yet\u0259rli saymad\u0131 - MEYDAN.TV<\/title>\n<meta name=\"robots\" content=\"index, follow, max-snippet:-1, max-image-preview:large, max-video-preview:-1\" \/>\n<link rel=\"canonical\" href=\"https:\/\/www.meydan.tv\/az\/article\/amnesty-international-efvi-yeterli-saymadi\/\" \/>\n<meta property=\"og:locale\" content=\"az_AZ\" \/>\n<meta property=\"og:type\" content=\"article\" \/>\n<meta property=\"og:title\" content=\"&quot;Amnesty International&quot; \u0259fvi yet\u0259rli saymad\u0131 - MEYDAN.TV\" \/>\n<meta property=\"og:description\" content=\"&quot;B\u00fct\u00fcn vicdan m\u0259hbuslar\u0131 d\u0259rhal v\u0259 qeyd-\u015f\u0259rtsiz burax\u0131lmal\u0131d\u0131r&quot;\" \/>\n<meta property=\"og:url\" content=\"https:\/\/www.meydan.tv\/az\/article\/amnesty-international-efvi-yeterli-saymadi\/\" \/>\n<meta property=\"og:site_name\" content=\"MEYDAN.TV\" \/>\n<meta property=\"article:published_time\" content=\"2015-03-20T16:39:43+00:00\" \/>\n<meta property=\"og:image\" content=\"https:\/\/www.meydan.tv\/wp-content\/uploads\/7874.jpg\" \/>\n\t<meta property=\"og:image:width\" content=\"401\" \/>\n\t<meta property=\"og:image:height\" content=\"300\" \/>\n\t<meta property=\"og:image:type\" content=\"image\/jpeg\" \/>\n<meta name=\"twitter:card\" content=\"summary_large_image\" \/>\n<!-- \/ Yoast SEO plugin. -->","yoast_head_json":{"title":"\"Amnesty International\" \u0259fvi yet\u0259rli saymad\u0131 - MEYDAN.TV","robots":{"index":"index","follow":"follow","max-snippet":"max-snippet:-1","max-image-preview":"max-image-preview:large","max-video-preview":"max-video-preview:-1"},"canonical":"https:\/\/www.meydan.tv\/az\/article\/amnesty-international-efvi-yeterli-saymadi\/","og_locale":"az_AZ","og_type":"article","og_title":"\"Amnesty International\" \u0259fvi yet\u0259rli saymad\u0131 - MEYDAN.TV","og_description":"\"B\u00fct\u00fcn vicdan m\u0259hbuslar\u0131 d\u0259rhal v\u0259 qeyd-\u015f\u0259rtsiz burax\u0131lmal\u0131d\u0131r\"","og_url":"https:\/\/www.meydan.tv\/az\/article\/amnesty-international-efvi-yeterli-saymadi\/","og_site_name":"MEYDAN.TV","article_published_time":"2015-03-20T16:39:43+00:00","og_image":[{"width":401,"height":300,"url":"https:\/\/www.meydan.tv\/wp-content\/uploads\/7874.jpg","type":"image\/jpeg"}],"twitter_card":"summary_large_image","schema":{"@context":"https:\/\/schema.org","@graph":[{"@type":"Article","@id":"https:\/\/www.meydan.tv\/az\/article\/amnesty-international-efvi-yeterli-saymadi\/#article","isPartOf":{"@id":"https:\/\/www.meydan.tv\/az\/article\/amnesty-international-efvi-yeterli-saymadi\/"},"author":{"name":"user-manager","@id":"https:\/\/www.meydan.tv\/az\/#\/schema\/person\/10d11eccf6da3662cf5fdab9806ea91a"},"headline":"&#8220;Amnesty International&#8221; \u0259fvi yet\u0259rli saymad\u0131","datePublished":"2015-03-20T16:39:43+00:00","mainEntityOfPage":{"@id":"https:\/\/www.meydan.tv\/az\/article\/amnesty-international-efvi-yeterli-saymadi\/"},"wordCount":323,"publisher":{"@id":"https:\/\/www.meydan.tv\/az\/#organization"},"image":{"@id":"https:\/\/www.meydan.tv\/az\/article\/amnesty-international-efvi-yeterli-saymadi\/#primaryimage"},"thumbnailUrl":"https:\/\/www.meydan.tv\/wp-content\/uploads\/7874.jpg","articleSection":["X\u0259b\u0259rl\u0259r"],"inLanguage":"az"},{"@type":"WebPage","@id":"https:\/\/www.meydan.tv\/az\/article\/amnesty-international-efvi-yeterli-saymadi\/","url":"https:\/\/www.meydan.tv\/az\/article\/amnesty-international-efvi-yeterli-saymadi\/","name":"\"Amnesty International\" \u0259fvi yet\u0259rli saymad\u0131 - MEYDAN.TV","isPartOf":{"@id":"https:\/\/www.meydan.tv\/az\/#website"},"primaryImageOfPage":{"@id":"https:\/\/www.meydan.tv\/az\/article\/amnesty-international-efvi-yeterli-saymadi\/#primaryimage"},"image":{"@id":"https:\/\/www.meydan.tv\/az\/article\/amnesty-international-efvi-yeterli-saymadi\/#primaryimage"},"thumbnailUrl":"https:\/\/www.meydan.tv\/wp-content\/uploads\/7874.jpg","datePublished":"2015-03-20T16:39:43+00:00","breadcrumb":{"@id":"https:\/\/www.meydan.tv\/az\/article\/amnesty-international-efvi-yeterli-saymadi\/#breadcrumb"},"inLanguage":"az","potentialAction":[{"@type":"ReadAction","target":["https:\/\/www.meydan.tv\/az\/article\/amnesty-international-efvi-yeterli-saymadi\/"]}]},{"@type":"ImageObject","inLanguage":"az","@id":"https:\/\/www.meydan.tv\/az\/article\/amnesty-international-efvi-yeterli-saymadi\/#primaryimage","url":"https:\/\/www.meydan.tv\/wp-content\/uploads\/7874.jpg","contentUrl":"https:\/\/www.meydan.tv\/wp-content\/uploads\/7874.jpg","width":401,"height":300,"caption":"Source:"},{"@type":"BreadcrumbList","@id":"https:\/\/www.meydan.tv\/az\/article\/amnesty-international-efvi-yeterli-saymadi\/#breadcrumb","itemListElement":[{"@type":"ListItem","position":1,"name":"Ana s\u0259hif\u0259","item":"https:\/\/www.meydan.tv\/az\/"},{"@type":"ListItem","position":2,"name":"X\u0259b\u0259rl\u0259r","item":"https:\/\/www.meydan.tv\/az\/section\/xeberler\/"},{"@type":"ListItem","position":3,"name":"&#8220;Amnesty International&#8221; \u0259fvi yet\u0259rli saymad\u0131"}]},{"@type":"WebSite","@id":"https:\/\/www.meydan.tv\/az\/#website","url":"https:\/\/www.meydan.tv\/az\/","name":"MEYDAN.TV","description":"Meydan TV Az\u0259rbaycan\u0131n media m\u0259kan\u0131ndak\u0131 alternativ s\u0259sidir","publisher":{"@id":"https:\/\/www.meydan.tv\/az\/#organization"},"potentialAction":[{"@type":"SearchAction","target":{"@type":"EntryPoint","urlTemplate":"https:\/\/www.meydan.tv\/az\/?s={search_term_string}"},"query-input":{"@type":"PropertyValueSpecification","valueRequired":true,"valueName":"search_term_string"}}],"inLanguage":"az"},{"@type":"Organization","@id":"https:\/\/www.meydan.tv\/az\/#organization","name":"Meydan TV","url":"https:\/\/www.meydan.tv\/az\/","logo":{"@type":"ImageObject","inLanguage":"az","@id":"https:\/\/www.meydan.tv\/az\/#\/schema\/logo\/image\/","url":"https:\/\/www.meydan.tv\/wp-content\/uploads\/2021\/07\/meydan-logo.svg","contentUrl":"https:\/\/www.meydan.tv\/wp-content\/uploads\/2021\/07\/meydan-logo.svg","width":195,"height":46,"caption":"Meydan TV"},"image":{"@id":"https:\/\/www.meydan.tv\/az\/#\/schema\/logo\/image\/"}},{"@type":"Person","@id":"https:\/\/www.meydan.tv\/az\/#\/schema\/person\/10d11eccf6da3662cf5fdab9806ea91a","name":"user-manager"}]}},"_links":{"self":[{"href":"https:\/\/www.meydan.tv\/az\/wp-json\/wp\/v2\/posts\/167326","targetHints":{"allow":["GET"]}}],"collection":[{"href":"https:\/\/www.meydan.tv\/az\/wp-json\/wp\/v2\/posts"}],"about":[{"href":"https:\/\/www.meydan.tv\/az\/wp-json\/wp\/v2\/types\/post"}],"author":[{"embeddable":true,"href":"https:\/\/www.meydan.tv\/az\/wp-json\/wp\/v2\/users\/11"}],"replies":[{"embeddable":true,"href":"https:\/\/www.meydan.tv\/az\/wp-json\/wp\/v2\/comments?post=167326"}],"version-history":[{"count":0,"href":"https:\/\/www.meydan.tv\/az\/wp-json\/wp\/v2\/posts\/167326\/revisions"}],"wp:featuredmedia":[{"embeddable":true,"href":"https:\/\/www.meydan.tv\/az\/wp-json\/wp\/v2\/media\/21741"}],"wp:attachment":[{"href":"https:\/\/www.meydan.tv\/az\/wp-json\/wp\/v2\/media?parent=167326"}],"wp:term":[{"taxonomy":"category","embeddable":true,"href":"https:\/\/www.meydan.tv\/az\/wp-json\/wp\/v2\/categories?post=167326"},{"taxonomy":"post_tag","embeddable":true,"href":"https:\/\/www.meydan.tv\/az\/wp-json\/wp\/v2\/tags?post=167326"}],"curies":[{"name":"wp","href":"https:\/\/api.w.org\/{rel}","templated":true}]}}