{"id":167325,"date":"2015-03-20T16:02:30","date_gmt":"2015-03-20T16:02:30","guid":{"rendered":"https:\/\/www.meydan.tv\/article\/ilham-eliyevin-ittihamlarina-cavab-verildi\/"},"modified":"2015-03-20T16:02:30","modified_gmt":"2015-03-20T16:02:30","slug":"ilham-eliyevin-ittihamlarina-cavab-verildi","status":"publish","type":"post","link":"https:\/\/www.meydan.tv\/az\/article\/ilham-eliyevin-ittihamlarina-cavab-verildi\/","title":{"rendered":"\u0130lham \u018fliyevin ittihamlar\u0131na cavab verildi"},"content":{"rendered":"<figure class=\"wp-block-image size-large\">\n  <img decoding=\"async\" src=\"https:\/\/www.meydan.tv\/az\/21750\/\" alt=\"\" class=\"wp-image-21750\"\/><figcaption><\/figcaption><\/figure>\n<figure class=\"wp-block-image size-large\">\n  <img decoding=\"async\" src=\"https:\/\/www.meydan.tv\/az\/21753\/\" alt=\"\" class=\"wp-image-21753\"\/><figcaption><\/figcaption><\/figure>\n<p>\n  <i><br \/>\n    Mehman \u018fliyev: &#8220;H\u0259r hans\u0131 m\u0259murla, lap prezidentin n\u00fcmay\u0259nd\u0259si il\u0259 bu bar\u0259d\u0259 dan\u0131\u015fma\u011fa haz\u0131ram, buyurub g\u0259lsinl\u0259r\u201d<br \/>\n  <\/i><\/p>\n<p>  <i><br \/>\n    \u018fr\u0259stun Oruclu: &#8220;\u0130lham \u018fliyev v\u0259ziyy\u0259tin n\u0259 q\u0259d\u0259r kritik oldu\u011funu d\u00fczg\u00fcn qiym\u0259tl\u0259ndirir&#8221;<br \/>\n  <\/i><\/p>\n<p>  <i><br \/>\n    Erkin Q\u0259dirli: \u201cG\u00f6r\u00fcn\u00fcr, \u018fliyev Bak\u0131 Avropa Oyunlar\u0131 \u0259r\u0259f\u0259sind\u0259ki t\u0259nqidl\u0259rd\u0259n narahat v\u0259 naraz\u0131d\u0131r&#8221;<br \/>\n  <\/i>\n<\/p>\n<p>\n  Mart\u0131n 20-d\u0259 Novruz \u015f\u0259nliyi m\u00fcnasib\u0259til\u0259 ictimaiyy\u0259t qar\u015f\u0131s\u0131nda \u00e7\u0131x\u0131\u015f ed\u0259n Az\u0259rbaycan prezidenti \u0130lham \u018fliyev maraql\u0131 a\u00e7\u0131qlamalar verib v\u0259 ittihamlar s\u0259sl\u0259ndirib (<br \/>\n  <a href=\"\/az\/article\/ilham-eliyev-haradadir-o-qeyri-hokumet-teskilatlari-ki-bizi-ittiham-edirler\/\"><br \/>\n    http:\/\/www.meydan.tv\/az\/article\/ilham-eliyev-haradadir-o-qeyri-hokumet-teskilatlari-ki-bizi-ittiham-edirler\/<br \/>\n  <\/a><br \/>\n  ).\n<\/p>\n<p>\n  \u018fliyev bildirib ki, Az\u0259rbaycan g\u00fccl\u0259ndikc\u0259 biz\u0259 t\u0259zyiql\u0259r d\u0259 art\u0131r. Bizim m\u00fcst\u0259qil siyas\u0259timiz he\u00e7 d\u0259 ham\u0131ya xo\u015f g\u0259lmir. Bel\u0259 olan halda biz\u0259 qar\u015f\u0131 t\u0259zyiql\u0259r art\u0131r, t\u0259zyiq mexanizml\u0259ri i\u015f\u0259 sal\u0131n\u0131r.\n<\/p>\n<p>\n  O, \u201c\u201cekspertl\u0259r\u201d, \u201cpolitoloqlar\u201d, ke\u00e7mi\u015f d\u00f6vl\u0259t xadiml\u0259ri, b\u0259zi m\u0259tbuat orqanlar\u0131 sanki Az\u0259rbaycana qar\u015f\u0131 soyuq m\u00fcharib\u0259 elan edibl\u0259r. Bir daha dem\u0259k ist\u0259yir\u0259m ki, b\u00fct\u00fcn bu s\u0259yl\u0259rin he\u00e7 bir n\u0259tic\u0259si yoxdur, ola da bilm\u0259z. D\u00fcnyada el\u0259 q\u00fcvv\u0259 yoxdur ki, Az\u0259rbaycan xalq\u0131n\u0131n irad\u0259sin\u0259 t\u0259sir ed\u0259 bilsin\u201d, &#8211; dey\u0259 ittihamlar da s\u0259sl\u0259ndirib.\n<\/p>\n<p>\n  Meydan TV \u00f6lk\u0259nin tan\u0131nm\u0131\u015f bir s\u0131ra ekspertl\u0259r, politoloqlar v\u0259 media n\u00fcmay\u0259nd\u0259l\u0259ri il\u0259 \u0259laq\u0259 saxlama\u011fa c\u0259hd ets\u0259 d\u0259, bayram g\u00fcn\u00fc oldu\u011fundan ist\u0259yimiz\u0259 tam \u00e7atmad\u0131q. Yaln\u0131z bir ne\u00e7\u0259 n\u0259f\u0259r suallar\u0131m\u0131z\u0131 cavabland\u0131rd\u0131.\n<\/p>\n<p>\n  <i><br \/>\n    \u201c\u00dcmumiyy\u0259tl\u0259, azad he\u00e7 bir \u015fey yoxdur, h\u0259r \u015fey n\u0259zar\u0259td\u0259dir\u201d<br \/>\n  <\/i>\n<\/p>\n<p>\n  \u201cTuran \u0130A\u201dn\u0131n direktoru Mehman \u018fliyev hesab edir ki, Az\u0259rbaycanda azad c\u0259miyy\u0259t v\u0259 azad m\u0259tbuat yoxdur. \u00dcmumiyy\u0259tl\u0259, azad he\u00e7 bir \u015fey yoxdur, h\u0259r \u015fey n\u0259zar\u0259td\u0259dir.\n<\/p>\n<figure class=\"wp-block-image size-large\">\n  <img decoding=\"async\" src=\"https:\/\/www.meydan.tv\/az\/21750\/\" alt=\"\" class=\"wp-image-21750\"\/><figcaption><\/figcaption><\/figure>\n<p>\n  Mehman \u018fliyev bildirib ki, qanunlar v\u0259 Konstitusiya azad m\u0259tbuat, azad c\u0259miyy\u0259t imkan\u0131n\u0131 verib, bu, faktd\u0131r: \u201cM\u0259n 25 ildir mediadayam. Q\u0259ti \u015f\u0259kild\u0259 dey\u0259 bil\u0259r\u0259m, media sah\u0259sind\u0259 azad media anlay\u0131\u015f\u0131 yoxdur. \u00c7ox asan \u015f\u0259kild\u0259 dedikl\u0259rimi t\u0259sdiql\u0259y\u0259 bil\u0259r\u0259m. Misal \u00fc\u00e7\u00fcn, televiziyalara v\u0259 m\u0259tbuat orqanlar\u0131n\u0131n monitorinqini apar\u0131n, o zaman probleml\u0259rin i\u015f\u0131qland\u0131r\u0131lmas\u0131 s\u0259viyy\u0259sini g\u00f6r\u00fcb m\u0259tbuat\u0131n nec\u0259 azad oldu\u011funun \u015fahidi olacaqs\u0131n\u0131z. \u0130kinci, m\u0259tbuat iqtisadi bax\u0131mdan as\u0131l\u0131 durumdad\u0131r, s\u0259b\u0259b d\u0259 iqtisadi azadl\u0131qlar\u0131n olmamas\u0131ndad\u0131r.\u00a0 M\u0259n faktlara \u0259saslan\u0131b dan\u0131\u015f\u0131ram, m\u0259tbuat\u0131n m\u00fc\u015fahid\u0259sil\u0259 h\u0259r hans\u0131 m\u0259murla, lap prezidentin n\u00fcmay\u0259nd\u0259si il\u0259 bu bar\u0259d\u0259 dan\u0131\u015fma\u011fa haz\u0131ram, buyurub g\u0259lsinl\u0259r\u201d.\n<\/p>\n<p>\n  O, d\u0259f\u0259l\u0259rl\u0259 bu bar\u0259d\u0259 prezident\u0259 m\u00fcraci\u0259t etdiyini v\u0259 t\u0259klifl\u0259r g\u00f6nd\u0259rdiyini s\u00f6yl\u0259di: \u201cAncaq c\u0259hdl\u0259rimiz al\u0131nmay\u0131b\u201d.\n<\/p>\n<p>\n  <i><br \/>\n    \u201cS\u0259f\u0259rb\u0259rlik zaman\u0131d\u0131r, \u0130lham \u018fliyevin siyasi irad\u0259si varsa, add\u0131mlar atacaq\u201d<br \/>\n  <\/i>\n<\/p>\n<p>\n  \u015e\u0259rq-Q\u0259rb Ara\u015fd\u0131rmalar M\u0259rk\u0259zinin r\u0259hb\u0259ri, politoloq \u018fr\u0259stun Oruclu \u0130lham \u018fliyevin \u00e7\u0131x\u0131\u015f\u0131n\u0131 \u0259m\u0259kda\u015fl\u0131\u011fa \u00e7a\u011f\u0131r\u0131\u015f kimi ba\u015fa d\u00fc\u015f\u00fcr: \u201cD\u00fczd\u00fcr, bir q\u0259d\u0259r s\u0259rt, amiran\u0259 tondad\u0131r. Ancaq ist\u0259nil\u0259n halda, hakimiyy\u0259t, konkret \u0130lham \u018fliyev v\u0259ziyy\u0259tin n\u0259 q\u0259d\u0259r kritik oldu\u011funu d\u00fczg\u00fcn qiym\u0259tl\u0259ndirir. Yaranm\u0131\u015f v\u0259ziyy\u0259td\u0259n \u00e7\u0131xmaq \u00fc\u00e7\u00fcn onu d\u00fczg\u00fcn qiym\u0259tl\u0259ndirm\u0259k pis ba\u015flan\u011f\u0131c deyil. Bunun \u00fc\u00e7\u00fcn n\u00f6vb\u0259ti m\u0259rh\u0259l\u0259d\u0259 \u00e7ox ciddi, h\u0259tta riskli add\u0131mlar at\u0131lmal\u0131d\u0131r. \u018fn az\u0131 \u018fliyev iqtisadi islahatlara ba\u015flamal\u0131d\u0131r.\u00a0 \u0130qtisadi islahatlar is\u0259 h\u00fcquqi islahatlars\u0131z qeyri-m\u00fcmk\u00fcnd\u00fcr. Ona g\u00f6r\u0259 ki, iqtisadiyyat\u0131n qoruma mexanizmi h\u00fcquqi d\u00f6vl\u0259tdir, h\u00fcquqi sisteminin t\u0259kmilliyi v\u0259 qanunun aliliyidir. T\u0259\u0259ss\u00fcf ki, bunlar Az\u0259rbaycanda yoxdur\u201d.\n<\/p>\n<figure class=\"wp-block-image size-large\">\n  <img decoding=\"async\" src=\"https:\/\/www.meydan.tv\/az\/21759\/\" alt=\"\" class=\"wp-image-21759\"\/><figcaption><\/figcaption><\/figure>\n<p>\n  Politoloq hesab edir ki, istisadi islahatlara ba\u015flamaq \u00fc\u00e7\u00fcn m\u00f6vcud sistemin he\u00e7 olmasa xeyli elementl\u0259rind\u0259n imtina olunmal\u0131d\u0131r. \u0130lkin m\u0259rh\u0259l\u0259d\u0259 liberal iqtisadiyyat\u0131n \u0259saslar\u0131n\u0131 t\u0259\u015fkil ed\u0259n azad bazar \u00a0formala\u015fmal\u0131d\u0131r. Monopoliyalar aradan qald\u0131r\u0131lmal\u0131d\u0131r, \u0259g\u0259r m\u0259mur oliqarxlar buna etiraz ed\u0259c\u0259ks\u0259, q\u0259ti q\u0259rarlar q\u0259bul olunmal\u0131d\u0131r. \u018fn yum\u015faq halda onlar v\u0259zif\u0259l\u0259rind\u0259n k\u0259narla\u015fd\u0131r\u0131lmal\u0131d\u0131r. \u00dcmumiyy\u0259tl\u0259, yeni islahat\u00e7\u0131 komanda yarad\u0131lmal\u0131d\u0131r.\n<\/p>\n<p>\n  \u201cD\u00fc\u015f\u00fcnm\u00fcr\u0259m ki, \u018fliyev bel\u0259 bir t\u0259\u015f\u0259bb\u00fcs g\u00f6st\u0259rs\u0259, \u00f6lk\u0259nin siyaas\u0259t\u00e7il\u0259ri, iqtisad\u00e7\u0131lar\u0131 v\u0259 m\u00fct\u0259x\u0259ssisl\u0259ri t\u0259r\u0259find\u0259n t\u0259pki il\u0259 rastla\u015facaq. Onun bel\u0259 bir s\u0259yi olarsa, m\u00fcsb\u0259t cavab veril\u0259c\u0259k. Hesab edir\u0259m ki, s\u0259f\u0259rb\u0259rlik zaman\u0131d\u0131r. \u0130lham \u018fliyevin siyasi irad\u0259si varsa, buna haz\u0131rd\u0131rsa, add\u0131mlar atacaq. \u018fks t\u0259qdird\u0259, iqtisadi v\u0259ziyy\u0259t daha da a\u011f\u0131rla\u015facaq, bunun ictimai-siyasi f\u0259sadlar\u0131 m\u00fctl\u0259q \u00f6z\u00fcn\u00fc b\u00fcruz\u0259 ver\u0259c\u0259k\u201d,-dey\u0259 Oruclu fikirini bitirib.\n<\/p>\n<p>\n  <i><br \/>\n    \u201c\u00d6lk\u0259d\u0259 he\u00e7 bir nailiyy\u0259t v\u0259 u\u011fur hiss olunmur\u201d<br \/>\n  <\/i>\n<\/p>\n<p>\n  REAL \u0130dar\u0259 Hey\u0259tinin \u00fczv\u00fc Erkin Q\u0259dirli prezident \u018fliyevin yeni he\u00e7 n\u0259 dem\u0259diyini v\u0259 d\u0259f\u0259l\u0259rl\u0259 bu bar\u0259d\u0259 dan\u0131\u015fd\u0131\u011f\u0131n\u0131 s\u00f6yl\u0259di: \u201cX\u00fcsusil\u0259 h\u0259mi\u015f\u0259 \u00a0internetin azad oldu\u011funu vur\u011fulay\u0131r. Avropa Oyunlar\u0131 \u0259r\u0259f\u0259sind\u0259 beyn\u0259lxalq t\u0259\u015fkilatlar\u0131n v\u0259 xarici median\u0131n Az\u0259rbaycana diqq\u0259ti v\u0259 t\u0259nqidi art\u0131b. Bu is\u0259 situativ \u00a0v\u0259 oyunlar\u0131n ke\u00e7irildiyini n\u0259z\u0259r\u0259 alaraq hesablanm\u0131\u015f t\u0259nqiddir. Biz Az\u0259rbaycanda ya\u015fad\u0131\u011f\u0131m\u0131zdan t\u0259qibl\u0259r\u0259 v\u0259rdi\u015f etmi\u015fik, adi g\u0259lir. Ancaq Avropadan uzaq oldu\u011fumuzdan diqq\u0259t b\u00f6y\u00fck t\u0259dbirl\u0259r ke\u00e7iril\u0259nd\u0259n ke\u00e7iril\u0259n\u0259 aktualla\u015f\u0131r. &#8220;Eurovision&#8221; man\u0131 yar\u0131\u015fmas\u0131 \u0259r\u0259f\u0259sind\u0259 d\u0259 ox\u015far yana\u015fmayd\u0131, indi d\u0259 Bak\u0131 Avropa Oyunlar\u0131 yax\u0131nla\u015f\u0131r. \u018fslind\u0259, bu c\u00fcr t\u0259dbirl\u0259r n\u0259 Az\u0259rbaycana \u00e7\u0259ki g\u0259tirir, n\u0259 d\u0259 QHT-l\u0259r\u0259 xeyir verir\u201d.\n<\/p>\n<figure class=\"wp-block-image size-large\">\n  <img decoding=\"async\" src=\"https:\/\/www.meydan.tv\/az\/21762\/\" alt=\"\" class=\"wp-image-21762\"\/><figcaption><\/figcaption><\/figure>\n<p>\n  Erkin Q\u0259dirli d\u00fc\u015f\u00fcn\u00fcr ki, prezidentin reaksiyas\u0131 \u00e7ox adidir: \u201cG\u00f6r\u00fcn\u00fcr, \u018fliyev Bak\u0131 Avropa Oyunlar\u0131 \u0259r\u0259f\u0259sind\u0259ki t\u0259nqidl\u0259rd\u0259n narahat v\u0259 naraz\u0131d\u0131r. Amma \u00f6lk\u0259d\u0259 he\u00e7 bir nailiyy\u0259t v\u0259 u\u011fur hiss olunmur. \u018fsas proses tamam ba\u015fqa istiqam\u0259td\u0259 gedir: neftin qiym\u0259tinin d\u00fc\u015fm\u0259sind\u0259, manat\u0131n ucuzla\u015fmas\u0131nda, Rusiyan\u0131n \u00e7\u00f6kd\u00fcr\u00fclm\u0259sind\u0259, Amerikan\u0131n \u0130ranla anla\u015fmas\u0131nda. Sadalad\u0131qlar\u0131m\u0131n t\u0259siri daha b\u00f6y\u00fck olacaq, n\u0259inki QHT-l\u0259rin, yaxud median\u0131n t\u0259nqidi\u201d.\n<\/p><\/p>\n","protected":false},"excerpt":{"rendered":"<p>Mehman \u018fliyev: &#8220;H\u0259r hans\u0131 m\u0259murla, lap prezidentin n\u00fcmay\u0259nd\u0259si il\u0259 bu bar\u0259d\u0259 dan\u0131\u015fma\u011fa haz\u0131ram, buyurub g\u0259lsinl\u0259r\u201d<\/p>\n<p>\u018fr\u0259stun Oruclu: &#8220;\u0130lham \u018fliyev v\u0259ziyy\u0259tin n\u0259 q\u0259d\u0259r kritik oldu\u011funu d\u00fczg\u00fcn qiym\u0259tl\u0259ndirir&#8221;<\/p>\n<p>Erkin Q\u0259dirli: \u201cG\u00f6r\u00fcn\u00fcr, \u018fliyev Bak\u0131 Avropa Oyunlar\u0131 \u0259r\u0259f\u0259sind\u0259ki t\u0259nqidl\u0259rd\u0259n narahat v\u0259 naraz\u0131d\u0131r&#8221;<\/p>\n","protected":false},"author":11,"featured_media":21750,"comment_status":"closed","ping_status":"open","sticky":false,"template":"","format":"standard","meta":{"_acf_changed":false,"_sitemap_exclude":false,"_sitemap_priority":"","_sitemap_frequency":"","footnotes":""},"categories":[56],"tags":[],"class_list":["post-167325","post","type-post","status-publish","format-standard","has-post-thumbnail","hentry","category-xeberler","infinite-scroll-item","generate-columns","tablet-grid-50","mobile-grid-100","grid-parent","grid-33","no-featured-image-padding"],"acf":[],"yoast_head":"<!-- This site is optimized with the Yoast SEO plugin v28.4 - https:\/\/yoast.com\/product\/yoast-seo-wordpress\/ -->\n<title>\u0130lham \u018fliyevin ittihamlar\u0131na cavab verildi - MEYDAN.TV<\/title>\n<meta name=\"robots\" content=\"index, follow, max-snippet:-1, max-image-preview:large, max-video-preview:-1\" \/>\n<link rel=\"canonical\" href=\"https:\/\/www.meydan.tv\/az\/article\/ilham-eliyevin-ittihamlarina-cavab-verildi\/\" \/>\n<meta property=\"og:locale\" content=\"az_AZ\" \/>\n<meta property=\"og:type\" content=\"article\" \/>\n<meta property=\"og:title\" content=\"\u0130lham \u018fliyevin ittihamlar\u0131na cavab verildi - MEYDAN.TV\" \/>\n<meta property=\"og:description\" content=\"Mehman \u018fliyev: &quot;H\u0259r hans\u0131 m\u0259murla, lap prezidentin n\u00fcmay\u0259nd\u0259si il\u0259 bu bar\u0259d\u0259 dan\u0131\u015fma\u011fa haz\u0131ram, buyurub g\u0259lsinl\u0259r\u201d  \u018fr\u0259stun Oruclu: &quot;\u0130lham \u018fliyev v\u0259ziyy\u0259tin n\u0259 q\u0259d\u0259r kritik oldu\u011funu d\u00fczg\u00fcn qiym\u0259tl\u0259ndirir&quot;  Erkin Q\u0259dirli: \u201cG\u00f6r\u00fcn\u00fcr, \u018fliyev Bak\u0131 Avropa Oyunlar\u0131 \u0259r\u0259f\u0259sind\u0259ki t\u0259nqidl\u0259rd\u0259n narahat v\u0259 naraz\u0131d\u0131r&quot;\" \/>\n<meta property=\"og:url\" content=\"https:\/\/www.meydan.tv\/az\/article\/ilham-eliyevin-ittihamlarina-cavab-verildi\/\" \/>\n<meta property=\"og:site_name\" content=\"MEYDAN.TV\" \/>\n<meta property=\"article:published_time\" content=\"2015-03-20T16:02:30+00:00\" \/>\n<meta property=\"og:image\" content=\"https:\/\/www.meydan.tv\/wp-content\/uploads\/7866.jpg\" \/>\n\t<meta property=\"og:image:width\" content=\"380\" \/>\n\t<meta property=\"og:image:height\" content=\"294\" \/>\n\t<meta property=\"og:image:type\" content=\"image\/jpeg\" \/>\n<meta name=\"twitter:card\" content=\"summary_large_image\" \/>\n<!-- \/ Yoast SEO plugin. -->","yoast_head_json":{"title":"\u0130lham \u018fliyevin ittihamlar\u0131na cavab verildi - MEYDAN.TV","robots":{"index":"index","follow":"follow","max-snippet":"max-snippet:-1","max-image-preview":"max-image-preview:large","max-video-preview":"max-video-preview:-1"},"canonical":"https:\/\/www.meydan.tv\/az\/article\/ilham-eliyevin-ittihamlarina-cavab-verildi\/","og_locale":"az_AZ","og_type":"article","og_title":"\u0130lham \u018fliyevin ittihamlar\u0131na cavab verildi - MEYDAN.TV","og_description":"Mehman \u018fliyev: \"H\u0259r hans\u0131 m\u0259murla, lap prezidentin n\u00fcmay\u0259nd\u0259si il\u0259 bu bar\u0259d\u0259 dan\u0131\u015fma\u011fa haz\u0131ram, buyurub g\u0259lsinl\u0259r\u201d  \u018fr\u0259stun Oruclu: \"\u0130lham \u018fliyev v\u0259ziyy\u0259tin n\u0259 q\u0259d\u0259r kritik oldu\u011funu d\u00fczg\u00fcn qiym\u0259tl\u0259ndirir\"  Erkin Q\u0259dirli: \u201cG\u00f6r\u00fcn\u00fcr, \u018fliyev Bak\u0131 Avropa Oyunlar\u0131 \u0259r\u0259f\u0259sind\u0259ki t\u0259nqidl\u0259rd\u0259n narahat v\u0259 naraz\u0131d\u0131r\"","og_url":"https:\/\/www.meydan.tv\/az\/article\/ilham-eliyevin-ittihamlarina-cavab-verildi\/","og_site_name":"MEYDAN.TV","article_published_time":"2015-03-20T16:02:30+00:00","og_image":[{"width":380,"height":294,"url":"https:\/\/www.meydan.tv\/wp-content\/uploads\/7866.jpg","type":"image\/jpeg"}],"twitter_card":"summary_large_image","schema":{"@context":"https:\/\/schema.org","@graph":[{"@type":"Article","@id":"https:\/\/www.meydan.tv\/az\/article\/ilham-eliyevin-ittihamlarina-cavab-verildi\/#article","isPartOf":{"@id":"https:\/\/www.meydan.tv\/az\/article\/ilham-eliyevin-ittihamlarina-cavab-verildi\/"},"author":{"name":"user-manager","@id":"https:\/\/www.meydan.tv\/az\/#\/schema\/person\/10d11eccf6da3662cf5fdab9806ea91a"},"headline":"\u0130lham \u018fliyevin ittihamlar\u0131na cavab verildi","datePublished":"2015-03-20T16:02:30+00:00","mainEntityOfPage":{"@id":"https:\/\/www.meydan.tv\/az\/article\/ilham-eliyevin-ittihamlarina-cavab-verildi\/"},"wordCount":1141,"publisher":{"@id":"https:\/\/www.meydan.tv\/az\/#organization"},"image":{"@id":"https:\/\/www.meydan.tv\/az\/article\/ilham-eliyevin-ittihamlarina-cavab-verildi\/#primaryimage"},"thumbnailUrl":"https:\/\/www.meydan.tv\/wp-content\/uploads\/7866.jpg","articleSection":["X\u0259b\u0259rl\u0259r"],"inLanguage":"az"},{"@type":"WebPage","@id":"https:\/\/www.meydan.tv\/az\/article\/ilham-eliyevin-ittihamlarina-cavab-verildi\/","url":"https:\/\/www.meydan.tv\/az\/article\/ilham-eliyevin-ittihamlarina-cavab-verildi\/","name":"\u0130lham \u018fliyevin ittihamlar\u0131na cavab verildi - MEYDAN.TV","isPartOf":{"@id":"https:\/\/www.meydan.tv\/az\/#website"},"primaryImageOfPage":{"@id":"https:\/\/www.meydan.tv\/az\/article\/ilham-eliyevin-ittihamlarina-cavab-verildi\/#primaryimage"},"image":{"@id":"https:\/\/www.meydan.tv\/az\/article\/ilham-eliyevin-ittihamlarina-cavab-verildi\/#primaryimage"},"thumbnailUrl":"https:\/\/www.meydan.tv\/wp-content\/uploads\/7866.jpg","datePublished":"2015-03-20T16:02:30+00:00","breadcrumb":{"@id":"https:\/\/www.meydan.tv\/az\/article\/ilham-eliyevin-ittihamlarina-cavab-verildi\/#breadcrumb"},"inLanguage":"az","potentialAction":[{"@type":"ReadAction","target":["https:\/\/www.meydan.tv\/az\/article\/ilham-eliyevin-ittihamlarina-cavab-verildi\/"]}]},{"@type":"ImageObject","inLanguage":"az","@id":"https:\/\/www.meydan.tv\/az\/article\/ilham-eliyevin-ittihamlarina-cavab-verildi\/#primaryimage","url":"https:\/\/www.meydan.tv\/wp-content\/uploads\/7866.jpg","contentUrl":"https:\/\/www.meydan.tv\/wp-content\/uploads\/7866.jpg","width":380,"height":294,"caption":"Source:"},{"@type":"BreadcrumbList","@id":"https:\/\/www.meydan.tv\/az\/article\/ilham-eliyevin-ittihamlarina-cavab-verildi\/#breadcrumb","itemListElement":[{"@type":"ListItem","position":1,"name":"Ana s\u0259hif\u0259","item":"https:\/\/www.meydan.tv\/az\/"},{"@type":"ListItem","position":2,"name":"X\u0259b\u0259rl\u0259r","item":"https:\/\/www.meydan.tv\/az\/section\/xeberler\/"},{"@type":"ListItem","position":3,"name":"\u0130lham \u018fliyevin ittihamlar\u0131na cavab verildi"}]},{"@type":"WebSite","@id":"https:\/\/www.meydan.tv\/az\/#website","url":"https:\/\/www.meydan.tv\/az\/","name":"MEYDAN.TV","description":"Meydan TV Az\u0259rbaycan\u0131n media m\u0259kan\u0131ndak\u0131 alternativ s\u0259sidir","publisher":{"@id":"https:\/\/www.meydan.tv\/az\/#organization"},"potentialAction":[{"@type":"SearchAction","target":{"@type":"EntryPoint","urlTemplate":"https:\/\/www.meydan.tv\/az\/?s={search_term_string}"},"query-input":{"@type":"PropertyValueSpecification","valueRequired":true,"valueName":"search_term_string"}}],"inLanguage":"az"},{"@type":"Organization","@id":"https:\/\/www.meydan.tv\/az\/#organization","name":"Meydan TV","url":"https:\/\/www.meydan.tv\/az\/","logo":{"@type":"ImageObject","inLanguage":"az","@id":"https:\/\/www.meydan.tv\/az\/#\/schema\/logo\/image\/","url":"https:\/\/www.meydan.tv\/wp-content\/uploads\/2021\/07\/meydan-logo.svg","contentUrl":"https:\/\/www.meydan.tv\/wp-content\/uploads\/2021\/07\/meydan-logo.svg","width":195,"height":46,"caption":"Meydan TV"},"image":{"@id":"https:\/\/www.meydan.tv\/az\/#\/schema\/logo\/image\/"}},{"@type":"Person","@id":"https:\/\/www.meydan.tv\/az\/#\/schema\/person\/10d11eccf6da3662cf5fdab9806ea91a","name":"user-manager"}]}},"_links":{"self":[{"href":"https:\/\/www.meydan.tv\/az\/wp-json\/wp\/v2\/posts\/167325","targetHints":{"allow":["GET"]}}],"collection":[{"href":"https:\/\/www.meydan.tv\/az\/wp-json\/wp\/v2\/posts"}],"about":[{"href":"https:\/\/www.meydan.tv\/az\/wp-json\/wp\/v2\/types\/post"}],"author":[{"embeddable":true,"href":"https:\/\/www.meydan.tv\/az\/wp-json\/wp\/v2\/users\/11"}],"replies":[{"embeddable":true,"href":"https:\/\/www.meydan.tv\/az\/wp-json\/wp\/v2\/comments?post=167325"}],"version-history":[{"count":0,"href":"https:\/\/www.meydan.tv\/az\/wp-json\/wp\/v2\/posts\/167325\/revisions"}],"wp:featuredmedia":[{"embeddable":true,"href":"https:\/\/www.meydan.tv\/az\/wp-json\/wp\/v2\/media\/21750"}],"wp:attachment":[{"href":"https:\/\/www.meydan.tv\/az\/wp-json\/wp\/v2\/media?parent=167325"}],"wp:term":[{"taxonomy":"category","embeddable":true,"href":"https:\/\/www.meydan.tv\/az\/wp-json\/wp\/v2\/categories?post=167325"},{"taxonomy":"post_tag","embeddable":true,"href":"https:\/\/www.meydan.tv\/az\/wp-json\/wp\/v2\/tags?post=167325"}],"curies":[{"name":"wp","href":"https:\/\/api.w.org\/{rel}","templated":true}]}}