{"id":167323,"date":"2015-03-20T14:15:41","date_gmt":"2015-03-20T14:15:41","guid":{"rendered":"https:\/\/www.meydan.tv\/article\/ilham-eliyev-haradadir-o-qeyri-hokumet-teskilatlari-ki-bizi-ittiham-edirler\/"},"modified":"2015-03-20T14:15:41","modified_gmt":"2015-03-20T14:15:41","slug":"ilham-eliyev-haradadir-o-qeyri-hokumet-teskilatlari-ki-bizi-ittiham-edirler","status":"publish","type":"post","link":"https:\/\/www.meydan.tv\/az\/article\/ilham-eliyev-haradadir-o-qeyri-hokumet-teskilatlari-ki-bizi-ittiham-edirler\/","title":{"rendered":"\u0130lham \u018fliyev: &#8220;Haradad\u0131r o qeyri-h\u00f6kum\u0259t t\u0259\u015fkilatlar\u0131 ki, bizi ittiham edirl\u0259r?&#8221;"},"content":{"rendered":"<figure class=\"wp-block-image size-large\">\n  <img decoding=\"async\" src=\"https:\/\/www.meydan.tv\/az\/21744\/\" alt=\"\" class=\"wp-image-21744\"\/><figcaption><\/figcaption><\/figure>\n<figure class=\"wp-block-image size-large\">\n  <img decoding=\"async\" src=\"https:\/\/www.meydan.tv\/az\/21744\/\" alt=\"\" class=\"wp-image-21744\"\/><figcaption><\/figcaption><\/figure>\n<p>\n  <i><br \/>\n    &#8220;&#8221;Ekspertl\u0259r\u201d, \u201cpolitoloqlar\u201d, ke\u00e7mi\u015f d\u00f6vl\u0259t xadiml\u0259ri, b\u0259zi m\u0259tbuat orqanlar\u0131 sanki Az\u0259rbaycana qar\u015f\u0131 soyuq m\u00fcharib\u0259 elan edibl\u0259r&#8221;<br \/>\n  <\/i>\n<\/p>\n<p>\n  \u201cAz\u0259rbaycan g\u00fccl\u0259ndikc\u0259 biz\u0259 t\u0259zyiql\u0259r d\u0259 art\u0131r. Bizim m\u00fcst\u0259qil siyas\u0259timiz he\u00e7 d\u0259 ham\u0131ya xo\u015f g\u0259lmir. Bel\u0259 olan halda biz\u0259 qar\u015f\u0131 t\u0259zyiql\u0259r art\u0131r, t\u0259zyiq mexanizml\u0259ri i\u015f\u0259 sal\u0131n\u0131r\u201d (Az.TV).\n<\/p>\n<p>\n  <a href=\"https:\/\/apa.az\"><br \/>\n    Bu a\u00e7\u0131qlaman\u0131 Mart\u0131n 20-d\u0259<br \/>\n  <\/a><br \/>\n  Novruz \u015f\u0259nliyi m\u00fcnasib\u0259til\u0259 ictimaiyy\u0259t qar\u015f\u0131s\u0131nda \u00e7\u0131x\u0131\u015f ed\u0259n Az\u0259rbaycan prezidenti<br \/>\n  <a href=\"http:\/\/az.apa.az\/tag\/%C4%B0lham+%C6%8Fliyev\"><br \/>\n    \u0130lham \u018fliyev<br \/>\n  <\/a><br \/>\n  deyib.\n<\/p>\n<p>\n  Prezident bildirib ki, bu g\u00fcn b\u0259zi xarici dair\u0259l\u0259r Az\u0259rbaycana qar\u015f\u0131 a\u00e7\u0131q kampaniya apar\u0131rlar: \u201dBiz buna haz\u0131r\u0131q. Bu kampaniya \u0259slind\u0259 he\u00e7 vaxt dayanmay\u0131b. Sad\u0259c\u0259 olaraq, \u00f6n\u0259mli beyn\u0259lxalq t\u0259dbirl\u0259r \u0259r\u0259f\u0259sind\u0259 bu kampaniya daha da eyb\u0259c\u0259r forma al\u0131r. Biz bunu \u00fc\u00e7 il bundan \u0259vv\u0259l \u2013 2012-ci ild\u0259 \u201cEurovision\u201d m\u00fcsabiq\u0259si \u0259r\u0259f\u0259sind\u0259 g\u00f6rm\u00fc\u015f\u00fck. Bu g\u00fcn d\u0259 bir v\u0259 ya bir ne\u00e7\u0259 m\u0259rk\u0259zd\u0259n idar\u0259 olunan antiaz\u0259rbaycan kampaniyas\u0131 ba\u015flan\u0131b. Bunun m\u0259qs\u0259di \u00f6lk\u0259mizi l\u0259k\u0259l\u0259m\u0259k, qaralamaq, i\u015fl\u0259rimiz\u0259 k\u00f6lg\u0259 salmaq v\u0259 Az\u0259rbaycan\u0131 gerid\u0259 qalm\u0131\u015f, qeyri-demokratik, azad olmayan \u00f6lk\u0259 kimi t\u0259qdim etm\u0259kdir. B\u00fct\u00fcn bunlar t\u0259bii ki, yalan \u00fcz\u0259rind\u0259 qurulur. Ona g\u00f6r\u0259 n\u0259 Az\u0259rbaycan xalq\u0131, n\u0259 d\u00fcnya ictimaiyy\u0259ti buna inanm\u0131r. Az\u0259rbaycan xalq\u0131 h\u0259r \u015feyi \u00f6z g\u00f6z\u00fc il\u0259 g\u00f6r\u00fcr. Son ill\u0259rin inki\u015faf\u0131, \u015f\u0259h\u0259rl\u0259rimizin abadla\u015fd\u0131r\u0131lmas\u0131, \u00f6lk\u0259mizin iqtisadi, sosial inki\u015faf\u0131, beyn\u0259lxalq n\u00fcfuzumuzun art\u0131r\u0131lmas\u0131 g\u00f6z qaba\u011f\u0131ndad\u0131r. Eyni zamanda, bizim i\u015fl\u0259rimiz d\u00fcnya ictimaiyy\u0259ti \u00fc\u00e7\u00fcn d\u0259 art\u0131q sirr deyil. \u00c7oxsayl\u0131 t\u0259dbirl\u0259r, s\u0259rgil\u0259r, konfranslar, Az\u0259rbaycan m\u0259d\u0259niyy\u0259tinin xarici \u00f6lk\u0259l\u0259rd\u0259 t\u0259qdimat\u0131 art\u0131q beyn\u0259lxalq ictimaiyy\u0259t\u0259 d\u0259 Az\u0259rbaycan haqq\u0131nda kifay\u0259t q\u0259d\u0259r dol\u011fun m\u0259lumat\u0131n \u00e7atd\u0131r\u0131lmas\u0131 \u00fc\u00e7\u00fcn \u015f\u0259rait yarad\u0131r\u201d.\n<\/p>\n<p>\n  \u018fliyev deyib ki, \u201cekspertl\u0259r\u201d, \u201cpolitoloqlar\u201d, ke\u00e7mi\u015f d\u00f6vl\u0259t xadiml\u0259ri, b\u0259zi m\u0259tbuat orqanlar\u0131 sanki Az\u0259rbaycana qar\u015f\u0131 soyuq m\u00fcharib\u0259 elan edibl\u0259r: \u201cBir daha dem\u0259k ist\u0259yir\u0259m ki, b\u00fct\u00fcn bu s\u0259yl\u0259rin he\u00e7 bir n\u0259tic\u0259si yoxdur, ola da bilm\u0259z. D\u00fcnyada el\u0259 q\u00fcvv\u0259 yoxdur ki, Az\u0259rbaycan xalq\u0131n\u0131n irad\u0259sin\u0259 t\u0259sir ed\u0259 bilsin\u201d.\n<\/p>\n<p>\n  \u0130lham \u018fliyev Az\u0259rbaycanda b\u00fct\u00fcn azadl\u0131qlar\u0131n t\u0259min edildiyini bildirib: \u201cAz\u0259rbaycanda azad c\u0259miyy\u0259t formala\u015f\u0131b. H\u0259r k\u0259s azadd\u0131r. Azad m\u0259tbuat t\u0259min edilib. \u0130nternet\u0259 he\u00e7 bir m\u0259hdudiyy\u0259t qoyulmur, azad internet var. S\u0259rb\u0259st topla\u015fmaq azadl\u0131\u011f\u0131 t\u0259min edilib. Vicdan, din azadl\u0131\u011f\u0131 b\u0259zi \u00f6lk\u0259l\u0259rd\u0259n f\u0259rqli olaraq tam \u015f\u0259kild\u0259 t\u0259min edilib. Ancaq bizi ittiham etm\u0259k ist\u0259y\u0259n dair\u0259l\u0259rin \u00f6z \u00f6lk\u0259l\u0259rind\u0259ki v\u0259ziyy\u0259t\u0259 bax\u0131n. Bax el\u0259 d\u00fcn\u0259n Avropan\u0131n m\u0259rk\u0259zind\u0259 y\u00fczl\u0259rl\u0259 n\u00fcmayi\u015f\u00e7i d\u00f6y\u00fcl\u0259r\u0259k, s\u00f6y\u00fcl\u0259r\u0259k h\u0259bs edilib. Ba\u015fqa yerl\u0259rd\u0259 insanlar bo\u011fularaq, g\u00fcll\u0259l\u0259n\u0259r\u0259k \u00f6ld\u00fcr\u00fcl\u00fcrl\u0259r. He\u00e7 kim d\u0259 buna g\u00f6r\u0259 m\u0259suliyy\u0259t da\u015f\u0131m\u0131r. Haradad\u0131r o qeyri-h\u00f6kum\u0259t t\u0259\u015fkilatlar\u0131 ki, bizi ittiham edirl\u0259r? Niy\u0259 susurlar? Niy\u0259 \u00f6z s\u0259sl\u0259rini ucaltm\u0131rlar? Niy\u0259 o \u00f6lk\u0259l\u0259ri ittiham etmirl\u0259r? C\u00fcr\u0259tl\u0259rimi \u00e7atm\u0131r? Yoxsa ki, bu, ikili standartlar siyas\u0259tidir?! Y\u0259qin ki, h\u0259r ikisidir. N\u0259 \u00fc\u00e7\u00fcn beyn\u0259lxalq qurumlar b\u0259yanatlar yaym\u0131rlar? N\u0259 \u00fc\u00e7\u00fcn q\u0259tnam\u0259l\u0259r q\u0259bul edilmir? Bax, bu suallara cavab almaq \u00e7ox \u00e7\u0259tindir. M\u0259n h\u0259m xarici h\u0259mkarlar\u0131mla, h\u0259m beyn\u0259lxalq t\u0259\u015fkilatlar\u0131n r\u0259hb\u0259rl\u0259ri il\u0259 \u00e7oxsayl\u0131 g\u00f6r\u00fc\u015fl\u0259rimd\u0259 bu suallar\u0131 a\u00e7\u0131q \u015f\u0259kild\u0259 onlara verir\u0259m. B\u0259lk\u0259 buna g\u00f6r\u0259 d\u0259 Az\u0259rbaycana qar\u015f\u0131 t\u0259zyiql\u0259r daha da k\u0259skinl\u0259\u015fir. \u018ffsuslar olsun ki, bu g\u00fcn d\u00fcnya siyas\u0259tind\u0259 beyn\u0259lxalq h\u00fcquq yox, riyakarl\u0131q, ikili standartlar, ayr\u0131-se\u00e7kilik, irq\u00e7ilik, islamofobiya, ksenofobiya h\u00f6km s\u00fcr\u00fcr. Budur bug\u00fcnk\u00fc reall\u0131qlar. Ona g\u00f6r\u0259, biz buna haz\u0131r olmal\u0131y\u0131q v\u0259 haz\u0131r\u0131q. Biz \u00f6lk\u0259mizi g\u00fccl\u0259ndiririk, \u00f6lk\u0259mizi inki\u015faf etdiririk. Bir daha dem\u0259k ist\u0259yir\u0259m ki, Az\u0259rbaycanda b\u00fct\u00fcn azadl\u0131qlar m\u00f6vcuddur \u2013 siyasi azadl\u0131qlar, vicdan azadl\u0131qlar\u0131, iqtisadi s\u0259rb\u0259stlik. Bu g\u00fcn Az\u0259rbaycan ist\u0259r iqtisadi inki\u015faf, ist\u0259r dinl\u0259raras\u0131 dialoq bax\u0131m\u0131ndan n\u00fcmun\u0259vi bir \u00f6lk\u0259dir\u201d.\n<\/p>\n<p>\n  O, Yax\u0131n \u015e\u0259rq, Avropa,<br \/>\n  <a href=\"http:\/\/az.apa.az\/tag\/MDB\"><br \/>\n    MDB<br \/>\n  <\/a><br \/>\n  m\u0259kan\u0131nda qanl\u0131 toqqu\u015fmalar, etnik, dini z\u0259mind\u0259 qar\u015f\u0131durmalar, qar\u015f\u0131l\u0131ql\u0131 ittihamlar\u0131 misal \u00e7\u0259k\u0259r\u0259k bildirib ki, Az\u0259rbaycanda b\u00fct\u00fcn mill\u0259tl\u0259rin, dinl\u0259rin n\u00fcmay\u0259nd\u0259l\u0259ri bir ail\u0259 kimi ya\u015fay\u0131r: \u201c Bu, bizim siyas\u0259timizdir, xalq\u0131n da sifari\u015fidir. Az\u0259rbaycan bu g\u00fcn d\u00fcnya \u00fc\u00e7\u00fcn \u0259h\u0259miyy\u0259tli \u00f6lk\u0259y\u0259 \u00e7evrilib. Bizi beyn\u0259lxalq al\u0259md\u0259 d\u0259st\u0259kl\u0259y\u0259n \u00f6lk\u0259l\u0259rin say\u0131 durmadan art\u0131r. D\u00fcnyan\u0131n \u0259n m\u00f6t\u0259b\u0259r qurumu olan<br \/>\n  <a href=\"http:\/\/az.apa.az\/tag\/BMT\"><br \/>\n    BMT<br \/>\n  <\/a><br \/>\n  T\u0259hl\u00fck\u0259sizlik \u015euras\u0131na 155 \u00f6lk\u0259nin d\u0259st\u0259yi il\u0259 se\u00e7ilmi\u015fik. Qoy, bizi ittiham etm\u0259y\u0259 \u00e7al\u0131\u015fan \u00f6lk\u0259l\u0259r 155 \u00f6lk\u0259nin d\u0259st\u0259yi il\u0259 se\u00e7ilsinl\u0259r, g\u00f6r\u0259k nec\u0259 se\u00e7ilirl\u0259r. Bax budur reall\u0131q. Ona g\u00f6r\u0259, \u0259lb\u0259tt\u0259 ki, Az\u0259rbaycan xalq\u0131n\u0131 bu \u0259dal\u0259tsizlik, ikili standartlar siyas\u0259ti, riyakarl\u0131q v\u0259 siyasi m\u0259d\u0259niyy\u0259tsizlik \u00fcz\u00fcr. Ancaq bu, bizim irad\u0259miz\u0259 he\u00e7 vaxt t\u0259sir ed\u0259 bilm\u0259z\u201d.\n<\/p>\n<p>\n  Prezident qeyd edib ki, Az\u0259rbaycana t\u0259zyiq etm\u0259k ist\u0259y\u0259nl\u0259r \u00fc\u00e7\u00fcn Avropa Oyunlar\u0131 sad\u0259c\u0259 b\u0259han\u0259dir: \u201cSanki b\u0259zi xarici q\u00fcvv\u0259l\u0259r var ki, bunu biz\u0259 \u00e7ox g\u00f6r\u00fcrl\u0259r. Baxmayaraq ki, biz \u00f6z \u00fcz\u0259rimiz\u0259 b\u00f6y\u00fck m\u0259suliyy\u0259t g\u00f6t\u00fcrm\u00fc\u015f\u00fck. Y\u0259ni, bu Oyunlar\u0131 iki il yar\u0131m \u0259rzind\u0259 haz\u0131rlamaq \u00e7ox \u00e7\u0259tin m\u0259s\u0259l\u0259dir. Bu Oyunlar Olimpiya Oyunlar\u0131n\u0131n s\u0259viyy\u0259sind\u0259 ke\u00e7iril\u0259c\u0259k. Olimpiya Oyunlar\u0131n\u0131 ke\u00e7irm\u0259k \u00fc\u00e7\u00fcn yeddi il vaxt verilir. Biz is\u0259 c\u0259mi iki il yar\u0131ma, \u0259n a\u015fa\u011f\u0131 b\u00fcdc\u0259 il\u0259 bunu edirik. D\u00fcn\u0259n Avropan\u0131n m\u0259rk\u0259zind\u0259 n\u00fcmayi\u015f\u00e7il\u0259rin etiraz\u0131na s\u0259b\u0259b bir binan\u0131n in\u015fas\u0131 olmu\u015fdu. Bizim b\u00fct\u00fcn Avropa Oyunlar\u0131na haz\u0131rl\u0131q i\u015fl\u0259rin\u0259 x\u0259rcl\u0259diyimiz v\u0259sait bir binaya x\u0259rcl\u0259nib. B\u0259s haradad\u0131r \u201cTransparency International\u201d? Niy\u0259 bu i\u015fl\u0259rd\u0259 \u00f6z s\u00f6z\u00fcn\u00fc demir? Avropada n\u0259qliyyatla ba\u011fl\u0131 bir infrastruktur obyekti var. On ildir in\u015fa edilir. Bizim Avropa Oyunlar\u0131n\u0131n haz\u0131rlanmas\u0131na x\u0259rcl\u0259diyimizin ikiqat\u0131 q\u0259d\u0259r oraya pul x\u0259rcl\u0259nib, h\u0259l\u0259 ki, tikintisi qurtarmay\u0131b. B\u0259s niy\u0259 bu bar\u0259d\u0259 dan\u0131\u015fm\u0131rlar? Niy\u0259 bu bar\u0259d\u0259 yazm\u0131rlar? Bu, ritorik suallard\u0131r. Ancaq biz bu suallar\u0131 verm\u0259liyik v\u0259 veririk. \u00c7\u00fcnki biz \u0259dal\u0259tin t\u0259r\u0259fdar\u0131y\u0131q. H\u0259r yerd\u0259 \u0259dal\u0259t olmal\u0131d\u0131r &#8211; c\u0259miyy\u0259td\u0259, ail\u0259d\u0259, beyn\u0259lxalq m\u00fcnasib\u0259tl\u0259rd\u0259. \u018fdal\u0259t pozulduqda h\u0259r \u015fey pozulur, inam pozulur. Sanki d\u00fcnyada yeni bir d\u0259y\u0259rl\u0259r sistemi formala\u015f\u0131r. \u018fdal\u0259t \u0259v\u0259zin\u0259 qeyri-\u0259dal\u0259tli yana\u015fma, b\u0259rab\u0259rlik \u0259v\u0259zin\u0259 qeyri-b\u0259rab\u0259rlik, d\u00fczg\u00fcnl\u00fck \u0259v\u0259zin\u0259 riyakarl\u0131q, yalan. Bax, biz buna qar\u015f\u0131 m\u00fcbariz\u0259 apar\u0131r\u0131q. \u018flb\u0259tt\u0259, Az\u0259rbaycan b\u00f6y\u00fck d\u00f6vl\u0259t deyil, amma bizim d\u0259 kifay\u0259t q\u0259d\u0259r g\u00fcc\u00fcm\u00fcz var ki, \u00f6z s\u00f6z\u00fcm\u00fcz\u00fc dey\u0259k, b\u00f6lg\u0259d\u0259 v\u0259 qit\u0259d\u0259 ged\u0259n prosesl\u0259r\u0259 t\u0259sir ed\u0259k\u201d.\n<\/p><\/p>\n","protected":false},"excerpt":{"rendered":"<p>&#8220;&#8221;Ekspertl\u0259r\u201d, \u201cpolitoloqlar\u201d, ke\u00e7mi\u015f d\u00f6vl\u0259t xadiml\u0259ri, b\u0259zi m\u0259tbuat orqanlar\u0131 sanki Az\u0259rbaycana qar\u015f\u0131 soyuq m\u00fcharib\u0259 elan edibl\u0259r&#8221;<\/p>\n","protected":false},"author":11,"featured_media":21744,"comment_status":"closed","ping_status":"open","sticky":false,"template":"","format":"standard","meta":{"_acf_changed":false,"_sitemap_exclude":false,"_sitemap_priority":"","_sitemap_frequency":"","footnotes":""},"categories":[56],"tags":[],"class_list":["post-167323","post","type-post","status-publish","format-standard","has-post-thumbnail","hentry","category-xeberler","infinite-scroll-item","generate-columns","tablet-grid-50","mobile-grid-100","grid-parent","grid-33","no-featured-image-padding"],"acf":[],"yoast_head":"<!-- This site is optimized with the Yoast SEO plugin v28.4 - https:\/\/yoast.com\/product\/yoast-seo-wordpress\/ -->\n<title>\u0130lham \u018fliyev: &quot;Haradad\u0131r o qeyri-h\u00f6kum\u0259t t\u0259\u015fkilatlar\u0131 ki, bizi ittiham edirl\u0259r?&quot; - MEYDAN.TV<\/title>\n<meta name=\"robots\" content=\"index, follow, max-snippet:-1, max-image-preview:large, max-video-preview:-1\" \/>\n<link rel=\"canonical\" href=\"https:\/\/www.meydan.tv\/az\/article\/ilham-eliyev-haradadir-o-qeyri-hokumet-teskilatlari-ki-bizi-ittiham-edirler\/\" \/>\n<meta property=\"og:locale\" content=\"az_AZ\" \/>\n<meta property=\"og:type\" content=\"article\" \/>\n<meta property=\"og:title\" content=\"\u0130lham \u018fliyev: &quot;Haradad\u0131r o qeyri-h\u00f6kum\u0259t t\u0259\u015fkilatlar\u0131 ki, bizi ittiham edirl\u0259r?&quot; - MEYDAN.TV\" \/>\n<meta property=\"og:description\" content=\"&quot;&quot;Ekspertl\u0259r\u201d, \u201cpolitoloqlar\u201d, ke\u00e7mi\u015f d\u00f6vl\u0259t xadiml\u0259ri, b\u0259zi m\u0259tbuat orqanlar\u0131 sanki Az\u0259rbaycana qar\u015f\u0131 soyuq m\u00fcharib\u0259 elan edibl\u0259r&quot;\" \/>\n<meta property=\"og:url\" content=\"https:\/\/www.meydan.tv\/az\/article\/ilham-eliyev-haradadir-o-qeyri-hokumet-teskilatlari-ki-bizi-ittiham-edirler\/\" \/>\n<meta property=\"og:site_name\" content=\"MEYDAN.TV\" \/>\n<meta property=\"article:published_time\" content=\"2015-03-20T14:15:41+00:00\" \/>\n<meta property=\"og:image\" content=\"https:\/\/www.meydan.tv\/wp-content\/uploads\/7865.jpg\" \/>\n\t<meta property=\"og:image:width\" content=\"518\" \/>\n\t<meta property=\"og:image:height\" content=\"400\" \/>\n\t<meta property=\"og:image:type\" content=\"image\/jpeg\" \/>\n<meta name=\"twitter:card\" content=\"summary_large_image\" \/>\n<!-- \/ Yoast SEO plugin. -->","yoast_head_json":{"title":"\u0130lham \u018fliyev: \"Haradad\u0131r o qeyri-h\u00f6kum\u0259t t\u0259\u015fkilatlar\u0131 ki, bizi ittiham edirl\u0259r?\" - MEYDAN.TV","robots":{"index":"index","follow":"follow","max-snippet":"max-snippet:-1","max-image-preview":"max-image-preview:large","max-video-preview":"max-video-preview:-1"},"canonical":"https:\/\/www.meydan.tv\/az\/article\/ilham-eliyev-haradadir-o-qeyri-hokumet-teskilatlari-ki-bizi-ittiham-edirler\/","og_locale":"az_AZ","og_type":"article","og_title":"\u0130lham \u018fliyev: \"Haradad\u0131r o qeyri-h\u00f6kum\u0259t t\u0259\u015fkilatlar\u0131 ki, bizi ittiham edirl\u0259r?\" - MEYDAN.TV","og_description":"\"\"Ekspertl\u0259r\u201d, \u201cpolitoloqlar\u201d, ke\u00e7mi\u015f d\u00f6vl\u0259t xadiml\u0259ri, b\u0259zi m\u0259tbuat orqanlar\u0131 sanki Az\u0259rbaycana qar\u015f\u0131 soyuq m\u00fcharib\u0259 elan edibl\u0259r\"","og_url":"https:\/\/www.meydan.tv\/az\/article\/ilham-eliyev-haradadir-o-qeyri-hokumet-teskilatlari-ki-bizi-ittiham-edirler\/","og_site_name":"MEYDAN.TV","article_published_time":"2015-03-20T14:15:41+00:00","og_image":[{"width":518,"height":400,"url":"https:\/\/www.meydan.tv\/wp-content\/uploads\/7865.jpg","type":"image\/jpeg"}],"twitter_card":"summary_large_image","schema":{"@context":"https:\/\/schema.org","@graph":[{"@type":"Article","@id":"https:\/\/www.meydan.tv\/az\/article\/ilham-eliyev-haradadir-o-qeyri-hokumet-teskilatlari-ki-bizi-ittiham-edirler\/#article","isPartOf":{"@id":"https:\/\/www.meydan.tv\/az\/article\/ilham-eliyev-haradadir-o-qeyri-hokumet-teskilatlari-ki-bizi-ittiham-edirler\/"},"author":{"name":"user-manager","@id":"https:\/\/www.meydan.tv\/az\/#\/schema\/person\/10d11eccf6da3662cf5fdab9806ea91a"},"headline":"\u0130lham \u018fliyev: &#8220;Haradad\u0131r o qeyri-h\u00f6kum\u0259t t\u0259\u015fkilatlar\u0131 ki, bizi ittiham edirl\u0259r?&#8221;","datePublished":"2015-03-20T14:15:41+00:00","mainEntityOfPage":{"@id":"https:\/\/www.meydan.tv\/az\/article\/ilham-eliyev-haradadir-o-qeyri-hokumet-teskilatlari-ki-bizi-ittiham-edirler\/"},"wordCount":1383,"publisher":{"@id":"https:\/\/www.meydan.tv\/az\/#organization"},"image":{"@id":"https:\/\/www.meydan.tv\/az\/article\/ilham-eliyev-haradadir-o-qeyri-hokumet-teskilatlari-ki-bizi-ittiham-edirler\/#primaryimage"},"thumbnailUrl":"https:\/\/www.meydan.tv\/wp-content\/uploads\/7865.jpg","articleSection":["X\u0259b\u0259rl\u0259r"],"inLanguage":"az"},{"@type":"WebPage","@id":"https:\/\/www.meydan.tv\/az\/article\/ilham-eliyev-haradadir-o-qeyri-hokumet-teskilatlari-ki-bizi-ittiham-edirler\/","url":"https:\/\/www.meydan.tv\/az\/article\/ilham-eliyev-haradadir-o-qeyri-hokumet-teskilatlari-ki-bizi-ittiham-edirler\/","name":"\u0130lham \u018fliyev: \"Haradad\u0131r o qeyri-h\u00f6kum\u0259t t\u0259\u015fkilatlar\u0131 ki, bizi ittiham edirl\u0259r?\" - MEYDAN.TV","isPartOf":{"@id":"https:\/\/www.meydan.tv\/az\/#website"},"primaryImageOfPage":{"@id":"https:\/\/www.meydan.tv\/az\/article\/ilham-eliyev-haradadir-o-qeyri-hokumet-teskilatlari-ki-bizi-ittiham-edirler\/#primaryimage"},"image":{"@id":"https:\/\/www.meydan.tv\/az\/article\/ilham-eliyev-haradadir-o-qeyri-hokumet-teskilatlari-ki-bizi-ittiham-edirler\/#primaryimage"},"thumbnailUrl":"https:\/\/www.meydan.tv\/wp-content\/uploads\/7865.jpg","datePublished":"2015-03-20T14:15:41+00:00","breadcrumb":{"@id":"https:\/\/www.meydan.tv\/az\/article\/ilham-eliyev-haradadir-o-qeyri-hokumet-teskilatlari-ki-bizi-ittiham-edirler\/#breadcrumb"},"inLanguage":"az","potentialAction":[{"@type":"ReadAction","target":["https:\/\/www.meydan.tv\/az\/article\/ilham-eliyev-haradadir-o-qeyri-hokumet-teskilatlari-ki-bizi-ittiham-edirler\/"]}]},{"@type":"ImageObject","inLanguage":"az","@id":"https:\/\/www.meydan.tv\/az\/article\/ilham-eliyev-haradadir-o-qeyri-hokumet-teskilatlari-ki-bizi-ittiham-edirler\/#primaryimage","url":"https:\/\/www.meydan.tv\/wp-content\/uploads\/7865.jpg","contentUrl":"https:\/\/www.meydan.tv\/wp-content\/uploads\/7865.jpg","width":518,"height":400,"caption":"Source:"},{"@type":"BreadcrumbList","@id":"https:\/\/www.meydan.tv\/az\/article\/ilham-eliyev-haradadir-o-qeyri-hokumet-teskilatlari-ki-bizi-ittiham-edirler\/#breadcrumb","itemListElement":[{"@type":"ListItem","position":1,"name":"Ana s\u0259hif\u0259","item":"https:\/\/www.meydan.tv\/az\/"},{"@type":"ListItem","position":2,"name":"X\u0259b\u0259rl\u0259r","item":"https:\/\/www.meydan.tv\/az\/section\/xeberler\/"},{"@type":"ListItem","position":3,"name":"\u0130lham \u018fliyev: &#8220;Haradad\u0131r o qeyri-h\u00f6kum\u0259t t\u0259\u015fkilatlar\u0131 ki, bizi ittiham edirl\u0259r?&#8221;"}]},{"@type":"WebSite","@id":"https:\/\/www.meydan.tv\/az\/#website","url":"https:\/\/www.meydan.tv\/az\/","name":"MEYDAN.TV","description":"Meydan TV Az\u0259rbaycan\u0131n media m\u0259kan\u0131ndak\u0131 alternativ s\u0259sidir","publisher":{"@id":"https:\/\/www.meydan.tv\/az\/#organization"},"potentialAction":[{"@type":"SearchAction","target":{"@type":"EntryPoint","urlTemplate":"https:\/\/www.meydan.tv\/az\/?s={search_term_string}"},"query-input":{"@type":"PropertyValueSpecification","valueRequired":true,"valueName":"search_term_string"}}],"inLanguage":"az"},{"@type":"Organization","@id":"https:\/\/www.meydan.tv\/az\/#organization","name":"Meydan TV","url":"https:\/\/www.meydan.tv\/az\/","logo":{"@type":"ImageObject","inLanguage":"az","@id":"https:\/\/www.meydan.tv\/az\/#\/schema\/logo\/image\/","url":"https:\/\/www.meydan.tv\/wp-content\/uploads\/2021\/07\/meydan-logo.svg","contentUrl":"https:\/\/www.meydan.tv\/wp-content\/uploads\/2021\/07\/meydan-logo.svg","width":195,"height":46,"caption":"Meydan TV"},"image":{"@id":"https:\/\/www.meydan.tv\/az\/#\/schema\/logo\/image\/"}},{"@type":"Person","@id":"https:\/\/www.meydan.tv\/az\/#\/schema\/person\/10d11eccf6da3662cf5fdab9806ea91a","name":"user-manager"}]}},"_links":{"self":[{"href":"https:\/\/www.meydan.tv\/az\/wp-json\/wp\/v2\/posts\/167323","targetHints":{"allow":["GET"]}}],"collection":[{"href":"https:\/\/www.meydan.tv\/az\/wp-json\/wp\/v2\/posts"}],"about":[{"href":"https:\/\/www.meydan.tv\/az\/wp-json\/wp\/v2\/types\/post"}],"author":[{"embeddable":true,"href":"https:\/\/www.meydan.tv\/az\/wp-json\/wp\/v2\/users\/11"}],"replies":[{"embeddable":true,"href":"https:\/\/www.meydan.tv\/az\/wp-json\/wp\/v2\/comments?post=167323"}],"version-history":[{"count":0,"href":"https:\/\/www.meydan.tv\/az\/wp-json\/wp\/v2\/posts\/167323\/revisions"}],"wp:featuredmedia":[{"embeddable":true,"href":"https:\/\/www.meydan.tv\/az\/wp-json\/wp\/v2\/media\/21744"}],"wp:attachment":[{"href":"https:\/\/www.meydan.tv\/az\/wp-json\/wp\/v2\/media?parent=167323"}],"wp:term":[{"taxonomy":"category","embeddable":true,"href":"https:\/\/www.meydan.tv\/az\/wp-json\/wp\/v2\/categories?post=167323"},{"taxonomy":"post_tag","embeddable":true,"href":"https:\/\/www.meydan.tv\/az\/wp-json\/wp\/v2\/tags?post=167323"}],"curies":[{"name":"wp","href":"https:\/\/api.w.org\/{rel}","templated":true}]}}