{"id":167321,"date":"2015-03-20T13:47:11","date_gmt":"2015-03-20T13:47:11","guid":{"rendered":"https:\/\/www.meydan.tv\/article\/yaz-fesli-azerbaycana-martin-21-de-saat-0245-de-daxil-olur\/"},"modified":"2015-03-20T13:47:11","modified_gmt":"2015-03-20T13:47:11","slug":"yaz-fesli-azerbaycana-martin-21-de-saat-0245-de-daxil-olur","status":"publish","type":"post","link":"https:\/\/www.meydan.tv\/az\/article\/yaz-fesli-azerbaycana-martin-21-de-saat-0245-de-daxil-olur\/","title":{"rendered":"Yaz f\u0259sli Az\u0259rbaycana mart\u0131n 21-d\u0259  saat 02:45-d\u0259 daxil olur"},"content":{"rendered":"<figure class=\"wp-block-image size-large\">\n  <img decoding=\"async\" src=\"https:\/\/www.meydan.tv\/az\/21735\/\" alt=\"\" class=\"wp-image-21735\"\/><figcaption><\/figcaption><\/figure>\n<figure class=\"wp-block-image size-large\">\n  <img decoding=\"async\" src=\"https:\/\/www.meydan.tv\/az\/21735\/\" alt=\"\" class=\"wp-image-21735\"\/><figcaption><\/figcaption><\/figure>\n<p>\n  <i><br \/>\n    Sovet rejiminin hakim k\u0259sildiyi 70 il \u0259rzind\u0259 bu bayram\u0131n el \u015f\u0259nlikl\u0259ri s\u0259viyy\u0259sind\u0259 qeyd olunmas\u0131na yasaq qoyulmu\u015fdu<br \/>\n  <\/i>\n<\/p>\n<p>\n  Bu il yaz f\u0259sli Az\u0259rbaycana mart\u0131n 21-d\u0259\u00a0 saat 02:45-d\u0259 daxil olur. Novruz bayram\u0131 (fars dilindi\u0259ki nou v\u0259 ruz s\u00f6zl\u0259rinin birl\u0259\u015fm\u0259si olan yeni gun dem\u0259kdir) t\u00fcrk xalqlar\u0131n\u0131n qeyd etdiyi \u0259n q\u0259dim bayramlardan biridir. Bayram\u0131n Az\u0259rbaycanda qeyd edilm\u0259sinin 5-6 min illik tarixi var.\n<\/p>\n<p>\n  Yaz bayram\u0131 yeni ilin ilk g\u00fcn\u00fc kimi mart\u0131n 20-21-n\u0259 t\u0259sad\u00fcf edir v\u0259 bu bayram K\u00f6hn\u0259 d\u00fcnyan\u0131n (y\u0259ni Asiya qit\u0259sinin) \u0259n q\u0259dim bayram\u0131 say\u0131la bil\u0259r.\n<\/p>\n<p>\n  Bayram\u0131n q\u0131\u015fdan yaza ke\u00e7idd\u0259 qeyd olunmas\u0131 torpa\u011f\u0131n oyanmas\u0131, m\u0259hsul verm\u0259y\u0259 haz\u0131r olmas\u0131, h\u0259m d\u0259, m\u0259cazi m\u0259nada dirilm\u0259 anlam\u0131na g\u0259lir. S\u0259m\u0259ni ya\u015f\u0131ll\u0131\u011f\u0131 il\u0259 h\u0259yat\u0131n canlanmas\u0131 v\u0259 \u0259b\u0259diliyini ifad\u0259 edir. Yumurta Yer k\u00fcr\u0259sinin \u00f6z\u00fcd\u00fcr, y\u0259ni, m\u00f6cud d\u00fcnyam\u0131z\u0131n mini maketidir. Yaz\u0131n g\u0259li\u015fin\u0259 q\u0259d\u0259r qeyd edil\u0259n \u00e7\u0259r\u015f\u0259nb\u0259l\u0259r insan yarad\u0131l\u0131\u015f\u0131n\u0131n t\u0259rkib hiss\u0259l\u0259rin\u0259 aiddir. \u018fski d\u00fc\u015f\u00fcnc\u0259l\u0259r\u0259 g\u00f6r\u0259, insan\u0131n yarad\u0131l\u0131\u015f t\u0259rkibin\u0259 hava, od, su, torpaq daxil olub. Bu \u00e7\u0259r\u015f\u0259nb\u0259l\u0259rin sonuncusu &#8211; ilax\u0131r \u00e7\u0259r\u015f\u0259nb\u0259 h\u0259m d\u0259 k\u00f6hn\u0259 ilin yola sal\u0131nmas\u0131d\u0131r. Bu bayramla b\u00fct\u00fcn yer k\u00fcr\u0259sind\u0259 iki b\u0259rab\u0259rlikd\u0259n biri olan yaz b\u0259rab\u0259rliyi ba\u015fa \u00e7at\u0131r, g\u00fcnl\u0259rin uzanmas\u0131, gec\u0259l\u0259rin q\u0131salmas\u0131 m\u00f6vs\u00fcm\u00fc ba\u015flay\u0131r.\n<\/p>\n<p>\n  \u018fb\u0259di gec\u0259-g\u00fcnd\u00fcz \u0259v\u0259zl\u0259nm\u0259sin\u0259 Xeyirl\u0259 \u015e\u0259r aras\u0131nda m\u00fcbariz\u0259nin t\u0259rkib hiss\u0259si kimi baxan t\u00fcrk xalqlar\u0131n\u0131n t\u0259f\u0259kk\u00fcr\u00fcn\u0259 g\u00f6r\u0259, yaz\u0131n g\u0259li\u015fi, g\u00fcnd\u00fczl\u0259rin uzanmas\u0131 Xeyirin \u015e\u0259r\u0259 qalib g\u0259lm\u0259sinin t\u0259c\u0259ss\u00fcm\u00fcd\u00fcr.\n<\/p>\n<p>\n  \u015eamlar\u0131n yand\u0131r\u0131lmas\u0131 xatir\u0259 anlam\u0131 da\u015f\u0131y\u0131r. T\u0259sad\u00fcfi deyil ki, Az\u0259rbaycan\u0131n b\u0259zi rayonlar\u0131nda q\u0259birl\u0259r \u00fcz\u0259rind\u0259 \u015fam yand\u0131r\u0131lmas\u0131 ad\u0259ti indi d\u0259 qal\u0131r. \u0130slam dini is\u0259 \u00fcmumiyy\u0259tl\u0259 \u015fam yand\u0131r\u0131lmas\u0131 m\u0259s\u0259l\u0259sin\u0259 m\u00fcsb\u0259t yana\u015fm\u0131r.\n<\/p>\n<p>\n  Tonqal \u00fcst\u00fcnd\u0259n tullanmaq ad\u0259ti is\u0259 m\u0259nfi v\u0259 pis olan h\u0259r \u015feyin bu odda yand\u0131r\u0131lmas\u0131, k\u00f6hn\u0259 ild\u0259 qalmas\u0131, yeni il\u0259 ke\u00e7m\u0259m\u0259si anlam\u0131na g\u0259lir.\n<\/p>\n<p>\n  T\u00fcrk xaqlar\u0131 k\u00fcsm\u0259yi, dava-dala\u015f\u0131, incikliyi \u015e\u0259rin \u0259m\u0259li sayaraq yaz bayram\u0131ndak\u0131 bar\u0131\u015flar\u0131n \u00f6z\u00fcn\u00fc bel\u0259 m\u0259hz Xeyrin \u015e\u0259r \u00fcz\u0259rind\u0259 q\u0259l\u0259b\u0259sinin n\u0259tic\u0259si say\u0131rd\u0131lar.\n<\/p>\n<p>\n  Sovet rejiminin hakim k\u0259sildiyi 70 il \u0259rzind\u0259 bu bayram\u0131n el \u015f\u0259nlikl\u0259ri s\u0259viyy\u0259sind\u0259 qeyd olunmas\u0131na yasaq qoyulmu\u015fdu.\n<\/p>\n<p>\n  Yaz bayram\u0131n\u0131n g\u0259li\u015fil\u0259 ba\u011fl\u0131 b\u00fct\u00fcn d\u00f6vrl\u0259r\u0259 aid \u00e7oxlu oyun formalar\u0131 olub, amma onlar\u0131n \u00e7oxu art\u0131q ya s\u0131radan \u00e7\u0131x\u0131b, ya da \u00e7\u0131xmaq \u00fczr\u0259dir.\n<\/p>\n<p>\n  Ax\u0131r \u00e7\u0259r\u015f\u0259nb\u0259d\u0259 qad\u0131nlar qulaq fal\u0131na \u00e7\u0131x\u0131r, su il\u0259 dolu fincanda b\u0259xt m\u0259s\u0259l\u0259sin\u0259 bax\u0131r v\u0259 s.\n<\/p>\n<p>\n  Yaz bayram\u0131 il\u0259 ba\u011fl\u0131 haz\u0131rlanan s\u00fcfr\u0259nin ilkin b\u0259z\u0259yi s\u0259m\u0259ni, su, bu\u011fda, \u00e7\u00f6r\u0259k, yumurta, qoz-f\u0131nd\u0131q, quru meyv\u0259l\u0259r olub, \u015f\u0259k\u0259rbura v\u0259 paxlava, dem\u0259k olar ki, haz\u0131rda yaz bayram\u0131 s\u00fcfr\u0259sinin r\u0259mzl\u0259rin\u0259 \u00e7evrilib.\n<\/p>\n<p>\n  <b><br \/>\n    Aray\u0131\u015f<br \/>\n  <\/b>\n<\/p>\n<p>\n  Aliml\u0259r hesab edirl\u0259r ki, Novruz bayram\u0131n\u0131n tarixi m\u0259\u015fhur m\u0259d\u0259niyy\u0259t m\u0259rk\u0259zl\u0259rinin \u2013 \u015eumer, Vavilon, Assiriyan\u0131n yarand\u0131\u011f\u0131 Q\u0259dim Mesopotamiyaya gedib \u00e7\u0131x\u0131r. Vavilonda Yeni \u0130l nisan\u0131n (mart-aprel) 21-ci g\u00fcn\u00fc qeyd edilirdi v\u0259 bayram 12 g\u00fcn davam edirdi, h\u0259m d\u0259 h\u0259r g\u00fcn\u00fcn \u00f6z ad\u0259tl\u0259ri, t\u0259s\u0259vv\u00fcrl\u0259ri v\u0259 \u0259yl\u0259nc\u0259l\u0259ri var idi.\n<\/p>\n<p>\n  Novruz bayram\u0131n\u0131n m\u0259n\u015f\u0259yini h\u0259m d\u0259 \u0259n q\u0259dim t\u0259kallahl\u0131l\u0131q dini olan Z\u0259rd\u00fc\u015ftl\u00fck il\u0259 \u0259laq\u0259l\u0259ndirirl\u0259r. Novruz fars dilind\u0259n t\u0259rc\u00fcm\u0259d\u0259 \u201cyeni g\u00fcn\u201d dem\u0259kdir, t\u00fcrk \u00f6lk\u0259l\u0259rind\u0259 is\u0259 bayram \u0259vv\u0259ll\u0259r Turan adland\u0131r\u0131l\u0131rd\u0131 ki (indiy\u0259d\u0259k \u00e7uva\u015flar bu bayram\u0131 \u201cTura\u201d adland\u0131r\u0131rlar), bu da q\u0259dim \u00c7in salnam\u0259l\u0259rini v\u0259 3 min il \u0259vv\u0259l yaranm\u0131\u015f \u201cErgenekon\u201d t\u00fcrk dastan\u0131n\u0131 s\u00fcbut edir.\n<\/p>\n<p>\n  Maraql\u0131d\u0131r, amma h\u0259m d\u0259 m\u0259ntiqlidir ki, q\u0259dim xalqlar\u0131n Yeni \u0130li qeyd etm\u0259si t\u0259bi\u0259tin oyan\u0131\u015f\u0131 il\u0259 eyni vaxta d\u00fc\u015f\u00fcb v\u0259 bir qayda olaraq, marta t\u0259sad\u00fcf edib. Mussa qanununda Yeni \u0130lin bizim mart v\u0259 aprel ay\u0131na m\u00fcvafiq olan \u201caviv\u201d (s\u00fcnb\u00fcl) ay\u0131ndan hesablanmas\u0131 q\u0259rar\u0131na rast g\u0259linir.\n<\/p>\n<p>\n  Almaniyada, Fransa v\u0259 \u0130ngilt\u0259r\u0259d\u0259 yeni ili martdan yanvara yaln\u0131z XVI-XVIII \u0259srl\u0259rd\u0259 ke\u00e7iribl\u0259r. Baxmayaraq ki, yeni ili mart\u0131n \u0259vv\u0259lind\u0259 qeyd ed\u0259n romal\u0131lar Yuli Sezar\u0131n arzusu il\u0259 yeni (yulian) t\u0259qvimi h\u0259l\u0259 \u0130sa Pey\u011f\u0259mb\u0259rin do\u011fumuna 46 il qalm\u0131\u015f t\u0259tbiq edibl\u0259r. Yanvar ay\u0131 Roma allahlar\u0131ndan biri olan iki\u00fczl\u00fc Yanusun \u015f\u0259r\u0259fin\u0259 adland\u0131r\u0131l\u0131b.\n<\/p>\n<p>\n  \u00c7ind\u0259 1911-ci ild\u0259 monarxiya d\u00f6vl\u0259t qurulu\u015funun devrilm\u0259sin\u0259 q\u0259d\u0259r Yeni \u0130li q\u0131\u015f \u00e7\u0131xanda qar\u015f\u0131lay\u0131rd\u0131lar.\n<\/p><\/p>\n","protected":false},"excerpt":{"rendered":"<p>Sovet rejiminin hakim k\u0259sildiyi 70 il \u0259rzind\u0259 bu bayram\u0131n el \u015f\u0259nlikl\u0259ri s\u0259viyy\u0259sind\u0259 qeyd olunmas\u0131na yasaq qoyulmu\u015fdu<\/p>\n","protected":false},"author":11,"featured_media":21735,"comment_status":"closed","ping_status":"open","sticky":false,"template":"","format":"standard","meta":{"_acf_changed":false,"_sitemap_exclude":false,"_sitemap_priority":"","_sitemap_frequency":"","footnotes":""},"categories":[56],"tags":[],"class_list":["post-167321","post","type-post","status-publish","format-standard","has-post-thumbnail","hentry","category-xeberler","infinite-scroll-item","generate-columns","tablet-grid-50","mobile-grid-100","grid-parent","grid-33","no-featured-image-padding"],"acf":[],"yoast_head":"<!-- This site is optimized with the Yoast SEO plugin v28.4 - https:\/\/yoast.com\/product\/yoast-seo-wordpress\/ -->\n<title>Yaz f\u0259sli Az\u0259rbaycana mart\u0131n 21-d\u0259 saat 02:45-d\u0259 daxil olur - MEYDAN.TV<\/title>\n<meta name=\"robots\" content=\"index, follow, max-snippet:-1, max-image-preview:large, max-video-preview:-1\" \/>\n<link rel=\"canonical\" href=\"https:\/\/www.meydan.tv\/az\/article\/yaz-fesli-azerbaycana-martin-21-de-saat-0245-de-daxil-olur\/\" \/>\n<meta property=\"og:locale\" content=\"az_AZ\" \/>\n<meta property=\"og:type\" content=\"article\" \/>\n<meta property=\"og:title\" content=\"Yaz f\u0259sli Az\u0259rbaycana mart\u0131n 21-d\u0259 saat 02:45-d\u0259 daxil olur - MEYDAN.TV\" \/>\n<meta property=\"og:description\" content=\"Sovet rejiminin hakim k\u0259sildiyi 70 il \u0259rzind\u0259 bu bayram\u0131n el \u015f\u0259nlikl\u0259ri s\u0259viyy\u0259sind\u0259 qeyd olunmas\u0131na yasaq qoyulmu\u015fdu\" \/>\n<meta property=\"og:url\" content=\"https:\/\/www.meydan.tv\/az\/article\/yaz-fesli-azerbaycana-martin-21-de-saat-0245-de-daxil-olur\/\" \/>\n<meta property=\"og:site_name\" content=\"MEYDAN.TV\" \/>\n<meta property=\"article:published_time\" content=\"2015-03-20T13:47:11+00:00\" \/>\n<meta property=\"og:image\" content=\"https:\/\/www.meydan.tv\/wp-content\/uploads\/7863.jpg\" \/>\n\t<meta property=\"og:image:width\" content=\"640\" \/>\n\t<meta property=\"og:image:height\" content=\"428\" \/>\n\t<meta property=\"og:image:type\" content=\"image\/jpeg\" \/>\n<meta name=\"twitter:card\" content=\"summary_large_image\" \/>\n<!-- \/ Yoast SEO plugin. -->","yoast_head_json":{"title":"Yaz f\u0259sli Az\u0259rbaycana mart\u0131n 21-d\u0259 saat 02:45-d\u0259 daxil olur - MEYDAN.TV","robots":{"index":"index","follow":"follow","max-snippet":"max-snippet:-1","max-image-preview":"max-image-preview:large","max-video-preview":"max-video-preview:-1"},"canonical":"https:\/\/www.meydan.tv\/az\/article\/yaz-fesli-azerbaycana-martin-21-de-saat-0245-de-daxil-olur\/","og_locale":"az_AZ","og_type":"article","og_title":"Yaz f\u0259sli Az\u0259rbaycana mart\u0131n 21-d\u0259 saat 02:45-d\u0259 daxil olur - MEYDAN.TV","og_description":"Sovet rejiminin hakim k\u0259sildiyi 70 il \u0259rzind\u0259 bu bayram\u0131n el \u015f\u0259nlikl\u0259ri s\u0259viyy\u0259sind\u0259 qeyd olunmas\u0131na yasaq qoyulmu\u015fdu","og_url":"https:\/\/www.meydan.tv\/az\/article\/yaz-fesli-azerbaycana-martin-21-de-saat-0245-de-daxil-olur\/","og_site_name":"MEYDAN.TV","article_published_time":"2015-03-20T13:47:11+00:00","og_image":[{"width":640,"height":428,"url":"https:\/\/www.meydan.tv\/wp-content\/uploads\/7863.jpg","type":"image\/jpeg"}],"twitter_card":"summary_large_image","schema":{"@context":"https:\/\/schema.org","@graph":[{"@type":"Article","@id":"https:\/\/www.meydan.tv\/az\/article\/yaz-fesli-azerbaycana-martin-21-de-saat-0245-de-daxil-olur\/#article","isPartOf":{"@id":"https:\/\/www.meydan.tv\/az\/article\/yaz-fesli-azerbaycana-martin-21-de-saat-0245-de-daxil-olur\/"},"author":{"name":"user-manager","@id":"https:\/\/www.meydan.tv\/az\/#\/schema\/person\/10d11eccf6da3662cf5fdab9806ea91a"},"headline":"Yaz f\u0259sli Az\u0259rbaycana mart\u0131n 21-d\u0259 saat 02:45-d\u0259 daxil olur","datePublished":"2015-03-20T13:47:11+00:00","mainEntityOfPage":{"@id":"https:\/\/www.meydan.tv\/az\/article\/yaz-fesli-azerbaycana-martin-21-de-saat-0245-de-daxil-olur\/"},"wordCount":936,"publisher":{"@id":"https:\/\/www.meydan.tv\/az\/#organization"},"image":{"@id":"https:\/\/www.meydan.tv\/az\/article\/yaz-fesli-azerbaycana-martin-21-de-saat-0245-de-daxil-olur\/#primaryimage"},"thumbnailUrl":"https:\/\/www.meydan.tv\/wp-content\/uploads\/7863.jpg","articleSection":["X\u0259b\u0259rl\u0259r"],"inLanguage":"az"},{"@type":"WebPage","@id":"https:\/\/www.meydan.tv\/az\/article\/yaz-fesli-azerbaycana-martin-21-de-saat-0245-de-daxil-olur\/","url":"https:\/\/www.meydan.tv\/az\/article\/yaz-fesli-azerbaycana-martin-21-de-saat-0245-de-daxil-olur\/","name":"Yaz f\u0259sli Az\u0259rbaycana mart\u0131n 21-d\u0259 saat 02:45-d\u0259 daxil olur - MEYDAN.TV","isPartOf":{"@id":"https:\/\/www.meydan.tv\/az\/#website"},"primaryImageOfPage":{"@id":"https:\/\/www.meydan.tv\/az\/article\/yaz-fesli-azerbaycana-martin-21-de-saat-0245-de-daxil-olur\/#primaryimage"},"image":{"@id":"https:\/\/www.meydan.tv\/az\/article\/yaz-fesli-azerbaycana-martin-21-de-saat-0245-de-daxil-olur\/#primaryimage"},"thumbnailUrl":"https:\/\/www.meydan.tv\/wp-content\/uploads\/7863.jpg","datePublished":"2015-03-20T13:47:11+00:00","breadcrumb":{"@id":"https:\/\/www.meydan.tv\/az\/article\/yaz-fesli-azerbaycana-martin-21-de-saat-0245-de-daxil-olur\/#breadcrumb"},"inLanguage":"az","potentialAction":[{"@type":"ReadAction","target":["https:\/\/www.meydan.tv\/az\/article\/yaz-fesli-azerbaycana-martin-21-de-saat-0245-de-daxil-olur\/"]}]},{"@type":"ImageObject","inLanguage":"az","@id":"https:\/\/www.meydan.tv\/az\/article\/yaz-fesli-azerbaycana-martin-21-de-saat-0245-de-daxil-olur\/#primaryimage","url":"https:\/\/www.meydan.tv\/wp-content\/uploads\/7863.jpg","contentUrl":"https:\/\/www.meydan.tv\/wp-content\/uploads\/7863.jpg","width":640,"height":428,"caption":"Source:"},{"@type":"BreadcrumbList","@id":"https:\/\/www.meydan.tv\/az\/article\/yaz-fesli-azerbaycana-martin-21-de-saat-0245-de-daxil-olur\/#breadcrumb","itemListElement":[{"@type":"ListItem","position":1,"name":"Ana s\u0259hif\u0259","item":"https:\/\/www.meydan.tv\/az\/"},{"@type":"ListItem","position":2,"name":"X\u0259b\u0259rl\u0259r","item":"https:\/\/www.meydan.tv\/az\/section\/xeberler\/"},{"@type":"ListItem","position":3,"name":"Yaz f\u0259sli Az\u0259rbaycana mart\u0131n 21-d\u0259 saat 02:45-d\u0259 daxil olur"}]},{"@type":"WebSite","@id":"https:\/\/www.meydan.tv\/az\/#website","url":"https:\/\/www.meydan.tv\/az\/","name":"MEYDAN.TV","description":"Meydan TV Az\u0259rbaycan\u0131n media m\u0259kan\u0131ndak\u0131 alternativ s\u0259sidir","publisher":{"@id":"https:\/\/www.meydan.tv\/az\/#organization"},"potentialAction":[{"@type":"SearchAction","target":{"@type":"EntryPoint","urlTemplate":"https:\/\/www.meydan.tv\/az\/?s={search_term_string}"},"query-input":{"@type":"PropertyValueSpecification","valueRequired":true,"valueName":"search_term_string"}}],"inLanguage":"az"},{"@type":"Organization","@id":"https:\/\/www.meydan.tv\/az\/#organization","name":"Meydan TV","url":"https:\/\/www.meydan.tv\/az\/","logo":{"@type":"ImageObject","inLanguage":"az","@id":"https:\/\/www.meydan.tv\/az\/#\/schema\/logo\/image\/","url":"https:\/\/www.meydan.tv\/wp-content\/uploads\/2021\/07\/meydan-logo.svg","contentUrl":"https:\/\/www.meydan.tv\/wp-content\/uploads\/2021\/07\/meydan-logo.svg","width":195,"height":46,"caption":"Meydan TV"},"image":{"@id":"https:\/\/www.meydan.tv\/az\/#\/schema\/logo\/image\/"}},{"@type":"Person","@id":"https:\/\/www.meydan.tv\/az\/#\/schema\/person\/10d11eccf6da3662cf5fdab9806ea91a","name":"user-manager"}]}},"_links":{"self":[{"href":"https:\/\/www.meydan.tv\/az\/wp-json\/wp\/v2\/posts\/167321","targetHints":{"allow":["GET"]}}],"collection":[{"href":"https:\/\/www.meydan.tv\/az\/wp-json\/wp\/v2\/posts"}],"about":[{"href":"https:\/\/www.meydan.tv\/az\/wp-json\/wp\/v2\/types\/post"}],"author":[{"embeddable":true,"href":"https:\/\/www.meydan.tv\/az\/wp-json\/wp\/v2\/users\/11"}],"replies":[{"embeddable":true,"href":"https:\/\/www.meydan.tv\/az\/wp-json\/wp\/v2\/comments?post=167321"}],"version-history":[{"count":0,"href":"https:\/\/www.meydan.tv\/az\/wp-json\/wp\/v2\/posts\/167321\/revisions"}],"wp:featuredmedia":[{"embeddable":true,"href":"https:\/\/www.meydan.tv\/az\/wp-json\/wp\/v2\/media\/21735"}],"wp:attachment":[{"href":"https:\/\/www.meydan.tv\/az\/wp-json\/wp\/v2\/media?parent=167321"}],"wp:term":[{"taxonomy":"category","embeddable":true,"href":"https:\/\/www.meydan.tv\/az\/wp-json\/wp\/v2\/categories?post=167321"},{"taxonomy":"post_tag","embeddable":true,"href":"https:\/\/www.meydan.tv\/az\/wp-json\/wp\/v2\/tags?post=167321"}],"curies":[{"name":"wp","href":"https:\/\/api.w.org\/{rel}","templated":true}]}}