{"id":167317,"date":"2015-03-19T19:38:47","date_gmt":"2015-03-19T19:38:47","guid":{"rendered":"https:\/\/www.meydan.tv\/article\/abdulla-abdullayev-korrupsiyaya-qarsi-mubarize-idaresi-olkeni-felakete-aparir\/"},"modified":"2015-03-19T19:38:47","modified_gmt":"2015-03-19T19:38:47","slug":"abdulla-abdullayev-korrupsiyaya-qarsi-mubarize-idaresi-olkeni-felakete-aparir","status":"publish","type":"post","link":"https:\/\/www.meydan.tv\/az\/article\/abdulla-abdullayev-korrupsiyaya-qarsi-mubarize-idaresi-olkeni-felakete-aparir\/","title":{"rendered":"Abdulla Abdullayev: &#8220;Korrupsiyaya qar\u015f\u0131 m\u00fcbariz\u0259 idar\u0259si \u00f6lk\u0259ni f\u0259lak\u0259t\u0259 apar\u0131r&#8221;"},"content":{"rendered":"<figure class=\"wp-block-image size-large\">\n  <img decoding=\"async\" src=\"https:\/\/www.meydan.tv\/az\/21717\/\" alt=\"\" class=\"wp-image-21717\"\/><figcaption><\/figcaption><\/figure>\n<figure class=\"wp-block-image size-large\">\n  <img decoding=\"async\" src=\"https:\/\/www.meydan.tv\/az\/21717\/\" alt=\"\" class=\"wp-image-21717\"\/><figcaption><\/figcaption><\/figure>\n<p>\n  <i><br \/>\n    \u201cBir yolunuz qal\u0131r ki, m\u0259ni i\u00e7\u0259rid\u0259 \u00f6ld\u00fcrm\u0259kl\u0259 b\u0259lk\u0259 buna son qoya bil\u0259siniz\u201d<br \/>\n  <\/i>\n<\/p>\n<p>\n  Mart\u0131n 19-da Bak\u0131 A\u011f\u0131r Cinay\u0259tl\u0259r M\u0259hk\u0259m\u0259sind\u0259 AMAY \u015firk\u0259tinin qurucusu Abdulla Abdullayev \u00fcz\u0259rind\u0259 m\u0259hk\u0259m\u0259 prosesi davam edib.\n<\/p>\n<p>\n  A.Abdullayev ke\u00e7\u0259n d\u0259f\u0259ki m\u0259hk\u0259m\u0259 prosesind\u0259 yar\u0131m\u00e7\u0131q qalan \u00e7\u0131x\u0131\u015f\u0131n\u0131 davam etdirib. \u0130\u015f adam\u0131 s\u0259lahiyy\u0259tind\u0259n sui-istifad\u0259, pullar\u0131n leqalla\u015fd\u0131r\u0131lmas\u0131 ittihamlar\u0131na cavab olaraq ittiham t\u0259r\u0259f\u0259 bu ittihamlar\u0131 t\u0259sdiq ed\u0259n s\u00fcbutlar\u0131 t\u0259qdim etm\u0259k t\u0259klifi \u00fcnvanlay\u0131b. \u0130ndiki ittihamlar \u00fczr\u0259 4 il \u00f6nc\u0259 m\u0259hk\u0259m\u0259 prosesi ke\u00e7irildiyini, m\u0259hk\u0259m\u0259 q\u0259rar\u0131 oldu\u011funu xat\u0131rladan AMAY r\u0259hb\u0259ri t\u0259krar ittiham ir\u0259li s\u00fcr\u00fclm\u0259sini v\u0259 m\u0259hk\u0259m\u0259 porsesi qurulmas\u0131n\u0131 \u0259sass\u0131z adland\u0131r\u0131b. \u201cKorrupsiyaya qar\u015f\u0131 m\u00fcbariz\u0259 idar\u0259si bel\u0259 \u0259m\u0259ll\u0259ril\u0259 \u00f6lk\u0259ni f\u0259lak\u0259t\u0259 apar\u0131r\u201d, &#8211; dey\u0259 i\u015f adam\u0131 bu quruma m\u00fcnasib\u0259t ifad\u0259 edib.\n<\/p>\n<p>\n  \u00c7irkli pullar\u0131n leqalla\u015fd\u0131r\u0131lmas\u0131 ittiham\u0131na cavab ver\u0259n A.Abdullayev g\u00f6t\u00fcr\u00fcl\u0259n pulun da, s\u0259rf edildiyi yerin d\u0259, s\u0259n\u0259dl\u0259rin d\u0259, qoyulan girovlar\u0131n da m\u0259lum oldu\u011funu deyib. Qanunvericiliy\u0259 istinad\u0259n i\u015f adam\u0131 m\u00fcqavil\u0259 \u00f6hd\u0259likl\u0259rin\u0259 g\u00f6r\u0259 h\u00fcquqi \u015f\u0259xsl\u0259rin h\u0259bsinin qanunsuz oldu\u011funu xat\u0131rlad\u0131b. Korrupsiyaya qar\u015f\u0131 m\u00fcbariz\u0259 idar\u0259sini qanunsuzluqda g\u00fcnahland\u0131r\u0131b. \u201c82 cildd\u0259n ibar\u0259t cinay\u0259t materiallar\u0131nda ancaq ittiham var, s\u00fcbut yoxdur\u201d, &#8211; dey\u0259 ittiham v\u0259 cinay\u0259t i\u015finin \u0259sass\u0131zl\u0131\u011fn\u0131 bir daha diqq\u0259t\u0259 \u00e7atd\u0131r\u0131b.\n<\/p>\n<p>\n  A.Abdullayev Korrupsiyaya qar\u015f\u0131 M\u00fcbariz\u0259 \u0130dar\u0259sinin kredit borclar\u0131 il\u0259 ba\u011fl\u0131 \u0259mlaklar\u0131n d\u0259y\u0259rl\u0259ndirilm\u0259sind\u0259 qanunsuzlu\u011fa yol verdiyini deyib. Bel\u0259 ki, Qarada\u011fda 15 ha sah\u0259y\u0259 malik sement zavodunun 1 milyon manat d\u0259y\u0259rl\u0259ndirilm\u0259sin\u0259 etiraz edib. \u201cEl\u0259 orada sement \u00fcy\u00fcd\u0259n avadanl\u0131\u011f\u0131n d\u0259y\u0259ri 1 milyon manatdan \u00e7oxdur\u201d, &#8211; dey\u0259 A.Abdullayev bildirib.\n<\/p>\n<p>\n  AMAY-a m\u0259xsus \u201cX\u0259tai\u201d ticar\u0259t m\u0259rk\u0259zinin dam \u00f6rt\u00fcy\u00fcn\u0259 ittiham t\u0259r\u0259fin \u00f6nc\u0259 370 min manat qiym\u0259t qoydu\u011funu, sonradan is\u0259 bunu 720 min manata qald\u0131rd\u0131\u011f\u0131n\u0131 deyib. O, bu qiym\u0259t\u0259l\u0259ri olduqca a\u015fa\u011f\u0131 d\u0259y\u0259rl\u0259ndirib. M\u0259rk\u0259zin 240 min kv.metr sah\u0259sinin 40 milyon d\u0259y\u0259rl\u0259ndirildiyini dey\u0259n i\u015f adam\u0131 bu binan\u0131n tikintisi zaman\u0131 veril\u0259n maa\u015flar\u0131n 57 milyon manat oldu\u011funu n\u0259z\u0259r\u0259 \u00e7atd\u0131r\u0131b.\n<\/p>\n<p>\n  \u201cTexnikabank\u201ddan g\u00f6t\u00fcr\u00fcl\u0259n faizl\u0259rl\u0259 birg\u0259 40 milyon manat\u0131n h\u0259l\u0259 2013-c\u00fc ild\u0259 ba\u011flanmas\u0131na baxmayaraq, yen\u0259 d\u0259 bu m\u0259s\u0259l\u0259 \u00fczr\u0259 ittiham var. A.Abdullayev kreditin al\u0131nmas\u0131 \u00fc\u00e7\u00fcn frimalar yarad\u0131lmas\u0131, m\u0259bl\u0259\u011fin hiss\u0259-hiss\u0259 firmalara verilm\u0259si t\u0259klifinin m\u0259hz \u201cTexnkabank\u201ddan g\u0259ldiyini deyib. H\u0259r-hans\u0131 m\u0259nims\u0259m\u0259y\u0259, d\u0259l\u0259duzlu\u011fa yol verilm\u0259diyini s\u00f6yl\u0259yib. A.Abdullayev bunu ittiham\u0131n uydurmas\u0131 adland\u0131r\u0131b.\n<\/p>\n<p>\n  O, \u00f6lk\u0259 r\u0259hb\u0259rliyinin bu cinay\u0259t i\u015finin mahiyy\u0259tini \u0259vv\u0259l-ax\u0131r bil\u0259c\u0259yini deyib. Eyni zamanda, \u0259mlak\u0131n\u0131 m\u0259nims\u0259m\u0259k c\u0259hdl\u0259rin\u0259 g\u00f6z yummayaca\u011f\u0131n\u0131, sonuna q\u0259d\u0259r m\u00fcbariz\u0259 aparaca\u011f\u0131n\u0131 bildirib. \u201cBir yolunuz qal\u0131r ki, m\u0259ni i\u00e7\u0259rid\u0259 \u00f6ld\u00fcrm\u0259kl\u0259 b\u0259lk\u0259 buna son qoya bil\u0259siniz\u201d, &#8211; dey\u0259 A.Abdullayev m\u00f6vqeyini ortaya qoyub.\n<\/p>\n<p>\n  Daha sonra cinay\u0259t i\u015fin\u0259 c\u0259lb edil\u0259n dig\u0259r \u015f\u0259xsl\u0259r dindirilib. Bu \u015f\u0259xsl\u0259r banklardan v\u0259 sahibkarl\u0131\u011fa yard\u0131m qurumlar\u0131ndan daxil olan v\u0259saitl\u0259rin \u201cX\u0259tai\u201d ticar\u0259t m\u0259rk\u0259zind\u0259 tamamlama i\u015fl\u0259rin\u0259 c\u0259lb edildiyini deyibl\u0259r. Bu \u015f\u0259xsl\u0259r d\u0259 ir\u0259li s\u00fcr\u00fcl\u0259n ittihamlar\u0131 uydurma, \u0259sass\u0131z v\u0259 saxta adland\u0131r\u0131blar.\n<\/p>\n<p>\n  Hakim \u018f.Hac\u0131yev A.Abdullayevl\u0259 ba\u011fl\u0131 m\u0259hk\u0259m\u0259 prosesinin indiy\u0259 q\u0259d\u0259r oldu\u011fu kimi h\u0259ft\u0259d\u0259 bir d\u0259f\u0259 yox, g\u00fcn\u00fcn birinci yar\u0131s\u0131 olmaqla h\u0259ft\u0259d\u0259 4 d\u0259f\u0259 ke\u00e7irilm\u0259si haqda q\u0259rar verib.\n<\/p>\n<p>\n  A.Abdullayev 2014-c\u00fc ilin aprelind\u0259 h\u0259bs edilib. Ona qar\u015f\u0131 m\u0259nims\u0259m\u0259, \u00e7irkli pullar\u0131n yuyulmas\u0131, s\u0259lahiyy\u0259tind\u0259n sui-istifad\u0259, d\u0259l\u0259duzluq kimi ittihamlar ir\u0259li s\u00fcr\u00fcl\u00fcb. \u0130\u015f adam\u0131 b\u00fct\u00fcn ittihmalar\u0131 birm\u0259nal\u0131 olaraq r\u0259dd edir.<\/p>\n","protected":false},"excerpt":{"rendered":"<p>\u201cBir yolunuz qal\u0131r ki, m\u0259ni i\u00e7\u0259rid\u0259 \u00f6ld\u00fcrm\u0259kl\u0259 b\u0259lk\u0259 buna son qoya bil\u0259siniz\u201d<\/p>\n","protected":false},"author":11,"featured_media":21717,"comment_status":"closed","ping_status":"open","sticky":false,"template":"","format":"standard","meta":{"_acf_changed":false,"_sitemap_exclude":false,"_sitemap_priority":"","_sitemap_frequency":"","footnotes":""},"categories":[56],"tags":[],"class_list":["post-167317","post","type-post","status-publish","format-standard","has-post-thumbnail","hentry","category-xeberler","infinite-scroll-item","generate-columns","tablet-grid-50","mobile-grid-100","grid-parent","grid-33","no-featured-image-padding"],"acf":[],"yoast_head":"<!-- This site is optimized with the Yoast SEO plugin v28.4 - https:\/\/yoast.com\/product\/yoast-seo-wordpress\/ -->\n<title>Abdulla Abdullayev: &quot;Korrupsiyaya qar\u015f\u0131 m\u00fcbariz\u0259 idar\u0259si \u00f6lk\u0259ni f\u0259lak\u0259t\u0259 apar\u0131r&quot; - MEYDAN.TV<\/title>\n<meta name=\"robots\" content=\"index, follow, max-snippet:-1, max-image-preview:large, max-video-preview:-1\" \/>\n<link rel=\"canonical\" href=\"https:\/\/www.meydan.tv\/az\/article\/abdulla-abdullayev-korrupsiyaya-qarsi-mubarize-idaresi-olkeni-felakete-aparir\/\" \/>\n<meta property=\"og:locale\" content=\"az_AZ\" \/>\n<meta property=\"og:type\" content=\"article\" \/>\n<meta property=\"og:title\" content=\"Abdulla Abdullayev: &quot;Korrupsiyaya qar\u015f\u0131 m\u00fcbariz\u0259 idar\u0259si \u00f6lk\u0259ni f\u0259lak\u0259t\u0259 apar\u0131r&quot; - MEYDAN.TV\" \/>\n<meta property=\"og:description\" content=\"\u201cBir yolunuz qal\u0131r ki, m\u0259ni i\u00e7\u0259rid\u0259 \u00f6ld\u00fcrm\u0259kl\u0259 b\u0259lk\u0259 buna son qoya bil\u0259siniz\u201d\" \/>\n<meta property=\"og:url\" content=\"https:\/\/www.meydan.tv\/az\/article\/abdulla-abdullayev-korrupsiyaya-qarsi-mubarize-idaresi-olkeni-felakete-aparir\/\" \/>\n<meta property=\"og:site_name\" content=\"MEYDAN.TV\" \/>\n<meta property=\"article:published_time\" content=\"2015-03-19T19:38:47+00:00\" \/>\n<meta property=\"og:image\" content=\"https:\/\/www.meydan.tv\/wp-content\/uploads\/7857.jpg\" \/>\n\t<meta property=\"og:image:width\" content=\"440\" \/>\n\t<meta property=\"og:image:height\" content=\"330\" \/>\n\t<meta property=\"og:image:type\" content=\"image\/jpeg\" \/>\n<meta name=\"twitter:card\" content=\"summary_large_image\" \/>\n<!-- \/ Yoast SEO plugin. -->","yoast_head_json":{"title":"Abdulla Abdullayev: \"Korrupsiyaya qar\u015f\u0131 m\u00fcbariz\u0259 idar\u0259si \u00f6lk\u0259ni f\u0259lak\u0259t\u0259 apar\u0131r\" - MEYDAN.TV","robots":{"index":"index","follow":"follow","max-snippet":"max-snippet:-1","max-image-preview":"max-image-preview:large","max-video-preview":"max-video-preview:-1"},"canonical":"https:\/\/www.meydan.tv\/az\/article\/abdulla-abdullayev-korrupsiyaya-qarsi-mubarize-idaresi-olkeni-felakete-aparir\/","og_locale":"az_AZ","og_type":"article","og_title":"Abdulla Abdullayev: \"Korrupsiyaya qar\u015f\u0131 m\u00fcbariz\u0259 idar\u0259si \u00f6lk\u0259ni f\u0259lak\u0259t\u0259 apar\u0131r\" - MEYDAN.TV","og_description":"\u201cBir yolunuz qal\u0131r ki, m\u0259ni i\u00e7\u0259rid\u0259 \u00f6ld\u00fcrm\u0259kl\u0259 b\u0259lk\u0259 buna son qoya bil\u0259siniz\u201d","og_url":"https:\/\/www.meydan.tv\/az\/article\/abdulla-abdullayev-korrupsiyaya-qarsi-mubarize-idaresi-olkeni-felakete-aparir\/","og_site_name":"MEYDAN.TV","article_published_time":"2015-03-19T19:38:47+00:00","og_image":[{"width":440,"height":330,"url":"https:\/\/www.meydan.tv\/wp-content\/uploads\/7857.jpg","type":"image\/jpeg"}],"twitter_card":"summary_large_image","schema":{"@context":"https:\/\/schema.org","@graph":[{"@type":"Article","@id":"https:\/\/www.meydan.tv\/az\/article\/abdulla-abdullayev-korrupsiyaya-qarsi-mubarize-idaresi-olkeni-felakete-aparir\/#article","isPartOf":{"@id":"https:\/\/www.meydan.tv\/az\/article\/abdulla-abdullayev-korrupsiyaya-qarsi-mubarize-idaresi-olkeni-felakete-aparir\/"},"author":{"name":"user-manager","@id":"https:\/\/www.meydan.tv\/az\/#\/schema\/person\/10d11eccf6da3662cf5fdab9806ea91a"},"headline":"Abdulla Abdullayev: &#8220;Korrupsiyaya qar\u015f\u0131 m\u00fcbariz\u0259 idar\u0259si \u00f6lk\u0259ni f\u0259lak\u0259t\u0259 apar\u0131r&#8221;","datePublished":"2015-03-19T19:38:47+00:00","mainEntityOfPage":{"@id":"https:\/\/www.meydan.tv\/az\/article\/abdulla-abdullayev-korrupsiyaya-qarsi-mubarize-idaresi-olkeni-felakete-aparir\/"},"wordCount":748,"publisher":{"@id":"https:\/\/www.meydan.tv\/az\/#organization"},"image":{"@id":"https:\/\/www.meydan.tv\/az\/article\/abdulla-abdullayev-korrupsiyaya-qarsi-mubarize-idaresi-olkeni-felakete-aparir\/#primaryimage"},"thumbnailUrl":"https:\/\/www.meydan.tv\/wp-content\/uploads\/7857.jpg","articleSection":["X\u0259b\u0259rl\u0259r"],"inLanguage":"az"},{"@type":"WebPage","@id":"https:\/\/www.meydan.tv\/az\/article\/abdulla-abdullayev-korrupsiyaya-qarsi-mubarize-idaresi-olkeni-felakete-aparir\/","url":"https:\/\/www.meydan.tv\/az\/article\/abdulla-abdullayev-korrupsiyaya-qarsi-mubarize-idaresi-olkeni-felakete-aparir\/","name":"Abdulla Abdullayev: \"Korrupsiyaya qar\u015f\u0131 m\u00fcbariz\u0259 idar\u0259si \u00f6lk\u0259ni f\u0259lak\u0259t\u0259 apar\u0131r\" - MEYDAN.TV","isPartOf":{"@id":"https:\/\/www.meydan.tv\/az\/#website"},"primaryImageOfPage":{"@id":"https:\/\/www.meydan.tv\/az\/article\/abdulla-abdullayev-korrupsiyaya-qarsi-mubarize-idaresi-olkeni-felakete-aparir\/#primaryimage"},"image":{"@id":"https:\/\/www.meydan.tv\/az\/article\/abdulla-abdullayev-korrupsiyaya-qarsi-mubarize-idaresi-olkeni-felakete-aparir\/#primaryimage"},"thumbnailUrl":"https:\/\/www.meydan.tv\/wp-content\/uploads\/7857.jpg","datePublished":"2015-03-19T19:38:47+00:00","breadcrumb":{"@id":"https:\/\/www.meydan.tv\/az\/article\/abdulla-abdullayev-korrupsiyaya-qarsi-mubarize-idaresi-olkeni-felakete-aparir\/#breadcrumb"},"inLanguage":"az","potentialAction":[{"@type":"ReadAction","target":["https:\/\/www.meydan.tv\/az\/article\/abdulla-abdullayev-korrupsiyaya-qarsi-mubarize-idaresi-olkeni-felakete-aparir\/"]}]},{"@type":"ImageObject","inLanguage":"az","@id":"https:\/\/www.meydan.tv\/az\/article\/abdulla-abdullayev-korrupsiyaya-qarsi-mubarize-idaresi-olkeni-felakete-aparir\/#primaryimage","url":"https:\/\/www.meydan.tv\/wp-content\/uploads\/7857.jpg","contentUrl":"https:\/\/www.meydan.tv\/wp-content\/uploads\/7857.jpg","width":440,"height":330,"caption":"Source:"},{"@type":"BreadcrumbList","@id":"https:\/\/www.meydan.tv\/az\/article\/abdulla-abdullayev-korrupsiyaya-qarsi-mubarize-idaresi-olkeni-felakete-aparir\/#breadcrumb","itemListElement":[{"@type":"ListItem","position":1,"name":"Ana s\u0259hif\u0259","item":"https:\/\/www.meydan.tv\/az\/"},{"@type":"ListItem","position":2,"name":"X\u0259b\u0259rl\u0259r","item":"https:\/\/www.meydan.tv\/az\/section\/xeberler\/"},{"@type":"ListItem","position":3,"name":"Abdulla Abdullayev: &#8220;Korrupsiyaya qar\u015f\u0131 m\u00fcbariz\u0259 idar\u0259si \u00f6lk\u0259ni f\u0259lak\u0259t\u0259 apar\u0131r&#8221;"}]},{"@type":"WebSite","@id":"https:\/\/www.meydan.tv\/az\/#website","url":"https:\/\/www.meydan.tv\/az\/","name":"MEYDAN.TV","description":"Meydan TV Az\u0259rbaycan\u0131n media m\u0259kan\u0131ndak\u0131 alternativ s\u0259sidir","publisher":{"@id":"https:\/\/www.meydan.tv\/az\/#organization"},"potentialAction":[{"@type":"SearchAction","target":{"@type":"EntryPoint","urlTemplate":"https:\/\/www.meydan.tv\/az\/?s={search_term_string}"},"query-input":{"@type":"PropertyValueSpecification","valueRequired":true,"valueName":"search_term_string"}}],"inLanguage":"az"},{"@type":"Organization","@id":"https:\/\/www.meydan.tv\/az\/#organization","name":"Meydan TV","url":"https:\/\/www.meydan.tv\/az\/","logo":{"@type":"ImageObject","inLanguage":"az","@id":"https:\/\/www.meydan.tv\/az\/#\/schema\/logo\/image\/","url":"https:\/\/www.meydan.tv\/wp-content\/uploads\/2021\/07\/meydan-logo.svg","contentUrl":"https:\/\/www.meydan.tv\/wp-content\/uploads\/2021\/07\/meydan-logo.svg","width":195,"height":46,"caption":"Meydan TV"},"image":{"@id":"https:\/\/www.meydan.tv\/az\/#\/schema\/logo\/image\/"}},{"@type":"Person","@id":"https:\/\/www.meydan.tv\/az\/#\/schema\/person\/10d11eccf6da3662cf5fdab9806ea91a","name":"user-manager"}]}},"_links":{"self":[{"href":"https:\/\/www.meydan.tv\/az\/wp-json\/wp\/v2\/posts\/167317","targetHints":{"allow":["GET"]}}],"collection":[{"href":"https:\/\/www.meydan.tv\/az\/wp-json\/wp\/v2\/posts"}],"about":[{"href":"https:\/\/www.meydan.tv\/az\/wp-json\/wp\/v2\/types\/post"}],"author":[{"embeddable":true,"href":"https:\/\/www.meydan.tv\/az\/wp-json\/wp\/v2\/users\/11"}],"replies":[{"embeddable":true,"href":"https:\/\/www.meydan.tv\/az\/wp-json\/wp\/v2\/comments?post=167317"}],"version-history":[{"count":0,"href":"https:\/\/www.meydan.tv\/az\/wp-json\/wp\/v2\/posts\/167317\/revisions"}],"wp:featuredmedia":[{"embeddable":true,"href":"https:\/\/www.meydan.tv\/az\/wp-json\/wp\/v2\/media\/21717"}],"wp:attachment":[{"href":"https:\/\/www.meydan.tv\/az\/wp-json\/wp\/v2\/media?parent=167317"}],"wp:term":[{"taxonomy":"category","embeddable":true,"href":"https:\/\/www.meydan.tv\/az\/wp-json\/wp\/v2\/categories?post=167317"},{"taxonomy":"post_tag","embeddable":true,"href":"https:\/\/www.meydan.tv\/az\/wp-json\/wp\/v2\/tags?post=167317"}],"curies":[{"name":"wp","href":"https:\/\/api.w.org\/{rel}","templated":true}]}}