{"id":167313,"date":"2015-03-19T17:23:53","date_gmt":"2015-03-19T17:23:53","guid":{"rendered":"https:\/\/www.meydan.tv\/article\/ataliq-mezuniyyeti-odenisli-ola-biler\/"},"modified":"2015-03-19T17:23:53","modified_gmt":"2015-03-19T17:23:53","slug":"ataliq-mezuniyyeti-odenisli-ola-biler","status":"publish","type":"post","link":"https:\/\/www.meydan.tv\/az\/article\/ataliq-mezuniyyeti-odenisli-ola-biler\/","title":{"rendered":"Atal\u0131q m\u0259zuniyy\u0259ti \u00f6d\u0259ni\u015fli ola bil\u0259r"},"content":{"rendered":"<figure class=\"wp-block-image size-large\">\n  <img decoding=\"async\" src=\"https:\/\/www.meydan.tv\/az\/21714\/\" alt=\"\" class=\"wp-image-21714\"\/><figcaption><\/figcaption><\/figure>\n<figure class=\"wp-block-image size-large\">\n  <img decoding=\"async\" src=\"https:\/\/www.meydan.tv\/az\/21714\/\" alt=\"\" class=\"wp-image-21714\"\/><figcaption><\/figcaption><\/figure>\n<p>\n  H\u0259yat yolda\u015flar\u0131 do\u011fu\u015fla \u0259laq\u0259dar m\u0259zuniyy\u0259td\u0259 olan ki\u015fil\u0259r\u0259 2 h\u0259ft\u0259 m\u0259zuniyy\u0259t\u0259 \u00e7\u0131xa bil\u0259r\n<\/p>\n<p>\n  Az\u0259rbaycanda atal\u0131q m\u0259zuniyy\u0259tinin \u00f6d\u0259ni\u015fli olmas\u0131, eyni zamanda, anal\u0131q m\u0259zuniyy\u0259tini yar\u0131m\u00e7\u0131q k\u0259s\u0259r\u0259k i\u015f\u0259 qay\u0131dan qad\u0131nlara 3 ya\u015f\u0131na \u00e7atmam\u0131\u015f u\u015faqlara qullu\u011fa g\u00f6r\u0259 m\u00fcavin\u0259tin \u00f6d\u0259ni\u015finin davam etdirilm\u0259si t\u0259klif edilir.\n<\/p>\n<p>\n  Ail\u0259, Qad\u0131n v\u0259 U\u015faq Probleml\u0259ri \u00fczr\u0259 D\u00f6vl\u0259t Komit\u0259sinin s\u0259dr m\u00fcavini S\u0259daq\u0259t Q\u0259hr\u0259manova Trend-\u0259 bildirib ki, Az\u0259rbaycan mentalitetind\u0259 u\u015fa\u011fa qulluq etm\u0259y\u0259 g\u00f6r\u0259 \u0259sas y\u00fck konkret olaraq qad\u0131n\u0131n \u00fcz\u0259rin\u0259 d\u00fc\u015f\u00fcr: \u201c\u00d6lk\u0259mizd\u0259 bu sah\u0259d\u0259 kifay\u0259t q\u0259d\u0259r h\u00fcquqi baza var. \u201cGender b\u0259rab\u0259rliyinin t\u0259minatlar\u0131 haqq\u0131nda\u201d qanunda gender b\u0259rab\u0259rliyinin b\u00fct\u00fcn sah\u0259l\u0259rd\u0259 t\u0259min olunmas\u0131 n\u0259z\u0259rd\u0259 tutulur. Beyn\u0259lxalq \u018fm\u0259k T\u0259\u015fkilat\u0131n\u0131n ail\u0259 \u00f6hd\u0259liyi olan i\u015f\u00e7il\u0259rin t\u0259minatlar\u0131 il\u0259 ba\u011fl\u0131 Konvensiyas\u0131 da m\u00f6vcuddur\u201d.\n<\/p>\n<p>\n  S.Q\u0259hr\u0259manova bildirib ki, \u018fm\u0259k M\u0259c\u0259ll\u0259sin\u0259 \u0259sas\u0259n, h\u0259yat yolda\u015flar\u0131 do\u011fu\u015fla \u0259laq\u0259dar m\u0259zuniyy\u0259td\u0259 olan ki\u015fil\u0259r\u0259 2 h\u0259ft\u0259 (atal\u0131q m\u0259zuniyy\u0259ti), ail\u0259d\u0259 h\u0259r hans\u0131 problem olarsa v\u0259 ya x\u00fcsusi bax\u0131ma ehtiyac\u0131 olan ba\u015fqa x\u0259st\u0259 varsa, h\u0259m ki\u015fi, h\u0259m d\u0259 qad\u0131n 7 g\u00fcn \u00f6d\u0259ni\u015fsiz m\u0259zuniyy\u0259t\u0259 \u00e7\u0131xa bil\u0259r.\n<\/p>\n<p>\n  Komit\u0259 r\u0259smisinin s\u00f6zl\u0259rin\u0259 g\u00f6r\u0259, b\u0259z\u0259n ail\u0259 iqtisadi c\u0259h\u0259td\u0259n \u00e7\u0259tinlik \u00e7\u0259k\u0259nd\u0259 qad\u0131n anal\u0131q m\u0259zuniyy\u0259tini yar\u0131m\u00e7\u0131q k\u0259s\u0259r\u0259k yenid\u0259n i\u015f\u0259 qay\u0131d\u0131r.\n<\/p>\n<p>\n  S.Q\u0259hr\u0259manova hesab edir ki, ki\u015fil\u0259r\u0259 qad\u0131na k\u00f6m\u0259k m\u0259qs\u0259dil\u0259 veril\u0259n m\u0259zuniyy\u0259t \u00f6d\u0259ni\u015fli olarsa v\u0259 i\u015f\u0259 qay\u0131dan qad\u0131nlara da 3 ya\u015f\u0131na \u00e7atmam\u0131\u015f u\u015faqlara qullu\u011fa g\u00f6r\u0259 \u00f6d\u0259ni\u015fin verilm\u0259si davam ed\u0259rs\u0259, yax\u015f\u0131 olar.\n<\/p>\n<p>\n  \u201cAz\u0259rbaycan Respublikas\u0131nda \u0259hali sakinliyi v\u0259 demoqrafik inki\u015faf sah\u0259sind\u0259 D\u00f6vl\u0259t Proqram\u0131\u201d (2014-2025-ci ill\u0259r) layih\u0259sind\u0259 d\u0259 3 ya\u015f\u0131na \u00e7atmam\u0131\u015f u\u015fa\u011fa qullu\u011fa g\u00f6r\u0259 \u0259m\u0259k v\u0259 m\u0259\u015f\u011fulluq sah\u0259sind\u0259 m\u00f6vcud imtiyazlar\u0131n v\u0259 g\u00fcz\u0259\u015ftl\u0259rin t\u0259tbiqind\u0259 gender b\u0259rab\u0259rliyinin t\u0259min edilm\u0259si n\u0259z\u0259r\u0259 tutulur.<\/p>\n","protected":false},"excerpt":{"rendered":"<p>H\u0259yat yolda\u015flar\u0131 do\u011fu\u015fla \u0259laq\u0259dar m\u0259zuniyy\u0259td\u0259 olan ki\u015fil\u0259r\u0259 2 h\u0259ft\u0259 m\u0259zuniyy\u0259t\u0259 \u00e7\u0131xa bil\u0259r<\/p>\n","protected":false},"author":11,"featured_media":21714,"comment_status":"closed","ping_status":"open","sticky":false,"template":"","format":"standard","meta":{"_acf_changed":false,"_sitemap_exclude":false,"_sitemap_priority":"","_sitemap_frequency":"","footnotes":""},"categories":[56],"tags":[],"class_list":["post-167313","post","type-post","status-publish","format-standard","has-post-thumbnail","hentry","category-xeberler","infinite-scroll-item","generate-columns","tablet-grid-50","mobile-grid-100","grid-parent","grid-33","no-featured-image-padding"],"acf":[],"yoast_head":"<!-- This site is optimized with the Yoast SEO plugin v28.4 - https:\/\/yoast.com\/product\/yoast-seo-wordpress\/ -->\n<title>Atal\u0131q m\u0259zuniyy\u0259ti \u00f6d\u0259ni\u015fli ola bil\u0259r - MEYDAN.TV<\/title>\n<meta name=\"robots\" content=\"index, follow, max-snippet:-1, max-image-preview:large, max-video-preview:-1\" \/>\n<link rel=\"canonical\" href=\"https:\/\/www.meydan.tv\/az\/article\/ataliq-mezuniyyeti-odenisli-ola-biler\/\" \/>\n<meta property=\"og:locale\" content=\"az_AZ\" \/>\n<meta property=\"og:type\" content=\"article\" \/>\n<meta property=\"og:title\" content=\"Atal\u0131q m\u0259zuniyy\u0259ti \u00f6d\u0259ni\u015fli ola bil\u0259r - MEYDAN.TV\" \/>\n<meta property=\"og:description\" content=\"H\u0259yat yolda\u015flar\u0131 do\u011fu\u015fla \u0259laq\u0259dar m\u0259zuniyy\u0259td\u0259 olan ki\u015fil\u0259r\u0259 2 h\u0259ft\u0259 m\u0259zuniyy\u0259t\u0259 \u00e7\u0131xa bil\u0259r\" \/>\n<meta property=\"og:url\" content=\"https:\/\/www.meydan.tv\/az\/article\/ataliq-mezuniyyeti-odenisli-ola-biler\/\" \/>\n<meta property=\"og:site_name\" content=\"MEYDAN.TV\" \/>\n<meta property=\"article:published_time\" content=\"2015-03-19T17:23:53+00:00\" \/>\n<meta property=\"og:image\" content=\"https:\/\/www.meydan.tv\/wp-content\/uploads\/7849.jpg\" \/>\n\t<meta property=\"og:image:width\" content=\"1200\" \/>\n\t<meta property=\"og:image:height\" content=\"900\" \/>\n\t<meta property=\"og:image:type\" content=\"image\/jpeg\" \/>\n<meta name=\"twitter:card\" content=\"summary_large_image\" \/>\n<!-- \/ Yoast SEO plugin. -->","yoast_head_json":{"title":"Atal\u0131q m\u0259zuniyy\u0259ti \u00f6d\u0259ni\u015fli ola bil\u0259r - MEYDAN.TV","robots":{"index":"index","follow":"follow","max-snippet":"max-snippet:-1","max-image-preview":"max-image-preview:large","max-video-preview":"max-video-preview:-1"},"canonical":"https:\/\/www.meydan.tv\/az\/article\/ataliq-mezuniyyeti-odenisli-ola-biler\/","og_locale":"az_AZ","og_type":"article","og_title":"Atal\u0131q m\u0259zuniyy\u0259ti \u00f6d\u0259ni\u015fli ola bil\u0259r - MEYDAN.TV","og_description":"H\u0259yat yolda\u015flar\u0131 do\u011fu\u015fla \u0259laq\u0259dar m\u0259zuniyy\u0259td\u0259 olan ki\u015fil\u0259r\u0259 2 h\u0259ft\u0259 m\u0259zuniyy\u0259t\u0259 \u00e7\u0131xa bil\u0259r","og_url":"https:\/\/www.meydan.tv\/az\/article\/ataliq-mezuniyyeti-odenisli-ola-biler\/","og_site_name":"MEYDAN.TV","article_published_time":"2015-03-19T17:23:53+00:00","og_image":[{"width":1200,"height":900,"url":"https:\/\/www.meydan.tv\/wp-content\/uploads\/7849.jpg","type":"image\/jpeg"}],"twitter_card":"summary_large_image","schema":{"@context":"https:\/\/schema.org","@graph":[{"@type":"Article","@id":"https:\/\/www.meydan.tv\/az\/article\/ataliq-mezuniyyeti-odenisli-ola-biler\/#article","isPartOf":{"@id":"https:\/\/www.meydan.tv\/az\/article\/ataliq-mezuniyyeti-odenisli-ola-biler\/"},"author":{"name":"user-manager","@id":"https:\/\/www.meydan.tv\/az\/#\/schema\/person\/10d11eccf6da3662cf5fdab9806ea91a"},"headline":"Atal\u0131q m\u0259zuniyy\u0259ti \u00f6d\u0259ni\u015fli ola bil\u0259r","datePublished":"2015-03-19T17:23:53+00:00","mainEntityOfPage":{"@id":"https:\/\/www.meydan.tv\/az\/article\/ataliq-mezuniyyeti-odenisli-ola-biler\/"},"wordCount":433,"publisher":{"@id":"https:\/\/www.meydan.tv\/az\/#organization"},"image":{"@id":"https:\/\/www.meydan.tv\/az\/article\/ataliq-mezuniyyeti-odenisli-ola-biler\/#primaryimage"},"thumbnailUrl":"https:\/\/www.meydan.tv\/wp-content\/uploads\/7849.jpg","articleSection":["X\u0259b\u0259rl\u0259r"],"inLanguage":"az"},{"@type":"WebPage","@id":"https:\/\/www.meydan.tv\/az\/article\/ataliq-mezuniyyeti-odenisli-ola-biler\/","url":"https:\/\/www.meydan.tv\/az\/article\/ataliq-mezuniyyeti-odenisli-ola-biler\/","name":"Atal\u0131q m\u0259zuniyy\u0259ti \u00f6d\u0259ni\u015fli ola bil\u0259r - MEYDAN.TV","isPartOf":{"@id":"https:\/\/www.meydan.tv\/az\/#website"},"primaryImageOfPage":{"@id":"https:\/\/www.meydan.tv\/az\/article\/ataliq-mezuniyyeti-odenisli-ola-biler\/#primaryimage"},"image":{"@id":"https:\/\/www.meydan.tv\/az\/article\/ataliq-mezuniyyeti-odenisli-ola-biler\/#primaryimage"},"thumbnailUrl":"https:\/\/www.meydan.tv\/wp-content\/uploads\/7849.jpg","datePublished":"2015-03-19T17:23:53+00:00","breadcrumb":{"@id":"https:\/\/www.meydan.tv\/az\/article\/ataliq-mezuniyyeti-odenisli-ola-biler\/#breadcrumb"},"inLanguage":"az","potentialAction":[{"@type":"ReadAction","target":["https:\/\/www.meydan.tv\/az\/article\/ataliq-mezuniyyeti-odenisli-ola-biler\/"]}]},{"@type":"ImageObject","inLanguage":"az","@id":"https:\/\/www.meydan.tv\/az\/article\/ataliq-mezuniyyeti-odenisli-ola-biler\/#primaryimage","url":"https:\/\/www.meydan.tv\/wp-content\/uploads\/7849.jpg","contentUrl":"https:\/\/www.meydan.tv\/wp-content\/uploads\/7849.jpg","width":1200,"height":900,"caption":"Source:"},{"@type":"BreadcrumbList","@id":"https:\/\/www.meydan.tv\/az\/article\/ataliq-mezuniyyeti-odenisli-ola-biler\/#breadcrumb","itemListElement":[{"@type":"ListItem","position":1,"name":"Ana s\u0259hif\u0259","item":"https:\/\/www.meydan.tv\/az\/"},{"@type":"ListItem","position":2,"name":"X\u0259b\u0259rl\u0259r","item":"https:\/\/www.meydan.tv\/az\/section\/xeberler\/"},{"@type":"ListItem","position":3,"name":"Atal\u0131q m\u0259zuniyy\u0259ti \u00f6d\u0259ni\u015fli ola bil\u0259r"}]},{"@type":"WebSite","@id":"https:\/\/www.meydan.tv\/az\/#website","url":"https:\/\/www.meydan.tv\/az\/","name":"MEYDAN.TV","description":"Meydan TV Az\u0259rbaycan\u0131n media m\u0259kan\u0131ndak\u0131 alternativ s\u0259sidir","publisher":{"@id":"https:\/\/www.meydan.tv\/az\/#organization"},"potentialAction":[{"@type":"SearchAction","target":{"@type":"EntryPoint","urlTemplate":"https:\/\/www.meydan.tv\/az\/?s={search_term_string}"},"query-input":{"@type":"PropertyValueSpecification","valueRequired":true,"valueName":"search_term_string"}}],"inLanguage":"az"},{"@type":"Organization","@id":"https:\/\/www.meydan.tv\/az\/#organization","name":"Meydan TV","url":"https:\/\/www.meydan.tv\/az\/","logo":{"@type":"ImageObject","inLanguage":"az","@id":"https:\/\/www.meydan.tv\/az\/#\/schema\/logo\/image\/","url":"https:\/\/www.meydan.tv\/wp-content\/uploads\/2021\/07\/meydan-logo.svg","contentUrl":"https:\/\/www.meydan.tv\/wp-content\/uploads\/2021\/07\/meydan-logo.svg","width":195,"height":46,"caption":"Meydan TV"},"image":{"@id":"https:\/\/www.meydan.tv\/az\/#\/schema\/logo\/image\/"}},{"@type":"Person","@id":"https:\/\/www.meydan.tv\/az\/#\/schema\/person\/10d11eccf6da3662cf5fdab9806ea91a","name":"user-manager"}]}},"_links":{"self":[{"href":"https:\/\/www.meydan.tv\/az\/wp-json\/wp\/v2\/posts\/167313","targetHints":{"allow":["GET"]}}],"collection":[{"href":"https:\/\/www.meydan.tv\/az\/wp-json\/wp\/v2\/posts"}],"about":[{"href":"https:\/\/www.meydan.tv\/az\/wp-json\/wp\/v2\/types\/post"}],"author":[{"embeddable":true,"href":"https:\/\/www.meydan.tv\/az\/wp-json\/wp\/v2\/users\/11"}],"replies":[{"embeddable":true,"href":"https:\/\/www.meydan.tv\/az\/wp-json\/wp\/v2\/comments?post=167313"}],"version-history":[{"count":0,"href":"https:\/\/www.meydan.tv\/az\/wp-json\/wp\/v2\/posts\/167313\/revisions"}],"wp:featuredmedia":[{"embeddable":true,"href":"https:\/\/www.meydan.tv\/az\/wp-json\/wp\/v2\/media\/21714"}],"wp:attachment":[{"href":"https:\/\/www.meydan.tv\/az\/wp-json\/wp\/v2\/media?parent=167313"}],"wp:term":[{"taxonomy":"category","embeddable":true,"href":"https:\/\/www.meydan.tv\/az\/wp-json\/wp\/v2\/categories?post=167313"},{"taxonomy":"post_tag","embeddable":true,"href":"https:\/\/www.meydan.tv\/az\/wp-json\/wp\/v2\/tags?post=167313"}],"curies":[{"name":"wp","href":"https:\/\/api.w.org\/{rel}","templated":true}]}}