{"id":167309,"date":"2015-03-19T13:50:52","date_gmt":"2015-03-19T13:50:52","guid":{"rendered":"https:\/\/www.meydan.tv\/article\/atv-nin-vitse-prezidenti-meqsed-nurun-heyat-yoldasi-intihar-etdi\/"},"modified":"2015-03-19T13:50:52","modified_gmt":"2015-03-19T13:50:52","slug":"atv-nin-vitse-prezidenti-meqsed-nurun-heyat-yoldasi-intihar-etdi","status":"publish","type":"post","link":"https:\/\/www.meydan.tv\/az\/article\/atv-nin-vitse-prezidenti-meqsed-nurun-heyat-yoldasi-intihar-etdi\/","title":{"rendered":"ATV-nin vitse-prezidenti M\u0259qs\u0259d Nurun h\u0259yat yolda\u015f\u0131 intihar etdi"},"content":{"rendered":"<figure class=\"wp-block-image size-large\">\n  <img decoding=\"async\" src=\"https:\/\/www.meydan.tv\/az\/21699\/\" alt=\"\" class=\"wp-image-21699\"\/><figcaption><\/figcaption><\/figure>\n<figure class=\"wp-block-image size-large\">\n  <img decoding=\"async\" src=\"https:\/\/www.meydan.tv\/az\/21699\/\" alt=\"\" class=\"wp-image-21699\"\/><figcaption><\/figcaption><\/figure>\n<p>\n  <i><br \/>\n    Faktla ba\u011fl\u0131 Cinay\u0259t M\u0259c\u0259ll\u0259sinin 125-ci (\u00f6z\u00fcn\u00fc \u00f6ld\u00fcrm\u0259 h\u0259ddin\u0259 \u00e7atd\u0131rma) madd\u0259si il\u0259 cinay\u0259t i\u015fi ba\u015flan\u0131b<br \/>\n  <\/i>\n<\/p>\n<p>\n  X\u0259z\u0259r Rayon Prokurorlu\u011fundan<br \/>\n  <a href=\"https:\/\/apa.az\"><br \/>\n    APA<br \/>\n  <\/a><br \/>\n  -ya veril\u0259n m\u0259lumata g\u00f6r\u0259, hadis\u0259 M\u0259rd\u0259kan q\u0259s\u0259b\u0259sind\u0259 qeyd\u0259 al\u0131n\u0131b. Q\u0259s\u0259b\u0259 sakini, 1972-ci il t\u0259v\u0259ll\u00fcdl\u00fc K\u0259rimova Mehpar\u0259 M\u0259mm\u0259da\u011fa q\u0131z\u0131 ya\u015fad\u0131\u011f\u0131 evd\u0259 k\u0259sici al\u0259tl\u0259 \u00f6z\u00fcn\u0259 x\u0259sar\u0259t yetirib. N\u0259tic\u0259d\u0259 o ald\u0131\u011f\u0131 x\u0259sar\u0259td\u0259n d\u00fcnyas\u0131n\u0131 d\u0259yi\u015fib.\n<\/p>\n<p>\n  \u0130ntihar\u0131n s\u0259b\u0259bl\u0259ri h\u0259l\u0259lik m\u0259lum deyil.\n<\/p>\n<p>\n  Faktla ba\u011fl\u0131 Cinay\u0259t M\u0259c\u0259ll\u0259sinin 125-ci (\u00f6z\u00fcn\u00fc \u00f6ld\u00fcrm\u0259 h\u0259ddin\u0259 \u00e7atd\u0131rma) madd\u0259si il\u0259 cinay\u0259t i\u015fi ba\u015flan\u0131b, istintaq gedir.\n<\/p>\n<p>\n  \u0130ntihar ed\u0259n qad\u0131n ATV-nin vitse-prezidenti\u00a0M\u0259qs\u0259d Nurun h\u0259yat yolda\u015f\u0131d\u0131r.<\/p>\n","protected":false},"excerpt":{"rendered":"<p>Faktla ba\u011fl\u0131 Cinay\u0259t M\u0259c\u0259ll\u0259sinin 125-ci (\u00f6z\u00fcn\u00fc \u00f6ld\u00fcrm\u0259 h\u0259ddin\u0259 \u00e7atd\u0131rma) madd\u0259si il\u0259 cinay\u0259t i\u015fi ba\u015flan\u0131b<\/p>\n","protected":false},"author":11,"featured_media":21699,"comment_status":"closed","ping_status":"open","sticky":false,"template":"","format":"standard","meta":{"_acf_changed":false,"_sitemap_exclude":false,"_sitemap_priority":"","_sitemap_frequency":"","footnotes":""},"categories":[56],"tags":[],"class_list":["post-167309","post","type-post","status-publish","format-standard","has-post-thumbnail","hentry","category-xeberler","infinite-scroll-item","generate-columns","tablet-grid-50","mobile-grid-100","grid-parent","grid-33","no-featured-image-padding"],"acf":[],"yoast_head":"<!-- This site is optimized with the Yoast SEO plugin v28.4 - https:\/\/yoast.com\/product\/yoast-seo-wordpress\/ -->\n<title>ATV-nin vitse-prezidenti M\u0259qs\u0259d Nurun h\u0259yat yolda\u015f\u0131 intihar etdi - MEYDAN.TV<\/title>\n<meta name=\"robots\" content=\"index, follow, max-snippet:-1, max-image-preview:large, max-video-preview:-1\" \/>\n<link rel=\"canonical\" href=\"https:\/\/www.meydan.tv\/az\/article\/atv-nin-vitse-prezidenti-meqsed-nurun-heyat-yoldasi-intihar-etdi\/\" \/>\n<meta property=\"og:locale\" content=\"az_AZ\" \/>\n<meta property=\"og:type\" content=\"article\" \/>\n<meta property=\"og:title\" content=\"ATV-nin vitse-prezidenti M\u0259qs\u0259d Nurun h\u0259yat yolda\u015f\u0131 intihar etdi - MEYDAN.TV\" \/>\n<meta property=\"og:description\" content=\"Faktla ba\u011fl\u0131 Cinay\u0259t M\u0259c\u0259ll\u0259sinin 125-ci (\u00f6z\u00fcn\u00fc \u00f6ld\u00fcrm\u0259 h\u0259ddin\u0259 \u00e7atd\u0131rma) madd\u0259si il\u0259 cinay\u0259t i\u015fi ba\u015flan\u0131b\" \/>\n<meta property=\"og:url\" content=\"https:\/\/www.meydan.tv\/az\/article\/atv-nin-vitse-prezidenti-meqsed-nurun-heyat-yoldasi-intihar-etdi\/\" \/>\n<meta property=\"og:site_name\" content=\"MEYDAN.TV\" \/>\n<meta property=\"article:published_time\" content=\"2015-03-19T13:50:52+00:00\" \/>\n<meta property=\"og:image\" content=\"https:\/\/www.meydan.tv\/wp-content\/uploads\/7845.jpg\" \/>\n\t<meta property=\"og:image:width\" content=\"100\" \/>\n\t<meta property=\"og:image:height\" content=\"158\" \/>\n\t<meta property=\"og:image:type\" content=\"image\/jpeg\" \/>\n<meta name=\"twitter:card\" content=\"summary_large_image\" \/>\n<!-- \/ Yoast SEO plugin. -->","yoast_head_json":{"title":"ATV-nin vitse-prezidenti M\u0259qs\u0259d Nurun h\u0259yat yolda\u015f\u0131 intihar etdi - MEYDAN.TV","robots":{"index":"index","follow":"follow","max-snippet":"max-snippet:-1","max-image-preview":"max-image-preview:large","max-video-preview":"max-video-preview:-1"},"canonical":"https:\/\/www.meydan.tv\/az\/article\/atv-nin-vitse-prezidenti-meqsed-nurun-heyat-yoldasi-intihar-etdi\/","og_locale":"az_AZ","og_type":"article","og_title":"ATV-nin vitse-prezidenti M\u0259qs\u0259d Nurun h\u0259yat yolda\u015f\u0131 intihar etdi - MEYDAN.TV","og_description":"Faktla ba\u011fl\u0131 Cinay\u0259t M\u0259c\u0259ll\u0259sinin 125-ci (\u00f6z\u00fcn\u00fc \u00f6ld\u00fcrm\u0259 h\u0259ddin\u0259 \u00e7atd\u0131rma) madd\u0259si il\u0259 cinay\u0259t i\u015fi ba\u015flan\u0131b","og_url":"https:\/\/www.meydan.tv\/az\/article\/atv-nin-vitse-prezidenti-meqsed-nurun-heyat-yoldasi-intihar-etdi\/","og_site_name":"MEYDAN.TV","article_published_time":"2015-03-19T13:50:52+00:00","og_image":[{"width":100,"height":158,"url":"https:\/\/www.meydan.tv\/wp-content\/uploads\/7845.jpg","type":"image\/jpeg"}],"twitter_card":"summary_large_image","schema":{"@context":"https:\/\/schema.org","@graph":[{"@type":"Article","@id":"https:\/\/www.meydan.tv\/az\/article\/atv-nin-vitse-prezidenti-meqsed-nurun-heyat-yoldasi-intihar-etdi\/#article","isPartOf":{"@id":"https:\/\/www.meydan.tv\/az\/article\/atv-nin-vitse-prezidenti-meqsed-nurun-heyat-yoldasi-intihar-etdi\/"},"author":{"name":"user-manager","@id":"https:\/\/www.meydan.tv\/az\/#\/schema\/person\/10d11eccf6da3662cf5fdab9806ea91a"},"headline":"ATV-nin vitse-prezidenti M\u0259qs\u0259d Nurun h\u0259yat yolda\u015f\u0131 intihar etdi","datePublished":"2015-03-19T13:50:52+00:00","mainEntityOfPage":{"@id":"https:\/\/www.meydan.tv\/az\/article\/atv-nin-vitse-prezidenti-meqsed-nurun-heyat-yoldasi-intihar-etdi\/"},"wordCount":170,"publisher":{"@id":"https:\/\/www.meydan.tv\/az\/#organization"},"image":{"@id":"https:\/\/www.meydan.tv\/az\/article\/atv-nin-vitse-prezidenti-meqsed-nurun-heyat-yoldasi-intihar-etdi\/#primaryimage"},"thumbnailUrl":"https:\/\/www.meydan.tv\/wp-content\/uploads\/7845.jpg","articleSection":["X\u0259b\u0259rl\u0259r"],"inLanguage":"az"},{"@type":"WebPage","@id":"https:\/\/www.meydan.tv\/az\/article\/atv-nin-vitse-prezidenti-meqsed-nurun-heyat-yoldasi-intihar-etdi\/","url":"https:\/\/www.meydan.tv\/az\/article\/atv-nin-vitse-prezidenti-meqsed-nurun-heyat-yoldasi-intihar-etdi\/","name":"ATV-nin vitse-prezidenti M\u0259qs\u0259d Nurun h\u0259yat yolda\u015f\u0131 intihar etdi - MEYDAN.TV","isPartOf":{"@id":"https:\/\/www.meydan.tv\/az\/#website"},"primaryImageOfPage":{"@id":"https:\/\/www.meydan.tv\/az\/article\/atv-nin-vitse-prezidenti-meqsed-nurun-heyat-yoldasi-intihar-etdi\/#primaryimage"},"image":{"@id":"https:\/\/www.meydan.tv\/az\/article\/atv-nin-vitse-prezidenti-meqsed-nurun-heyat-yoldasi-intihar-etdi\/#primaryimage"},"thumbnailUrl":"https:\/\/www.meydan.tv\/wp-content\/uploads\/7845.jpg","datePublished":"2015-03-19T13:50:52+00:00","breadcrumb":{"@id":"https:\/\/www.meydan.tv\/az\/article\/atv-nin-vitse-prezidenti-meqsed-nurun-heyat-yoldasi-intihar-etdi\/#breadcrumb"},"inLanguage":"az","potentialAction":[{"@type":"ReadAction","target":["https:\/\/www.meydan.tv\/az\/article\/atv-nin-vitse-prezidenti-meqsed-nurun-heyat-yoldasi-intihar-etdi\/"]}]},{"@type":"ImageObject","inLanguage":"az","@id":"https:\/\/www.meydan.tv\/az\/article\/atv-nin-vitse-prezidenti-meqsed-nurun-heyat-yoldasi-intihar-etdi\/#primaryimage","url":"https:\/\/www.meydan.tv\/wp-content\/uploads\/7845.jpg","contentUrl":"https:\/\/www.meydan.tv\/wp-content\/uploads\/7845.jpg","width":100,"height":158,"caption":"Source:"},{"@type":"BreadcrumbList","@id":"https:\/\/www.meydan.tv\/az\/article\/atv-nin-vitse-prezidenti-meqsed-nurun-heyat-yoldasi-intihar-etdi\/#breadcrumb","itemListElement":[{"@type":"ListItem","position":1,"name":"Ana s\u0259hif\u0259","item":"https:\/\/www.meydan.tv\/az\/"},{"@type":"ListItem","position":2,"name":"X\u0259b\u0259rl\u0259r","item":"https:\/\/www.meydan.tv\/az\/section\/xeberler\/"},{"@type":"ListItem","position":3,"name":"ATV-nin vitse-prezidenti M\u0259qs\u0259d Nurun h\u0259yat yolda\u015f\u0131 intihar etdi"}]},{"@type":"WebSite","@id":"https:\/\/www.meydan.tv\/az\/#website","url":"https:\/\/www.meydan.tv\/az\/","name":"MEYDAN.TV","description":"Meydan TV Az\u0259rbaycan\u0131n media m\u0259kan\u0131ndak\u0131 alternativ s\u0259sidir","publisher":{"@id":"https:\/\/www.meydan.tv\/az\/#organization"},"potentialAction":[{"@type":"SearchAction","target":{"@type":"EntryPoint","urlTemplate":"https:\/\/www.meydan.tv\/az\/?s={search_term_string}"},"query-input":{"@type":"PropertyValueSpecification","valueRequired":true,"valueName":"search_term_string"}}],"inLanguage":"az"},{"@type":"Organization","@id":"https:\/\/www.meydan.tv\/az\/#organization","name":"Meydan TV","url":"https:\/\/www.meydan.tv\/az\/","logo":{"@type":"ImageObject","inLanguage":"az","@id":"https:\/\/www.meydan.tv\/az\/#\/schema\/logo\/image\/","url":"https:\/\/www.meydan.tv\/wp-content\/uploads\/2021\/07\/meydan-logo.svg","contentUrl":"https:\/\/www.meydan.tv\/wp-content\/uploads\/2021\/07\/meydan-logo.svg","width":195,"height":46,"caption":"Meydan TV"},"image":{"@id":"https:\/\/www.meydan.tv\/az\/#\/schema\/logo\/image\/"}},{"@type":"Person","@id":"https:\/\/www.meydan.tv\/az\/#\/schema\/person\/10d11eccf6da3662cf5fdab9806ea91a","name":"user-manager"}]}},"_links":{"self":[{"href":"https:\/\/www.meydan.tv\/az\/wp-json\/wp\/v2\/posts\/167309","targetHints":{"allow":["GET"]}}],"collection":[{"href":"https:\/\/www.meydan.tv\/az\/wp-json\/wp\/v2\/posts"}],"about":[{"href":"https:\/\/www.meydan.tv\/az\/wp-json\/wp\/v2\/types\/post"}],"author":[{"embeddable":true,"href":"https:\/\/www.meydan.tv\/az\/wp-json\/wp\/v2\/users\/11"}],"replies":[{"embeddable":true,"href":"https:\/\/www.meydan.tv\/az\/wp-json\/wp\/v2\/comments?post=167309"}],"version-history":[{"count":0,"href":"https:\/\/www.meydan.tv\/az\/wp-json\/wp\/v2\/posts\/167309\/revisions"}],"wp:featuredmedia":[{"embeddable":true,"href":"https:\/\/www.meydan.tv\/az\/wp-json\/wp\/v2\/media\/21699"}],"wp:attachment":[{"href":"https:\/\/www.meydan.tv\/az\/wp-json\/wp\/v2\/media?parent=167309"}],"wp:term":[{"taxonomy":"category","embeddable":true,"href":"https:\/\/www.meydan.tv\/az\/wp-json\/wp\/v2\/categories?post=167309"},{"taxonomy":"post_tag","embeddable":true,"href":"https:\/\/www.meydan.tv\/az\/wp-json\/wp\/v2\/tags?post=167309"}],"curies":[{"name":"wp","href":"https:\/\/api.w.org\/{rel}","templated":true}]}}