{"id":167308,"date":"2015-03-19T13:43:59","date_gmt":"2015-03-19T13:43:59","guid":{"rendered":"https:\/\/www.meydan.tv\/article\/resmi-baki-rusiyadan-cekinir\/"},"modified":"2015-03-19T13:43:59","modified_gmt":"2015-03-19T13:43:59","slug":"resmi-baki-rusiyadan-cekinir","status":"publish","type":"post","link":"https:\/\/www.meydan.tv\/az\/article\/resmi-baki-rusiyadan-cekinir\/","title":{"rendered":"&#8220;R\u0259smi Bak\u0131 Rusiyadan \u00e7\u0259kinir&#8221;"},"content":{"rendered":"<figure class=\"wp-block-image size-large\">\n  <img decoding=\"async\" src=\"https:\/\/www.meydan.tv\/az\/21693\/\" alt=\"\" class=\"wp-image-21693\"\/><figcaption><\/figcaption><\/figure>\n<figure class=\"wp-block-image size-large\">\n  <img decoding=\"async\" src=\"https:\/\/www.meydan.tv\/az\/21696\/\" alt=\"\" class=\"wp-image-21696\"\/><figcaption><\/figcaption><\/figure>\n<p>\n  <i><br \/>\n    Az\u0259r Qas\u0131ml\u0131: &#8220;Az\u0259rbaycan proqramda Avropa Birliyinin ist\u0259diyi aktivliyi g\u00f6st\u0259rmir&#8221;<br \/>\n  <\/i><\/p>\n<p>  \u201cAz\u04d9rbaycanla \u04d9m\u04d9kda\u015fl\u0131q \u00fc\u00e7\u00fcn yeni h\u00fcquqi \u00e7\u04d9r\u00e7iv\u04d9d\u04d9 raz\u0131l\u0131q \u04d9ld\u04d9 olunmal\u0131d\u0131r\u201d.<br \/>\n  <br \/>\n  APA-n\u0131n m\u04d9lumat\u0131na g\u00f6r\u04d9, bu s\u00f6zl\u04d9ri Latviyan\u0131n xarici i\u015fl\u04d9r naziri, Avropa \u0130ttifaq\u0131n\u0131n f\u0259aliyy\u0259td\u0259 olan s\u0259dri Edqars Rinkevi\u00e7 Norve\u00e7in xarici i\u015fl\u04d9r naziri Bordo Brende il\u04d9 g\u00f6r\u00fc\u015fd\u04d9 \u201c\u015e\u04d9rq t\u04d9r\u04d9fda\u015fl\u0131\u011f\u0131\u201d \u00e7\u04d9r\u00e7iv\u04d9sind\u04d9 v\u04d9 Riqa Sammiti \u04d9r\u04d9f\u04d9sind\u04d9 perspektivl\u04d9r bar\u04d9d\u04d9 dan\u0131\u015fark\u04d9n deyib.\n<\/p>\n<p>\n  O, analoji raz\u0131la\u015fman\u0131n Erm\u04d9nistanla da \u04d9ld\u04d9 edilm\u04d9sinin planla\u015fd\u0131r\u0131ld\u0131\u011f\u0131n\u0131 qeyd edib: \u201c\u201c\u015e\u04d9rq t\u04d9r\u04d9fda\u015fl\u0131\u011f\u0131\u201d vahid platformada inki\u015faf\u0131 etdirilm\u04d9li, eyni zamanda t\u04d9r\u04d9fda\u015f \u00f6lk\u04d9l\u04d9r\u04d9 f\u04d9rdi yana\u015fma da n\u00fcmayi\u015f etdirilm\u04d9lidir. \u0130kit\u04d9r\u04d9fli \u04d9laq\u04d9l\u04d9r m\u00f6hk\u04d9ml\u04d9ndirilm\u04d9li, Moldova, G\u00fcrc\u00fcstan v\u04d9 Ukrayna il\u04d9 assosiativ sazi\u015fl\u04d9rin t\u04d9tbiqi t\u04d9min edilm\u04d9lidir. Belarusla da \u04d9laq\u04d9l\u04d9r g\u00fccl\u04d9ndirilm\u04d9li, b\u00fct\u00fcn t\u04d9r\u04d9fda\u015f \u00f6lk\u04d9l\u04d9rl\u04d9 vizan\u0131n asanla\u015fd\u0131r\u0131lmas\u0131 istiqam\u04d9tind\u04d9 i\u015fl\u04d9r g\u00f6r\u00fclm\u04d9lidir\u201d.\n<\/p>\n<figure class=\"wp-block-image size-large\">\n  <img decoding=\"async\" src=\"https:\/\/www.meydan.tv\/az\/21693\/\" alt=\"\" class=\"wp-image-21693\"\/><figcaption><\/figcaption><\/figure>\n<p>\n  A\u00e7\u0131qlaman\u0131 Meydan TV-y\u0259 \u015f\u0259rh ed\u0259n REAL \u0130dar\u0259 Hey\u0259tinin \u00fczv\u00fc, politoloq Az\u0259r Qas\u0131ml\u0131 bildirib ki, \u201c\u015e\u04d9rq t\u04d9r\u04d9fda\u015fl\u0131\u011f\u0131\u201d proqram\u0131 b\u00fct\u00fcn \u00f6lk\u0259l\u0259r \u00fc\u00e7\u00fcn eynidir. Amma Az\u0259rbaycan proqramda Avropa Birliyinin ist\u0259diyi aktivliyi g\u00f6st\u0259rmir. S\u0259b\u0259b Rusiya amilidir, r\u0259smi Bak\u0131 Moskvadan \u00e7\u0259kin\u0259r\u0259k, h\u0259m demokratiya, azad se\u00e7ki, m\u00fcst\u0259qil m\u0259hk\u0259m\u0259 sistemi ist\u0259y\u0259nl\u0259rin, h\u0259m d\u0259 Avropan\u0131n ist\u0259diyi add\u0131mlar\u0131 atm\u0131r:\u00a0 &#8220;Bilirsiniz ki, G\u00fcrc\u00fcstana, Moldovaya, Ukraynaya Asossasiya sazi\u015fi imzalanmas\u0131 t\u0259klifi olmu\u015fdu, Az\u0259rbaycana da h\u0259min t\u0259klif olsa da, Bak\u0131 q\u0259bul etm\u0259yib, ba\u015fqa bir proqram ist\u0259mi\u015fdi. O zaman Avropa \u00f6lk\u0259l\u0259ri Bak\u0131n\u0131n ist\u0259yin\u0259 m\u00fcsb\u0259t yana\u015fmad\u0131lar. G\u00f6r\u00fcn\u00fcr, Avropa Birliyi Az\u0259rbaycan\u0131 Q\u0259rb institutlar\u0131na y\u00f6nl\u0259ndirm\u0259kd\u0259 israrl\u0131d\u0131r. G\u00fcman ki, \u0130lham \u018fliyevin \u015f\u0259rtl\u0259rin\u0259 uy\u011fun olaraq qar\u015f\u0131 t\u0259r\u0259f indiki v\u0259ziyy\u0259ti n\u0259z\u0259r\u0259 alaraq m\u00fcsb\u0259t yana\u015fs\u0131n. S\u00f6hb\u0259t Rusiyan\u0131n Ukrayna m\u0259s\u0259l\u0259sind\u0259 \u00e7ox aqressiv olmas\u0131 v\u0259 Baltikyan\u0131 \u00f6lk\u0259l\u0259rin t\u0259hdidind\u0259n gedir&#8221;.\n<\/p>\n<p>\n  Ancaq Az\u0259r Qas\u0131ml\u0131 Az\u0259rbaycan\u0131n \u015f\u0259rtl\u0259rinin n\u0259d\u0259n ibar\u0259t olmas\u0131n\u0131 konkretl\u0259\u015fdir\u0259 bilm\u0259y\u0259c\u0259yini d\u0259 dedi: &#8220;\u00c7\u00fcnki bu m\u0259s\u0259l\u0259 m\u00fczakir\u0259d\u0259 olmad\u0131\u011f\u0131ndan m\u0259n d\u0259 daxil olmaqla b\u00fct\u00fcn t\u0259hlil\u00e7il\u0259r \u00fc\u00e7\u00fcn yenidir. Sad\u0259c\u0259, \u201c\u015e\u04d9rq t\u04d9r\u04d9fda\u015fl\u0131\u011f\u0131\u201d proqram\u0131nda Az\u0259rbaycan\u0131n \u00fcz\u0259rin\u0259 qoyulas\u0131 \u00f6hd\u0259likl\u0259rin \u0259ks\u0259riyy\u0259ti n\u00f6vb\u0259ti s\u0259n\u0259dd\u0259 olmayacaq. \u0130st\u0259r demokratikl\u0259\u015fm\u0259, ist\u0259rs\u0259 d\u0259 ba\u015fqa m\u0259s\u0259l\u0259l\u0259r&#8221;<\/p>\n","protected":false},"excerpt":{"rendered":"<p>Az\u0259r Qas\u0131ml\u0131: &#8220;Az\u0259rbaycan proqramda Avropa Birliyinin ist\u0259diyi aktivliyi g\u00f6st\u0259rmir&#8221;<\/p>\n","protected":false},"author":11,"featured_media":21693,"comment_status":"closed","ping_status":"open","sticky":false,"template":"","format":"standard","meta":{"_acf_changed":false,"_sitemap_exclude":false,"_sitemap_priority":"","_sitemap_frequency":"","footnotes":""},"categories":[56],"tags":[],"class_list":["post-167308","post","type-post","status-publish","format-standard","has-post-thumbnail","hentry","category-xeberler","infinite-scroll-item","generate-columns","tablet-grid-50","mobile-grid-100","grid-parent","grid-33","no-featured-image-padding"],"acf":[],"yoast_head":"<!-- This site is optimized with the Yoast SEO plugin v28.4 - https:\/\/yoast.com\/product\/yoast-seo-wordpress\/ -->\n<title>&quot;R\u0259smi Bak\u0131 Rusiyadan \u00e7\u0259kinir&quot; - MEYDAN.TV<\/title>\n<meta name=\"robots\" content=\"index, follow, max-snippet:-1, max-image-preview:large, max-video-preview:-1\" \/>\n<link rel=\"canonical\" href=\"https:\/\/www.meydan.tv\/az\/article\/resmi-baki-rusiyadan-cekinir\/\" \/>\n<meta property=\"og:locale\" content=\"az_AZ\" \/>\n<meta property=\"og:type\" content=\"article\" \/>\n<meta property=\"og:title\" content=\"&quot;R\u0259smi Bak\u0131 Rusiyadan \u00e7\u0259kinir&quot; - MEYDAN.TV\" \/>\n<meta property=\"og:description\" content=\"Az\u0259r Qas\u0131ml\u0131: &quot;Az\u0259rbaycan proqramda Avropa Birliyinin ist\u0259diyi aktivliyi g\u00f6st\u0259rmir&quot;\" \/>\n<meta property=\"og:url\" content=\"https:\/\/www.meydan.tv\/az\/article\/resmi-baki-rusiyadan-cekinir\/\" \/>\n<meta property=\"og:site_name\" content=\"MEYDAN.TV\" \/>\n<meta property=\"article:published_time\" content=\"2015-03-19T13:43:59+00:00\" \/>\n<meta property=\"og:image\" content=\"https:\/\/www.meydan.tv\/wp-content\/uploads\/7843.jpg\" \/>\n\t<meta property=\"og:image:width\" content=\"327\" \/>\n\t<meta property=\"og:image:height\" content=\"252\" \/>\n\t<meta property=\"og:image:type\" content=\"image\/jpeg\" \/>\n<meta name=\"twitter:card\" content=\"summary_large_image\" \/>\n<!-- \/ Yoast SEO plugin. -->","yoast_head_json":{"title":"\"R\u0259smi Bak\u0131 Rusiyadan \u00e7\u0259kinir\" - MEYDAN.TV","robots":{"index":"index","follow":"follow","max-snippet":"max-snippet:-1","max-image-preview":"max-image-preview:large","max-video-preview":"max-video-preview:-1"},"canonical":"https:\/\/www.meydan.tv\/az\/article\/resmi-baki-rusiyadan-cekinir\/","og_locale":"az_AZ","og_type":"article","og_title":"\"R\u0259smi Bak\u0131 Rusiyadan \u00e7\u0259kinir\" - MEYDAN.TV","og_description":"Az\u0259r Qas\u0131ml\u0131: \"Az\u0259rbaycan proqramda Avropa Birliyinin ist\u0259diyi aktivliyi g\u00f6st\u0259rmir\"","og_url":"https:\/\/www.meydan.tv\/az\/article\/resmi-baki-rusiyadan-cekinir\/","og_site_name":"MEYDAN.TV","article_published_time":"2015-03-19T13:43:59+00:00","og_image":[{"width":327,"height":252,"url":"https:\/\/www.meydan.tv\/wp-content\/uploads\/7843.jpg","type":"image\/jpeg"}],"twitter_card":"summary_large_image","schema":{"@context":"https:\/\/schema.org","@graph":[{"@type":"Article","@id":"https:\/\/www.meydan.tv\/az\/article\/resmi-baki-rusiyadan-cekinir\/#article","isPartOf":{"@id":"https:\/\/www.meydan.tv\/az\/article\/resmi-baki-rusiyadan-cekinir\/"},"author":{"name":"user-manager","@id":"https:\/\/www.meydan.tv\/az\/#\/schema\/person\/10d11eccf6da3662cf5fdab9806ea91a"},"headline":"&#8220;R\u0259smi Bak\u0131 Rusiyadan \u00e7\u0259kinir&#8221;","datePublished":"2015-03-19T13:43:59+00:00","mainEntityOfPage":{"@id":"https:\/\/www.meydan.tv\/az\/article\/resmi-baki-rusiyadan-cekinir\/"},"wordCount":511,"publisher":{"@id":"https:\/\/www.meydan.tv\/az\/#organization"},"image":{"@id":"https:\/\/www.meydan.tv\/az\/article\/resmi-baki-rusiyadan-cekinir\/#primaryimage"},"thumbnailUrl":"https:\/\/www.meydan.tv\/wp-content\/uploads\/7843.jpg","articleSection":["X\u0259b\u0259rl\u0259r"],"inLanguage":"az"},{"@type":"WebPage","@id":"https:\/\/www.meydan.tv\/az\/article\/resmi-baki-rusiyadan-cekinir\/","url":"https:\/\/www.meydan.tv\/az\/article\/resmi-baki-rusiyadan-cekinir\/","name":"\"R\u0259smi Bak\u0131 Rusiyadan \u00e7\u0259kinir\" - MEYDAN.TV","isPartOf":{"@id":"https:\/\/www.meydan.tv\/az\/#website"},"primaryImageOfPage":{"@id":"https:\/\/www.meydan.tv\/az\/article\/resmi-baki-rusiyadan-cekinir\/#primaryimage"},"image":{"@id":"https:\/\/www.meydan.tv\/az\/article\/resmi-baki-rusiyadan-cekinir\/#primaryimage"},"thumbnailUrl":"https:\/\/www.meydan.tv\/wp-content\/uploads\/7843.jpg","datePublished":"2015-03-19T13:43:59+00:00","breadcrumb":{"@id":"https:\/\/www.meydan.tv\/az\/article\/resmi-baki-rusiyadan-cekinir\/#breadcrumb"},"inLanguage":"az","potentialAction":[{"@type":"ReadAction","target":["https:\/\/www.meydan.tv\/az\/article\/resmi-baki-rusiyadan-cekinir\/"]}]},{"@type":"ImageObject","inLanguage":"az","@id":"https:\/\/www.meydan.tv\/az\/article\/resmi-baki-rusiyadan-cekinir\/#primaryimage","url":"https:\/\/www.meydan.tv\/wp-content\/uploads\/7843.jpg","contentUrl":"https:\/\/www.meydan.tv\/wp-content\/uploads\/7843.jpg","width":327,"height":252,"caption":"Source:"},{"@type":"BreadcrumbList","@id":"https:\/\/www.meydan.tv\/az\/article\/resmi-baki-rusiyadan-cekinir\/#breadcrumb","itemListElement":[{"@type":"ListItem","position":1,"name":"Ana s\u0259hif\u0259","item":"https:\/\/www.meydan.tv\/az\/"},{"@type":"ListItem","position":2,"name":"X\u0259b\u0259rl\u0259r","item":"https:\/\/www.meydan.tv\/az\/section\/xeberler\/"},{"@type":"ListItem","position":3,"name":"&#8220;R\u0259smi Bak\u0131 Rusiyadan \u00e7\u0259kinir&#8221;"}]},{"@type":"WebSite","@id":"https:\/\/www.meydan.tv\/az\/#website","url":"https:\/\/www.meydan.tv\/az\/","name":"MEYDAN.TV","description":"Meydan TV Az\u0259rbaycan\u0131n media m\u0259kan\u0131ndak\u0131 alternativ s\u0259sidir","publisher":{"@id":"https:\/\/www.meydan.tv\/az\/#organization"},"potentialAction":[{"@type":"SearchAction","target":{"@type":"EntryPoint","urlTemplate":"https:\/\/www.meydan.tv\/az\/?s={search_term_string}"},"query-input":{"@type":"PropertyValueSpecification","valueRequired":true,"valueName":"search_term_string"}}],"inLanguage":"az"},{"@type":"Organization","@id":"https:\/\/www.meydan.tv\/az\/#organization","name":"Meydan TV","url":"https:\/\/www.meydan.tv\/az\/","logo":{"@type":"ImageObject","inLanguage":"az","@id":"https:\/\/www.meydan.tv\/az\/#\/schema\/logo\/image\/","url":"https:\/\/www.meydan.tv\/wp-content\/uploads\/2021\/07\/meydan-logo.svg","contentUrl":"https:\/\/www.meydan.tv\/wp-content\/uploads\/2021\/07\/meydan-logo.svg","width":195,"height":46,"caption":"Meydan TV"},"image":{"@id":"https:\/\/www.meydan.tv\/az\/#\/schema\/logo\/image\/"}},{"@type":"Person","@id":"https:\/\/www.meydan.tv\/az\/#\/schema\/person\/10d11eccf6da3662cf5fdab9806ea91a","name":"user-manager"}]}},"_links":{"self":[{"href":"https:\/\/www.meydan.tv\/az\/wp-json\/wp\/v2\/posts\/167308","targetHints":{"allow":["GET"]}}],"collection":[{"href":"https:\/\/www.meydan.tv\/az\/wp-json\/wp\/v2\/posts"}],"about":[{"href":"https:\/\/www.meydan.tv\/az\/wp-json\/wp\/v2\/types\/post"}],"author":[{"embeddable":true,"href":"https:\/\/www.meydan.tv\/az\/wp-json\/wp\/v2\/users\/11"}],"replies":[{"embeddable":true,"href":"https:\/\/www.meydan.tv\/az\/wp-json\/wp\/v2\/comments?post=167308"}],"version-history":[{"count":0,"href":"https:\/\/www.meydan.tv\/az\/wp-json\/wp\/v2\/posts\/167308\/revisions"}],"wp:featuredmedia":[{"embeddable":true,"href":"https:\/\/www.meydan.tv\/az\/wp-json\/wp\/v2\/media\/21693"}],"wp:attachment":[{"href":"https:\/\/www.meydan.tv\/az\/wp-json\/wp\/v2\/media?parent=167308"}],"wp:term":[{"taxonomy":"category","embeddable":true,"href":"https:\/\/www.meydan.tv\/az\/wp-json\/wp\/v2\/categories?post=167308"},{"taxonomy":"post_tag","embeddable":true,"href":"https:\/\/www.meydan.tv\/az\/wp-json\/wp\/v2\/tags?post=167308"}],"curies":[{"name":"wp","href":"https:\/\/api.w.org\/{rel}","templated":true}]}}