{"id":167307,"date":"2015-03-19T12:19:56","date_gmt":"2015-03-19T12:19:56","guid":{"rendered":"https:\/\/www.meydan.tv\/article\/besir-suleymanli-azadliqda\/"},"modified":"2015-03-19T12:19:56","modified_gmt":"2015-03-19T12:19:56","slug":"besir-suleymanli-azadliqda","status":"publish","type":"post","link":"https:\/\/www.meydan.tv\/az\/article\/besir-suleymanli-azadliqda\/","title":{"rendered":"B\u0259\u015fir S\u00fcleymanl\u0131 azadl\u0131qda"},"content":{"rendered":"<figure class=\"wp-block-image size-large\">\n  <img decoding=\"async\" src=\"https:\/\/www.meydan.tv\/az\/21690\/\" alt=\"\" class=\"wp-image-21690\"\/><figcaption><\/figcaption><\/figure>\n<figure class=\"wp-block-image size-large\">\n  <img decoding=\"async\" src=\"https:\/\/www.meydan.tv\/az\/21689\/\" alt=\"\" class=\"wp-image-21689\"\/><figcaption><\/figcaption><\/figure>\n<p>\n  Se\u00e7kil\u0259rin Monitorinqi v\u0259 Demokratiyan\u0131n T\u0259drisi M\u0259rk\u0259zinin t\u0259msil\u00e7isi deyib ki, ona qar\u015f\u0131 ittihamlar qanunsuz idi\n<\/p>\n<p>\n  \u00d6lk\u0259 ba\u015f\u00e7\u0131s\u0131 \u0130lham \u018fliyev 18 martda \u0259fv s\u0259r\u0259ncam\u0131 imzalay\u0131b. S\u0259r\u0259ncamda siyasi m\u0259hbuslardan yaln\u0131z iki n\u0259f\u0259r- B\u0259\u015fir S\u00fcleymanl\u0131 v\u0259 Orxan Eyyubzad\u0259 azad edilib. \u00a0Hicab m\u0259hbusu Anar Qas\u0131ml\u0131 da \u0259fv olunanlar\u0131n siyah\u0131s\u0131ndad\u0131r.\n<\/p>\n<p>\n  Mart\u0131n 19-da saat 11.15-d\u0259 3 il 6 ay azadl\u0131qdan m\u0259hrum olunan Se\u00e7kil\u0259rin Monitorinqi v\u0259 Demokratiyan\u0131n T\u0259drisi M\u0259rk\u0259zinin t\u0259msil\u00e7isi B\u0259\u015fir S\u00fcleymanl\u0131 azad olunub.\n<\/p>\n<p>\n  B\u0259\u015fir S\u00fcleymanl\u0131 deyib ki, ona qar\u015f\u0131 ittihamlar qanunsuz idi v\u0259 ham\u0131 n\u0259y\u0259 g\u00f6r\u0259 h\u0259bs olunduqlar\u0131n\u0131 bilirdi.\n<\/p>\n<p>\n  Meydan TV-in hadis\u0259 yerind\u0259 olan \u0259m\u0259kda\u015f\u0131 bu bar\u0259d\u0259 m\u0259lumat verib.\n<\/p><\/p>\n","protected":false},"excerpt":{"rendered":"<p>Se\u00e7kil\u0259rin Monitorinqi v\u0259 Demokratiyan\u0131n T\u0259drisi M\u0259rk\u0259zinin t\u0259msil\u00e7isi deyib ki, ona qar\u015f\u0131 ittihamlar qanunsuz idi<\/p>\n","protected":false},"author":11,"featured_media":21690,"comment_status":"closed","ping_status":"open","sticky":false,"template":"","format":"standard","meta":{"_acf_changed":false,"_sitemap_exclude":false,"_sitemap_priority":"","_sitemap_frequency":"","footnotes":""},"categories":[56],"tags":[],"class_list":["post-167307","post","type-post","status-publish","format-standard","has-post-thumbnail","hentry","category-xeberler","infinite-scroll-item","generate-columns","tablet-grid-50","mobile-grid-100","grid-parent","grid-33","no-featured-image-padding"],"acf":[],"yoast_head":"<!-- This site is optimized with the Yoast SEO plugin v28.4 - https:\/\/yoast.com\/product\/yoast-seo-wordpress\/ -->\n<title>B\u0259\u015fir S\u00fcleymanl\u0131 azadl\u0131qda - MEYDAN.TV<\/title>\n<meta name=\"robots\" content=\"index, follow, max-snippet:-1, max-image-preview:large, max-video-preview:-1\" \/>\n<link rel=\"canonical\" href=\"https:\/\/www.meydan.tv\/az\/article\/besir-suleymanli-azadliqda\/\" \/>\n<meta property=\"og:locale\" content=\"az_AZ\" \/>\n<meta property=\"og:type\" content=\"article\" \/>\n<meta property=\"og:title\" content=\"B\u0259\u015fir S\u00fcleymanl\u0131 azadl\u0131qda - MEYDAN.TV\" \/>\n<meta property=\"og:description\" content=\"Se\u00e7kil\u0259rin Monitorinqi v\u0259 Demokratiyan\u0131n T\u0259drisi M\u0259rk\u0259zinin t\u0259msil\u00e7isi deyib ki, ona qar\u015f\u0131 ittihamlar qanunsuz idi\" \/>\n<meta property=\"og:url\" content=\"https:\/\/www.meydan.tv\/az\/article\/besir-suleymanli-azadliqda\/\" \/>\n<meta property=\"og:site_name\" content=\"MEYDAN.TV\" \/>\n<meta property=\"article:published_time\" content=\"2015-03-19T12:19:56+00:00\" \/>\n<meta property=\"og:image\" content=\"https:\/\/www.meydan.tv\/wp-content\/uploads\/7840.jpg\" \/>\n\t<meta property=\"og:image:width\" content=\"960\" \/>\n\t<meta property=\"og:image:height\" content=\"720\" \/>\n\t<meta property=\"og:image:type\" content=\"image\/jpeg\" \/>\n<meta name=\"twitter:card\" content=\"summary_large_image\" \/>\n<!-- \/ Yoast SEO plugin. -->","yoast_head_json":{"title":"B\u0259\u015fir S\u00fcleymanl\u0131 azadl\u0131qda - MEYDAN.TV","robots":{"index":"index","follow":"follow","max-snippet":"max-snippet:-1","max-image-preview":"max-image-preview:large","max-video-preview":"max-video-preview:-1"},"canonical":"https:\/\/www.meydan.tv\/az\/article\/besir-suleymanli-azadliqda\/","og_locale":"az_AZ","og_type":"article","og_title":"B\u0259\u015fir S\u00fcleymanl\u0131 azadl\u0131qda - MEYDAN.TV","og_description":"Se\u00e7kil\u0259rin Monitorinqi v\u0259 Demokratiyan\u0131n T\u0259drisi M\u0259rk\u0259zinin t\u0259msil\u00e7isi deyib ki, ona qar\u015f\u0131 ittihamlar qanunsuz idi","og_url":"https:\/\/www.meydan.tv\/az\/article\/besir-suleymanli-azadliqda\/","og_site_name":"MEYDAN.TV","article_published_time":"2015-03-19T12:19:56+00:00","og_image":[{"width":960,"height":720,"url":"https:\/\/www.meydan.tv\/wp-content\/uploads\/7840.jpg","type":"image\/jpeg"}],"twitter_card":"summary_large_image","schema":{"@context":"https:\/\/schema.org","@graph":[{"@type":"Article","@id":"https:\/\/www.meydan.tv\/az\/article\/besir-suleymanli-azadliqda\/#article","isPartOf":{"@id":"https:\/\/www.meydan.tv\/az\/article\/besir-suleymanli-azadliqda\/"},"author":{"name":"user-manager","@id":"https:\/\/www.meydan.tv\/az\/#\/schema\/person\/10d11eccf6da3662cf5fdab9806ea91a"},"headline":"B\u0259\u015fir S\u00fcleymanl\u0131 azadl\u0131qda","datePublished":"2015-03-19T12:19:56+00:00","mainEntityOfPage":{"@id":"https:\/\/www.meydan.tv\/az\/article\/besir-suleymanli-azadliqda\/"},"wordCount":143,"publisher":{"@id":"https:\/\/www.meydan.tv\/az\/#organization"},"image":{"@id":"https:\/\/www.meydan.tv\/az\/article\/besir-suleymanli-azadliqda\/#primaryimage"},"thumbnailUrl":"https:\/\/www.meydan.tv\/wp-content\/uploads\/7840.jpg","articleSection":["X\u0259b\u0259rl\u0259r"],"inLanguage":"az"},{"@type":"WebPage","@id":"https:\/\/www.meydan.tv\/az\/article\/besir-suleymanli-azadliqda\/","url":"https:\/\/www.meydan.tv\/az\/article\/besir-suleymanli-azadliqda\/","name":"B\u0259\u015fir S\u00fcleymanl\u0131 azadl\u0131qda - MEYDAN.TV","isPartOf":{"@id":"https:\/\/www.meydan.tv\/az\/#website"},"primaryImageOfPage":{"@id":"https:\/\/www.meydan.tv\/az\/article\/besir-suleymanli-azadliqda\/#primaryimage"},"image":{"@id":"https:\/\/www.meydan.tv\/az\/article\/besir-suleymanli-azadliqda\/#primaryimage"},"thumbnailUrl":"https:\/\/www.meydan.tv\/wp-content\/uploads\/7840.jpg","datePublished":"2015-03-19T12:19:56+00:00","breadcrumb":{"@id":"https:\/\/www.meydan.tv\/az\/article\/besir-suleymanli-azadliqda\/#breadcrumb"},"inLanguage":"az","potentialAction":[{"@type":"ReadAction","target":["https:\/\/www.meydan.tv\/az\/article\/besir-suleymanli-azadliqda\/"]}]},{"@type":"ImageObject","inLanguage":"az","@id":"https:\/\/www.meydan.tv\/az\/article\/besir-suleymanli-azadliqda\/#primaryimage","url":"https:\/\/www.meydan.tv\/wp-content\/uploads\/7840.jpg","contentUrl":"https:\/\/www.meydan.tv\/wp-content\/uploads\/7840.jpg","width":960,"height":720,"caption":"Source:"},{"@type":"BreadcrumbList","@id":"https:\/\/www.meydan.tv\/az\/article\/besir-suleymanli-azadliqda\/#breadcrumb","itemListElement":[{"@type":"ListItem","position":1,"name":"Ana s\u0259hif\u0259","item":"https:\/\/www.meydan.tv\/az\/"},{"@type":"ListItem","position":2,"name":"X\u0259b\u0259rl\u0259r","item":"https:\/\/www.meydan.tv\/az\/section\/xeberler\/"},{"@type":"ListItem","position":3,"name":"B\u0259\u015fir S\u00fcleymanl\u0131 azadl\u0131qda"}]},{"@type":"WebSite","@id":"https:\/\/www.meydan.tv\/az\/#website","url":"https:\/\/www.meydan.tv\/az\/","name":"MEYDAN.TV","description":"Meydan TV Az\u0259rbaycan\u0131n media m\u0259kan\u0131ndak\u0131 alternativ s\u0259sidir","publisher":{"@id":"https:\/\/www.meydan.tv\/az\/#organization"},"potentialAction":[{"@type":"SearchAction","target":{"@type":"EntryPoint","urlTemplate":"https:\/\/www.meydan.tv\/az\/?s={search_term_string}"},"query-input":{"@type":"PropertyValueSpecification","valueRequired":true,"valueName":"search_term_string"}}],"inLanguage":"az"},{"@type":"Organization","@id":"https:\/\/www.meydan.tv\/az\/#organization","name":"Meydan TV","url":"https:\/\/www.meydan.tv\/az\/","logo":{"@type":"ImageObject","inLanguage":"az","@id":"https:\/\/www.meydan.tv\/az\/#\/schema\/logo\/image\/","url":"https:\/\/www.meydan.tv\/wp-content\/uploads\/2021\/07\/meydan-logo.svg","contentUrl":"https:\/\/www.meydan.tv\/wp-content\/uploads\/2021\/07\/meydan-logo.svg","width":195,"height":46,"caption":"Meydan TV"},"image":{"@id":"https:\/\/www.meydan.tv\/az\/#\/schema\/logo\/image\/"}},{"@type":"Person","@id":"https:\/\/www.meydan.tv\/az\/#\/schema\/person\/10d11eccf6da3662cf5fdab9806ea91a","name":"user-manager"}]}},"_links":{"self":[{"href":"https:\/\/www.meydan.tv\/az\/wp-json\/wp\/v2\/posts\/167307","targetHints":{"allow":["GET"]}}],"collection":[{"href":"https:\/\/www.meydan.tv\/az\/wp-json\/wp\/v2\/posts"}],"about":[{"href":"https:\/\/www.meydan.tv\/az\/wp-json\/wp\/v2\/types\/post"}],"author":[{"embeddable":true,"href":"https:\/\/www.meydan.tv\/az\/wp-json\/wp\/v2\/users\/11"}],"replies":[{"embeddable":true,"href":"https:\/\/www.meydan.tv\/az\/wp-json\/wp\/v2\/comments?post=167307"}],"version-history":[{"count":0,"href":"https:\/\/www.meydan.tv\/az\/wp-json\/wp\/v2\/posts\/167307\/revisions"}],"wp:featuredmedia":[{"embeddable":true,"href":"https:\/\/www.meydan.tv\/az\/wp-json\/wp\/v2\/media\/21690"}],"wp:attachment":[{"href":"https:\/\/www.meydan.tv\/az\/wp-json\/wp\/v2\/media?parent=167307"}],"wp:term":[{"taxonomy":"category","embeddable":true,"href":"https:\/\/www.meydan.tv\/az\/wp-json\/wp\/v2\/categories?post=167307"},{"taxonomy":"post_tag","embeddable":true,"href":"https:\/\/www.meydan.tv\/az\/wp-json\/wp\/v2\/tags?post=167307"}],"curies":[{"name":"wp","href":"https:\/\/api.w.org\/{rel}","templated":true}]}}