{"id":167306,"date":"2015-03-19T12:03:47","date_gmt":"2015-03-19T12:03:47","guid":{"rendered":"https:\/\/www.meydan.tv\/article\/qubad-ibadoglu-cahangir-haciyevin-istefasi-ozellesdirme-ile-elaqeli-ola-biler\/"},"modified":"2015-03-19T12:03:47","modified_gmt":"2015-03-19T12:03:47","slug":"qubad-ibadoglu-cahangir-haciyevin-istefasi-ozellesdirme-ile-elaqeli-ola-biler","status":"publish","type":"post","link":"https:\/\/www.meydan.tv\/az\/article\/qubad-ibadoglu-cahangir-haciyevin-istefasi-ozellesdirme-ile-elaqeli-ola-biler\/","title":{"rendered":"Qubad \u0130bado\u011flu: &#8220;Cahangir Hac\u0131yevin istefas\u0131 \u00f6z\u0259ll\u0259\u015fdirm\u0259 il\u0259 \u0259laq\u0259li ola bil\u0259r&#8221;"},"content":{"rendered":"<figure class=\"wp-block-image size-large\">\n  <img decoding=\"async\" src=\"https:\/\/www.meydan.tv\/az\/21683\/\" alt=\"\" class=\"wp-image-21683\"\/><figcaption><\/figcaption><\/figure>\n<figure class=\"wp-block-image size-large\">\n  <img decoding=\"async\" src=\"https:\/\/www.meydan.tv\/az\/21686\/\" alt=\"\" class=\"wp-image-21686\"\/><figcaption><\/figcaption><\/figure>\n<p>\n  <i><br \/>\n    &#8220;Bundan daha \u00e7ox itir\u0259n bank\u0131n s\u0259hml\u0259rinin 49,8 faizin\u0259 malik olan \u00f6z\u0259l s\u0259hmdarlar ola bil\u0259r&#8221;<br \/>\n  <\/i>\n<\/p>\n<p>\n  Az\u0259rbaycan Beyn\u0259lxalq Bank\u0131n\u0131n \u0130dar\u0259 Hey\u0259tinin s\u0259dri Cahangir Hac\u0131yevin istefas\u0131 m\u00fcxt\u0259lif s\u0259b\u0259bl\u0259rl\u0259 istefa izah olunsa da, r\u0259smi m\u0259lumatda onun s\u0259hh\u0259ti il\u0259 ba\u011fl\u0131 istefa verdiyi bildirilir.\n<\/p>\n<p>\n  Bankdan APA-ya veril\u0259n m\u0259lumata g\u00f6r\u0259, Az\u0259rbaycan Beyn\u0259lxalq Bank\u0131n\u0131n M\u00fc\u015fahid\u0259 \u015euras\u0131n\u0131n mart\u0131n 18-d\u0259 ke\u00e7irilmi\u015f iclas\u0131nda Bank\u0131n \u0130dar\u0259 Hey\u0259tinin s\u0259dri Cahangir Hac\u0131yevin s\u0259hh\u0259ti il\u0259 \u0259laq\u0259dar tutdu\u011fu v\u0259zif\u0259d\u0259n azad edilm\u0259si bar\u0259sind\u0259 \u0259riz\u0259si t\u0259min edilib.<br \/>\n  <br \/>\n  \u0130dar\u0259 Hey\u0259ti s\u0259drinin v\u0259zif\u0259sinin m\u00fcv\u0259qq\u0259ti icras\u0131 \u0130dar\u0259 hey\u0259ti s\u0259drinin birinci m\u00fcavini Emil Mustafayev\u0259 h\u0259val\u0259 edilib.\n<\/p>\n<p>\n  \u0130stefan\u0131 \u00f6z Facebook s\u0259hif\u0259sind\u0259 \u015f\u0259rh ed\u0259n iqtisad\u00e7\u0131 Qubad \u0130bado\u011flu bildirib ki, bank sektorunun a\u011fr\u0131l\u0131 ke\u00e7id d\u00f6vr\u00fcn\u0259 q\u0259d\u0259m qoydu\u011fu haz\u0131rk\u0131 \u015f\u0259raitd\u0259 bank aktivl\u0259rinin \u00fcmumi h\u0259cmind\u0259 v\u0259 kredit portfelind\u0259 bazar pay\u0131 40 faizd\u0259n, depozitl\u0259rd\u0259 bazar pay\u0131 50 faizd\u0259n \u00e7ox olan, el\u0259c\u0259 d\u0259 1 milyona q\u0259d\u0259r m\u00fc\u015ft\u0259ri il\u0259 i\u015fl\u0259y\u0259n Beyn\u0259lxalq Bank\u0131n \u0130dar\u0259 Hey\u0259ti s\u0259drinin istefas\u0131 bu bazarda riskl\u0259ri bir az da art\u0131racaq. Bundan daha \u00e7ox itir\u0259n bank\u0131n s\u0259hml\u0259rinin 49,8 faizin\u0259 malik olan \u00f6z\u0259l s\u0259hmdarlar ola bil\u0259r. Bank\u0131n s\u0259hml\u0259rinin 50,2 faizi d\u00f6vl\u0259t\u0259 m\u0259xsusdur v\u0259 Maliyy\u0259 Nazirliyi t\u0259r\u0259find\u0259n idar\u0259 olunur&#8221;.\n<\/p>\n<figure class=\"wp-block-image size-large\">\n  <img decoding=\"async\" src=\"https:\/\/www.meydan.tv\/az\/21683\/\" alt=\"\" class=\"wp-image-21683\"\/><figcaption><\/figcaption><\/figure>\n<p>\n  \u0130qtisad\u00e7\u0131 hesab edir ki, Beyn\u0259lxalq Bank\u0131n r\u0259hb\u0259rinin haz\u0131rk\u0131 h\u0259sas d\u00f6vrd\u0259 q\u0259fil istefas\u0131 d\u00f6vl\u0259t\u0259 m\u0259xsus olan s\u0259hml\u0259rin \u00f6z\u0259ll\u0259\u015fdirilm\u0259si v\u0259 bank\u0131n yenid\u0259n strukturla\u015fmas\u0131 il\u0259 \u0259laq\u0259dar ola bil\u0259r.\n<\/p>\n<p>\n  &#8220;Beyn\u0259lxalq Valyuta Fondunun (BVF) Az\u0259rbaycana m\u00fcnt\u0259z\u0259m s\u0259f\u0259r ed\u0259n misiyas\u0131 d\u0259f\u0259l\u0259rl\u0259 Beyn\u0259lxalq Bank\u0131n kapitalizasiyas\u0131 plan\u0131 ciddi narahatl\u0131q ifad\u0259 etmi\u015f v\u0259 misiya bank\u0131n kapitalizasiyas\u0131 il\u0259 paralel, ABB-da beyn\u0259lxalq praktikaya uy\u011fun \u015f\u0259kild\u0259 restrukturizasiya aparma\u011f\u0131 t\u00f6vsiy\u0259 edib. Odur ki, haz\u0131rk\u0131 istefa il\u0259 bank\u0131n g\u0259l\u0259c\u0259kd\u0259 \u00f6z\u0259ll\u0259\u015fdiirlm\u0259y\u0259 a\u00e7\u0131lmas\u0131 aras\u0131nda \u0259laq\u0259 olmas\u0131 \u015f\u00fcbh\u0259 do\u011furmur v\u0259 bu istefan\u0131 bank kapital\u0131 u\u011frunda oliqarxlar aras\u0131nda \u00e7oxdan ba\u015flam\u0131\u015f gizli m\u00fcbariz\u0259nin ilkin n\u0259tic\u0259si kimi qiym\u0259tl\u0259ndirm\u0259k m\u00fcmk\u00fcnd\u00fcr&#8221;,- dey\u0259 \u0130bado\u011flu fikrini tamamlay\u0131b.\n<\/p><\/p>\n","protected":false},"excerpt":{"rendered":"<p>&#8220;Bundan daha \u00e7ox itir\u0259n bank\u0131n s\u0259hml\u0259rinin 49,8 faizin\u0259 malik olan \u00f6z\u0259l s\u0259hmdarlar ola bil\u0259r&#8221;<\/p>\n","protected":false},"author":11,"featured_media":21683,"comment_status":"closed","ping_status":"open","sticky":false,"template":"","format":"standard","meta":{"_acf_changed":false,"_sitemap_exclude":false,"_sitemap_priority":"","_sitemap_frequency":"","footnotes":""},"categories":[56],"tags":[],"class_list":["post-167306","post","type-post","status-publish","format-standard","has-post-thumbnail","hentry","category-xeberler","infinite-scroll-item","generate-columns","tablet-grid-50","mobile-grid-100","grid-parent","grid-33","no-featured-image-padding"],"acf":[],"yoast_head":"<!-- This site is optimized with the Yoast SEO plugin v28.4 - https:\/\/yoast.com\/product\/yoast-seo-wordpress\/ -->\n<title>Qubad \u0130bado\u011flu: &quot;Cahangir Hac\u0131yevin istefas\u0131 \u00f6z\u0259ll\u0259\u015fdirm\u0259 il\u0259 \u0259laq\u0259li ola bil\u0259r&quot; - MEYDAN.TV<\/title>\n<meta name=\"robots\" content=\"index, follow, max-snippet:-1, max-image-preview:large, max-video-preview:-1\" \/>\n<link rel=\"canonical\" href=\"https:\/\/www.meydan.tv\/az\/article\/qubad-ibadoglu-cahangir-haciyevin-istefasi-ozellesdirme-ile-elaqeli-ola-biler\/\" \/>\n<meta property=\"og:locale\" content=\"az_AZ\" \/>\n<meta property=\"og:type\" content=\"article\" \/>\n<meta property=\"og:title\" content=\"Qubad \u0130bado\u011flu: &quot;Cahangir Hac\u0131yevin istefas\u0131 \u00f6z\u0259ll\u0259\u015fdirm\u0259 il\u0259 \u0259laq\u0259li ola bil\u0259r&quot; - MEYDAN.TV\" \/>\n<meta property=\"og:description\" content=\"&quot;Bundan daha \u00e7ox itir\u0259n bank\u0131n s\u0259hml\u0259rinin 49,8 faizin\u0259 malik olan \u00f6z\u0259l s\u0259hmdarlar ola bil\u0259r&quot;\" \/>\n<meta property=\"og:url\" content=\"https:\/\/www.meydan.tv\/az\/article\/qubad-ibadoglu-cahangir-haciyevin-istefasi-ozellesdirme-ile-elaqeli-ola-biler\/\" \/>\n<meta property=\"og:site_name\" content=\"MEYDAN.TV\" \/>\n<meta property=\"article:published_time\" content=\"2015-03-19T12:03:47+00:00\" \/>\n<meta property=\"og:image\" content=\"https:\/\/www.meydan.tv\/wp-content\/uploads\/7838.jpg\" \/>\n\t<meta property=\"og:image:width\" content=\"440\" \/>\n\t<meta property=\"og:image:height\" content=\"300\" \/>\n\t<meta property=\"og:image:type\" content=\"image\/jpeg\" \/>\n<meta name=\"twitter:card\" content=\"summary_large_image\" \/>\n<!-- \/ Yoast SEO plugin. -->","yoast_head_json":{"title":"Qubad \u0130bado\u011flu: \"Cahangir Hac\u0131yevin istefas\u0131 \u00f6z\u0259ll\u0259\u015fdirm\u0259 il\u0259 \u0259laq\u0259li ola bil\u0259r\" - MEYDAN.TV","robots":{"index":"index","follow":"follow","max-snippet":"max-snippet:-1","max-image-preview":"max-image-preview:large","max-video-preview":"max-video-preview:-1"},"canonical":"https:\/\/www.meydan.tv\/az\/article\/qubad-ibadoglu-cahangir-haciyevin-istefasi-ozellesdirme-ile-elaqeli-ola-biler\/","og_locale":"az_AZ","og_type":"article","og_title":"Qubad \u0130bado\u011flu: \"Cahangir Hac\u0131yevin istefas\u0131 \u00f6z\u0259ll\u0259\u015fdirm\u0259 il\u0259 \u0259laq\u0259li ola bil\u0259r\" - MEYDAN.TV","og_description":"\"Bundan daha \u00e7ox itir\u0259n bank\u0131n s\u0259hml\u0259rinin 49,8 faizin\u0259 malik olan \u00f6z\u0259l s\u0259hmdarlar ola bil\u0259r\"","og_url":"https:\/\/www.meydan.tv\/az\/article\/qubad-ibadoglu-cahangir-haciyevin-istefasi-ozellesdirme-ile-elaqeli-ola-biler\/","og_site_name":"MEYDAN.TV","article_published_time":"2015-03-19T12:03:47+00:00","og_image":[{"width":440,"height":300,"url":"https:\/\/www.meydan.tv\/wp-content\/uploads\/7838.jpg","type":"image\/jpeg"}],"twitter_card":"summary_large_image","schema":{"@context":"https:\/\/schema.org","@graph":[{"@type":"Article","@id":"https:\/\/www.meydan.tv\/az\/article\/qubad-ibadoglu-cahangir-haciyevin-istefasi-ozellesdirme-ile-elaqeli-ola-biler\/#article","isPartOf":{"@id":"https:\/\/www.meydan.tv\/az\/article\/qubad-ibadoglu-cahangir-haciyevin-istefasi-ozellesdirme-ile-elaqeli-ola-biler\/"},"author":{"name":"user-manager","@id":"https:\/\/www.meydan.tv\/az\/#\/schema\/person\/10d11eccf6da3662cf5fdab9806ea91a"},"headline":"Qubad \u0130bado\u011flu: &#8220;Cahangir Hac\u0131yevin istefas\u0131 \u00f6z\u0259ll\u0259\u015fdirm\u0259 il\u0259 \u0259laq\u0259li ola bil\u0259r&#8221;","datePublished":"2015-03-19T12:03:47+00:00","mainEntityOfPage":{"@id":"https:\/\/www.meydan.tv\/az\/article\/qubad-ibadoglu-cahangir-haciyevin-istefasi-ozellesdirme-ile-elaqeli-ola-biler\/"},"wordCount":449,"publisher":{"@id":"https:\/\/www.meydan.tv\/az\/#organization"},"image":{"@id":"https:\/\/www.meydan.tv\/az\/article\/qubad-ibadoglu-cahangir-haciyevin-istefasi-ozellesdirme-ile-elaqeli-ola-biler\/#primaryimage"},"thumbnailUrl":"https:\/\/www.meydan.tv\/wp-content\/uploads\/7838.jpg","articleSection":["X\u0259b\u0259rl\u0259r"],"inLanguage":"az"},{"@type":"WebPage","@id":"https:\/\/www.meydan.tv\/az\/article\/qubad-ibadoglu-cahangir-haciyevin-istefasi-ozellesdirme-ile-elaqeli-ola-biler\/","url":"https:\/\/www.meydan.tv\/az\/article\/qubad-ibadoglu-cahangir-haciyevin-istefasi-ozellesdirme-ile-elaqeli-ola-biler\/","name":"Qubad \u0130bado\u011flu: \"Cahangir Hac\u0131yevin istefas\u0131 \u00f6z\u0259ll\u0259\u015fdirm\u0259 il\u0259 \u0259laq\u0259li ola bil\u0259r\" - MEYDAN.TV","isPartOf":{"@id":"https:\/\/www.meydan.tv\/az\/#website"},"primaryImageOfPage":{"@id":"https:\/\/www.meydan.tv\/az\/article\/qubad-ibadoglu-cahangir-haciyevin-istefasi-ozellesdirme-ile-elaqeli-ola-biler\/#primaryimage"},"image":{"@id":"https:\/\/www.meydan.tv\/az\/article\/qubad-ibadoglu-cahangir-haciyevin-istefasi-ozellesdirme-ile-elaqeli-ola-biler\/#primaryimage"},"thumbnailUrl":"https:\/\/www.meydan.tv\/wp-content\/uploads\/7838.jpg","datePublished":"2015-03-19T12:03:47+00:00","breadcrumb":{"@id":"https:\/\/www.meydan.tv\/az\/article\/qubad-ibadoglu-cahangir-haciyevin-istefasi-ozellesdirme-ile-elaqeli-ola-biler\/#breadcrumb"},"inLanguage":"az","potentialAction":[{"@type":"ReadAction","target":["https:\/\/www.meydan.tv\/az\/article\/qubad-ibadoglu-cahangir-haciyevin-istefasi-ozellesdirme-ile-elaqeli-ola-biler\/"]}]},{"@type":"ImageObject","inLanguage":"az","@id":"https:\/\/www.meydan.tv\/az\/article\/qubad-ibadoglu-cahangir-haciyevin-istefasi-ozellesdirme-ile-elaqeli-ola-biler\/#primaryimage","url":"https:\/\/www.meydan.tv\/wp-content\/uploads\/7838.jpg","contentUrl":"https:\/\/www.meydan.tv\/wp-content\/uploads\/7838.jpg","width":440,"height":300,"caption":"Source:"},{"@type":"BreadcrumbList","@id":"https:\/\/www.meydan.tv\/az\/article\/qubad-ibadoglu-cahangir-haciyevin-istefasi-ozellesdirme-ile-elaqeli-ola-biler\/#breadcrumb","itemListElement":[{"@type":"ListItem","position":1,"name":"Ana s\u0259hif\u0259","item":"https:\/\/www.meydan.tv\/az\/"},{"@type":"ListItem","position":2,"name":"X\u0259b\u0259rl\u0259r","item":"https:\/\/www.meydan.tv\/az\/section\/xeberler\/"},{"@type":"ListItem","position":3,"name":"Qubad \u0130bado\u011flu: &#8220;Cahangir Hac\u0131yevin istefas\u0131 \u00f6z\u0259ll\u0259\u015fdirm\u0259 il\u0259 \u0259laq\u0259li ola bil\u0259r&#8221;"}]},{"@type":"WebSite","@id":"https:\/\/www.meydan.tv\/az\/#website","url":"https:\/\/www.meydan.tv\/az\/","name":"MEYDAN.TV","description":"Meydan TV Az\u0259rbaycan\u0131n media m\u0259kan\u0131ndak\u0131 alternativ s\u0259sidir","publisher":{"@id":"https:\/\/www.meydan.tv\/az\/#organization"},"potentialAction":[{"@type":"SearchAction","target":{"@type":"EntryPoint","urlTemplate":"https:\/\/www.meydan.tv\/az\/?s={search_term_string}"},"query-input":{"@type":"PropertyValueSpecification","valueRequired":true,"valueName":"search_term_string"}}],"inLanguage":"az"},{"@type":"Organization","@id":"https:\/\/www.meydan.tv\/az\/#organization","name":"Meydan TV","url":"https:\/\/www.meydan.tv\/az\/","logo":{"@type":"ImageObject","inLanguage":"az","@id":"https:\/\/www.meydan.tv\/az\/#\/schema\/logo\/image\/","url":"https:\/\/www.meydan.tv\/wp-content\/uploads\/2021\/07\/meydan-logo.svg","contentUrl":"https:\/\/www.meydan.tv\/wp-content\/uploads\/2021\/07\/meydan-logo.svg","width":195,"height":46,"caption":"Meydan TV"},"image":{"@id":"https:\/\/www.meydan.tv\/az\/#\/schema\/logo\/image\/"}},{"@type":"Person","@id":"https:\/\/www.meydan.tv\/az\/#\/schema\/person\/10d11eccf6da3662cf5fdab9806ea91a","name":"user-manager"}]}},"_links":{"self":[{"href":"https:\/\/www.meydan.tv\/az\/wp-json\/wp\/v2\/posts\/167306","targetHints":{"allow":["GET"]}}],"collection":[{"href":"https:\/\/www.meydan.tv\/az\/wp-json\/wp\/v2\/posts"}],"about":[{"href":"https:\/\/www.meydan.tv\/az\/wp-json\/wp\/v2\/types\/post"}],"author":[{"embeddable":true,"href":"https:\/\/www.meydan.tv\/az\/wp-json\/wp\/v2\/users\/11"}],"replies":[{"embeddable":true,"href":"https:\/\/www.meydan.tv\/az\/wp-json\/wp\/v2\/comments?post=167306"}],"version-history":[{"count":0,"href":"https:\/\/www.meydan.tv\/az\/wp-json\/wp\/v2\/posts\/167306\/revisions"}],"wp:featuredmedia":[{"embeddable":true,"href":"https:\/\/www.meydan.tv\/az\/wp-json\/wp\/v2\/media\/21683"}],"wp:attachment":[{"href":"https:\/\/www.meydan.tv\/az\/wp-json\/wp\/v2\/media?parent=167306"}],"wp:term":[{"taxonomy":"category","embeddable":true,"href":"https:\/\/www.meydan.tv\/az\/wp-json\/wp\/v2\/categories?post=167306"},{"taxonomy":"post_tag","embeddable":true,"href":"https:\/\/www.meydan.tv\/az\/wp-json\/wp\/v2\/tags?post=167306"}],"curies":[{"name":"wp","href":"https:\/\/api.w.org\/{rel}","templated":true}]}}