{"id":167303,"date":"2015-03-19T00:48:38","date_gmt":"2015-03-19T00:48:38","guid":{"rendered":"https:\/\/www.meydan.tv\/article\/beynelxalq-bankin-prezidenti-istefa-verdi\/"},"modified":"2015-03-19T00:48:38","modified_gmt":"2015-03-19T00:48:38","slug":"beynelxalq-bankin-prezidenti-istefa-verdi","status":"publish","type":"post","link":"https:\/\/www.meydan.tv\/az\/article\/beynelxalq-bankin-prezidenti-istefa-verdi\/","title":{"rendered":"Beyn\u0259lxalq Bank\u0131n prezidenti istefa verdi"},"content":{"rendered":"<figure class=\"wp-block-image size-large\">\n  <img decoding=\"async\" src=\"https:\/\/www.meydan.tv\/az\/21668\/\" alt=\"\" class=\"wp-image-21668\"\/><figcaption><\/figcaption><\/figure>\n<figure class=\"wp-block-image size-large\">\n  <img decoding=\"async\" src=\"https:\/\/www.meydan.tv\/az\/21668\/\" alt=\"\" class=\"wp-image-21668\"\/><figcaption><\/figcaption><\/figure>\n<p><div>\n    \u0130dar\u0259 Hey\u0259ti s\u0259drinin v\u0259zif\u0259sinin m\u00fcv\u0259qq\u0259ti icras\u0131 \u0130dar\u0259 hey\u0259ti s\u0259drinin birinci m\u00fcavini Emil Mustafayev\u0259 h\u0259val\u0259 edilib\n  <\/div>\n<\/p>\n<p><div><\/div>\n<\/p>\n<p><div>\n    Az\u0259rbaycan Beyn\u0259lxalq Bank\u0131n\u0131n \u0130dar\u0259 Hey\u0259tinin s\u0259dri Cahangir Hac\u0131yev istefa verib.\n  <\/div>\n<\/p>\n<p>\n  Bankdan<br \/>\n  <a href=\"https:\/\/apa.az\/\"><br \/>\n    APA<br \/>\n  <\/a><br \/>\n  -ya veril\u0259n m\u0259lumata g\u00f6r\u0259,\u00a0Az\u0259rbaycan Beyn\u0259lxalq Bank\u0131n\u0131n M\u00fc\u015fahid\u0259 \u015euras\u0131n\u0131n mart\u0131n 18-d\u0259\u00a0ke\u00e7irilmi\u015f iclas\u0131nda Bank\u0131n \u0130dar\u0259 Hey\u0259tinin s\u0259dri Cahangir Hac\u0131yevin s\u0259hh\u0259ti il\u0259 \u0259laq\u0259dar tutdu\u011fu v\u0259zif\u0259d\u0259n azad edilm\u0259si bar\u0259sind\u0259 \u0259riz\u0259si t\u0259min edilib.\n<\/p>\n<p>\n  \u0130dar\u0259 Hey\u0259ti s\u0259drinin v\u0259zif\u0259sinin m\u00fcv\u0259qq\u0259ti icras\u0131 \u0130dar\u0259 hey\u0259ti s\u0259drinin birinci m\u00fcavini Emil Mustafayev\u0259 h\u0259val\u0259 edilib.\n<\/p>\n<p>\n  Az\u0259rbaycan d\u00f6vl\u0259tini Bankda t\u0259msil ed\u0259n Az\u0259rbaycan Respublikas\u0131n\u0131n\u00a0Maliyy\u0259 Nazirliyi\u00a0h\u0259min iclasda \u00f6lk\u0259nin \u0259n iri bank\u0131n\u0131n inki\u015faf\u0131na g\u0259l\u0259c\u0259kd\u0259 d\u0259 tam d\u0259st\u0259k olaca\u011f\u0131n\u0131 bildirib.\n<\/p>\n<p>\n  Ekspert Samir \u018fliyev \u00f6z Facebook s\u0259hif\u0259sind\u0259 istefan\u0131 bel\u0259 d\u0259y\u0259rl\u0259ndirib: &#8220;Az\u0259rbaycan\u0131n \u0259n b\u00f6y\u00fck bank\u0131 olan Beyn\u0259lxalq Bank\u0131n\u0131n \u00e7oxlu problemi var. Problemli kreditl\u0259rin h\u0259cmi h\u0259ddind\u0259n art\u0131q \u015fi\u015fib. Bank\u0131n problemi devalvasiyadan sonra x\u00fcsusil\u0259 t\u0259hl\u00fck\u0259li h\u0259dd\u0259 \u00e7at\u0131b. G\u00f6r\u00fcn\u00fcr, Cahangir Hac\u0131yevin istefaya g\u00f6nd\u0259rilm\u0259sind\u0259 \u0259sas s\u0259b\u0259b bank\u0131n d\u00fc\u015fd\u00fcy\u00fc indiki a\u011f\u0131r durumdur&#8221;.\n<\/p><\/p>\n","protected":false},"excerpt":{"rendered":"<p>\u0130dar\u0259 Hey\u0259ti s\u0259drinin v\u0259zif\u0259sinin m\u00fcv\u0259qq\u0259ti icras\u0131 \u0130dar\u0259 hey\u0259ti s\u0259drinin birinci m\u00fcavini Emil Mustafayev\u0259 h\u0259val\u0259 edilib<\/p>\n","protected":false},"author":11,"featured_media":21668,"comment_status":"closed","ping_status":"open","sticky":false,"template":"","format":"standard","meta":{"_acf_changed":false,"_sitemap_exclude":false,"_sitemap_priority":"","_sitemap_frequency":"","footnotes":""},"categories":[56],"tags":[],"class_list":["post-167303","post","type-post","status-publish","format-standard","has-post-thumbnail","hentry","category-xeberler","infinite-scroll-item","generate-columns","tablet-grid-50","mobile-grid-100","grid-parent","grid-33","no-featured-image-padding"],"acf":[],"yoast_head":"<!-- This site is optimized with the Yoast SEO plugin v28.4 - https:\/\/yoast.com\/product\/yoast-seo-wordpress\/ -->\n<title>Beyn\u0259lxalq Bank\u0131n prezidenti istefa verdi - MEYDAN.TV<\/title>\n<meta name=\"robots\" content=\"index, follow, max-snippet:-1, max-image-preview:large, max-video-preview:-1\" \/>\n<link rel=\"canonical\" href=\"https:\/\/www.meydan.tv\/az\/article\/beynelxalq-bankin-prezidenti-istefa-verdi\/\" \/>\n<meta property=\"og:locale\" content=\"az_AZ\" \/>\n<meta property=\"og:type\" content=\"article\" \/>\n<meta property=\"og:title\" content=\"Beyn\u0259lxalq Bank\u0131n prezidenti istefa verdi - MEYDAN.TV\" \/>\n<meta property=\"og:description\" content=\"\u0130dar\u0259 Hey\u0259ti s\u0259drinin v\u0259zif\u0259sinin m\u00fcv\u0259qq\u0259ti icras\u0131 \u0130dar\u0259 hey\u0259ti s\u0259drinin birinci m\u00fcavini Emil Mustafayev\u0259 h\u0259val\u0259 edilib\" \/>\n<meta property=\"og:url\" content=\"https:\/\/www.meydan.tv\/az\/article\/beynelxalq-bankin-prezidenti-istefa-verdi\/\" \/>\n<meta property=\"og:site_name\" content=\"MEYDAN.TV\" \/>\n<meta property=\"article:published_time\" content=\"2015-03-19T00:48:38+00:00\" \/>\n<meta property=\"og:image\" content=\"https:\/\/www.meydan.tv\/wp-content\/uploads\/7835.jpg\" \/>\n\t<meta property=\"og:image:width\" content=\"275\" \/>\n\t<meta property=\"og:image:height\" content=\"183\" \/>\n\t<meta property=\"og:image:type\" content=\"image\/jpeg\" \/>\n<meta name=\"twitter:card\" content=\"summary_large_image\" \/>\n<!-- \/ Yoast SEO plugin. -->","yoast_head_json":{"title":"Beyn\u0259lxalq Bank\u0131n prezidenti istefa verdi - MEYDAN.TV","robots":{"index":"index","follow":"follow","max-snippet":"max-snippet:-1","max-image-preview":"max-image-preview:large","max-video-preview":"max-video-preview:-1"},"canonical":"https:\/\/www.meydan.tv\/az\/article\/beynelxalq-bankin-prezidenti-istefa-verdi\/","og_locale":"az_AZ","og_type":"article","og_title":"Beyn\u0259lxalq Bank\u0131n prezidenti istefa verdi - MEYDAN.TV","og_description":"\u0130dar\u0259 Hey\u0259ti s\u0259drinin v\u0259zif\u0259sinin m\u00fcv\u0259qq\u0259ti icras\u0131 \u0130dar\u0259 hey\u0259ti s\u0259drinin birinci m\u00fcavini Emil Mustafayev\u0259 h\u0259val\u0259 edilib","og_url":"https:\/\/www.meydan.tv\/az\/article\/beynelxalq-bankin-prezidenti-istefa-verdi\/","og_site_name":"MEYDAN.TV","article_published_time":"2015-03-19T00:48:38+00:00","og_image":[{"width":275,"height":183,"url":"https:\/\/www.meydan.tv\/wp-content\/uploads\/7835.jpg","type":"image\/jpeg"}],"twitter_card":"summary_large_image","schema":{"@context":"https:\/\/schema.org","@graph":[{"@type":"Article","@id":"https:\/\/www.meydan.tv\/az\/article\/beynelxalq-bankin-prezidenti-istefa-verdi\/#article","isPartOf":{"@id":"https:\/\/www.meydan.tv\/az\/article\/beynelxalq-bankin-prezidenti-istefa-verdi\/"},"author":{"name":"user-manager","@id":"https:\/\/www.meydan.tv\/az\/#\/schema\/person\/10d11eccf6da3662cf5fdab9806ea91a"},"headline":"Beyn\u0259lxalq Bank\u0131n prezidenti istefa verdi","datePublished":"2015-03-19T00:48:38+00:00","mainEntityOfPage":{"@id":"https:\/\/www.meydan.tv\/az\/article\/beynelxalq-bankin-prezidenti-istefa-verdi\/"},"wordCount":261,"publisher":{"@id":"https:\/\/www.meydan.tv\/az\/#organization"},"image":{"@id":"https:\/\/www.meydan.tv\/az\/article\/beynelxalq-bankin-prezidenti-istefa-verdi\/#primaryimage"},"thumbnailUrl":"https:\/\/www.meydan.tv\/wp-content\/uploads\/7835.jpg","articleSection":["X\u0259b\u0259rl\u0259r"],"inLanguage":"az"},{"@type":"WebPage","@id":"https:\/\/www.meydan.tv\/az\/article\/beynelxalq-bankin-prezidenti-istefa-verdi\/","url":"https:\/\/www.meydan.tv\/az\/article\/beynelxalq-bankin-prezidenti-istefa-verdi\/","name":"Beyn\u0259lxalq Bank\u0131n prezidenti istefa verdi - MEYDAN.TV","isPartOf":{"@id":"https:\/\/www.meydan.tv\/az\/#website"},"primaryImageOfPage":{"@id":"https:\/\/www.meydan.tv\/az\/article\/beynelxalq-bankin-prezidenti-istefa-verdi\/#primaryimage"},"image":{"@id":"https:\/\/www.meydan.tv\/az\/article\/beynelxalq-bankin-prezidenti-istefa-verdi\/#primaryimage"},"thumbnailUrl":"https:\/\/www.meydan.tv\/wp-content\/uploads\/7835.jpg","datePublished":"2015-03-19T00:48:38+00:00","breadcrumb":{"@id":"https:\/\/www.meydan.tv\/az\/article\/beynelxalq-bankin-prezidenti-istefa-verdi\/#breadcrumb"},"inLanguage":"az","potentialAction":[{"@type":"ReadAction","target":["https:\/\/www.meydan.tv\/az\/article\/beynelxalq-bankin-prezidenti-istefa-verdi\/"]}]},{"@type":"ImageObject","inLanguage":"az","@id":"https:\/\/www.meydan.tv\/az\/article\/beynelxalq-bankin-prezidenti-istefa-verdi\/#primaryimage","url":"https:\/\/www.meydan.tv\/wp-content\/uploads\/7835.jpg","contentUrl":"https:\/\/www.meydan.tv\/wp-content\/uploads\/7835.jpg","width":275,"height":183,"caption":"Source:"},{"@type":"BreadcrumbList","@id":"https:\/\/www.meydan.tv\/az\/article\/beynelxalq-bankin-prezidenti-istefa-verdi\/#breadcrumb","itemListElement":[{"@type":"ListItem","position":1,"name":"Ana s\u0259hif\u0259","item":"https:\/\/www.meydan.tv\/az\/"},{"@type":"ListItem","position":2,"name":"X\u0259b\u0259rl\u0259r","item":"https:\/\/www.meydan.tv\/az\/section\/xeberler\/"},{"@type":"ListItem","position":3,"name":"Beyn\u0259lxalq Bank\u0131n prezidenti istefa verdi"}]},{"@type":"WebSite","@id":"https:\/\/www.meydan.tv\/az\/#website","url":"https:\/\/www.meydan.tv\/az\/","name":"MEYDAN.TV","description":"Meydan TV Az\u0259rbaycan\u0131n media m\u0259kan\u0131ndak\u0131 alternativ s\u0259sidir","publisher":{"@id":"https:\/\/www.meydan.tv\/az\/#organization"},"potentialAction":[{"@type":"SearchAction","target":{"@type":"EntryPoint","urlTemplate":"https:\/\/www.meydan.tv\/az\/?s={search_term_string}"},"query-input":{"@type":"PropertyValueSpecification","valueRequired":true,"valueName":"search_term_string"}}],"inLanguage":"az"},{"@type":"Organization","@id":"https:\/\/www.meydan.tv\/az\/#organization","name":"Meydan TV","url":"https:\/\/www.meydan.tv\/az\/","logo":{"@type":"ImageObject","inLanguage":"az","@id":"https:\/\/www.meydan.tv\/az\/#\/schema\/logo\/image\/","url":"https:\/\/www.meydan.tv\/wp-content\/uploads\/2021\/07\/meydan-logo.svg","contentUrl":"https:\/\/www.meydan.tv\/wp-content\/uploads\/2021\/07\/meydan-logo.svg","width":195,"height":46,"caption":"Meydan TV"},"image":{"@id":"https:\/\/www.meydan.tv\/az\/#\/schema\/logo\/image\/"}},{"@type":"Person","@id":"https:\/\/www.meydan.tv\/az\/#\/schema\/person\/10d11eccf6da3662cf5fdab9806ea91a","name":"user-manager"}]}},"_links":{"self":[{"href":"https:\/\/www.meydan.tv\/az\/wp-json\/wp\/v2\/posts\/167303","targetHints":{"allow":["GET"]}}],"collection":[{"href":"https:\/\/www.meydan.tv\/az\/wp-json\/wp\/v2\/posts"}],"about":[{"href":"https:\/\/www.meydan.tv\/az\/wp-json\/wp\/v2\/types\/post"}],"author":[{"embeddable":true,"href":"https:\/\/www.meydan.tv\/az\/wp-json\/wp\/v2\/users\/11"}],"replies":[{"embeddable":true,"href":"https:\/\/www.meydan.tv\/az\/wp-json\/wp\/v2\/comments?post=167303"}],"version-history":[{"count":0,"href":"https:\/\/www.meydan.tv\/az\/wp-json\/wp\/v2\/posts\/167303\/revisions"}],"wp:featuredmedia":[{"embeddable":true,"href":"https:\/\/www.meydan.tv\/az\/wp-json\/wp\/v2\/media\/21668"}],"wp:attachment":[{"href":"https:\/\/www.meydan.tv\/az\/wp-json\/wp\/v2\/media?parent=167303"}],"wp:term":[{"taxonomy":"category","embeddable":true,"href":"https:\/\/www.meydan.tv\/az\/wp-json\/wp\/v2\/categories?post=167303"},{"taxonomy":"post_tag","embeddable":true,"href":"https:\/\/www.meydan.tv\/az\/wp-json\/wp\/v2\/tags?post=167303"}],"curies":[{"name":"wp","href":"https:\/\/api.w.org\/{rel}","templated":true}]}}