{"id":167302,"date":"2015-03-18T19:24:33","date_gmt":"2015-03-18T19:24:33","guid":{"rendered":"https:\/\/www.meydan.tv\/article\/ilham-eliyev-efv-serencami-imzaladi-siyahi\/"},"modified":"2015-03-18T19:24:33","modified_gmt":"2015-03-18T19:24:33","slug":"ilham-eliyev-efv-serencami-imzaladi-siyahi","status":"publish","type":"post","link":"https:\/\/www.meydan.tv\/az\/article\/ilham-eliyev-efv-serencami-imzaladi-siyahi\/","title":{"rendered":"\u0130lham \u018fliyev \u0259fv s\u0259r\u0259ncam\u0131 imzalad\u0131 (S\u0130YAHI)"},"content":{"rendered":"<figure class=\"wp-block-image size-large\">\n  <img decoding=\"async\" src=\"https:\/\/www.meydan.tv\/az\/21631\/\" alt=\"\" class=\"wp-image-21631\"\/><figcaption><\/figcaption><\/figure>\n<figure class=\"wp-block-image size-large\">\n  <img decoding=\"async\" src=\"https:\/\/www.meydan.tv\/az\/21631\/\" alt=\"\" class=\"wp-image-21631\"\/><figcaption><\/figcaption><\/figure>\n<p>\n  <b><br \/>\n    \u00d6lk\u0259 ba\u015f\u00e7\u0131s\u0131 \u0130lham \u018fliyev 18 martda \u0259fv s\u0259r\u0259ncam\u0131 imzalay\u0131b. S\u0259r\u0259ncamda siyasi m\u0259hbuslardan yaln\u0131z iki n\u0259f\u0259r- B\u0259\u015fir S\u00fcleymanl\u0131 v\u0259 Orxan Eyyubzad\u0259 azad edilib. \u00a0Hicab m\u0259hbusu Anar Qas\u0131ml\u0131 da \u0259fv olunanlar\u0131n siyah\u0131s\u0131ndad\u0131r.<br \/>\n  <\/b>\n<\/p>\n<p>\n  <b><br \/>\n    \u018ffv olunan \u015f\u0259xsl\u0259rin siyah\u0131s\u0131n\u0131 t\u0259qdim edirik:<br \/>\n  <\/b>\n<\/p>\n<p>\n  1.1. Abasova \u0130rad\u0259 M\u0259h\u0259mm\u0259d q\u0131z\u0131, 1959-cu ild\u0259 anadan olmu\u015f, Az\u0259rbaycan Respublikas\u0131n\u0131n v\u0259t\u0259nda\u015f\u0131, L\u0259nk\u0259ran A\u011f\u0131r Cinay\u0259tl\u0259r M\u0259hk\u0259m\u0259sinin 2012-ci il 24 avqust tarixli h\u00f6km\u00fc il\u0259 m\u0259hkum edilmi\u015fdir.<\/p>\n<p>  1.2. Abdullayev El\u00e7in Eldar o\u011flu, 1962-ci ild\u0259 anadan olmu\u015f, Az\u0259rbayca Respublikas\u0131n\u0131n v\u0259t\u0259nda\u015f\u0131, L\u0259nk\u0259ran rayon m\u0259hk\u0259m\u0259sinin 2014-c\u00fc il 12 fevral tarixli h\u00f6km\u00fc il\u0259 m\u0259hkum edilmi\u015fdir.<\/p>\n<p>  1.3. Abdur\u0259hmanova \u015eahnaz Kamal q\u0131z\u0131, 1990-c\u0131 ild\u0259 anadan olmu\u015f, Az\u0259rbaycan Respublikas\u0131n\u0131n v\u0259t\u0259nda\u015f\u0131, Bak\u0131 A\u011f\u0131r Cinay\u0259tl\u0259r M\u0259hk\u0259m\u0259sinin 2011-ci il 13 may tarixli h\u00f6km\u00fc il\u0259 m\u0259hkum edilmi\u015fdir.<\/p>\n<p>  1.4. A\u011fayev P\u0259rviz Zabit o\u011flu, 1993-c\u00fc ild\u0259 anadan olmu\u015f, Az\u0259rbaycan Respublikas\u0131n\u0131n v\u0259t\u0259nda\u015f\u0131, T\u0259rt\u0259r h\u0259rbi m\u0259hk\u0259m\u0259sinin 2013-c\u00fc il 6 mart tarixli h\u00f6km\u00fc il\u0259 m\u0259hkum edilmi\u015fdir.<\/p>\n<p>  1.5. Babayev Anar A\u011fag\u00fcl o\u011flu, 1990-c\u0131 ild\u0259 anadan olmu\u015f, Az\u0259rbaycan Respublikas\u0131n\u0131n v\u0259t\u0259nda\u015f\u0131, A\u011f\u0131r Cinay\u0259tl\u0259r\u0259 Dair \u0130\u015fl\u0259r \u00fczr\u0259 Az\u0259rbaycan Respublikas\u0131 M\u0259hk\u0259m\u0259sinin 2008-ci il 16 oktyabr tarixli h\u00f6km\u00fc il\u0259 m\u0259hkum edilmi\u015fdir.<\/p>\n<p>  1.6. Babayev \u0130lqar Qurban o\u011flu, 1988-ci ild\u0259 anadan olmu\u015f, Az\u0259rbaycan Respublikas\u0131n\u0131n v\u0259t\u0259nda\u015f\u0131, G\u0259nc\u0259 A\u011f\u0131r Cinay\u0259tl\u0259r M\u0259hk\u0259m\u0259sinin 2013-c\u00fc il 7 noyabr tarixli h\u00f6km\u00fc il\u0259 m\u0259hkum edilmi\u015fdir.<\/p>\n<p>  1.7. Babayev Mehti Mir A\u011fa o\u011flu, 1972-ci ild\u0259 anadan olmu\u015f, Az\u0259rbaycan Respublikas\u0131n\u0131n v\u0259t\u0259nda\u015f\u0131, Bak\u0131 A\u011f\u0131r Cinay\u0259tl\u0259r M\u0259hk\u0259m\u0259sinin 2013-c\u00fc il 16 dekabr tarixli h\u00f6km\u00fc il\u0259 m\u0259hkum edilmi\u015fdir.<\/p>\n<p>  1.8. Babayev V\u00fcsal B\u0259xtiyar o\u011flu, 1995-ci ild\u0259 anadan olmu\u015f, Az\u0259rbaycan Respublikas\u0131n\u0131n v\u0259t\u0259nda\u015f\u0131, L\u0259nk\u0259ran A\u011f\u0131r Cinay\u0259tl\u0259r M\u0259hk\u0259m\u0259sinin 2012-ci il 12 sentyabr tarixli h\u00f6km\u00fc il\u0259 m\u0259hkum edilmi\u015fdir.<\/p>\n<p>  1.9. Bayramov F\u0259rrux Tahir o\u011flu, 1988-ci ild\u0259 anadan olmu\u015f, Az\u0259rbaycan Respublikas\u0131n\u0131n v\u0259t\u0259nda\u015f\u0131, Bak\u0131 \u015f\u0259h\u0259ri X\u0259tai rayon m\u0259hk\u0259m\u0259sinin 2014-c\u00fc il 29 yanvar tarixli h\u00f6km\u00fc il\u0259 m\u0259hkum edilmi\u015fdir.<\/p>\n<p>  1.10. Bayramov Turxan \u015eamil o\u011flu, 1988-ci ild\u0259 anadan olmu\u015f, Az\u0259rbaycan Respublikas\u0131n\u0131n v\u0259t\u0259nda\u015f\u0131, G\u0259nc\u0259 A\u011f\u0131r Cinay\u0259tl\u0259r M\u0259hk\u0259m\u0259sinin 2012-ci il 24 aprel tarixli h\u00f6km\u00fc il\u0259 m\u0259hkum edilmi\u015fdir.<\/p>\n<p>  1.11. Bayramova Solmaz Bayram q\u0131z\u0131, 1971-ci ild\u0259 anadan olmu\u015f, Az\u0259rbaycan Respublikas\u0131n\u0131n v\u0259t\u0259nda\u015f\u0131, A\u011f\u0131r Cinay\u0259tl\u0259r\u0259 Dair \u0130\u015fl\u0259r \u00fczr\u0259 Az\u0259rbaycan Respublikas\u0131 M\u0259hk\u0259m\u0259sinin 2007-ci il 9 aprel tarixli h\u00f6km\u00fc il\u0259 m\u0259hkum edilmi\u015fdir.<\/p>\n<p>  1.12. B\u0259k\u0259rov Cavan\u015fir Alik o\u011flu, 1979-cu ild\u0259 anadan olmu\u015f, Az\u0259rbaycan Respublikas\u0131n\u0131n v\u0259t\u0259nda\u015f\u0131, Bak\u0131 A\u011f\u0131r Cinay\u0259tl\u0259r M\u0259hk\u0259m\u0259sinin 2012-ci il 5 mart tarixli h\u00f6km\u00fc il\u0259 m\u0259hkum edilmi\u015fdir.<\/p>\n<p>  1.13. B\u0259nib\u0259\u015far\u0259ti S\u0259buhi Qulam o\u011flu, 1977-ci ild\u0259 anadan olmu\u015f, Az\u0259rbaycan Respublikas\u0131n\u0131n v\u0259t\u0259nda\u015f\u0131, Bak\u0131 A\u011f\u0131r Cinay\u0259tl\u0259r M\u0259hk\u0259m\u0259sinin 2012-ci il 9 aprel tarixli h\u00f6km\u00fc il\u0259 m\u0259hkum edilmi\u015fdir.<\/p>\n<p>  1.14. C\u0259f\u0259rov Vur\u011fun Mahmud o\u011flu, 1989-cu ild\u0259 anadan olmu\u015f, Az\u0259rbaycan Respublikas\u0131n\u0131n v\u0259t\u0259nda\u015f\u0131, Bak\u0131 A\u011f\u0131r Cinay\u0259tl\u0259r M\u0259hk\u0259m\u0259sinin 2013-c\u00fc il 30 sentyabr tarixli h\u00f6km\u00fc il\u0259 m\u0259hkum edilmi\u015fdir.<\/p>\n<p>  1.15. C\u0259f\u0259rov Zaur Tahir o\u011flu, 1979-cu ild\u0259 anadan olmu\u015f, Az\u0259rbaycan Respublikas\u0131n\u0131n v\u0259t\u0259nda\u015f\u0131, Bak\u0131 A\u011f\u0131r Cinay\u0259tl\u0259r M\u0259hk\u0259m\u0259sinin 2013-c\u00fc il 26 avqust tarixli h\u00f6km\u00fc il\u0259 m\u0259hkum edilmi\u015fdir.<\/p>\n<p>  1.16. Dada\u015fov Az\u0259r \u018fhm\u0259d o\u011flu, 1960-c\u0131 ild\u0259 anadan olmu\u015f, Az\u0259rbaycan Respublikas\u0131n\u0131n v\u0259t\u0259nda\u015f\u0131, Bak\u0131 A\u011f\u0131r Cinay\u0259tl\u0259r M\u0259hk\u0259m\u0259sinin 2013-c\u00fc il 7 iyun tarixli h\u00f6km\u00fc il\u0259 m\u0259hkum edilmi\u015fdir.<\/p>\n<p>  1.17. Dursunov \u0130qbal M\u0259s\u0259n o\u011flu, 1963-c\u00fc ild\u0259 anadan olmu\u015f, Az\u0259rbaycan Respublikas\u0131n\u0131n v\u0259t\u0259nda\u015f\u0131, \u015e\u0259ki A\u011f\u0131r Cinay\u0259tl\u0259r M\u0259hk\u0259m\u0259sinin 2011-ci il 26 may tarixli h\u00f6km\u00fc il\u0259 m\u0259hkum edilmi\u015fdir.<\/p>\n<p>  1.18. Eldarov El\u015f\u0259n \u015e\u00f6vk\u0259tovi\u00e7, 1986-c\u0131 ild\u0259 anadan olmu\u015f, Az\u0259rbaycan Respublikas\u0131n\u0131n v\u0259t\u0259nda\u015f\u0131, Bak\u0131 A\u011f\u0131r Cinay\u0259tl\u0259r M\u0259hk\u0259m\u0259sinin 2012-ci il 14 fevral tarixli h\u00f6km\u00fc il\u0259 m\u0259hkum edilmi\u015fdir.<\/p>\n<p>  1.19. \u018fh\u0259dzad\u0259 Ceyhun M\u0259zahir o\u011flu, 1993-c\u00fc ild\u0259 anadan olmu\u015f, Az\u0259rbaycan Respublikas\u0131n\u0131n v\u0259t\u0259nda\u015f\u0131, Bak\u0131 A\u011f\u0131r Cinay\u0259tl\u0259r M\u0259hk\u0259m\u0259sinin 2013-c\u00fc il 18 dekabr tarixli h\u00f6km\u00fc il\u0259 m\u0259hkum edilmi\u015fdir.<\/p>\n<p>  1.20. \u018fhm\u0259dov Bayram V\u0259li o\u011flu, 1981-ci ild\u0259 anadan olmu\u015f, Az\u0259rbaycan Respublikas\u0131n\u0131n v\u0259t\u0259nda\u015f\u0131, G\u0259nc\u0259 A\u011f\u0131r Cinay\u0259tl\u0259r M\u0259hk\u0259m\u0259sinin 2013-c\u00fc il 18 dekabr tarixli h\u00f6km\u00fc il\u0259 m\u0259hkum edilmi\u015fdir.<\/p>\n<p>  1.21. \u018fl\u0259kb\u0259rov Mahir Tarix o\u011flu, 1985-ci ild\u0259 anadan olmu\u015f, Az\u0259rbaycan Respublikas\u0131n\u0131n v\u0259t\u0259nda\u015f\u0131, A\u011f\u0131r Cinay\u0259tl\u0259r\u0259 Dair \u0130\u015fl\u0259r \u00fczr\u0259 Az\u0259rbaycan Respublikas\u0131 M\u0259hk\u0259m\u0259sinin 2010-cu il 8 noyabr tarixli h\u00f6km\u00fc il\u0259 m\u0259hkum edilmi\u015fdir.<\/p>\n<p>  1.22. \u018flisoltanov Mahir Soltanm\u0259cid o\u011flu, 1973-c\u00fc ild\u0259 anadan olmu\u015f, Az\u0259rbaycan Respublikas\u0131n\u0131n v\u0259t\u0259nda\u015f\u0131, Bak\u0131 A\u011f\u0131r Cinay\u0259tl\u0259r M\u0259hk\u0259m\u0259sinin 2013-c\u00fc il 18 dekabr tarixli h\u00f6km\u00fc il\u0259 m\u0259hkum edilmi\u015fdir.<\/p>\n<p>  1.23. \u018fli\u015fli Rauf \u018fli\u015f o\u011flu, 1985-ci ild\u0259 anadan olmu\u015f, Az\u0259rbaycan Respublikas\u0131n\u0131n v\u0259t\u0259nda\u015f\u0131, Bak\u0131 A\u011f\u0131r Cinay\u0259tl\u0259r M\u0259hk\u0259m\u0259sinin 2014-c\u00fc il 17 mart tarixli h\u00f6km\u00fc il\u0259 m\u0259hkum edilmi\u015fdir.<\/p>\n<p>  1.24. \u018fliyev El\u00e7in Qurban o\u011flu, 1990-c\u0131 ild\u0259 anadan olmu\u015f, Az\u0259rbaycan Respublikas\u0131n\u0131n v\u0259t\u0259nda\u015f\u0131, G\u0259nc\u0259 A\u011f\u0131r Cinay\u0259tl\u0259r M\u0259hk\u0259m\u0259sinin 2012-ci il 24 aprel tarixli h\u00f6km\u00fc il\u0259 m\u0259hkum edilmi\u015fdir.<\/p>\n<p>  1.25. \u018fliyev \u018fziz M\u0259mm\u0259d o\u011flu, 1982-ci ild\u0259 anadan olmu\u015f, Az\u0259rbaycan Respublikas\u0131n\u0131n v\u0259t\u0259nda\u015f\u0131, F\u00fczuli rayon m\u0259hk\u0259m\u0259sinin 2014-c\u00fc il 22 aprel tarixli h\u00f6km\u00fc il\u0259 m\u0259hkum edilmi\u015fdir.<\/p>\n<p>  1.26. \u018fliyev X\u0259qani N\u0259riman o\u011flu, 1960-c\u0131 ild\u0259 anadan olmu\u015f, Az\u0259rbaycan Respublikas\u0131n\u0131n v\u0259t\u0259nda\u015f\u0131, \u015e\u0259mkir rayon m\u0259hk\u0259m\u0259sinin 2014-c\u00fc il 24 yanvar tarixli h\u00f6km\u00fc il\u0259 m\u0259hkum edilmi\u015fdir.<\/p>\n<p>  1.27. \u018fmrayev Xudaverdi Bala\u011fa o\u011flu, 1957-ci ild\u0259 anadan olmu\u015f, Az\u0259rbaycan Respublikas\u0131n\u0131n v\u0259t\u0259nda\u015f\u0131, L\u0259nk\u0259ran A\u011f\u0131r Cinay\u0259tl\u0259r M\u0259hk\u0259m\u0259sinin 2013-c\u00fc il 19 iyul tarixli h\u00f6km\u00fc il\u0259 m\u0259hkum edilmi\u015fdir.<\/p>\n<p>  1.28. \u018fr\u0259bxanov Ramiz Mehman o\u011flu, 1988-ci ild\u0259 anadan olmu\u015f, Az\u0259rbaycan Respublikas\u0131n\u0131n v\u0259t\u0259nda\u015f\u0131, Bak\u0131 \u015f\u0259h\u0259ri N\u0259simi rayon m\u0259hk\u0259m\u0259sinin 2013-c\u00fc il 10 aprel tarixli h\u00f6km\u00fc il\u0259 m\u0259hkum edilmi\u015fdir.<\/p>\n<p>  1.29. \u018fyyubzad\u0259 Orxan \u0130brahim\u0259jd\u0259r o\u011flu, 1994-c\u00fc ild\u0259 anadan olmu\u015f, Az\u0259rbaycan Respublikas\u0131n\u0131n v\u0259t\u0259nda\u015f\u0131, Bak\u0131 \u015f\u0259h\u0259ri Bin\u0259q\u0259di rayon m\u0259hk\u0259m\u0259sinin 2014-c\u00fc il 15 oktyabr tarixli h\u00f6km\u00fc il\u0259 m\u0259hkum edilmi\u015fdir.<\/p>\n<p>  1.30. \u018fzizov Anar Oktay o\u011flu, 1989-cu ild\u0259 anadan olmu\u015f, Az\u0259rbaycan Respublikas\u0131n\u0131n v\u0259t\u0259nda\u015f\u0131, B\u0259rd\u0259 rayon m\u0259hk\u0259m\u0259sinin 2013-c\u00fc il 29 oktyabr tarixli h\u00f6km\u00fc il\u0259 m\u0259hkum edilmi\u015fdir.<\/p>\n<p>  1.31. \u018fzizov Nahid Mahir o\u011flu, 1989-cu ild\u0259 anadan olmu\u015f, Az\u0259rbaycan Respublikas\u0131n\u0131n v\u0259t\u0259nda\u015f\u0131, Bak\u0131 A\u011f\u0131r Cinay\u0259tl\u0259r M\u0259hk\u0259m\u0259sinin 2013-c\u00fc il 16 dekabr tarixli h\u00f6km\u00fc il\u0259 m\u0259hkum edilmi\u015fdir.<\/p>\n<p>  1.32. F\u0259r\u0259cli Rauf Mircahangir o\u011flu, 1993-c\u00fc ild\u0259 anadan olmu\u015f, Az\u0259rbaycan Respublikas\u0131n\u0131n v\u0259t\u0259nda\u015f\u0131, Bak\u0131 \u015f\u0259h\u0259ri Suraxan\u0131 rayon m\u0259hk\u0259m\u0259sinin 2014-c\u00fc il 7 may tarixli h\u00f6km\u00fc il\u0259 m\u0259hkum edilmi\u015fdir.<\/p>\n<p>  1.33. F\u0259rz\u0259liyev Hiday\u0259t Tahir o\u011flu, 1984-c\u00fc ild\u0259 anadan olmu\u015f, Az\u0259rbaycan Respublikas\u0131n\u0131n v\u0259t\u0259nda\u015f\u0131, L\u0259nk\u0259ran A\u011f\u0131r Cinay\u0259tl\u0259r M\u0259hk\u0259m\u0259sinin 2011-ci il 8 sentyabr tarixli h\u00f6km\u00fc il\u0259 m\u0259hkum edilmi\u015fdir.<\/p>\n<p>  1.34. Hac\u0131yev P\u0259rviz Vaqif o\u011flu, 1985-ci ild\u0259 anadan olmu\u015f, Az\u0259rbaycan Respublikas\u0131n\u0131n v\u0259t\u0259nda\u015f\u0131, \u015e\u0259ki A\u011f\u0131r Cinay\u0259tl\u0259r M\u0259hk\u0259m\u0259sinin 2012-ci il 14 mart tarixli h\u00f6km\u00fc il\u0259 m\u0259hkum edilmi\u015fdir.<\/p>\n<p>  1.35. H\u0259s\u0259nov Etibar \u0130saq o\u011flu, 1965-ci ild\u0259 anadan olmu\u015f, Az\u0259rbaycan Respublikas\u0131n\u0131n v\u0259t\u0259nda\u015f\u0131, G\u0259d\u0259b\u0259y rayon m\u0259hk\u0259m\u0259sinin 2013-c\u00fc il 14 fevral tarixli h\u00f6km\u00fc il\u0259 m\u0259hkum edilmi\u015fdir.<\/p>\n<p>  1.36. H\u0259s\u0259nov F\u0259rahim \u018flverdi o\u011flu, 1987-ci ild\u0259 anadan olmu\u015f, Az\u0259rbaycan Respublikas\u0131n\u0131n v\u0259t\u0259nda\u015f\u0131, L\u0259nk\u0259ran A\u011f\u0131r Cinay\u0259tl\u0259r M\u0259hk\u0259m\u0259sinin 2013-c\u00fc il 22 noyabr tarixli h\u00f6km\u00fc il\u0259 m\u0259hkum edilmi\u015fdir.<\/p>\n<p>  1.37. H\u0259s\u0259nov Fikr\u0259t Hikm\u0259t o\u011flu, 1994-c\u00fc ild\u0259 anadan olmu\u015f, Az\u0259rbaycan Respublikas\u0131n\u0131n v\u0259t\u0259nda\u015f\u0131, T\u0259rt\u0259r h\u0259rbi m\u0259hk\u0259m\u0259sinin 2013-c\u00fc il 17 dekabr tarixli h\u00f6km\u00fc il\u0259 m\u0259hkum edilmi\u015fdir.<\/p>\n<p>  1.38. H\u0259s\u0259nov R\u00f6v\u015f\u0259n \u0130lqar o\u011flu, 1986-c\u0131 ild\u0259 anadan olmu\u015f, Az\u0259rbaycan Respublikas\u0131n\u0131n v\u0259t\u0259nda\u015f\u0131, Bak\u0131 A\u011f\u0131r Cinay\u0259tl\u0259r M\u0259hk\u0259m\u0259sinin 2012-ci il 29 avqust tarixli h\u00f6km\u00fc il\u0259 m\u0259hkum edilmi\u015fdir.<\/p>\n<p>  1.39. H\u0259s\u0259nov S\u0259buhi Nazim o\u011flu, 1985-ci ild\u0259 anadan olmu\u015f, Az\u0259rbaycan Respublikas\u0131n\u0131n v\u0259t\u0259nda\u015f\u0131, Bak\u0131 \u015f\u0259h\u0259ri X\u0259tai rayon m\u0259hk\u0259m\u0259sinin 2014-c\u00fc il 8 aprel tarixli h\u00f6km\u00fc il\u0259 m\u0259hkum edilmi\u015fdir.<\/p>\n<p>  1.40. H\u00fcseynov Kamal G\u00fcla\u011fa o\u011flu, 1978-ci ild\u0259 anadan olmu\u015f, Az\u0259rbaycan Respublikas\u0131n\u0131n v\u0259t\u0259nda\u015f\u0131, Bak\u0131 A\u011f\u0131r Cinay\u0259tl\u0259r M\u0259hk\u0259m\u0259sinin 2012-ci il 12 mart tarixli h\u00f6km\u00fc il\u0259 m\u0259hkum edilmi\u015fdir.<\/p>\n<p>  1.41. H\u00fcseynov Zamiq Elman o\u011flu, 1982-ci ild\u0259 anadan olmu\u015f, Az\u0259rbaycan Respublikas\u0131n\u0131n v\u0259t\u0259nda\u015f\u0131, Bak\u0131 \u015f\u0259h\u0259ri Bin\u0259q\u0259di rayon m\u0259hk\u0259m\u0259sinin 2013-c\u00fc il 28 oktyabr tarixli h\u00f6km\u00fc il\u0259 m\u0259hkum edilmi\u015fdir.<\/p>\n<p>  1.42. H\u00fcseynzad\u0259 Ayd\u0131n Adil o\u011flu, 1993-c\u00fc ild\u0259 anadan olmu\u015f, Az\u0259rbaycan Respublikas\u0131n\u0131n v\u0259t\u0259nda\u015f\u0131, L\u0259nk\u0259ran A\u011f\u0131r Cinay\u0259tl\u0259r M\u0259hk\u0259m\u0259sinin 2013-c\u00fc il 28 noyabr tarixli h\u00f6km\u00fc il\u0259 m\u0259hkum edilmi\u015fdir.<\/p>\n<p>  1.43. X\u0259lilov E\u015fqin Camal o\u011flu, 1974-c\u00fc ild\u0259 anadan olmu\u015f, Az\u0259rbaycan Respublikas\u0131n\u0131n v\u0259t\u0259nda\u015f\u0131, Bak\u0131 \u015f\u0259h\u0259ri N\u0259simi rayon m\u0259hk\u0259m\u0259sinin 2014-c\u00fc il 21 may tarixli h\u00f6km\u00fc il\u0259 m\u0259hkum edilmi\u015fdir.<\/p>\n<p>  1.44. X\u0259lilov Rza R\u0259\u015fid o\u011flu, 1981-ci ild\u0259 anadan olmu\u015f, Az\u0259rbaycan Respublikas\u0131n\u0131n v\u0259t\u0259nda\u015f\u0131, Bak\u0131 A\u011f\u0131r Cinay\u0259tl\u0259r M\u0259hk\u0259m\u0259sinin 2014-c\u00fc il 9 iyun tarixli h\u00f6km\u00fc il\u0259 m\u0259hkum edilmi\u015fdir.<\/p>\n<p>  1.45. Xudaverdiyev H\u00fcseyn Arzu o\u011flu, 1991-ci ild\u0259 anadan olmu\u015f, Az\u0259rbaycan Respublikas\u0131n\u0131n v\u0259t\u0259nda\u015f\u0131, G\u0259nc\u0259 A\u011f\u0131r Cinay\u0259tl\u0259r M\u0259hk\u0259m\u0259sinin 2013-c\u00fc il 23 avqust tarixli h\u00f6km\u00fc il\u0259 m\u0259hkum edilmi\u015fdir.<\/p>\n<p>  1.46. \u0130brahimov Mira\u011fa Bah\u0259ddin o\u011flu, 1993-c\u00fc ild\u0259 anadan olmu\u015f, Az\u0259rbaycan Respublikas\u0131n\u0131n v\u0259t\u0259nda\u015f\u0131, G\u0259nc\u0259 A\u011f\u0131r Cinay\u0259tl\u0259r M\u0259hk\u0259m\u0259sinin 2012-ci il 12 iyun tarixli h\u00f6km\u00fc il\u0259 m\u0259hkum edilmi\u015fdir.<\/p>\n<p>  1.47. \u0130drisov \u0130dris N\u0259cm\u0259ddinovi\u00e7, 1971-ci ild\u0259 anadan olmu\u015f, Az\u0259rbaycan Respublikas\u0131n\u0131n v\u0259t\u0259nda\u015f\u0131, Xa\u00e7maz rayon m\u0259hk\u0259m\u0259sinin 2014-c\u00fc il 23 iyul tarixli h\u00f6km\u00fc il\u0259 m\u0259hkum edilmi\u015fdir.<\/p>\n<p>  1.48. \u0130manova Seran\u0259 Seyd\u0259mir q\u0131z\u0131, 1992-ci ild\u0259 anadan olmu\u015f, Az\u0259rbaycan Respublikas\u0131n\u0131n v\u0259t\u0259nda\u015f\u0131, Bak\u0131 A\u011f\u0131r Cinay\u0259tl\u0259r M\u0259hk\u0259m\u0259sinin 2013-c\u00fc il 7 mart tarixli h\u00f6km\u00fc il\u0259 m\u0259hkum edilmi\u015fdir.<\/p>\n<p>  1.49. \u0130sayev Rizvan M\u0259h\u0259mm\u0259d o\u011flu, 1963-c\u00fc ild\u0259 anadan olmu\u015f, Az\u0259rbaycan Respublikas\u0131n\u0131n v\u0259t\u0259nda\u015f\u0131, \u015e\u0259ki A\u011f\u0131r Cinay\u0259tl\u0259r M\u0259hk\u0259m\u0259sinin 2013-c\u00fc il 23 oktyabr tarixli h\u00f6km\u00fc il\u0259 m\u0259hkum edilmi\u015fdir.<\/p>\n<p>  1.50. \u0130sxanov Eyvaz H\u0259mid o\u011flu, 1985-ci ild\u0259 anadan olmu\u015f, Az\u0259rbaycan Respublikas\u0131n\u0131n v\u0259t\u0259nda\u015f\u0131, Bak\u0131 A\u011f\u0131r Cinay\u0259tl\u0259r M\u0259hk\u0259m\u0259sinin 2014-c\u00fc il 11 aprel tarixli h\u00f6km\u00fc il\u0259 m\u0259hkum edilmi\u015fdir.<\/p>\n<p>  1.51. \u0130slamzad\u0259 Elg\u00fcn Qalib o\u011flu, 1992-ci ild\u0259 anadan olmu\u015f, Az\u0259rbaycan Respublikas\u0131n\u0131n v\u0259t\u0259nda\u015f\u0131, B\u0259rd\u0259 rayon m\u0259hk\u0259m\u0259sinin 2013-c\u00fc il 8 fevral tarixli h\u00f6km\u00fc il\u0259 m\u0259hkum edilmi\u015fdir.<\/p>\n<p>  1.52. K\u0259rimov B\u0259hruz \u018fl\u0259ddin o\u011flu, 1970-ci ild\u0259 anadan olmu\u015f, Az\u0259rbaycan Respublikas\u0131n\u0131n v\u0259t\u0259nda\u015f\u0131, Qax rayon m\u0259hk\u0259m\u0259sinin 2013-c\u00fc il 9 dekabr tarixli h\u00f6km\u00fc il\u0259 m\u0259hkum edilmi\u015fdir.<\/p>\n<p>  1.53. Kuz\u0259hm\u0259dov Fuad N\u0259rimanovi\u00e7, 1986-c\u0131 ild\u0259 anadan olmu\u015f, Az\u0259rbaycan Respublikas\u0131n\u0131n v\u0259t\u0259nda\u015f\u0131, Bak\u0131 A\u011f\u0131r Cinay\u0259tl\u0259r M\u0259hk\u0259m\u0259sinin 2013-c\u00fc il 27 fevral tarixli h\u00f6km\u00fc il\u0259 m\u0259hkum edilmi\u015fdir.<\/p>\n<p>  1.54. Qafarl\u0131 \u018flizad\u0259 R\u00f6v\u015f\u0259n o\u011flu, 1993-c\u00fc ild\u0259 anadan olmu\u015f, Az\u0259rbaycan Respublikas\u0131n\u0131n v\u0259t\u0259nda\u015f\u0131, L\u0259nk\u0259ran A\u011f\u0131r Cinay\u0259tl\u0259r M\u0259hk\u0259m\u0259sinin 2012-ci il 3 may tarixli h\u00f6km\u00fc il\u0259 m\u0259hkum edilmi\u015fdir.<\/p>\n<p>  1.55. Qas\u0131ml\u0131 Anar \u018fsg\u0259r o\u011flu, 1986-c\u0131 ild\u0259 anadan olmu\u015f, Az\u0259rbaycan Respublikas\u0131n\u0131n v\u0259t\u0259nda\u015f\u0131, Bak\u0131 \u015f\u0259h\u0259ri N\u0259rimanov rayon m\u0259hk\u0259m\u0259sinin 2013-c\u00fc il 22 aprel tarixli h\u00f6km\u00fc il\u0259 m\u0259hkum edilmi\u015fdir.<\/p>\n<p>  1.56. Qaz\u0131xanov \u015eaiq Z\u0259krulla o\u011flu, 1966-c\u0131 ild\u0259 anadan olmu\u015f, Az\u0259rbaycan Respublikas\u0131n\u0131n v\u0259t\u0259nda\u015f\u0131, Bak\u0131 A\u011f\u0131r Cinay\u0259tl\u0259r M\u0259hk\u0259m\u0259sinin 2013-c\u00fc il 10 oktyabr tarixli h\u00f6km\u00fc il\u0259 m\u0259hkum edilmi\u015fdir.<\/p>\n<p>  1.57. Q\u0259hr\u0259manov Azad \u018fv\u0259z o\u011flu, 1982-ci ild\u0259 anadan olmu\u015f, Az\u0259rbaycan Respublikas\u0131n\u0131n v\u0259t\u0259nda\u015f\u0131, Bak\u0131 \u015f\u0259h\u0259ri X\u0259tai rayon m\u0259hk\u0259m\u0259sinin 2012-ci il 17 dekabr tarixli h\u00f6km\u00fc il\u0259 m\u0259hkum edilmi\u015fdir.<\/p>\n<p>  1.58. Quliyev Emil Mehr\u0259m\u0259li o\u011flu, 1979-cu ild\u0259 anadan olmu\u015f, Az\u0259rbaycan Respublikas\u0131n\u0131n v\u0259t\u0259nda\u015f\u0131, A\u011f\u0131r Cinay\u0259tl\u0259r\u0259 Dair \u0130\u015fl\u0259r \u00fczr\u0259 Az\u0259rbaycan Respublikas\u0131 M\u0259hk\u0259m\u0259sinin 2008-ci il 26 may tarixli h\u00f6km\u00fc il\u0259 m\u0259hkum edilmi\u015fdir.<\/p>\n<p>  1.59. Quliyev Mahir Elman o\u011flu, 1980-ci ild\u0259 anadan olmu\u015f, Az\u0259rbaycan Respublikas\u0131n\u0131n v\u0259t\u0259nda\u015f\u0131, Bak\u0131 A\u011f\u0131r Cinay\u0259tl\u0259r M\u0259hk\u0259m\u0259sinin 2012-ci il 30 avqust tarixli h\u00f6km\u00fc il\u0259 m\u0259hkum edilmi\u015fdir.<\/p>\n<p>  1.60. Quliyev Seymur Aloksat o\u011flu, 1985-ci ild\u0259 anadan olmu\u015f, Az\u0259rbaycan Respublikas\u0131n\u0131n v\u0259t\u0259nda\u015f\u0131, Bak\u0131 A\u011f\u0131r Cinay\u0259tl\u0259r M\u0259hk\u0259m\u0259sinin 2011-ci il 3 oktyabr tarixli h\u00f6km\u00fc il\u0259 m\u0259hkum edilmi\u015fdir.<\/p>\n<p>  1.61. Quliyev \u015eahin B\u00f6y\u00fcka\u011fa o\u011flu, 1976-c\u0131 ild\u0259 anadan olmu\u015f, Az\u0259rbaycan Respublikas\u0131n\u0131n v\u0259t\u0259nda\u015f\u0131, Bil\u0259suvar rayon m\u0259hk\u0259m\u0259sinin 2013-c\u00fc il 10 iyul tarixli h\u00f6km\u00fc il\u0259 m\u0259hkum edilmi\u015fdir.<\/p>\n<p>  1.62. Mamedov Zamin Qafar o\u011flu, 1980-ci ild\u0259 anadan olmu\u015f, Az\u0259rbaycan Respublikas\u0131n\u0131n v\u0259t\u0259nda\u015f\u0131, L\u0259nk\u0259ran A\u011f\u0131r Cinay\u0259tl\u0259r M\u0259hk\u0259m\u0259sinin 2013-c\u00fc il 15 yanvar tarixli h\u00f6km\u00fc il\u0259 m\u0259hkum edilmi\u015fdir.<\/p>\n<p>  1.63. M\u0259cnuni R\u0259hima\u011fa H\u0259s\u0259n o\u011flu, 1962-ci ild\u0259 anadan olmu\u015f, Az\u0259rbaycan Respublikas\u0131n\u0131n v\u0259t\u0259nda\u015f\u0131, G\u0259nc\u0259 A\u011f\u0131r Cinay\u0259tl\u0259r M\u0259hk\u0259m\u0259sinin 2012-ci il 25 may tarixli h\u00f6km\u00fc il\u0259 m\u0259hkum edilmi\u015fdir.<\/p>\n<p>  1.64. M\u0259h\u0259rr\u0259mov Aqil Rais o\u011flu, 1988-ci ild\u0259 anadan olmu\u015f, G\u00fcrc\u00fcstan v\u0259t\u0259nda\u015f\u0131, Bak\u0131 A\u011f\u0131r Cinay\u0259tl\u0259r M\u0259hk\u0259m\u0259sinin 2012-ci il 10 sentyabr tarixli h\u00f6km\u00fc il\u0259 m\u0259hkum edilmi\u015fdir.<\/p>\n<p>  1.65. M\u0259hy\u0259ddinov Valeh Xasm\u0259mm\u0259d o\u011flu, 1984-c\u00fc ild\u0259 anadan olmu\u015f, Az\u0259rbaycan Respublikas\u0131n\u0131n v\u0259t\u0259nda\u015f\u0131, Ucar rayon m\u0259hk\u0259m\u0259sinin 2013-c\u00fc il 26 noyabr tarixli h\u00f6km\u00fc il\u0259 m\u0259hkum edilmi\u015fdir.<\/p>\n<p>  1.66. M\u0259mm\u0259dov \u0130brahim Mirz\u0259 o\u011flu, 1982-ci ild\u0259 anadan olmu\u015f, Az\u0259rbaycan Respublikas\u0131n\u0131n v\u0259t\u0259nda\u015f\u0131, Bak\u0131 \u015f\u0259h\u0259ri Qarada\u011f rayon m\u0259hk\u0259m\u0259sinin 2013-c\u00fc il 4 oktyabr tarixli h\u00f6km\u00fc il\u0259 m\u0259hkum edilmi\u015fdir.<\/p>\n<p>  1.67. M\u0259mm\u0259dov Ramil Qabil o\u011flu, 1981-ci ild\u0259 anadan olmu\u015f, Az\u0259rbaycan Respublikas\u0131n\u0131n v\u0259t\u0259nda\u015f\u0131, Bak\u0131 A\u011f\u0131r Cinay\u0259tl\u0259r M\u0259hk\u0259m\u0259sinin 2013-c\u00fc il 2 aprel tarixli h\u00f6km\u00fc il\u0259 m\u0259hkum edilmi\u015fdir.<\/p>\n<p>  1.68. M\u0259mm\u0259dov Ruslan \u0130lyas o\u011flu, 1984-c\u00fc ild\u0259 anadan olmu\u015f, Az\u0259rbaycan Respublikas\u0131n\u0131n v\u0259t\u0259nda\u015f\u0131, Bak\u0131 h\u0259rbi m\u0259hk\u0259m\u0259sinin 2013-c\u00fc il 6 sentyabr tarixli h\u00f6km\u00fc il\u0259 m\u0259hkum edilmi\u015fdir.<\/p>\n<p>  1.69. M\u0259mm\u0259drzayev El\u015fad \u015eahin o\u011flu, 1988-ci ild\u0259 anadan olmu\u015f, Az\u0259rbaycan Respublikas\u0131n\u0131n v\u0259t\u0259nda\u015f\u0131, Quba rayon m\u0259hk\u0259m\u0259sinin 2014-c\u00fc il 15 aprel tarixli h\u00f6km\u00fc il\u0259 m\u0259hkum edilmi\u015fdir.<\/p>\n<p>  1.70. M\u0259nafov Anar Yusif o\u011flu, 1987-ci ild\u0259 anadan olmu\u015f, Az\u0259rbaycan Respublikas\u0131n\u0131n v\u0259t\u0259nda\u015f\u0131, Bak\u0131 \u015f\u0259h\u0259ri Bin\u0259q\u0259di rayon m\u0259hk\u0259m\u0259sinin 2014-c\u00fc il 14 mart tarixli h\u00f6km\u00fc il\u0259 m\u0259hkum edilmi\u015fdir.<\/p>\n<p>  1.71. Muxtarova \u015e\u0259hla Qabil q\u0131z\u0131, 1981-ci ild\u0259 anadan olmu\u015f, Az\u0259rbaycan Respublikas\u0131n\u0131n v\u0259t\u0259nda\u015f\u0131, \u015e\u0259ki A\u011f\u0131r Cinay\u0259tl\u0259r M\u0259hk\u0259m\u0259sinin 2012-ci il 25 dekabr tarixli h\u00f6km\u00fc il\u0259 m\u0259hkum edilmi\u015fdir.<\/p>\n<p>  1.72. Musayev Emin \u018fkb\u0259r o\u011flu, 1980-ci ild\u0259 anadan olmu\u015f, Az\u0259rbaycan Respublikas\u0131n\u0131n v\u0259t\u0259nda\u015f\u0131, Bak\u0131 A\u011f\u0131r Cinay\u0259tl\u0259r M\u0259hk\u0259m\u0259sinin 2014-c\u00fc il 13 fevral tarixli h\u00f6km\u00fc il\u0259 m\u0259hkum edilmi\u015fdir.<\/p>\n<p>  1.73. Mustafayev Kamran \u018fziz o\u011flu, 1955-ci ild\u0259 anadan olmu\u015f, Az\u0259rbaycan Respublikas\u0131n\u0131n v\u0259t\u0259nda\u015f\u0131, Sumqay\u0131t Apellyasiya M\u0259hk\u0259m\u0259sinin 2013-c\u00fc il 16 aprel tarixli h\u00f6km\u00fc il\u0259 m\u0259hkum edilmi\u015fdir.<\/p>\n<p>  1.74. Mutuxov R\u0259c\u0259b Nurmahama o\u011flu, 1992-ci ild\u0259 anadan olmu\u015f, Az\u0259rbaycan Respublikas\u0131n\u0131n v\u0259t\u0259nda\u015f\u0131, Bak\u0131 \u015f\u0259h\u0259ri Bin\u0259q\u0259di rayon m\u0259hk\u0259m\u0259sinin 2014-c\u00fc il 14 mart tarixli h\u00f6km\u00fc il\u0259 m\u0259hkum edilmi\u015fdir.<\/p>\n<p>  1.75. Orucov F\u0259rhad \u018fhliman o\u011flu, 1986-c\u0131 ild\u0259 anadan olmu\u015f, Az\u0259rbaycan Respublikas\u0131n\u0131n v\u0259t\u0259nda\u015f\u0131, Bak\u0131 A\u011f\u0131r Cinay\u0259tl\u0259r M\u0259hk\u0259m\u0259sinin 2013-c\u00fc il 25 noyabr tarixli h\u00f6km\u00fc il\u0259 m\u0259hkum edilmi\u015fdir.<\/p>\n<p>  1.76. Panaliyev Emin Bahad\u0131r o\u011flu, 1992-ci ild\u0259 anadan olmu\u015f, Az\u0259rbaycan Respublikas\u0131n\u0131n v\u0259t\u0259nda\u015f\u0131, L\u0259nk\u0259ran A\u011f\u0131r Cinay\u0259tl\u0259r M\u0259hk\u0259m\u0259sinin 2012-ci il 1 fevral tarixli h\u00f6km\u00fc il\u0259 m\u0259hkum edilmi\u015fdir.<\/p>\n<p>  1.77. Pa\u015futkin Yuriy Serqeyevi\u00e7, 1993-c\u00fc ild\u0259 anadan olmu\u015f, Az\u0259rbaycan Respublikas\u0131n\u0131n v\u0259t\u0259nda\u015f\u0131, Bak\u0131 A\u011f\u0131r Cinay\u0259tl\u0259r M\u0259hk\u0259m\u0259sinin 2014-c\u00fc il 2 sentyabr tarixli h\u00f6km\u00fc il\u0259 m\u0259hkum edilmi\u015fdir.<\/p>\n<p>  1.78. R\u0259himov \u0130lqar B\u0259xtiyar o\u011flu, 1995-ci ild\u0259 anadan olmu\u015f, Az\u0259rbaycan Respublikas\u0131n\u0131n v\u0259t\u0259nda\u015f\u0131, Bak\u0131 A\u011f\u0131r Cinay\u0259tl\u0259r M\u0259hk\u0259m\u0259sinin 2013-c\u00fc il 19 avqust tarixli h\u00f6km\u00fc il\u0259 m\u0259hkum edilmi\u015fdir.<\/p>\n<p>  1.79. Rzayev Hakim Ramiz o\u011flu, 1977-ci ild\u0259 anadan olmu\u015f, Az\u0259rbaycan Respublikas\u0131n\u0131n v\u0259t\u0259nda\u015f\u0131, L\u0259nk\u0259ran rayon m\u0259hk\u0259m\u0259sinin 2014-c\u00fc il 25 avqust tarixli h\u00f6km\u00fc il\u0259 m\u0259hkum edilmi\u015fdir.<\/p>\n<p>  1.80. Sad\u0131ql\u0131 Xasayb\u0259y Elbaris o\u011flu, 1992-ci ild\u0259 anadan olmu\u015f, Az\u0259rbaycan Respublikas\u0131n\u0131n v\u0259t\u0259nda\u015f\u0131, Bak\u0131 A\u011f\u0131r Cinay\u0259tl\u0259r M\u0259hk\u0259m\u0259sinin 2014-c\u00fc il 27 fevral tarixli h\u00f6km\u00fc il\u0259 m\u0259hkum edilmi\u015fdir.<\/p>\n<p>  1.81. Sad\u0131qov Mahal B\u0259hlul o\u011flu, 1964-c\u00fc ild\u0259 anadan olmu\u015f, Az\u0259rbaycan Respublikas\u0131n\u0131n v\u0259t\u0259nda\u015f\u0131, G\u0259d\u0259b\u0259y rayon m\u0259hk\u0259m\u0259sinin 2014-c\u00fc il 20 fevral tarixli h\u00f6km\u00fc il\u0259 m\u0259hkum edilmi\u015fdir.<\/p>\n<p>  1.82. Sad\u0131qov Rac Vidadi o\u011flu, 1981-ci ild\u0259 anadan olmu\u015f, Az\u0259rbaycan Respublikas\u0131n\u0131n v\u0259t\u0259nda\u015f\u0131, A\u011f\u0131r Cinay\u0259tl\u0259r\u0259 Dair \u0130\u015fl\u0259r \u00fczr\u0259 Az\u0259rbaycan Respublikas\u0131 M\u0259hk\u0259m\u0259sinin 2009-cu il 13 aprel tarixli h\u00f6km\u00fc il\u0259 m\u0259hkum edilmi\u015fdir.<\/p>\n<p>  1.83. Sad\u0131qova Almaz Ayd\u0131n q\u0131z\u0131, 1967-ci ild\u0259 anadan olmu\u015f, Az\u0259rbaycan Respublikas\u0131n\u0131n v\u0259t\u0259nda\u015f\u0131, A\u011f\u0131r Cinay\u0259tl\u0259r\u0259 Dair \u0130\u015fl\u0259r \u00fczr\u0259 Az\u0259rbaycan Respublikas\u0131 M\u0259hk\u0259m\u0259sinin 2010-cu il 4 noyabr tarixli h\u00f6km\u00fc il\u0259 m\u0259hkum edilmi\u015fdir.<\/p>\n<p>  1.84. S\u0259f\u0259rov El\u015f\u0259n Rafiq o\u011flu, 1988-ci ild\u0259 anadan olmu\u015f, Az\u0259rbaycan Respublikas\u0131n\u0131n v\u0259t\u0259nda\u015f\u0131, Bak\u0131 A\u011f\u0131r Cinay\u0259tl\u0259r M\u0259hk\u0259m\u0259sinin 2014-c\u00fc il 3 fevral tarixli h\u00f6km\u00fc il\u0259 m\u0259hkum edilmi\u015fdir.<\/p>\n<p>  1.85. S\u00fcleymanl\u0131 B\u0259\u015fir S\u00fcleyman o\u011flu, 1980-ci ild\u0259 anadan olmu\u015f, Az\u0259rbaycan Respublikas\u0131n\u0131n v\u0259t\u0259nda\u015f\u0131, Bak\u0131 A\u011f\u0131r Cinay\u0259tl\u0259r M\u0259hk\u0259m\u0259sinin 2014-c\u00fc il 26 may tarixli h\u00f6km\u00fc il\u0259 m\u0259hkum edilmi\u015fdir.<\/p>\n<p>  1.86. Tro\u015fenkov R\u00f6v\u015f\u0259n Viktor o\u011flu, 1991-ci ild\u0259 anadan olmu\u015f, Az\u0259rbaycan Respublikas\u0131n\u0131n v\u0259t\u0259nda\u015f\u0131, F\u00fczuli h\u0259rbi m\u0259hk\u0259m\u0259sinin 2011-ci il 21 aprel tarixli h\u00f6km\u00fc il\u0259 m\u0259hkum edilmi\u015fdir.<\/p>\n<p>  1.87. Tumarov Kamran Kamal o\u011flu, 1993-c\u00fc ild\u0259 anadan olmu\u015f, Az\u0259rbaycan Respublikas\u0131n\u0131n v\u0259t\u0259nda\u015f\u0131, L\u0259nk\u0259ran A\u011f\u0131r Cinay\u0259tl\u0259r M\u0259hk\u0259m\u0259sinin 2014-c\u00fc il 29 aprel tarixli h\u00f6km\u00fc il\u0259 m\u0259hkum edilmi\u015fdir.<\/p>\n<p>  1.88. V\u0259liyev Ramil R\u0259him o\u011flu, 1986-c\u0131 ild\u0259 anadan olmu\u015f, Az\u0259rbaycan Respublikas\u0131n\u0131n v\u0259t\u0259nda\u015f\u0131, Bak\u0131 \u015f\u0259h\u0259ri N\u0259rimanov rayon m\u0259hk\u0259m\u0259sinin 2013-c\u00fc il 3 iyun tarixli h\u00f6km\u00fc il\u0259 m\u0259hkum edilmi\u015fdir.<\/p>\n<p>  1.89. Yaqub Dursun o\u011flu, 1975-ci ild\u0259 anadan olmu\u015f, G\u00fcrc\u00fcstan v\u0259t\u0259nda\u015f\u0131, Balak\u0259n rayon m\u0259hk\u0259m\u0259sinin 2012-ci il 26 aprel tarixli h\u00f6km\u00fc il\u0259 m\u0259hkum edilmi\u015fdir.<\/p>\n<p>  1.90. Yusifov \u015eahlar Hiday\u0259t o\u011flu, 1964-c\u00fc ild\u0259 anadan olmu\u015f, Az\u0259rbaycan Respublikas\u0131n\u0131n v\u0259t\u0259nda\u015f\u0131, Ab\u015feron rayon m\u0259hk\u0259m\u0259sinin 2014-c\u00fc il 7 aprel tarixli h\u00f6km\u00fc il\u0259 m\u0259hkum edilmi\u015fdir.<\/p>\n<p>  2. \u0130slah i\u015fl\u0259ri c\u0259zas\u0131na m\u0259hkum edilmi\u015f a\u015fa\u011f\u0131dak\u0131 \u015f\u0259xsl\u0259r c\u0259zan\u0131n \u00e7\u0259kilm\u0259mi\u015f hiss\u0259sind\u0259n azad edilsinl\u0259r:<\/p>\n<p>  2.1. H\u00fcseynov Bahadur \u0130ld\u0131r\u0131m o\u011flu, 1964-c\u00fc ild\u0259 anadan olmu\u015f, Az\u0259rbaycan Respublikas\u0131n\u0131n v\u0259t\u0259nda\u015f\u0131, Beyl\u0259qan rayon m\u0259hk\u0259m\u0259sinin 2013-c\u00fc il 29 noyabr tarixli h\u00f6km\u00fc il\u0259 m\u0259hkum edilmi\u015fdir.<\/p>\n<p>  2.2. M\u0259mm\u0259dov Tural M\u00f6ns\u00fcm o\u011flu, 1987-ci ild\u0259 anadan olmu\u015f, Az\u0259rbaycan Respublikas\u0131n\u0131n v\u0259t\u0259nda\u015f\u0131, Ab\u015feron rayon m\u0259hk\u0259m\u0259sinin 2013-c\u00fc il 24 oktyabr tarixli h\u00f6km\u00fc il\u0259 m\u0259hkum edilmi\u015fdir.<\/p>\n<p>  2.3. Musayev B\u0259xtiyar Pa\u015fa o\u011flu, 1986-c\u0131 ild\u0259 anadan olmu\u015f, Az\u0259rbaycan Respublikas\u0131n\u0131n v\u0259t\u0259nda\u015f\u0131, G\u0259nc\u0259 \u015f\u0259h\u0259ri Nizami rayon m\u0259hk\u0259m\u0259sinin 2014-c\u00fc il 14 aprel tarixli h\u00f6km\u00fc il\u0259 m\u0259hkum edilmi\u015fdir.<\/p>\n<p>  2.4. \u015e\u0259rifov Ramin M\u0259mm\u0259d o\u011flu, 1978-ci ild\u0259 anadan olmu\u015f, Az\u0259rbaycan Respublikas\u0131n\u0131n v\u0259t\u0259nda\u015f\u0131, Zaqatala rayon m\u0259hk\u0259m\u0259sinin 2014-c\u00fc il 29 avqust tarixli h\u00f6km\u00fc il\u0259 m\u0259hkum edilmi\u015fdir.<\/p>\n<p>  3. C\u0259rim\u0259 c\u0259zas\u0131na m\u0259hkum edilmi\u015f a\u015fa\u011f\u0131dak\u0131 \u015f\u0259xsl\u0259r c\u0259zadan azad edilsinl\u0259r:<\/p>\n<p>  3.1. H\u0259midov Elnur Rasim o\u011flu, 1982-ci ild\u0259 anadan olmu\u015f, Az\u0259rbaycan Respublikas\u0131n\u0131n v\u0259t\u0259nda\u015f\u0131, Bak\u0131 \u015f\u0259h\u0259ri N\u0259rimanov rayon m\u0259hk\u0259m\u0259sinin 2009-cu il 2 noyabr tarixli h\u00f6km\u00fc il\u0259 m\u0259hkum edilmi\u015fdir.<\/p>\n<p>  3.2. H\u00fcseynov Elg\u00fcn Raqub o\u011flu, 1992-ci ild\u0259 anadan olmu\u015f, Az\u0259rbaycan Respublikas\u0131n\u0131n v\u0259t\u0259nda\u015f\u0131, Bak\u0131 \u015f\u0259h\u0259ri Qarada\u011f rayon m\u0259hk\u0259m\u0259sinin 2013-c\u00fc il 13 dekabr tarixli h\u00f6km\u00fc il\u0259 m\u0259hkum edilmi\u015fdir.<\/p>\n<p>  3.3. \u0130sg\u0259nd\u0259rov Elnur Oqtay o\u011flu, 1993-c\u00fc ild\u0259 anadan olmu\u015f, Az\u0259rbaycan Respublikas\u0131n\u0131n v\u0259t\u0259nda\u015f\u0131, Bak\u0131 \u015f\u0259h\u0259ri X\u0259z\u0259r rayon m\u0259hk\u0259m\u0259sinin 2014-c\u00fc il 19 iyun tarixli h\u00f6km\u00fc il\u0259 m\u0259hkum edilmi\u015fdir.<\/p>\n<p>  3.4. Quliyev Allahverdi Nazim o\u011flu, 1992-ci ild\u0259 anadan olmu\u015f, Az\u0259rbaycan Respublikas\u0131n\u0131n v\u0259t\u0259nda\u015f\u0131, Bak\u0131 h\u0259rbi m\u0259hk\u0259m\u0259sinin 2014-c\u00fc il 23 sentyabr tarixli h\u00f6km\u00fc il\u0259 m\u0259hkum edilmi\u015fdir.<\/p>\n<p>  3.5. M\u0259mm\u0259dov Rusif Yusif o\u011flu, 1987-ci ild\u0259 anadan olmu\u015f, Az\u0259rbaycan Respublikas\u0131n\u0131n v\u0259t\u0259nda\u015f\u0131, Bak\u0131 \u015f\u0259h\u0259ri Qarada\u011f rayon m\u0259hk\u0259m\u0259sinin 2014-c\u00fc il 9 oktyabr tarixli h\u00f6km\u00fc il\u0259 m\u0259hkum edilmi\u015fdir.<\/p>\n<p>  3.6. Na\u011fdaliyeva Asiya Qafar q\u0131z\u0131, 1958-ci ild\u0259 anadan olmu\u015f, Az\u0259rbaycan Respublikas\u0131n\u0131n v\u0259t\u0259nda\u015f\u0131, L\u0259nk\u0259ran A\u011f\u0131r Cinay\u0259tl\u0259r M\u0259hk\u0259m\u0259sinin 2012-ci il 24 avqust tarixli h\u00f6km\u00fc il\u0259 m\u0259hkum edilmi\u015fdir.<\/p>\n<p>  3.7. \u015e\u00fck\u00fcrov Maxsud Dilsuz o\u011flu, 1981-ci ild\u0259 anadan olmu\u015f, Az\u0259rbaycan Respublikas\u0131n\u0131n v\u0259t\u0259nda\u015f\u0131, Bak\u0131 h\u0259rbi m\u0259hk\u0259m\u0259sinin 2014-c\u00fc il 13 mart tarixli h\u00f6km\u00fc il\u0259 m\u0259hkum edilmi\u015fdir.<\/p>\n<p>  4. Bu s\u0259r\u0259ncam imzaland\u0131\u011f\u0131 g\u00fcnd\u0259n q\u00fcvv\u0259y\u0259 minir.<\/p>\n<p>\n  M\u0259nb\u0259 :<br \/>\n  <a href=\"http:\/\/azertag.az\/xeber\/Mehkum_edilmis_bir_sira_sexslerin_efv_olunmasi_haqqindaAzerbaycan_Respublikasi_Prezidentinin_Serencami-840445\"><br \/>\n    http:\/\/azertag.az\/xeber\/840445<br \/>\n  <\/a><\/p>\n","protected":false},"excerpt":{"rendered":"<p>S\u0259r\u0259ncamda siyasi m\u0259hbuslardan yaln\u0131z iki n\u0259f\u0259r- B\u0259\u015fir S\u00fcleymanl\u0131 v\u0259 Orxan Eyyubzad\u0259 azad edilib<\/p>\n","protected":false},"author":11,"featured_media":21631,"comment_status":"closed","ping_status":"open","sticky":false,"template":"","format":"standard","meta":{"_acf_changed":false,"_sitemap_exclude":false,"_sitemap_priority":"","_sitemap_frequency":"","footnotes":""},"categories":[56],"tags":[],"class_list":["post-167302","post","type-post","status-publish","format-standard","has-post-thumbnail","hentry","category-xeberler","infinite-scroll-item","generate-columns","tablet-grid-50","mobile-grid-100","grid-parent","grid-33","no-featured-image-padding"],"acf":[],"yoast_head":"<!-- This site is optimized with the Yoast SEO plugin v28.4 - https:\/\/yoast.com\/product\/yoast-seo-wordpress\/ -->\n<title>\u0130lham \u018fliyev \u0259fv s\u0259r\u0259ncam\u0131 imzalad\u0131 (S\u0130YAHI) - MEYDAN.TV<\/title>\n<meta name=\"robots\" content=\"index, follow, max-snippet:-1, max-image-preview:large, max-video-preview:-1\" \/>\n<link rel=\"canonical\" href=\"https:\/\/www.meydan.tv\/az\/article\/ilham-eliyev-efv-serencami-imzaladi-siyahi\/\" \/>\n<meta property=\"og:locale\" content=\"az_AZ\" \/>\n<meta property=\"og:type\" content=\"article\" \/>\n<meta property=\"og:title\" content=\"\u0130lham \u018fliyev \u0259fv s\u0259r\u0259ncam\u0131 imzalad\u0131 (S\u0130YAHI) - MEYDAN.TV\" \/>\n<meta property=\"og:description\" content=\"S\u0259r\u0259ncamda siyasi m\u0259hbuslardan yaln\u0131z iki n\u0259f\u0259r- B\u0259\u015fir S\u00fcleymanl\u0131 v\u0259 Orxan Eyyubzad\u0259 azad edilib\" \/>\n<meta property=\"og:url\" content=\"https:\/\/www.meydan.tv\/az\/article\/ilham-eliyev-efv-serencami-imzaladi-siyahi\/\" \/>\n<meta property=\"og:site_name\" content=\"MEYDAN.TV\" \/>\n<meta property=\"article:published_time\" content=\"2015-03-18T19:24:33+00:00\" \/>\n<meta property=\"og:image\" content=\"https:\/\/www.meydan.tv\/wp-content\/uploads\/7833.jpg\" \/>\n\t<meta property=\"og:image:width\" content=\"545\" \/>\n\t<meta property=\"og:image:height\" content=\"340\" \/>\n\t<meta property=\"og:image:type\" content=\"image\/jpeg\" \/>\n<meta name=\"twitter:card\" content=\"summary_large_image\" \/>\n<!-- \/ Yoast SEO plugin. -->","yoast_head_json":{"title":"\u0130lham \u018fliyev \u0259fv s\u0259r\u0259ncam\u0131 imzalad\u0131 (S\u0130YAHI) - MEYDAN.TV","robots":{"index":"index","follow":"follow","max-snippet":"max-snippet:-1","max-image-preview":"max-image-preview:large","max-video-preview":"max-video-preview:-1"},"canonical":"https:\/\/www.meydan.tv\/az\/article\/ilham-eliyev-efv-serencami-imzaladi-siyahi\/","og_locale":"az_AZ","og_type":"article","og_title":"\u0130lham \u018fliyev \u0259fv s\u0259r\u0259ncam\u0131 imzalad\u0131 (S\u0130YAHI) - MEYDAN.TV","og_description":"S\u0259r\u0259ncamda siyasi m\u0259hbuslardan yaln\u0131z iki n\u0259f\u0259r- B\u0259\u015fir S\u00fcleymanl\u0131 v\u0259 Orxan Eyyubzad\u0259 azad edilib","og_url":"https:\/\/www.meydan.tv\/az\/article\/ilham-eliyev-efv-serencami-imzaladi-siyahi\/","og_site_name":"MEYDAN.TV","article_published_time":"2015-03-18T19:24:33+00:00","og_image":[{"width":545,"height":340,"url":"https:\/\/www.meydan.tv\/wp-content\/uploads\/7833.jpg","type":"image\/jpeg"}],"twitter_card":"summary_large_image","schema":{"@context":"https:\/\/schema.org","@graph":[{"@type":"Article","@id":"https:\/\/www.meydan.tv\/az\/article\/ilham-eliyev-efv-serencami-imzaladi-siyahi\/#article","isPartOf":{"@id":"https:\/\/www.meydan.tv\/az\/article\/ilham-eliyev-efv-serencami-imzaladi-siyahi\/"},"author":{"name":"user-manager","@id":"https:\/\/www.meydan.tv\/az\/#\/schema\/person\/10d11eccf6da3662cf5fdab9806ea91a"},"headline":"\u0130lham \u018fliyev \u0259fv s\u0259r\u0259ncam\u0131 imzalad\u0131 (S\u0130YAHI)","datePublished":"2015-03-18T19:24:33+00:00","mainEntityOfPage":{"@id":"https:\/\/www.meydan.tv\/az\/article\/ilham-eliyev-efv-serencami-imzaladi-siyahi\/"},"wordCount":4133,"publisher":{"@id":"https:\/\/www.meydan.tv\/az\/#organization"},"image":{"@id":"https:\/\/www.meydan.tv\/az\/article\/ilham-eliyev-efv-serencami-imzaladi-siyahi\/#primaryimage"},"thumbnailUrl":"https:\/\/www.meydan.tv\/wp-content\/uploads\/7833.jpg","articleSection":["X\u0259b\u0259rl\u0259r"],"inLanguage":"az"},{"@type":"WebPage","@id":"https:\/\/www.meydan.tv\/az\/article\/ilham-eliyev-efv-serencami-imzaladi-siyahi\/","url":"https:\/\/www.meydan.tv\/az\/article\/ilham-eliyev-efv-serencami-imzaladi-siyahi\/","name":"\u0130lham \u018fliyev \u0259fv s\u0259r\u0259ncam\u0131 imzalad\u0131 (S\u0130YAHI) - MEYDAN.TV","isPartOf":{"@id":"https:\/\/www.meydan.tv\/az\/#website"},"primaryImageOfPage":{"@id":"https:\/\/www.meydan.tv\/az\/article\/ilham-eliyev-efv-serencami-imzaladi-siyahi\/#primaryimage"},"image":{"@id":"https:\/\/www.meydan.tv\/az\/article\/ilham-eliyev-efv-serencami-imzaladi-siyahi\/#primaryimage"},"thumbnailUrl":"https:\/\/www.meydan.tv\/wp-content\/uploads\/7833.jpg","datePublished":"2015-03-18T19:24:33+00:00","breadcrumb":{"@id":"https:\/\/www.meydan.tv\/az\/article\/ilham-eliyev-efv-serencami-imzaladi-siyahi\/#breadcrumb"},"inLanguage":"az","potentialAction":[{"@type":"ReadAction","target":["https:\/\/www.meydan.tv\/az\/article\/ilham-eliyev-efv-serencami-imzaladi-siyahi\/"]}]},{"@type":"ImageObject","inLanguage":"az","@id":"https:\/\/www.meydan.tv\/az\/article\/ilham-eliyev-efv-serencami-imzaladi-siyahi\/#primaryimage","url":"https:\/\/www.meydan.tv\/wp-content\/uploads\/7833.jpg","contentUrl":"https:\/\/www.meydan.tv\/wp-content\/uploads\/7833.jpg","width":545,"height":340,"caption":"Source:"},{"@type":"BreadcrumbList","@id":"https:\/\/www.meydan.tv\/az\/article\/ilham-eliyev-efv-serencami-imzaladi-siyahi\/#breadcrumb","itemListElement":[{"@type":"ListItem","position":1,"name":"Ana s\u0259hif\u0259","item":"https:\/\/www.meydan.tv\/az\/"},{"@type":"ListItem","position":2,"name":"X\u0259b\u0259rl\u0259r","item":"https:\/\/www.meydan.tv\/az\/section\/xeberler\/"},{"@type":"ListItem","position":3,"name":"\u0130lham \u018fliyev \u0259fv s\u0259r\u0259ncam\u0131 imzalad\u0131 (S\u0130YAHI)"}]},{"@type":"WebSite","@id":"https:\/\/www.meydan.tv\/az\/#website","url":"https:\/\/www.meydan.tv\/az\/","name":"MEYDAN.TV","description":"Meydan TV Az\u0259rbaycan\u0131n media m\u0259kan\u0131ndak\u0131 alternativ s\u0259sidir","publisher":{"@id":"https:\/\/www.meydan.tv\/az\/#organization"},"potentialAction":[{"@type":"SearchAction","target":{"@type":"EntryPoint","urlTemplate":"https:\/\/www.meydan.tv\/az\/?s={search_term_string}"},"query-input":{"@type":"PropertyValueSpecification","valueRequired":true,"valueName":"search_term_string"}}],"inLanguage":"az"},{"@type":"Organization","@id":"https:\/\/www.meydan.tv\/az\/#organization","name":"Meydan TV","url":"https:\/\/www.meydan.tv\/az\/","logo":{"@type":"ImageObject","inLanguage":"az","@id":"https:\/\/www.meydan.tv\/az\/#\/schema\/logo\/image\/","url":"https:\/\/www.meydan.tv\/wp-content\/uploads\/2021\/07\/meydan-logo.svg","contentUrl":"https:\/\/www.meydan.tv\/wp-content\/uploads\/2021\/07\/meydan-logo.svg","width":195,"height":46,"caption":"Meydan TV"},"image":{"@id":"https:\/\/www.meydan.tv\/az\/#\/schema\/logo\/image\/"}},{"@type":"Person","@id":"https:\/\/www.meydan.tv\/az\/#\/schema\/person\/10d11eccf6da3662cf5fdab9806ea91a","name":"user-manager"}]}},"_links":{"self":[{"href":"https:\/\/www.meydan.tv\/az\/wp-json\/wp\/v2\/posts\/167302","targetHints":{"allow":["GET"]}}],"collection":[{"href":"https:\/\/www.meydan.tv\/az\/wp-json\/wp\/v2\/posts"}],"about":[{"href":"https:\/\/www.meydan.tv\/az\/wp-json\/wp\/v2\/types\/post"}],"author":[{"embeddable":true,"href":"https:\/\/www.meydan.tv\/az\/wp-json\/wp\/v2\/users\/11"}],"replies":[{"embeddable":true,"href":"https:\/\/www.meydan.tv\/az\/wp-json\/wp\/v2\/comments?post=167302"}],"version-history":[{"count":0,"href":"https:\/\/www.meydan.tv\/az\/wp-json\/wp\/v2\/posts\/167302\/revisions"}],"wp:featuredmedia":[{"embeddable":true,"href":"https:\/\/www.meydan.tv\/az\/wp-json\/wp\/v2\/media\/21631"}],"wp:attachment":[{"href":"https:\/\/www.meydan.tv\/az\/wp-json\/wp\/v2\/media?parent=167302"}],"wp:term":[{"taxonomy":"category","embeddable":true,"href":"https:\/\/www.meydan.tv\/az\/wp-json\/wp\/v2\/categories?post=167302"},{"taxonomy":"post_tag","embeddable":true,"href":"https:\/\/www.meydan.tv\/az\/wp-json\/wp\/v2\/tags?post=167302"}],"curies":[{"name":"wp","href":"https:\/\/api.w.org\/{rel}","templated":true}]}}