{"id":167299,"date":"2015-03-18T19:18:54","date_gmt":"2015-03-18T19:18:54","guid":{"rendered":"https:\/\/www.meydan.tv\/article\/intiqam-eliyevin-isi-uzre-iradlar-avropa-mehkemesine-gonderilib\/"},"modified":"2015-03-18T19:18:54","modified_gmt":"2015-03-18T19:18:54","slug":"intiqam-eliyevin-isi-uzre-iradlar-avropa-mehkemesine-gonderilib","status":"publish","type":"post","link":"https:\/\/www.meydan.tv\/az\/article\/intiqam-eliyevin-isi-uzre-iradlar-avropa-mehkemesine-gonderilib\/","title":{"rendered":"\u0130ntiqam \u018fliyevin i\u015fi \u00fczr\u0259 iradlar Avropa M\u0259hk\u0259m\u0259sin\u0259 g\u00f6nd\u0259rilib"},"content":{"rendered":"<figure class=\"wp-block-image size-large\">\n  <img decoding=\"async\" src=\"https:\/\/www.meydan.tv\/az\/21671\/\" alt=\"\" class=\"wp-image-21671\"\/><figcaption><\/figcaption><\/figure>\n<figure class=\"wp-block-image size-large\">\n  <img decoding=\"async\" src=\"https:\/\/www.meydan.tv\/az\/21671\/\" alt=\"\" class=\"wp-image-21671\"\/><figcaption><\/figcaption><\/figure>\n<p>\n  Nils Mujnieks: \u201cH\u0259bs q\u0259timkan t\u0259dbiri naraz\u0131lara qar\u015f\u0131 c\u0259za al\u0259tin\u0259 \u00e7evrilib\u201d\n<\/p>\n<p>\n  Avropa \u015euras\u0131n\u0131n insan h\u00fcquqlar\u0131 \u00fczr\u0259 komissar\u0131 Nils Mujnieks h\u00fcquq m\u00fcdafi\u0259\u00e7isi \u0130ntiqam \u018fliyevin i\u015fi \u00fczr\u0259 iradlar\u0131 Avropa \u0130nsan H\u00fcquqlar\u0131 M\u0259hk\u0259m\u0259sin\u0259 g\u00f6nd\u0259rib.\n<\/p>\n<p>\n  Komissar\u0131n ofisi 50 b\u0259ndd\u0259n ibar\u0259t bu s\u0259n\u0259di yay\u0131b. &#8220;Turan&#8221;\u0131n m\u0259lumat\u0131na g\u00f6r\u0259, preambluada komissar h\u00fcquq m\u00fcdafi\u0259\u00e7il\u0259rinin Az\u0259rbaycandak\u0131 v\u0259ziyy\u0259tin\u0259 g\u00f6r\u0259 narahatl\u0131\u011f\u0131n\u0131 ifad\u0259 edir.\n<\/p>\n<p>\n  Bu zaman qeyd edilir ki, \u00f6lk\u0259d\u0259 t\u0259nqidi s\u0259sl\u0259rin cinay\u0259t t\u0259qibi t\u0259cr\u00fcb\u0259si geni\u015f yay\u0131l\u0131b.\n<\/p>\n<p>\n  Komissar 2014-c\u00fc ilin oktyabr\u0131nda K\u00fcrd\u0259xan\u0131 istintaq t\u0259cridxanas\u0131nda h\u00fcquq m\u00fcdafi\u0259\u00e7isi \u0130ntiqam \u018fliyevl\u0259 g\u00f6r\u00fc\u015f\u00fcn\u00fc xat\u0131rlad\u0131r.\n<\/p>\n<p>\n  Mujnieksin fikrinc\u0259, beyn\u0259lxalq t\u0259\u015fkilatlar\u0131n \u00e7oxsayl\u0131 s\u0259yl\u0259rin\u0259 baxmayaraq, Az\u0259rbaycanda insan h\u00fcquqlar\u0131 il\u0259 probleml\u0259r h\u0259ll olunmur.\n<\/p>\n<p>\n  Mujnieks bel\u0259 bir n\u0259tic\u0259y\u0259 g\u0259lir ki, Az\u0259rbaycan h\u00f6kum\u0259ti h\u00fcquq v\u0259 azadl\u0131qlar\u0131n t\u0259min edilm\u0259si \u00fczr\u0259 beyn\u0259lxalq \u00f6hd\u0259likl\u0259rin\u0259 riay\u0259t etmir.\n<\/p>\n<p>\n  Komissar hakimiyy\u0259ti s\u00f6z\u00fcged\u0259n h\u00fcquqlara h\u00f6rm\u0259t etm\u0259y\u0259 v\u0259 \u00f6z ifad\u0259l\u0259rin\u0259 g\u00f6r\u0259 h\u0259bs edilmi\u015f \u015f\u0259xsl\u0259ri azad etm\u0259y\u0259 \u00e7a\u011f\u0131r\u0131r.\n<\/p>\n<p>\n  O, h\u0259m\u00e7inin Az\u0259rbaycanda qabaqlay\u0131c\u0131 q\u0259timkan t\u0259dbiri kimi h\u0259bsin \u00f6zba\u015f\u0131na t\u0259tbiq edilm\u0259si il\u0259 ba\u011fl\u0131 narahatd\u0131r.\n<\/p>\n<p>\n  \u201cH\u0259bs q\u0259timkan t\u0259dbiri naraz\u0131lara qar\u015f\u0131 c\u0259za al\u0259tin\u0259 \u00e7evrilib\u201d, dey\u0259 Mujnieks bildirib.\n<\/p>\n<p>\n  O qeyd edib ki, \u018fliyevin i\u015finin ard\u0131nca h\u00fcquq m\u00fcdafi\u0259\u00e7il\u0259ri Anar M\u0259mm\u0259dli, R\u0259sul C\u0259f\u0259rov, Leyla v\u0259 Arif Yunusun i\u015fi \u00fczr\u0259 iradlar\u0131n\u0131 m\u0259hk\u0259m\u0259y\u0259 g\u00f6nd\u0259r\u0259c\u0259k.\n<\/p>\n<p>\n  \u201cBu repressiyalara d\u0259rhal son qoyulmal\u0131 v\u0259 \u00f6z bax\u0131\u015flar\u0131na v\u0259 v\u0259t\u0259nda\u015f f\u0259all\u0131\u011f\u0131na g\u00f6r\u0259 h\u0259bs edilmi\u015f \u015f\u0259xsl\u0259r azad edilm\u0259lidir\u201d, dey\u0259 komissar\u0131n iradlar\u0131nda bildirilir.\n<\/p>\n<p>\n  O, h\u0259m\u00e7inin \u0130ntiqam \u018fliyevin 2001-ci ild\u0259n etibar\u0259n Avropa \u0130nsan H\u00fcquqlar\u0131 M\u0259hk\u0259m\u0259sin\u0259 Az\u0259rbaycan v\u0259t\u0259nda\u015flar\u0131n\u0131n \u015fikay\u0259tl\u0259ri \u00fczr\u0259 200-d\u0259n \u00e7ox \u0259riz\u0259 t\u0259qdim edib. Onlar\u0131n b\u0259zil\u0259ri \u00fczr\u0259 art\u0131q Avropa \u0130nsan H\u00fcquqlar\u0131 Konvensiyas\u0131nda z\u0259man\u0259t verilmi\u015f h\u00fcquqlar\u0131n pozulmas\u0131 faktlar\u0131n\u0131 t\u0259sdiq ed\u0259n q\u0259rarlar q\u0259bul edilib.\n<\/p>\n<p>\n  Bu yax\u0131nlarda Avropa M\u0259hk\u0259m\u0259si 2010-cu il parlament se\u00e7kil\u0259ri il\u0259 ba\u011fl\u0131 40 \u015fikay\u0259td\u0259n 20-si \u00fczr\u0259 kommunikasiyaya ba\u015flay\u0131b.\n<\/p>\n<p>\n  \u018fliyev m\u00fcnt\u0259z\u0259m olaraq A\u015e nazirl\u0259rin\u0259 v\u0259 Avropa M\u0259hk\u0259m\u0259sinin \u00f6z\u00fcn\u0259 Strasburq M\u0259hk\u0259m\u0259sinin q\u0259rarlar\u0131n\u0131n icras\u0131n\u0131n gedi\u015fat\u0131 il\u0259 ba\u011fl\u0131 m\u0259lumat verirdi.\n<\/p>\n<p>\n  Bu, Mujnieksin Az\u0259rbaycandan i\u015fl\u0259r \u00fczr\u0259 A\u0130HM-\u0259 art\u0131q ikinci m\u00fcraci\u0259tidir.\n<\/p>\n<p>\n  Bir m\u00fcdd\u0259t \u0259vv\u0259l, fevral\u0131n 24-d\u0259 o, \u201cTol\u0131\u015fi s\u0259do\u201d q\u0259zetinin ba\u015f redaktoru Hilal M\u0259mm\u0259dovun i\u015fi \u00fczr\u0259 iradlar\u0131n\u0131 t\u0259qdim edib.<\/p>\n","protected":false},"excerpt":{"rendered":"<p>Nils Mujnieks: \u201cH\u0259bs q\u0259timkan t\u0259dbiri naraz\u0131lara qar\u015f\u0131 c\u0259za al\u0259tin\u0259 \u00e7evrilib\u201d<\/p>\n","protected":false},"author":11,"featured_media":21671,"comment_status":"closed","ping_status":"open","sticky":false,"template":"","format":"standard","meta":{"_acf_changed":false,"_sitemap_exclude":false,"_sitemap_priority":"","_sitemap_frequency":"","footnotes":""},"categories":[56],"tags":[],"class_list":["post-167299","post","type-post","status-publish","format-standard","has-post-thumbnail","hentry","category-xeberler","infinite-scroll-item","generate-columns","tablet-grid-50","mobile-grid-100","grid-parent","grid-33","no-featured-image-padding"],"acf":[],"yoast_head":"<!-- This site is optimized with the Yoast SEO plugin v28.4 - https:\/\/yoast.com\/product\/yoast-seo-wordpress\/ -->\n<title>\u0130ntiqam \u018fliyevin i\u015fi \u00fczr\u0259 iradlar Avropa M\u0259hk\u0259m\u0259sin\u0259 g\u00f6nd\u0259rilib - MEYDAN.TV<\/title>\n<meta name=\"robots\" content=\"index, follow, max-snippet:-1, max-image-preview:large, max-video-preview:-1\" \/>\n<link rel=\"canonical\" href=\"https:\/\/www.meydan.tv\/az\/article\/intiqam-eliyevin-isi-uzre-iradlar-avropa-mehkemesine-gonderilib\/\" \/>\n<meta property=\"og:locale\" content=\"az_AZ\" \/>\n<meta property=\"og:type\" content=\"article\" \/>\n<meta property=\"og:title\" content=\"\u0130ntiqam \u018fliyevin i\u015fi \u00fczr\u0259 iradlar Avropa M\u0259hk\u0259m\u0259sin\u0259 g\u00f6nd\u0259rilib - MEYDAN.TV\" \/>\n<meta property=\"og:description\" content=\"Nils Mujnieks: \u201cH\u0259bs q\u0259timkan t\u0259dbiri naraz\u0131lara qar\u015f\u0131 c\u0259za al\u0259tin\u0259 \u00e7evrilib\u201d\" \/>\n<meta property=\"og:url\" content=\"https:\/\/www.meydan.tv\/az\/article\/intiqam-eliyevin-isi-uzre-iradlar-avropa-mehkemesine-gonderilib\/\" \/>\n<meta property=\"og:site_name\" content=\"MEYDAN.TV\" \/>\n<meta property=\"article:published_time\" content=\"2015-03-18T19:18:54+00:00\" \/>\n<meta property=\"og:image\" content=\"https:\/\/www.meydan.tv\/wp-content\/uploads\/7831.jpg\" \/>\n\t<meta property=\"og:image:width\" content=\"630\" \/>\n\t<meta property=\"og:image:height\" content=\"350\" \/>\n\t<meta property=\"og:image:type\" content=\"image\/jpeg\" \/>\n<meta name=\"twitter:card\" content=\"summary_large_image\" \/>\n<!-- \/ Yoast SEO plugin. -->","yoast_head_json":{"title":"\u0130ntiqam \u018fliyevin i\u015fi \u00fczr\u0259 iradlar Avropa M\u0259hk\u0259m\u0259sin\u0259 g\u00f6nd\u0259rilib - MEYDAN.TV","robots":{"index":"index","follow":"follow","max-snippet":"max-snippet:-1","max-image-preview":"max-image-preview:large","max-video-preview":"max-video-preview:-1"},"canonical":"https:\/\/www.meydan.tv\/az\/article\/intiqam-eliyevin-isi-uzre-iradlar-avropa-mehkemesine-gonderilib\/","og_locale":"az_AZ","og_type":"article","og_title":"\u0130ntiqam \u018fliyevin i\u015fi \u00fczr\u0259 iradlar Avropa M\u0259hk\u0259m\u0259sin\u0259 g\u00f6nd\u0259rilib - MEYDAN.TV","og_description":"Nils Mujnieks: \u201cH\u0259bs q\u0259timkan t\u0259dbiri naraz\u0131lara qar\u015f\u0131 c\u0259za al\u0259tin\u0259 \u00e7evrilib\u201d","og_url":"https:\/\/www.meydan.tv\/az\/article\/intiqam-eliyevin-isi-uzre-iradlar-avropa-mehkemesine-gonderilib\/","og_site_name":"MEYDAN.TV","article_published_time":"2015-03-18T19:18:54+00:00","og_image":[{"width":630,"height":350,"url":"https:\/\/www.meydan.tv\/wp-content\/uploads\/7831.jpg","type":"image\/jpeg"}],"twitter_card":"summary_large_image","schema":{"@context":"https:\/\/schema.org","@graph":[{"@type":"Article","@id":"https:\/\/www.meydan.tv\/az\/article\/intiqam-eliyevin-isi-uzre-iradlar-avropa-mehkemesine-gonderilib\/#article","isPartOf":{"@id":"https:\/\/www.meydan.tv\/az\/article\/intiqam-eliyevin-isi-uzre-iradlar-avropa-mehkemesine-gonderilib\/"},"author":{"name":"user-manager","@id":"https:\/\/www.meydan.tv\/az\/#\/schema\/person\/10d11eccf6da3662cf5fdab9806ea91a"},"headline":"\u0130ntiqam \u018fliyevin i\u015fi \u00fczr\u0259 iradlar Avropa M\u0259hk\u0259m\u0259sin\u0259 g\u00f6nd\u0259rilib","datePublished":"2015-03-18T19:18:54+00:00","mainEntityOfPage":{"@id":"https:\/\/www.meydan.tv\/az\/article\/intiqam-eliyevin-isi-uzre-iradlar-avropa-mehkemesine-gonderilib\/"},"wordCount":539,"publisher":{"@id":"https:\/\/www.meydan.tv\/az\/#organization"},"image":{"@id":"https:\/\/www.meydan.tv\/az\/article\/intiqam-eliyevin-isi-uzre-iradlar-avropa-mehkemesine-gonderilib\/#primaryimage"},"thumbnailUrl":"https:\/\/www.meydan.tv\/wp-content\/uploads\/7831.jpg","articleSection":["X\u0259b\u0259rl\u0259r"],"inLanguage":"az"},{"@type":"WebPage","@id":"https:\/\/www.meydan.tv\/az\/article\/intiqam-eliyevin-isi-uzre-iradlar-avropa-mehkemesine-gonderilib\/","url":"https:\/\/www.meydan.tv\/az\/article\/intiqam-eliyevin-isi-uzre-iradlar-avropa-mehkemesine-gonderilib\/","name":"\u0130ntiqam \u018fliyevin i\u015fi \u00fczr\u0259 iradlar Avropa M\u0259hk\u0259m\u0259sin\u0259 g\u00f6nd\u0259rilib - MEYDAN.TV","isPartOf":{"@id":"https:\/\/www.meydan.tv\/az\/#website"},"primaryImageOfPage":{"@id":"https:\/\/www.meydan.tv\/az\/article\/intiqam-eliyevin-isi-uzre-iradlar-avropa-mehkemesine-gonderilib\/#primaryimage"},"image":{"@id":"https:\/\/www.meydan.tv\/az\/article\/intiqam-eliyevin-isi-uzre-iradlar-avropa-mehkemesine-gonderilib\/#primaryimage"},"thumbnailUrl":"https:\/\/www.meydan.tv\/wp-content\/uploads\/7831.jpg","datePublished":"2015-03-18T19:18:54+00:00","breadcrumb":{"@id":"https:\/\/www.meydan.tv\/az\/article\/intiqam-eliyevin-isi-uzre-iradlar-avropa-mehkemesine-gonderilib\/#breadcrumb"},"inLanguage":"az","potentialAction":[{"@type":"ReadAction","target":["https:\/\/www.meydan.tv\/az\/article\/intiqam-eliyevin-isi-uzre-iradlar-avropa-mehkemesine-gonderilib\/"]}]},{"@type":"ImageObject","inLanguage":"az","@id":"https:\/\/www.meydan.tv\/az\/article\/intiqam-eliyevin-isi-uzre-iradlar-avropa-mehkemesine-gonderilib\/#primaryimage","url":"https:\/\/www.meydan.tv\/wp-content\/uploads\/7831.jpg","contentUrl":"https:\/\/www.meydan.tv\/wp-content\/uploads\/7831.jpg","width":630,"height":350,"caption":"Source:"},{"@type":"BreadcrumbList","@id":"https:\/\/www.meydan.tv\/az\/article\/intiqam-eliyevin-isi-uzre-iradlar-avropa-mehkemesine-gonderilib\/#breadcrumb","itemListElement":[{"@type":"ListItem","position":1,"name":"Ana s\u0259hif\u0259","item":"https:\/\/www.meydan.tv\/az\/"},{"@type":"ListItem","position":2,"name":"X\u0259b\u0259rl\u0259r","item":"https:\/\/www.meydan.tv\/az\/section\/xeberler\/"},{"@type":"ListItem","position":3,"name":"\u0130ntiqam \u018fliyevin i\u015fi \u00fczr\u0259 iradlar Avropa M\u0259hk\u0259m\u0259sin\u0259 g\u00f6nd\u0259rilib"}]},{"@type":"WebSite","@id":"https:\/\/www.meydan.tv\/az\/#website","url":"https:\/\/www.meydan.tv\/az\/","name":"MEYDAN.TV","description":"Meydan TV Az\u0259rbaycan\u0131n media m\u0259kan\u0131ndak\u0131 alternativ s\u0259sidir","publisher":{"@id":"https:\/\/www.meydan.tv\/az\/#organization"},"potentialAction":[{"@type":"SearchAction","target":{"@type":"EntryPoint","urlTemplate":"https:\/\/www.meydan.tv\/az\/?s={search_term_string}"},"query-input":{"@type":"PropertyValueSpecification","valueRequired":true,"valueName":"search_term_string"}}],"inLanguage":"az"},{"@type":"Organization","@id":"https:\/\/www.meydan.tv\/az\/#organization","name":"Meydan TV","url":"https:\/\/www.meydan.tv\/az\/","logo":{"@type":"ImageObject","inLanguage":"az","@id":"https:\/\/www.meydan.tv\/az\/#\/schema\/logo\/image\/","url":"https:\/\/www.meydan.tv\/wp-content\/uploads\/2021\/07\/meydan-logo.svg","contentUrl":"https:\/\/www.meydan.tv\/wp-content\/uploads\/2021\/07\/meydan-logo.svg","width":195,"height":46,"caption":"Meydan TV"},"image":{"@id":"https:\/\/www.meydan.tv\/az\/#\/schema\/logo\/image\/"}},{"@type":"Person","@id":"https:\/\/www.meydan.tv\/az\/#\/schema\/person\/10d11eccf6da3662cf5fdab9806ea91a","name":"user-manager"}]}},"_links":{"self":[{"href":"https:\/\/www.meydan.tv\/az\/wp-json\/wp\/v2\/posts\/167299","targetHints":{"allow":["GET"]}}],"collection":[{"href":"https:\/\/www.meydan.tv\/az\/wp-json\/wp\/v2\/posts"}],"about":[{"href":"https:\/\/www.meydan.tv\/az\/wp-json\/wp\/v2\/types\/post"}],"author":[{"embeddable":true,"href":"https:\/\/www.meydan.tv\/az\/wp-json\/wp\/v2\/users\/11"}],"replies":[{"embeddable":true,"href":"https:\/\/www.meydan.tv\/az\/wp-json\/wp\/v2\/comments?post=167299"}],"version-history":[{"count":0,"href":"https:\/\/www.meydan.tv\/az\/wp-json\/wp\/v2\/posts\/167299\/revisions"}],"wp:featuredmedia":[{"embeddable":true,"href":"https:\/\/www.meydan.tv\/az\/wp-json\/wp\/v2\/media\/21671"}],"wp:attachment":[{"href":"https:\/\/www.meydan.tv\/az\/wp-json\/wp\/v2\/media?parent=167299"}],"wp:term":[{"taxonomy":"category","embeddable":true,"href":"https:\/\/www.meydan.tv\/az\/wp-json\/wp\/v2\/categories?post=167299"},{"taxonomy":"post_tag","embeddable":true,"href":"https:\/\/www.meydan.tv\/az\/wp-json\/wp\/v2\/tags?post=167299"}],"curies":[{"name":"wp","href":"https:\/\/api.w.org\/{rel}","templated":true}]}}