{"id":167297,"date":"2015-03-18T16:16:59","date_gmt":"2015-03-18T16:16:59","guid":{"rendered":"https:\/\/www.meydan.tv\/article\/burnundan-emeliyyat-olunan-qiz-dunyasini-deyisdi\/"},"modified":"2015-03-18T16:16:59","modified_gmt":"2015-03-18T16:16:59","slug":"burnundan-emeliyyat-olunan-qiz-dunyasini-deyisdi","status":"publish","type":"post","link":"https:\/\/www.meydan.tv\/az\/article\/burnundan-emeliyyat-olunan-qiz-dunyasini-deyisdi\/","title":{"rendered":"Burnundan \u0259m\u0259liyyat olunan q\u0131z d\u00fcnyas\u0131n\u0131 d\u0259yi\u015fdi"},"content":{"rendered":"<figure class=\"wp-block-image size-large\">\n  <img decoding=\"async\" src=\"https:\/\/www.meydan.tv\/az\/21656\/\" alt=\"\" class=\"wp-image-21656\"\/><figcaption><\/figcaption><\/figure>\n<figure class=\"wp-block-image size-large\">\n  <img decoding=\"async\" src=\"https:\/\/www.meydan.tv\/az\/21656\/\" alt=\"\" class=\"wp-image-21656\"\/><figcaption><\/figcaption><\/figure>\n<p>\n  \u0130lkin olaraq, q\u0131z\u0131n narkozun dozas\u0131n\u0131n y\u00fcks\u0259k olmas\u0131 s\u0259b\u0259bind\u0259n \u00f6ld\u00fcy\u00fc ehtimal edilir\n<\/p>\n<p>\n  Az\u0259rbaycanda burnundan plastik \u0259m\u0259liyyat olunmaq ist\u0259y\u0259n t\u0259l\u0259b\u0259 q\u0131z d\u00fcnyas\u0131n\u0131 d\u0259yi\u015fib.\n<\/p>\n<p>\n  Trend-in \u0259ld\u0259 etdiyi m\u0259lumata g\u00f6r\u0259, Az\u0259rbaycan Maliyy\u0259-\u0130qtisad Kollecinin t\u0259l\u0259b\u0259si olan Leyla Namiq q\u0131z\u0131 M\u00fcrs\u0259lova\u00a0mart\u0131n 17-d\u0259 \u201cStarMed\u201d adl\u0131 \u00f6z\u0259l klinikada burnundan plastik \u0259m\u0259liyyat olunmaq ist\u0259yib. Lakin t\u0259l\u0259b\u0259 q\u0131za \u0259m\u0259liyyat \u00fc\u00e7\u00fcn narkoz veril\u0259n kimi o d\u00fcnyas\u0131n\u0131 d\u0259yi\u015fib. \u0130lkin olaraq, q\u0131z\u0131n narkozun dozas\u0131n\u0131n y\u00fcks\u0259k olmas\u0131 s\u0259b\u0259bind\u0259n \u00f6ld\u00fcy\u00fc ehtimal edilir. M\u0259rhumun h\u0259kiminin c\u0259rrah S\u0259nan Mehdiyev oldu\u011fu bildirilib.\n<\/p>\n<p>\n  Kollecd\u0259n L.M\u00fcrs\u0259lovan\u0131n \u00f6l\u00fcm fakt\u0131n\u0131 t\u0259sdiql\u0259yibl\u0259r.\n<\/p>\n<p>\n  Kollecd\u0259n Trend-\u0259 deyilib ki, rus b\u00f6lm\u0259sind\u0259 maliyy\u0259 ixtisas\u0131 \u00fczr\u0259 94-c\u00fc qrupda t\u0259hsil alan L.M\u00fcrs\u0259lova III kurs t\u0259l\u0259b\u0259si olub. O, bu il m\u0259kt\u0259bi ba\u015fa vuracaqd\u0131. Kollecd\u0259n d\u0259 L.M\u00fcrs\u0259lovan\u0131n narkoz veril\u0259n zaman d\u00fcnyas\u0131n\u0131 d\u0259yi\u015fdiyi bildirilib.\n<\/p>\n<p>\n  S\u0259hiyy\u0259 Nazirliyinin m\u0259tbuat xidm\u0259tinin r\u0259hb\u0259ri Anar Q\u0259dirli Trend-\u0259 deyib ki, faktla ba\u011fl\u0131 nazirliy\u0259 h\u0259r hans\u0131 r\u0259smi m\u0259lumat daxil olmasa da, m\u0259s\u0259l\u0259 ara\u015fd\u0131r\u0131lacaq. M\u00fcvafiq m\u0259lumatlar daxil olduqdan sonra S\u0259hiyy\u0259 Nazirliyinin M\u0259hk\u0259m\u0259-Tibbi Ekspertiza v\u0259 Patoloji Anatomiya Birliyi t\u0259r\u0259find\u0259n ekspertiza h\u0259yata ke\u00e7iril\u0259c\u0259k. Bundan sonra is\u0259 S\u0259hiyy\u0259 Nazirliyi faktla ba\u011fl\u0131 t\u0259dbirl\u0259r g\u00f6r\u0259 bil\u0259r.\n<\/p>\n<p>\n  M\u0259s\u0259l\u0259 il\u0259 ba\u011fl\u0131 \u0259laq\u0259 saxlan\u0131lan S\u0259nan Mehdiyev \u0259vv\u0259lc\u0259 \u015f\u0259xsin \u00f6z\u00fc oldu\u011funu t\u0259sdiql\u0259s\u0259 d\u0259, suallar\u0131 e\u015fitdikd\u0259n sonra \u201cdan\u0131\u015fan S\u0259nan m\u00fc\u0259llimin k\u00f6m\u0259k\u00e7isidir, siz bir saatdan sonra \u0259laq\u0259 saxlay\u0131n\u201d dey\u0259r\u0259k, telefon \u0259laq\u0259sini dayand\u0131r\u0131b. Sonradan d\u0259f\u0259l\u0259rl\u0259 z\u0259ng olunmas\u0131na baxmayaraq, S.Mehdiyev telefona cavab verm\u0259yib.\n<\/p>\n<p><div><\/div><\/p>\n","protected":false},"excerpt":{"rendered":"<p>\u0130lkin olaraq, q\u0131z\u0131n narkozun dozas\u0131n\u0131n y\u00fcks\u0259k olmas\u0131 s\u0259b\u0259bind\u0259n \u00f6ld\u00fcy\u00fc ehtimal edilir<\/p>\n","protected":false},"author":11,"featured_media":21656,"comment_status":"closed","ping_status":"open","sticky":false,"template":"","format":"standard","meta":{"_acf_changed":false,"_sitemap_exclude":false,"_sitemap_priority":"","_sitemap_frequency":"","footnotes":""},"categories":[56],"tags":[],"class_list":["post-167297","post","type-post","status-publish","format-standard","has-post-thumbnail","hentry","category-xeberler","infinite-scroll-item","generate-columns","tablet-grid-50","mobile-grid-100","grid-parent","grid-33","no-featured-image-padding"],"acf":[],"yoast_head":"<!-- This site is optimized with the Yoast SEO plugin v28.4 - https:\/\/yoast.com\/product\/yoast-seo-wordpress\/ -->\n<title>Burnundan \u0259m\u0259liyyat olunan q\u0131z d\u00fcnyas\u0131n\u0131 d\u0259yi\u015fdi - MEYDAN.TV<\/title>\n<meta name=\"robots\" content=\"index, follow, max-snippet:-1, max-image-preview:large, max-video-preview:-1\" \/>\n<link rel=\"canonical\" href=\"https:\/\/www.meydan.tv\/az\/article\/burnundan-emeliyyat-olunan-qiz-dunyasini-deyisdi\/\" \/>\n<meta property=\"og:locale\" content=\"az_AZ\" \/>\n<meta property=\"og:type\" content=\"article\" \/>\n<meta property=\"og:title\" content=\"Burnundan \u0259m\u0259liyyat olunan q\u0131z d\u00fcnyas\u0131n\u0131 d\u0259yi\u015fdi - MEYDAN.TV\" \/>\n<meta property=\"og:description\" content=\"\u0130lkin olaraq, q\u0131z\u0131n narkozun dozas\u0131n\u0131n y\u00fcks\u0259k olmas\u0131 s\u0259b\u0259bind\u0259n \u00f6ld\u00fcy\u00fc ehtimal edilir\" \/>\n<meta property=\"og:url\" content=\"https:\/\/www.meydan.tv\/az\/article\/burnundan-emeliyyat-olunan-qiz-dunyasini-deyisdi\/\" \/>\n<meta property=\"og:site_name\" content=\"MEYDAN.TV\" \/>\n<meta property=\"article:published_time\" content=\"2015-03-18T16:16:59+00:00\" \/>\n<meta property=\"og:image\" content=\"https:\/\/www.meydan.tv\/wp-content\/uploads\/7825.jpg\" \/>\n\t<meta property=\"og:image:width\" content=\"849\" \/>\n\t<meta property=\"og:image:height\" content=\"565\" \/>\n\t<meta property=\"og:image:type\" content=\"image\/jpeg\" \/>\n<meta name=\"twitter:card\" content=\"summary_large_image\" \/>\n<!-- \/ Yoast SEO plugin. -->","yoast_head_json":{"title":"Burnundan \u0259m\u0259liyyat olunan q\u0131z d\u00fcnyas\u0131n\u0131 d\u0259yi\u015fdi - MEYDAN.TV","robots":{"index":"index","follow":"follow","max-snippet":"max-snippet:-1","max-image-preview":"max-image-preview:large","max-video-preview":"max-video-preview:-1"},"canonical":"https:\/\/www.meydan.tv\/az\/article\/burnundan-emeliyyat-olunan-qiz-dunyasini-deyisdi\/","og_locale":"az_AZ","og_type":"article","og_title":"Burnundan \u0259m\u0259liyyat olunan q\u0131z d\u00fcnyas\u0131n\u0131 d\u0259yi\u015fdi - MEYDAN.TV","og_description":"\u0130lkin olaraq, q\u0131z\u0131n narkozun dozas\u0131n\u0131n y\u00fcks\u0259k olmas\u0131 s\u0259b\u0259bind\u0259n \u00f6ld\u00fcy\u00fc ehtimal edilir","og_url":"https:\/\/www.meydan.tv\/az\/article\/burnundan-emeliyyat-olunan-qiz-dunyasini-deyisdi\/","og_site_name":"MEYDAN.TV","article_published_time":"2015-03-18T16:16:59+00:00","og_image":[{"width":849,"height":565,"url":"https:\/\/www.meydan.tv\/wp-content\/uploads\/7825.jpg","type":"image\/jpeg"}],"twitter_card":"summary_large_image","schema":{"@context":"https:\/\/schema.org","@graph":[{"@type":"Article","@id":"https:\/\/www.meydan.tv\/az\/article\/burnundan-emeliyyat-olunan-qiz-dunyasini-deyisdi\/#article","isPartOf":{"@id":"https:\/\/www.meydan.tv\/az\/article\/burnundan-emeliyyat-olunan-qiz-dunyasini-deyisdi\/"},"author":{"name":"user-manager","@id":"https:\/\/www.meydan.tv\/az\/#\/schema\/person\/10d11eccf6da3662cf5fdab9806ea91a"},"headline":"Burnundan \u0259m\u0259liyyat olunan q\u0131z d\u00fcnyas\u0131n\u0131 d\u0259yi\u015fdi","datePublished":"2015-03-18T16:16:59+00:00","mainEntityOfPage":{"@id":"https:\/\/www.meydan.tv\/az\/article\/burnundan-emeliyyat-olunan-qiz-dunyasini-deyisdi\/"},"wordCount":370,"publisher":{"@id":"https:\/\/www.meydan.tv\/az\/#organization"},"image":{"@id":"https:\/\/www.meydan.tv\/az\/article\/burnundan-emeliyyat-olunan-qiz-dunyasini-deyisdi\/#primaryimage"},"thumbnailUrl":"https:\/\/www.meydan.tv\/wp-content\/uploads\/7825.jpg","articleSection":["X\u0259b\u0259rl\u0259r"],"inLanguage":"az"},{"@type":"WebPage","@id":"https:\/\/www.meydan.tv\/az\/article\/burnundan-emeliyyat-olunan-qiz-dunyasini-deyisdi\/","url":"https:\/\/www.meydan.tv\/az\/article\/burnundan-emeliyyat-olunan-qiz-dunyasini-deyisdi\/","name":"Burnundan \u0259m\u0259liyyat olunan q\u0131z d\u00fcnyas\u0131n\u0131 d\u0259yi\u015fdi - MEYDAN.TV","isPartOf":{"@id":"https:\/\/www.meydan.tv\/az\/#website"},"primaryImageOfPage":{"@id":"https:\/\/www.meydan.tv\/az\/article\/burnundan-emeliyyat-olunan-qiz-dunyasini-deyisdi\/#primaryimage"},"image":{"@id":"https:\/\/www.meydan.tv\/az\/article\/burnundan-emeliyyat-olunan-qiz-dunyasini-deyisdi\/#primaryimage"},"thumbnailUrl":"https:\/\/www.meydan.tv\/wp-content\/uploads\/7825.jpg","datePublished":"2015-03-18T16:16:59+00:00","breadcrumb":{"@id":"https:\/\/www.meydan.tv\/az\/article\/burnundan-emeliyyat-olunan-qiz-dunyasini-deyisdi\/#breadcrumb"},"inLanguage":"az","potentialAction":[{"@type":"ReadAction","target":["https:\/\/www.meydan.tv\/az\/article\/burnundan-emeliyyat-olunan-qiz-dunyasini-deyisdi\/"]}]},{"@type":"ImageObject","inLanguage":"az","@id":"https:\/\/www.meydan.tv\/az\/article\/burnundan-emeliyyat-olunan-qiz-dunyasini-deyisdi\/#primaryimage","url":"https:\/\/www.meydan.tv\/wp-content\/uploads\/7825.jpg","contentUrl":"https:\/\/www.meydan.tv\/wp-content\/uploads\/7825.jpg","width":849,"height":565,"caption":"Source:"},{"@type":"BreadcrumbList","@id":"https:\/\/www.meydan.tv\/az\/article\/burnundan-emeliyyat-olunan-qiz-dunyasini-deyisdi\/#breadcrumb","itemListElement":[{"@type":"ListItem","position":1,"name":"Ana s\u0259hif\u0259","item":"https:\/\/www.meydan.tv\/az\/"},{"@type":"ListItem","position":2,"name":"X\u0259b\u0259rl\u0259r","item":"https:\/\/www.meydan.tv\/az\/section\/xeberler\/"},{"@type":"ListItem","position":3,"name":"Burnundan \u0259m\u0259liyyat olunan q\u0131z d\u00fcnyas\u0131n\u0131 d\u0259yi\u015fdi"}]},{"@type":"WebSite","@id":"https:\/\/www.meydan.tv\/az\/#website","url":"https:\/\/www.meydan.tv\/az\/","name":"MEYDAN.TV","description":"Meydan TV Az\u0259rbaycan\u0131n media m\u0259kan\u0131ndak\u0131 alternativ s\u0259sidir","publisher":{"@id":"https:\/\/www.meydan.tv\/az\/#organization"},"potentialAction":[{"@type":"SearchAction","target":{"@type":"EntryPoint","urlTemplate":"https:\/\/www.meydan.tv\/az\/?s={search_term_string}"},"query-input":{"@type":"PropertyValueSpecification","valueRequired":true,"valueName":"search_term_string"}}],"inLanguage":"az"},{"@type":"Organization","@id":"https:\/\/www.meydan.tv\/az\/#organization","name":"Meydan TV","url":"https:\/\/www.meydan.tv\/az\/","logo":{"@type":"ImageObject","inLanguage":"az","@id":"https:\/\/www.meydan.tv\/az\/#\/schema\/logo\/image\/","url":"https:\/\/www.meydan.tv\/wp-content\/uploads\/2021\/07\/meydan-logo.svg","contentUrl":"https:\/\/www.meydan.tv\/wp-content\/uploads\/2021\/07\/meydan-logo.svg","width":195,"height":46,"caption":"Meydan TV"},"image":{"@id":"https:\/\/www.meydan.tv\/az\/#\/schema\/logo\/image\/"}},{"@type":"Person","@id":"https:\/\/www.meydan.tv\/az\/#\/schema\/person\/10d11eccf6da3662cf5fdab9806ea91a","name":"user-manager"}]}},"_links":{"self":[{"href":"https:\/\/www.meydan.tv\/az\/wp-json\/wp\/v2\/posts\/167297","targetHints":{"allow":["GET"]}}],"collection":[{"href":"https:\/\/www.meydan.tv\/az\/wp-json\/wp\/v2\/posts"}],"about":[{"href":"https:\/\/www.meydan.tv\/az\/wp-json\/wp\/v2\/types\/post"}],"author":[{"embeddable":true,"href":"https:\/\/www.meydan.tv\/az\/wp-json\/wp\/v2\/users\/11"}],"replies":[{"embeddable":true,"href":"https:\/\/www.meydan.tv\/az\/wp-json\/wp\/v2\/comments?post=167297"}],"version-history":[{"count":0,"href":"https:\/\/www.meydan.tv\/az\/wp-json\/wp\/v2\/posts\/167297\/revisions"}],"wp:featuredmedia":[{"embeddable":true,"href":"https:\/\/www.meydan.tv\/az\/wp-json\/wp\/v2\/media\/21656"}],"wp:attachment":[{"href":"https:\/\/www.meydan.tv\/az\/wp-json\/wp\/v2\/media?parent=167297"}],"wp:term":[{"taxonomy":"category","embeddable":true,"href":"https:\/\/www.meydan.tv\/az\/wp-json\/wp\/v2\/categories?post=167297"},{"taxonomy":"post_tag","embeddable":true,"href":"https:\/\/www.meydan.tv\/az\/wp-json\/wp\/v2\/tags?post=167297"}],"curies":[{"name":"wp","href":"https:\/\/api.w.org\/{rel}","templated":true}]}}