{"id":167296,"date":"2015-03-18T15:42:12","date_gmt":"2015-03-18T15:42:12","guid":{"rendered":"https:\/\/www.meydan.tv\/article\/putin-neyese-hazirlasir\/"},"modified":"2015-03-18T15:42:12","modified_gmt":"2015-03-18T15:42:12","slug":"putin-neyese-hazirlasir","status":"publish","type":"post","link":"https:\/\/www.meydan.tv\/az\/article\/putin-neyese-hazirlasir\/","title":{"rendered":"&#8220;Putin n\u0259y\u0259s\u0259 haz\u0131rla\u015f\u0131r&#8221;"},"content":{"rendered":"<figure class=\"wp-block-image size-large\">\n  <img decoding=\"async\" src=\"https:\/\/www.meydan.tv\/az\/21647\/\" alt=\"\" class=\"wp-image-21647\"\/><figcaption><\/figcaption><\/figure>\n<figure class=\"wp-block-image size-large\">\n  <img decoding=\"async\" src=\"https:\/\/www.meydan.tv\/az\/21647\/\" alt=\"\" class=\"wp-image-21647\"\/><figcaption><\/figcaption><\/figure>\n<p>\n  <i><br \/>\n    &#8220;\u015eaiy\u0259l\u0259rsiz dar\u0131xd\u0131r\u0131c\u0131 olur&#8221;. V.Putin<br \/>\n  <\/i>\n<\/p>\n<p>\n  2000-ci il sentyabr\u0131n 20-d\u0259 s\u0259h\u0259r Rusiya prezidenti Vladimir Putin Amerikan\u0131n Klivlend \u015f\u0259h\u0259rind\u0259ki klinikada yatan Az\u0259rbaycan prezidenti Heyd\u0259r \u018fliyev\u0259 z\u0259ng edib, onun s\u0259hh\u0259ti il\u0259 maraqlanm\u0131\u015fd\u0131. H\u0259min vaxt Moskvadak\u0131 diplomatik m\u0259nb\u0259l\u0259r &#8220;Turan&#8221; \u0130nformasiya Agentliyin\u0259 s\u00f6hb\u0259tin 15 d\u0259qiq\u0259 s\u00fcrd\u00fcy\u00fcn\u00fc v\u0259 t\u0259r\u0259fl\u0259rin qar\u015f\u0131l\u0131ql\u0131 maraq do\u011furan m\u0259s\u0259l\u0259l\u0259ri m\u00fczakir\u0259 etdikl\u0259rini bildirmi\u015fdil\u0259r.\n<\/p>\n<p>\n  Putinin yoxlama xarakterli z\u0259ngi K\u0130V-d\u0259 Az\u0259rbaycan prezidentinin \u00f6l\u00fcmc\u00fcl v\u0259ziyy\u0259td\u0259 olmas\u0131 v\u0259 h\u0259tta gazeta.ru-nun o vaxt yayd\u0131\u011f\u0131 m\u0259lumata g\u00f6r\u0259, \u00f6ld\u00fcy\u00fc haqq\u0131nda \u015faiy\u0259l\u0259r yay\u0131lma\u011fa ba\u015flad\u0131qdan sonra ba\u015f tutub.\n<\/p>\n<p>\n  H\u0259min g\u00fcnl\u0259rin hadis\u0259l\u0259ri bu yax\u0131nlarda el\u0259 prezident Putinin \u00f6z\u00fcn\u00fcn bir h\u0259ft\u0259 \u0259rzind\u0259 informasiya sah\u0259sind\u0259n yox olmas\u0131 il\u0259 ba\u011fl\u0131 ba\u015f ver\u0259nl\u0259r\u0259 b\u0259nz\u0259yir. \u015eaiy\u0259l\u0259r \u00f6l\u00fcmc\u00fcl x\u0259st\u0259lik v\u0259 \u0259trafdak\u0131 naraz\u0131 insanlar\u0131n Kremld\u0259 \u00e7evrili\u015f etm\u0259si versiyalar\u0131 yarad\u0131b.\n<\/p>\n<p>\n  Ke\u00e7mi\u015f\u0259 n\u0259z\u0259r salsaq, KQB polkovnikinin haz\u0131rki m\u0259ntiqini v\u0259 onun yoxa \u00e7\u0131xmas\u0131n\u0131n s\u0259b\u0259bl\u0259rini m\u00fc\u0259yy\u0259n d\u0259r\u0259c\u0259d\u0259 hesablamaq olar. KQB general\u0131 Heyd\u0259r \u018fliyev 12 sentyabr 2000-ci il tarixind\u0259 t\u0259xmin\u0259n bir il \u0259vv\u0259l h\u0259yata ke\u00e7irilmi\u015f damar \u015funtlamas\u0131ndan sonra yoxlama m\u00fcayin\u0259si \u00fc\u00e7\u00fcn Klivlend\u0259 gedib. Yay\u0131n ortalar\u0131ndan art\u0131q K\u0130V-d\u0259 patriarx\u0131n s\u0259hh\u0259tind\u0259 probleml\u0259r haqq\u0131nda \u015faiy\u0259l\u0259r s\u0131zm\u0131\u015fd\u0131.\n<\/p>\n<p>\n  Klivlendd\u0259 planl\u0131 yoxlama uzun \u00e7\u0259kib v\u0259 onun s\u0259hh\u0259ti haqq\u0131nda h\u0259m \u00f6z\u00fcn\u00fc yax\u015f\u0131 hiss etm\u0259si, h\u0259m d\u0259 qrip, pnevmaniya x\u0259st\u0259likl\u0259rin\u0259 yaxalanmas\u0131 haqq\u0131nda ziddiyy\u0259tli m\u0259lumatlar daxil olma\u011fa ba\u015flad\u0131. Amma o g\u00fcnl\u0259r \u0259n m\u00fch\u00fcm intriqa ondan ibar\u0259t idi ki, Bak\u0131da y\u00fcks\u0259k dair\u0259l\u0259r \u018fliyevin komaya d\u00fc\u015fd\u00fcy\u00fc haqq\u0131nda m\u0259lumat alan kimi yanl\u0131\u015f start g\u00f6t\u00fcrd\u00fcl\u0259r. Y\u00fcks\u0259k m\u0259murlar h\u00f6kum\u0259t ba\u011f evind\u0259 y\u0131\u011f\u0131\u015faraq, hakimiyy\u0259tl\u0259 ba\u011fl\u0131 n\u00f6vb\u0259ti add\u0131mlar\u0131 m\u00fczakir\u0259 etdil\u0259r. G\u00f6r\u00fcn\u00fcr, t\u0259sad\u00fcfi deyil ki, d\u00f6vl\u0259t ba\u015f\u00e7\u0131s\u0131n\u0131n \u0259sas varisi \u0130lham \u018fliyev Milli Olimpiya Komit\u0259sinin r\u0259hb\u0259ri kimi Avstraliyada yay olimpiyadas\u0131nda idi.\n<\/p>\n<p>\n  Sentyabr\u0131n 30-da Bak\u0131ya qay\u0131td\u0131qdan sonra Heyd\u0259r \u018fliyev h\u00f6kum\u0259t m\u00fc\u015favir\u0259sind\u0259 hidd\u0259tl\u0259 ba\u015fa sald\u0131 ki, \u0259traf\u0131ndak\u0131 insanlar\u0131n p\u0259rd\u0259arxas\u0131 planlar\u0131ndan x\u0259b\u0259rdard\u0131r. Bu h\u0259r\u0259k\u0259t h\u0259m taktiki, h\u0259m d\u0259 strateji c\u0259h\u0259td\u0259n o\u011flunun sonradan nisb\u0259t\u0259n asan hakimiyy\u0259t\u0259 g\u0259lm\u0259sini t\u0259min edib. \u0130kinci d\u0259f\u0259 Heyd\u0259r \u018fliyev 2002-ci ilin fevral\u0131nda yen\u0259 Klivlendd\u0259 \u201cg\u00f6z\u201dd\u0259n uzaqla\u015fmqla, buna b\u0259nz\u0259r intriqa yaratd\u0131. \u00dc\u00e7\u00fcnc\u00fc d\u0259f\u0259 is\u0259 2003-c\u00fc ilin yay-pay\u0131z\u0131nda Az\u0259rbaycanda oktyabr\u0131n 15-d\u0259 \u0130lham \u018fliyevin prezident k\u00fcrs\u00fcs\u00fcn\u0259 g\u0259lm\u0259sini t\u0259min ed\u0259n prezident se\u00e7kil\u0259ri kampaniyas\u0131 zaman\u0131 \u201cKlivlend taktikas\u0131n\u0131\u201d t\u0259tbiq etdi. Ata-prezidentin v\u0259fat\u0131 haqq\u0131nda etibars\u0131z \u0259traf\u0131 yaln\u0131z dekabrda x\u0259b\u0259r tutub.\n<\/p>\n<p>\n  \u00d6t\u0259n h\u0259ft\u0259 Putin ikinci d\u0259f\u0259 \u00f6z\u00fc il\u0259 ba\u011fl\u0131 informasiya bo\u015flu\u011fu yaratd\u0131, birinci d\u0259f\u0259 bu metodu 2012-ci ilin oktyabr\u0131nda t\u0259tbiq etmi\u015fdi. H\u0259min vaxt sonradan s\u0259sl\u0259n\u0259n versiyaya g\u00f6r\u0259, o, k\u00fcr\u0259yind\u0259 travmadan m\u00fcalic\u0259 al\u0131rd\u0131.\n<\/p>\n<p>\n  Jurnalistl\u0259rin, siyas\u0259t\u00e7il\u0259rin, analitikl\u0259rin bu d\u0259f\u0259ki reaksiyas\u0131 m\u00fcxt\u0259lif olub. Rusiya prezidentin yox olmas\u0131na maraq b\u00f6y\u00fck idi v\u0259 b\u00fct\u00fcn cari d\u00fcnya x\u0259b\u0259rl\u0259rini k\u00f6lg\u0259d\u0259 buraxd\u0131. Qiym\u0259tl\u0259ndirm\u0259l\u0259r v\u0259 t\u0259hlill\u0259r\u00a0 d\u00f6vl\u0259t ba\u015f\u00e7\u0131s\u0131n\u0131n \u0259traf\u0131ndak\u0131 insanlar\u0131n, c\u0259miyy\u0259tin, xarici t\u0259r\u0259fda\u015flar\u0131n v\u0259 d\u00fc\u015fm\u0259nl\u0259rin m\u00fcnasib\u0259tini \u00fcz\u0259 \u00e7\u0131xarma\u011fa imkan verdi. \u0130ctimai r\u0259yin bel\u0259 \u00f6yr\u0259nilm\u0259si formas\u0131 Putinin n\u0259y\u0259s\u0259 haz\u0131rla\u015fd\u0131\u011f\u0131n\u0131 v\u0259 \u00f6z\u00fcn\u00fcn v\u0259 \u0259traf sistemin t\u0259hl\u00fck\u0259sizliyinin onu narahat etdiyini g\u00f6st\u0259r\u0259 bil\u0259r. D\u0259rinl\u0259\u015fm\u0259kd\u0259 olan iqtisadi b\u00f6hran v\u0259 formal olaraq Ukrayna b\u00f6hran\u0131 il\u0259 \u0259laqdar yaranm\u0131\u015f, artmaqda olan xarici t\u0259crid \u015f\u0259raitind\u0259 bu, t\u0259sad\u00fcfi deyil. Heyd\u0259r \u018fliyev d\u0259 \u00f6z\u00fc \u00fc\u00e7\u00fcn h\u0259lledici olan hakimiyy\u0259tin t\u0259hvil verilm\u0259si d\u00f6vr\u00fcnd\u0259 bel\u0259 etmi\u015fdi.\n<\/p>\n<p>\n  \u00a0Turan Analitika Xidm\u0259ti<\/p>\n","protected":false},"excerpt":{"rendered":"<p>&#8220;\u015eaiy\u0259l\u0259rsiz dar\u0131xd\u0131r\u0131c\u0131 olur&#8221;. V.Putin<\/p>\n","protected":false},"author":11,"featured_media":21647,"comment_status":"closed","ping_status":"open","sticky":false,"template":"","format":"standard","meta":{"_acf_changed":false,"_sitemap_exclude":false,"_sitemap_priority":"","_sitemap_frequency":"","footnotes":""},"categories":[56],"tags":[],"class_list":["post-167296","post","type-post","status-publish","format-standard","has-post-thumbnail","hentry","category-xeberler","infinite-scroll-item","generate-columns","tablet-grid-50","mobile-grid-100","grid-parent","grid-33","no-featured-image-padding"],"acf":[],"yoast_head":"<!-- This site is optimized with the Yoast SEO plugin v28.4 - https:\/\/yoast.com\/product\/yoast-seo-wordpress\/ -->\n<title>&quot;Putin n\u0259y\u0259s\u0259 haz\u0131rla\u015f\u0131r&quot; - MEYDAN.TV<\/title>\n<meta name=\"robots\" content=\"index, follow, max-snippet:-1, max-image-preview:large, max-video-preview:-1\" \/>\n<link rel=\"canonical\" href=\"https:\/\/www.meydan.tv\/az\/article\/putin-neyese-hazirlasir\/\" \/>\n<meta property=\"og:locale\" content=\"az_AZ\" \/>\n<meta property=\"og:type\" content=\"article\" \/>\n<meta property=\"og:title\" content=\"&quot;Putin n\u0259y\u0259s\u0259 haz\u0131rla\u015f\u0131r&quot; - MEYDAN.TV\" \/>\n<meta property=\"og:description\" content=\"&quot;\u015eaiy\u0259l\u0259rsiz dar\u0131xd\u0131r\u0131c\u0131 olur&quot;. V.Putin\" \/>\n<meta property=\"og:url\" content=\"https:\/\/www.meydan.tv\/az\/article\/putin-neyese-hazirlasir\/\" \/>\n<meta property=\"og:site_name\" content=\"MEYDAN.TV\" \/>\n<meta property=\"article:published_time\" content=\"2015-03-18T15:42:12+00:00\" \/>\n<meta property=\"og:image\" content=\"https:\/\/www.meydan.tv\/wp-content\/uploads\/7824.jpg\" \/>\n\t<meta property=\"og:image:width\" content=\"400\" \/>\n\t<meta property=\"og:image:height\" content=\"267\" \/>\n\t<meta property=\"og:image:type\" content=\"image\/jpeg\" \/>\n<meta name=\"twitter:card\" content=\"summary_large_image\" \/>\n<!-- \/ Yoast SEO plugin. -->","yoast_head_json":{"title":"\"Putin n\u0259y\u0259s\u0259 haz\u0131rla\u015f\u0131r\" - MEYDAN.TV","robots":{"index":"index","follow":"follow","max-snippet":"max-snippet:-1","max-image-preview":"max-image-preview:large","max-video-preview":"max-video-preview:-1"},"canonical":"https:\/\/www.meydan.tv\/az\/article\/putin-neyese-hazirlasir\/","og_locale":"az_AZ","og_type":"article","og_title":"\"Putin n\u0259y\u0259s\u0259 haz\u0131rla\u015f\u0131r\" - MEYDAN.TV","og_description":"\"\u015eaiy\u0259l\u0259rsiz dar\u0131xd\u0131r\u0131c\u0131 olur\". V.Putin","og_url":"https:\/\/www.meydan.tv\/az\/article\/putin-neyese-hazirlasir\/","og_site_name":"MEYDAN.TV","article_published_time":"2015-03-18T15:42:12+00:00","og_image":[{"width":400,"height":267,"url":"https:\/\/www.meydan.tv\/wp-content\/uploads\/7824.jpg","type":"image\/jpeg"}],"twitter_card":"summary_large_image","schema":{"@context":"https:\/\/schema.org","@graph":[{"@type":"Article","@id":"https:\/\/www.meydan.tv\/az\/article\/putin-neyese-hazirlasir\/#article","isPartOf":{"@id":"https:\/\/www.meydan.tv\/az\/article\/putin-neyese-hazirlasir\/"},"author":{"name":"user-manager","@id":"https:\/\/www.meydan.tv\/az\/#\/schema\/person\/10d11eccf6da3662cf5fdab9806ea91a"},"headline":"&#8220;Putin n\u0259y\u0259s\u0259 haz\u0131rla\u015f\u0131r&#8221;","datePublished":"2015-03-18T15:42:12+00:00","mainEntityOfPage":{"@id":"https:\/\/www.meydan.tv\/az\/article\/putin-neyese-hazirlasir\/"},"wordCount":794,"publisher":{"@id":"https:\/\/www.meydan.tv\/az\/#organization"},"image":{"@id":"https:\/\/www.meydan.tv\/az\/article\/putin-neyese-hazirlasir\/#primaryimage"},"thumbnailUrl":"https:\/\/www.meydan.tv\/wp-content\/uploads\/7824.jpg","articleSection":["X\u0259b\u0259rl\u0259r"],"inLanguage":"az"},{"@type":"WebPage","@id":"https:\/\/www.meydan.tv\/az\/article\/putin-neyese-hazirlasir\/","url":"https:\/\/www.meydan.tv\/az\/article\/putin-neyese-hazirlasir\/","name":"\"Putin n\u0259y\u0259s\u0259 haz\u0131rla\u015f\u0131r\" - MEYDAN.TV","isPartOf":{"@id":"https:\/\/www.meydan.tv\/az\/#website"},"primaryImageOfPage":{"@id":"https:\/\/www.meydan.tv\/az\/article\/putin-neyese-hazirlasir\/#primaryimage"},"image":{"@id":"https:\/\/www.meydan.tv\/az\/article\/putin-neyese-hazirlasir\/#primaryimage"},"thumbnailUrl":"https:\/\/www.meydan.tv\/wp-content\/uploads\/7824.jpg","datePublished":"2015-03-18T15:42:12+00:00","breadcrumb":{"@id":"https:\/\/www.meydan.tv\/az\/article\/putin-neyese-hazirlasir\/#breadcrumb"},"inLanguage":"az","potentialAction":[{"@type":"ReadAction","target":["https:\/\/www.meydan.tv\/az\/article\/putin-neyese-hazirlasir\/"]}]},{"@type":"ImageObject","inLanguage":"az","@id":"https:\/\/www.meydan.tv\/az\/article\/putin-neyese-hazirlasir\/#primaryimage","url":"https:\/\/www.meydan.tv\/wp-content\/uploads\/7824.jpg","contentUrl":"https:\/\/www.meydan.tv\/wp-content\/uploads\/7824.jpg","width":400,"height":267,"caption":"Source:"},{"@type":"BreadcrumbList","@id":"https:\/\/www.meydan.tv\/az\/article\/putin-neyese-hazirlasir\/#breadcrumb","itemListElement":[{"@type":"ListItem","position":1,"name":"Ana s\u0259hif\u0259","item":"https:\/\/www.meydan.tv\/az\/"},{"@type":"ListItem","position":2,"name":"X\u0259b\u0259rl\u0259r","item":"https:\/\/www.meydan.tv\/az\/section\/xeberler\/"},{"@type":"ListItem","position":3,"name":"&#8220;Putin n\u0259y\u0259s\u0259 haz\u0131rla\u015f\u0131r&#8221;"}]},{"@type":"WebSite","@id":"https:\/\/www.meydan.tv\/az\/#website","url":"https:\/\/www.meydan.tv\/az\/","name":"MEYDAN.TV","description":"Meydan TV Az\u0259rbaycan\u0131n media m\u0259kan\u0131ndak\u0131 alternativ s\u0259sidir","publisher":{"@id":"https:\/\/www.meydan.tv\/az\/#organization"},"potentialAction":[{"@type":"SearchAction","target":{"@type":"EntryPoint","urlTemplate":"https:\/\/www.meydan.tv\/az\/?s={search_term_string}"},"query-input":{"@type":"PropertyValueSpecification","valueRequired":true,"valueName":"search_term_string"}}],"inLanguage":"az"},{"@type":"Organization","@id":"https:\/\/www.meydan.tv\/az\/#organization","name":"Meydan TV","url":"https:\/\/www.meydan.tv\/az\/","logo":{"@type":"ImageObject","inLanguage":"az","@id":"https:\/\/www.meydan.tv\/az\/#\/schema\/logo\/image\/","url":"https:\/\/www.meydan.tv\/wp-content\/uploads\/2021\/07\/meydan-logo.svg","contentUrl":"https:\/\/www.meydan.tv\/wp-content\/uploads\/2021\/07\/meydan-logo.svg","width":195,"height":46,"caption":"Meydan TV"},"image":{"@id":"https:\/\/www.meydan.tv\/az\/#\/schema\/logo\/image\/"}},{"@type":"Person","@id":"https:\/\/www.meydan.tv\/az\/#\/schema\/person\/10d11eccf6da3662cf5fdab9806ea91a","name":"user-manager"}]}},"_links":{"self":[{"href":"https:\/\/www.meydan.tv\/az\/wp-json\/wp\/v2\/posts\/167296","targetHints":{"allow":["GET"]}}],"collection":[{"href":"https:\/\/www.meydan.tv\/az\/wp-json\/wp\/v2\/posts"}],"about":[{"href":"https:\/\/www.meydan.tv\/az\/wp-json\/wp\/v2\/types\/post"}],"author":[{"embeddable":true,"href":"https:\/\/www.meydan.tv\/az\/wp-json\/wp\/v2\/users\/11"}],"replies":[{"embeddable":true,"href":"https:\/\/www.meydan.tv\/az\/wp-json\/wp\/v2\/comments?post=167296"}],"version-history":[{"count":0,"href":"https:\/\/www.meydan.tv\/az\/wp-json\/wp\/v2\/posts\/167296\/revisions"}],"wp:featuredmedia":[{"embeddable":true,"href":"https:\/\/www.meydan.tv\/az\/wp-json\/wp\/v2\/media\/21647"}],"wp:attachment":[{"href":"https:\/\/www.meydan.tv\/az\/wp-json\/wp\/v2\/media?parent=167296"}],"wp:term":[{"taxonomy":"category","embeddable":true,"href":"https:\/\/www.meydan.tv\/az\/wp-json\/wp\/v2\/categories?post=167296"},{"taxonomy":"post_tag","embeddable":true,"href":"https:\/\/www.meydan.tv\/az\/wp-json\/wp\/v2\/tags?post=167296"}],"curies":[{"name":"wp","href":"https:\/\/api.w.org\/{rel}","templated":true}]}}