{"id":167291,"date":"2015-03-18T14:43:28","date_gmt":"2015-03-18T14:43:28","guid":{"rendered":"https:\/\/www.meydan.tv\/article\/rektorun-qizini-doymekde-teqsirlendirilen-qardaslardan-biri-hebs-edilib\/"},"modified":"2015-03-18T14:43:28","modified_gmt":"2015-03-18T14:43:28","slug":"rektorun-qizini-doymekde-teqsirlendirilen-qardaslardan-biri-hebs-edilib","status":"publish","type":"post","link":"https:\/\/www.meydan.tv\/az\/article\/rektorun-qizini-doymekde-teqsirlendirilen-qardaslardan-biri-hebs-edilib\/","title":{"rendered":"Rektorun q\u0131z\u0131n\u0131 d\u00f6ym\u0259kd\u0259 t\u0259qsirl\u0259ndiril\u0259n qarda\u015flardan biri h\u0259bs edilib"},"content":{"rendered":"<figure class=\"wp-block-image size-large\">\n  <img decoding=\"async\" src=\"https:\/\/www.meydan.tv\/az\/21619\/\" alt=\"\" class=\"wp-image-21619\"\/><figcaption><\/figcaption><\/figure>\n<figure class=\"wp-block-image size-large\">\n  <img decoding=\"async\" src=\"https:\/\/www.meydan.tv\/az\/21619\/\" alt=\"\" class=\"wp-image-21619\"\/><figcaption><\/figcaption><\/figure>\n<p><div>\n    <i><br \/>\n      Elin M\u0259mm\u0259dovla ba\u011fl\u0131 is\u0259 birinci instansiya m\u0259hk\u0259m\u0259sinin q\u0259rar\u0131 q\u00fcvv\u0259d\u0259 saxlan\u0131l\u0131b<br \/>\n    <\/i>\n  <\/div>\n<\/p>\n<p>\n  Bak\u0131 Apellyasiya M\u0259hk\u0259m\u0259sind\u0259 X\u0259z\u0259r Universitetinin t\u0259sis\u00e7isi Hamlet \u0130saxanl\u0131n\u0131n q\u0131z\u0131 \u00dclk\u0259r \u0130sayevan\u0131n d\u00f6y\u00fclm\u0259sind\u0259 t\u0259qsirl\u0259ndiril\u0259n \u015f\u0259xsl\u0259rl\u0259 ba\u011fl\u0131 prokurorlu\u011fun verdiyi apellyasiya protestin\u0259 bax\u0131l\u0131b.\n<\/p>\n<p>\n  <a href=\"https:\/\/apa.az\"><br \/>\n    APA<br \/>\n  <\/a><br \/>\n  -n\u0131n m\u0259lumat\u0131na g\u00f6r\u0259, hakim Sahibxan Mirz\u0259yevin s\u0259drlik etdiyi iclasda\u00a0t\u0259qsirl\u0259ndiril\u0259n Zaur M\u0259mm\u0259dov bar\u0259sind\u0259 h\u0259bs q\u0259timkan t\u0259dbiri se\u00e7ilib. Elin M\u0259mm\u0259dovla ba\u011fl\u0131 is\u0259 birinci instansiya m\u0259hk\u0259m\u0259sinin q\u0259rar\u0131 q\u00fcvv\u0259d\u0259 qal\u0131b.\n<\/p>\n<p>\n  Mart\u0131n 17-d\u0259 protestin bax\u0131lmas\u0131na ba\u015flan\u0131b v\u0259 iclas bu g\u00fcn\u0259 t\u0259xir\u0259 sal\u0131n\u0131b.\n<\/p>\n<p>\n  T\u0259qsirl\u0259ndiril\u0259n Zaur v\u0259 Elin M\u0259mm\u0259dovlar\u0131n anas\u0131 G\u00fclnar\u0259 M\u0259mm\u0259dova prosesd\u0259n sonra jurnalistl\u0259r\u0259 a\u00e7\u0131qlamas\u0131nda qad\u0131n\u0131n d\u00f6y\u00fclm\u0259sini \u00f6z\u00fcnd\u0259 \u0259ks etdir\u0259n videog\u00f6r\u00fcnt\u00fcl\u0259r\u0259 baxd\u0131\u011f\u0131n\u0131, lakin h\u0259min g\u00f6r\u00fcnt\u00fcl\u0259rd\u0259ki \u015f\u0259xsl\u0259rin onun \u00f6vladlar\u0131 olmad\u0131\u011f\u0131n\u0131 deyib: \u201cH\u0259min g\u00f6r\u00fcnt\u00fcl\u0259rd\u0259 he\u00e7 kimin \u00fcz\u00fc g\u00f6r\u00fcnm\u00fcr. H\u0259m\u00e7inin ma\u015f\u0131n\u0131n n\u00f6mr\u0259si d\u0259 d\u00fc\u015fm\u0259yib. M\u0259n \u00dclk\u0259r \u0130sayeva adl\u0131 qad\u0131n tan\u0131m\u0131ram. O\u011flanlar\u0131m\u0131n da h\u0259min qad\u0131nla m\u00fcnasib\u0259tl\u0259rinin olmas\u0131 bar\u0259d\u0259 x\u0259b\u0259rim yoxdur. M\u0259tbuatda bizim bahal\u0131 avtomobilimizin olmas\u0131 bar\u0259d\u0259 m\u0259lumatlar yay\u0131l\u0131b. Qeyd edir\u0259m ki, h\u0259min avtomobil bahal\u0131 deyil\u201d.\n<\/p>\n<p>\n  H.\u0130saxanl\u0131n\u0131n q\u0131z\u0131 \u00dclk\u0259r \u0130sayeva 9 mart 2015-ci il tarixind\u0259 Bak\u0131 \u015f\u0259h\u0259rind\u0259, Azadl\u0131q prospekti il\u0259 \u00dczeyir Hac\u0131b\u0259yli k\u00fc\u00e7\u0259sinin k\u0259si\u015fm\u0259sind\u0259 iki qarda\u015f t\u0259r\u0259find\u0259n fiziki i\u015fg\u0259nc\u0259y\u0259 m\u0259ruz qal\u0131b. Ba\u015f vermi\u015f hadis\u0259 il\u0259 \u0259laq\u0259dar Bak\u0131 \u015f\u0259h\u0259r Ba\u015f Polis \u0130dar\u0259sind\u0259 Cinay\u0259t M\u0259c\u0259ll\u0259sinin 221-ci (xuliqanl\u0131q) madd\u0259si il\u0259 cinay\u0259t i\u015fi ba\u015flan\u0131b v\u0259 prokurorluq i\u015f \u00fczr\u0259 t\u0259qsirl\u0259ndiril\u0259n M\u0259mm\u0259dov Zaur Muxtar o\u011flu bar\u0259sind\u0259 h\u0259bs q\u0259timkan t\u0259dbirinin se\u00e7ilm\u0259si bar\u0259d\u0259 m\u0259hk\u0259m\u0259y\u0259 m\u00fcraci\u0259t edib. Lakin X\u0259tai rayon M\u0259hk\u0259m\u0259sinin hakimi Raziy\u0259 Ata\u015fova prokurorlu\u011fun v\u0259sat\u0259tini t\u0259min etm\u0259yib.\n<\/p>\n<p>\n  H\u0259min q\u0259rardan is\u0259 Bak\u0131 \u015f\u0259h\u0259r Prokurorlu\u011fu t\u0259r\u0259find\u0259n apellyasiya protesti verilib.\n<\/p>\n<p>\n  Hamlet \u0130saxanl\u0131 mart\u0131n 18-d\u0259 yayd\u0131\u011f\u0131 a\u00e7\u0131qlamada d\u00f6y\u00fcl\u0259nin q\u0131z\u0131 deyil, onunla bir ma\u015f\u0131nda \u0259yl\u0259\u015f\u0259n Katya adl\u0131 qad\u0131n oldu\u011funu bildirib<\/p>\n","protected":false},"excerpt":{"rendered":"<p>Elin M\u0259mm\u0259dovla ba\u011fl\u0131 is\u0259 birinci instansiya m\u0259hk\u0259m\u0259sinin q\u0259rar\u0131 q\u00fcvv\u0259d\u0259 saxlan\u0131l\u0131b<\/p>\n","protected":false},"author":11,"featured_media":21619,"comment_status":"closed","ping_status":"open","sticky":false,"template":"","format":"standard","meta":{"_acf_changed":false,"_sitemap_exclude":false,"_sitemap_priority":"","_sitemap_frequency":"","footnotes":""},"categories":[56],"tags":[],"class_list":["post-167291","post","type-post","status-publish","format-standard","has-post-thumbnail","hentry","category-xeberler","infinite-scroll-item","generate-columns","tablet-grid-50","mobile-grid-100","grid-parent","grid-33","no-featured-image-padding"],"acf":[],"yoast_head":"<!-- This site is optimized with the Yoast SEO plugin v28.4 - https:\/\/yoast.com\/product\/yoast-seo-wordpress\/ -->\n<title>Rektorun q\u0131z\u0131n\u0131 d\u00f6ym\u0259kd\u0259 t\u0259qsirl\u0259ndiril\u0259n qarda\u015flardan biri h\u0259bs edilib - MEYDAN.TV<\/title>\n<meta name=\"robots\" content=\"index, follow, max-snippet:-1, max-image-preview:large, max-video-preview:-1\" \/>\n<link rel=\"canonical\" href=\"https:\/\/www.meydan.tv\/az\/article\/rektorun-qizini-doymekde-teqsirlendirilen-qardaslardan-biri-hebs-edilib\/\" \/>\n<meta property=\"og:locale\" content=\"az_AZ\" \/>\n<meta property=\"og:type\" content=\"article\" \/>\n<meta property=\"og:title\" content=\"Rektorun q\u0131z\u0131n\u0131 d\u00f6ym\u0259kd\u0259 t\u0259qsirl\u0259ndiril\u0259n qarda\u015flardan biri h\u0259bs edilib - MEYDAN.TV\" \/>\n<meta property=\"og:description\" content=\"Elin M\u0259mm\u0259dovla ba\u011fl\u0131 is\u0259 birinci instansiya m\u0259hk\u0259m\u0259sinin q\u0259rar\u0131 q\u00fcvv\u0259d\u0259 saxlan\u0131l\u0131b\" \/>\n<meta property=\"og:url\" content=\"https:\/\/www.meydan.tv\/az\/article\/rektorun-qizini-doymekde-teqsirlendirilen-qardaslardan-biri-hebs-edilib\/\" \/>\n<meta property=\"og:site_name\" content=\"MEYDAN.TV\" \/>\n<meta property=\"article:published_time\" content=\"2015-03-18T14:43:28+00:00\" \/>\n<meta property=\"og:image\" content=\"https:\/\/www.meydan.tv\/wp-content\/uploads\/7816.jpg\" \/>\n\t<meta property=\"og:image:width\" content=\"567\" \/>\n\t<meta property=\"og:image:height\" content=\"400\" \/>\n\t<meta property=\"og:image:type\" content=\"image\/jpeg\" \/>\n<meta name=\"twitter:card\" content=\"summary_large_image\" \/>\n<!-- \/ Yoast SEO plugin. -->","yoast_head_json":{"title":"Rektorun q\u0131z\u0131n\u0131 d\u00f6ym\u0259kd\u0259 t\u0259qsirl\u0259ndiril\u0259n qarda\u015flardan biri h\u0259bs edilib - MEYDAN.TV","robots":{"index":"index","follow":"follow","max-snippet":"max-snippet:-1","max-image-preview":"max-image-preview:large","max-video-preview":"max-video-preview:-1"},"canonical":"https:\/\/www.meydan.tv\/az\/article\/rektorun-qizini-doymekde-teqsirlendirilen-qardaslardan-biri-hebs-edilib\/","og_locale":"az_AZ","og_type":"article","og_title":"Rektorun q\u0131z\u0131n\u0131 d\u00f6ym\u0259kd\u0259 t\u0259qsirl\u0259ndiril\u0259n qarda\u015flardan biri h\u0259bs edilib - MEYDAN.TV","og_description":"Elin M\u0259mm\u0259dovla ba\u011fl\u0131 is\u0259 birinci instansiya m\u0259hk\u0259m\u0259sinin q\u0259rar\u0131 q\u00fcvv\u0259d\u0259 saxlan\u0131l\u0131b","og_url":"https:\/\/www.meydan.tv\/az\/article\/rektorun-qizini-doymekde-teqsirlendirilen-qardaslardan-biri-hebs-edilib\/","og_site_name":"MEYDAN.TV","article_published_time":"2015-03-18T14:43:28+00:00","og_image":[{"width":567,"height":400,"url":"https:\/\/www.meydan.tv\/wp-content\/uploads\/7816.jpg","type":"image\/jpeg"}],"twitter_card":"summary_large_image","schema":{"@context":"https:\/\/schema.org","@graph":[{"@type":"Article","@id":"https:\/\/www.meydan.tv\/az\/article\/rektorun-qizini-doymekde-teqsirlendirilen-qardaslardan-biri-hebs-edilib\/#article","isPartOf":{"@id":"https:\/\/www.meydan.tv\/az\/article\/rektorun-qizini-doymekde-teqsirlendirilen-qardaslardan-biri-hebs-edilib\/"},"author":{"name":"user-manager","@id":"https:\/\/www.meydan.tv\/az\/#\/schema\/person\/10d11eccf6da3662cf5fdab9806ea91a"},"headline":"Rektorun q\u0131z\u0131n\u0131 d\u00f6ym\u0259kd\u0259 t\u0259qsirl\u0259ndiril\u0259n qarda\u015flardan biri h\u0259bs edilib","datePublished":"2015-03-18T14:43:28+00:00","mainEntityOfPage":{"@id":"https:\/\/www.meydan.tv\/az\/article\/rektorun-qizini-doymekde-teqsirlendirilen-qardaslardan-biri-hebs-edilib\/"},"wordCount":474,"publisher":{"@id":"https:\/\/www.meydan.tv\/az\/#organization"},"image":{"@id":"https:\/\/www.meydan.tv\/az\/article\/rektorun-qizini-doymekde-teqsirlendirilen-qardaslardan-biri-hebs-edilib\/#primaryimage"},"thumbnailUrl":"https:\/\/www.meydan.tv\/wp-content\/uploads\/7816.jpg","articleSection":["X\u0259b\u0259rl\u0259r"],"inLanguage":"az"},{"@type":"WebPage","@id":"https:\/\/www.meydan.tv\/az\/article\/rektorun-qizini-doymekde-teqsirlendirilen-qardaslardan-biri-hebs-edilib\/","url":"https:\/\/www.meydan.tv\/az\/article\/rektorun-qizini-doymekde-teqsirlendirilen-qardaslardan-biri-hebs-edilib\/","name":"Rektorun q\u0131z\u0131n\u0131 d\u00f6ym\u0259kd\u0259 t\u0259qsirl\u0259ndiril\u0259n qarda\u015flardan biri h\u0259bs edilib - MEYDAN.TV","isPartOf":{"@id":"https:\/\/www.meydan.tv\/az\/#website"},"primaryImageOfPage":{"@id":"https:\/\/www.meydan.tv\/az\/article\/rektorun-qizini-doymekde-teqsirlendirilen-qardaslardan-biri-hebs-edilib\/#primaryimage"},"image":{"@id":"https:\/\/www.meydan.tv\/az\/article\/rektorun-qizini-doymekde-teqsirlendirilen-qardaslardan-biri-hebs-edilib\/#primaryimage"},"thumbnailUrl":"https:\/\/www.meydan.tv\/wp-content\/uploads\/7816.jpg","datePublished":"2015-03-18T14:43:28+00:00","breadcrumb":{"@id":"https:\/\/www.meydan.tv\/az\/article\/rektorun-qizini-doymekde-teqsirlendirilen-qardaslardan-biri-hebs-edilib\/#breadcrumb"},"inLanguage":"az","potentialAction":[{"@type":"ReadAction","target":["https:\/\/www.meydan.tv\/az\/article\/rektorun-qizini-doymekde-teqsirlendirilen-qardaslardan-biri-hebs-edilib\/"]}]},{"@type":"ImageObject","inLanguage":"az","@id":"https:\/\/www.meydan.tv\/az\/article\/rektorun-qizini-doymekde-teqsirlendirilen-qardaslardan-biri-hebs-edilib\/#primaryimage","url":"https:\/\/www.meydan.tv\/wp-content\/uploads\/7816.jpg","contentUrl":"https:\/\/www.meydan.tv\/wp-content\/uploads\/7816.jpg","width":567,"height":400,"caption":"Source:"},{"@type":"BreadcrumbList","@id":"https:\/\/www.meydan.tv\/az\/article\/rektorun-qizini-doymekde-teqsirlendirilen-qardaslardan-biri-hebs-edilib\/#breadcrumb","itemListElement":[{"@type":"ListItem","position":1,"name":"Ana s\u0259hif\u0259","item":"https:\/\/www.meydan.tv\/az\/"},{"@type":"ListItem","position":2,"name":"X\u0259b\u0259rl\u0259r","item":"https:\/\/www.meydan.tv\/az\/section\/xeberler\/"},{"@type":"ListItem","position":3,"name":"Rektorun q\u0131z\u0131n\u0131 d\u00f6ym\u0259kd\u0259 t\u0259qsirl\u0259ndiril\u0259n qarda\u015flardan biri h\u0259bs edilib"}]},{"@type":"WebSite","@id":"https:\/\/www.meydan.tv\/az\/#website","url":"https:\/\/www.meydan.tv\/az\/","name":"MEYDAN.TV","description":"Meydan TV Az\u0259rbaycan\u0131n media m\u0259kan\u0131ndak\u0131 alternativ s\u0259sidir","publisher":{"@id":"https:\/\/www.meydan.tv\/az\/#organization"},"potentialAction":[{"@type":"SearchAction","target":{"@type":"EntryPoint","urlTemplate":"https:\/\/www.meydan.tv\/az\/?s={search_term_string}"},"query-input":{"@type":"PropertyValueSpecification","valueRequired":true,"valueName":"search_term_string"}}],"inLanguage":"az"},{"@type":"Organization","@id":"https:\/\/www.meydan.tv\/az\/#organization","name":"Meydan TV","url":"https:\/\/www.meydan.tv\/az\/","logo":{"@type":"ImageObject","inLanguage":"az","@id":"https:\/\/www.meydan.tv\/az\/#\/schema\/logo\/image\/","url":"https:\/\/www.meydan.tv\/wp-content\/uploads\/2021\/07\/meydan-logo.svg","contentUrl":"https:\/\/www.meydan.tv\/wp-content\/uploads\/2021\/07\/meydan-logo.svg","width":195,"height":46,"caption":"Meydan TV"},"image":{"@id":"https:\/\/www.meydan.tv\/az\/#\/schema\/logo\/image\/"}},{"@type":"Person","@id":"https:\/\/www.meydan.tv\/az\/#\/schema\/person\/10d11eccf6da3662cf5fdab9806ea91a","name":"user-manager"}]}},"_links":{"self":[{"href":"https:\/\/www.meydan.tv\/az\/wp-json\/wp\/v2\/posts\/167291","targetHints":{"allow":["GET"]}}],"collection":[{"href":"https:\/\/www.meydan.tv\/az\/wp-json\/wp\/v2\/posts"}],"about":[{"href":"https:\/\/www.meydan.tv\/az\/wp-json\/wp\/v2\/types\/post"}],"author":[{"embeddable":true,"href":"https:\/\/www.meydan.tv\/az\/wp-json\/wp\/v2\/users\/11"}],"replies":[{"embeddable":true,"href":"https:\/\/www.meydan.tv\/az\/wp-json\/wp\/v2\/comments?post=167291"}],"version-history":[{"count":0,"href":"https:\/\/www.meydan.tv\/az\/wp-json\/wp\/v2\/posts\/167291\/revisions"}],"wp:featuredmedia":[{"embeddable":true,"href":"https:\/\/www.meydan.tv\/az\/wp-json\/wp\/v2\/media\/21619"}],"wp:attachment":[{"href":"https:\/\/www.meydan.tv\/az\/wp-json\/wp\/v2\/media?parent=167291"}],"wp:term":[{"taxonomy":"category","embeddable":true,"href":"https:\/\/www.meydan.tv\/az\/wp-json\/wp\/v2\/categories?post=167291"},{"taxonomy":"post_tag","embeddable":true,"href":"https:\/\/www.meydan.tv\/az\/wp-json\/wp\/v2\/tags?post=167291"}],"curies":[{"name":"wp","href":"https:\/\/api.w.org\/{rel}","templated":true}]}}