{"id":167287,"date":"2015-03-17T23:33:24","date_gmt":"2015-03-17T23:33:24","guid":{"rendered":"https:\/\/www.meydan.tv\/article\/oglum-damarlarini-gence-2-sayli-istintaq-tecridxanasinda-kesib\/"},"modified":"2015-03-17T23:33:24","modified_gmt":"2015-03-17T23:33:24","slug":"oglum-damarlarini-gence-2-sayli-istintaq-tecridxanasinda-kesib","status":"publish","type":"post","link":"https:\/\/www.meydan.tv\/az\/article\/oglum-damarlarini-gence-2-sayli-istintaq-tecridxanasinda-kesib\/","title":{"rendered":"&#8220;O\u011flum damarlar\u0131n\u0131 G\u0259nc\u0259 2 sayl\u0131  \u0130stintaq T\u0259cridxanas\u0131nda k\u0259sib&#8221;"},"content":{"rendered":"<figure class=\"wp-block-image size-large\">\n  <img decoding=\"async\" src=\"https:\/\/www.meydan.tv\/az\/21588\/\" alt=\"\" class=\"wp-image-21588\"\/><figcaption><\/figcaption><\/figure>\n<figure class=\"wp-block-image size-large\">\n  <img decoding=\"async\" src=\"https:\/\/www.meydan.tv\/az\/21594\/\" alt=\"\" class=\"wp-image-21594\"\/><figcaption><\/figcaption><\/figure>\n<p>\n  <i><br \/>\n    &#8220;Taleh Xasm\u0259mm\u0259dova saxlan\u0131ld\u0131\u011f\u0131 andan etibar\u0259n evd\u0259n g\u0259l\u0259n yem\u0259yi, d\u0259rmanlar\u0131, t\u0259z\u0259 geyiml\u0259ri verm\u0259yibl\u0259r v\u0259 h\u0259kim \u00e7a\u011f\u0131rmay\u0131blar&#8221;<br \/>\n  <\/i>\n<\/p>\n<p>\n  H\u0259bsd\u0259 olan h\u00fcquq m\u00fcdafi\u0259\u00e7isi Taleh Xasm\u0259mm\u0259dov \u018fdliyy\u0259 Nazirliyinin M\u00fcalic\u0259 M\u00fc\u0259ssis\u0259sind\u0259 a\u011f\u0131r v\u0259ziyy\u0259td\u0259dir. Meydan TV-y\u0259 bu a\u00e7\u0131qlaman\u0131 \u018fdliyy\u0259 Nazirliyinin m\u00fcalic\u0259 m\u00fc\u0259ssis\u0259sind\u0259 o\u011fluna ba\u015f \u00e7\u0259kmi\u015f m\u0259hbusun anas\u0131 G\u00fclbuta Xasm\u0259mm\u0259dova bildirib.\n<\/p>\n<p>\n  G\u00fclbuta Xasm\u0259mm\u0259dova o\u011flunun 10 g\u00fcn acl\u0131q ke\u00e7irdiyi v\u0259 qanunsuz h\u0259bsin\u0259 etiraz \u0259lam\u0259ti olaraq damarlar\u0131n\u0131 k\u0259sdiyi haqq\u0131nda m\u0259lumat\u0131 t\u0259sdiq edib.\n<\/p>\n<p>\n  M\u0259hbus anas\u0131n\u0131n s\u00f6zl\u0259rin\u0259 g\u00f6r\u0259, o\u011flu qeyri-insani r\u0259ftardan \u015fikay\u0259t edib. Bel\u0259 ki, saxlan\u0131ld\u0131\u011f\u0131 andan etibar\u0259n (20 g\u00fcn) ona evd\u0259n g\u0259l\u0259n yem\u0259yi, d\u0259rmanlar\u0131, t\u0259z\u0259 geyim verm\u0259yibl\u0259r v\u0259 h\u0259kim \u00e7a\u011f\u0131rmay\u0131blar. O, saxlan\u0131ld\u0131\u011f\u0131 geyimd\u0259 idi. T.Xasm\u0259mm\u0259dova b\u00fct\u00fcn bu m\u00fcdd\u0259t \u0259rzind\u0259 bir d\u0259f\u0259 olsun \u00e7imm\u0259y\u0259 n\u0259 icaz\u0259, n\u0259 d\u0259 ev\u0259 z\u0259ng etm\u0259y\u0259 imkan veribl\u0259r.\n<\/p>\n<p>\n  G\u0259nc\u0259 istintaq t\u0259cridxanas\u0131nda Xasm\u0259mm\u0259dov psixi c\u0259h\u0259td\u0259n qeyri-adekvat insanlarla birlikd\u0259 6 n\u0259f\u0259rlik kameraya yerl\u0259\u015fdirilib.\n<\/p>\n<p>\n  10 g\u00fcn \u0259vv\u0259l o, acl\u0131q aksiyas\u0131na ba\u015flay\u0131b v\u0259 Ma\u015fta\u011fada psixiatriya x\u0259st\u0259xanas\u0131na apar\u0131l\u0131b. Amma damarlar\u0131n\u0131 G\u0259nc\u0259 2 sayl\u0131 \u0130stintaq T\u0259cridxanas\u0131nda k\u0259smi\u015fdi. Taleh iki g\u00fcn \u0259vv\u0259l \u018fdliyy\u0259 Nazirliyinin m\u00fcalic\u0259 m\u00fc\u0259ssis\u0259sin\u0259 k\u00f6\u00e7\u00fcr\u00fcl\u00fcb.\n<\/p>\n<p>\n  Anan\u0131n s\u00f6zl\u0259rin\u0259 g\u00f6r\u0259, yaln\u0131z burada v\u0259 K\u0130V-d\u0259 onun damarlar\u0131n\u0131 k\u0259sdiyi haqq\u0131nda m\u0259lumat yay\u0131ld\u0131qdan sonra onunla normal davranma\u011fa ba\u015flay\u0131blar.\n<\/p>\n<p>\n  Taleh 10 g\u00fcnd\u00fcr yem\u0259k yemirdi v\u0259 yaln\u0131z d\u00fcn\u0259n bir q\u0259d\u0259r vafli yeyib, bundan sonra aya\u011f\u0131nda v\u0259 \u0259lind\u0259 q\u0131colmalar ba\u015flay\u0131b. Acl\u0131q etdiyi g\u00fcnl\u0259rd\u0259 onunla maraqlanmay\u0131blar v\u0259 h\u0259kim \u00e7a\u011f\u0131rmay\u0131blar.\n<\/p>\n<figure class=\"wp-block-image size-large\">\n  <img decoding=\"async\" src=\"https:\/\/www.meydan.tv\/az\/21588\/\" alt=\"\" class=\"wp-image-21588\"\/><figcaption><\/figcaption><\/figure>\n<p>\n  G.Xasm\u0259mm\u0259dova ictimaiyy\u0259td\u0259n v\u0259 d\u00f6vl\u0259td\u0259n o\u011flunun ev dustaql\u0131\u011f\u0131na burax\u0131lmas\u0131n\u0131 xahi\u015f edir. Taleh bu g\u00fcn anas\u0131 vasit\u0259sil\u0259 \u201cSiyasi M\u0259hbuslars\u0131z Az\u0259rbaycan\u201d Alyans\u0131na m\u0259ktub g\u00f6nd\u0259rib, bu qurumdan k\u00f6m\u0259k ist\u0259yir. Bu bar\u0259d\u0259 Turan-a alyans\u0131n r\u0259hb\u0259ri Oqtay G\u00fclal\u0131yev bildirib.\n<\/p>\n<p>\n  T.Xasm\u0259mm\u0259dov fevral\u0131n 24-d\u0259 xuliqanl\u0131q ittiham\u0131 il\u0259 saxlan\u0131l\u0131b v\u0259 h\u0259bs edilib.\n<\/p>\n<p>\n  Penitensiar Xidm\u0259td\u0259 \u015f\u0259rh verm\u0259kd\u0259n imtina edibl\u0259r, \u018fdliyy\u0259 Nazirliyinin Ba\u015f Tibb \u0130dar\u0259sind\u0259n is\u0259 \u015f\u0259rh almaq m\u00fcmk\u00fcn olmay\u0131b.\n<\/p>\n<p>\n  Xasm\u0259mm\u0259dov G\u00f6y\u00e7ay-Ucar b\u00f6lg\u0259sind\u0259 h\u00fcquq-m\u00fcdafi\u0259 f\u0259aliyy\u0259ti v\u0259 facebook-da yerli hakimiyy\u0259ti t\u0259nqid etm\u0259si il\u0259 m\u0259\u015fhurdur. O, \u0259vv\u0259ll\u0259r d\u0259 h\u00fcquq m\u00fcdafi\u0259 f\u0259aliyy\u0259tin\u0259 g\u00f6r\u0259 m\u0259suliyy\u0259t\u0259 c\u0259lb edilib, amma iki il \u0259vv\u0259l \u0259fv olunub.\n<\/p><\/p>\n","protected":false},"excerpt":{"rendered":"<p>&#8220;Taleh Xasm\u0259mm\u0259dova saxlan\u0131ld\u0131\u011f\u0131 andan etibar\u0259n evd\u0259n g\u0259l\u0259n yem\u0259yi, d\u0259rmanlar\u0131, t\u0259z\u0259 geyiml\u0259ri verm\u0259yibl\u0259r v\u0259 h\u0259kim \u00e7a\u011f\u0131rmay\u0131blar&#8221;<\/p>\n","protected":false},"author":11,"featured_media":21588,"comment_status":"closed","ping_status":"open","sticky":false,"template":"","format":"standard","meta":{"_acf_changed":false,"_sitemap_exclude":false,"_sitemap_priority":"","_sitemap_frequency":"","footnotes":""},"categories":[56],"tags":[],"class_list":["post-167287","post","type-post","status-publish","format-standard","has-post-thumbnail","hentry","category-xeberler","infinite-scroll-item","generate-columns","tablet-grid-50","mobile-grid-100","grid-parent","grid-33","no-featured-image-padding"],"acf":[],"yoast_head":"<!-- This site is optimized with the Yoast SEO plugin v28.3 - https:\/\/yoast.com\/product\/yoast-seo-wordpress\/ -->\n<title>&quot;O\u011flum damarlar\u0131n\u0131 G\u0259nc\u0259 2 sayl\u0131 \u0130stintaq T\u0259cridxanas\u0131nda k\u0259sib&quot; - MEYDAN.TV<\/title>\n<meta name=\"robots\" content=\"index, follow, max-snippet:-1, max-image-preview:large, max-video-preview:-1\" \/>\n<link rel=\"canonical\" href=\"https:\/\/www.meydan.tv\/az\/article\/oglum-damarlarini-gence-2-sayli-istintaq-tecridxanasinda-kesib\/\" \/>\n<meta property=\"og:locale\" content=\"az_AZ\" \/>\n<meta property=\"og:type\" content=\"article\" \/>\n<meta property=\"og:title\" content=\"&quot;O\u011flum damarlar\u0131n\u0131 G\u0259nc\u0259 2 sayl\u0131 \u0130stintaq T\u0259cridxanas\u0131nda k\u0259sib&quot; - MEYDAN.TV\" \/>\n<meta property=\"og:description\" content=\"&quot;Taleh Xasm\u0259mm\u0259dova saxlan\u0131ld\u0131\u011f\u0131 andan etibar\u0259n evd\u0259n g\u0259l\u0259n yem\u0259yi, d\u0259rmanlar\u0131, t\u0259z\u0259 geyiml\u0259ri verm\u0259yibl\u0259r v\u0259 h\u0259kim \u00e7a\u011f\u0131rmay\u0131blar&quot;\" \/>\n<meta property=\"og:url\" content=\"https:\/\/www.meydan.tv\/az\/article\/oglum-damarlarini-gence-2-sayli-istintaq-tecridxanasinda-kesib\/\" \/>\n<meta property=\"og:site_name\" content=\"MEYDAN.TV\" \/>\n<meta property=\"article:published_time\" content=\"2015-03-17T23:33:24+00:00\" \/>\n<meta property=\"og:image\" content=\"https:\/\/www.meydan.tv\/wp-content\/uploads\/7804.jpg\" \/>\n\t<meta property=\"og:image:width\" content=\"400\" \/>\n\t<meta property=\"og:image:height\" content=\"225\" \/>\n\t<meta property=\"og:image:type\" content=\"image\/jpeg\" \/>\n<meta name=\"twitter:card\" content=\"summary_large_image\" \/>\n<!-- \/ Yoast SEO plugin. -->","yoast_head_json":{"title":"\"O\u011flum damarlar\u0131n\u0131 G\u0259nc\u0259 2 sayl\u0131 \u0130stintaq T\u0259cridxanas\u0131nda k\u0259sib\" - MEYDAN.TV","robots":{"index":"index","follow":"follow","max-snippet":"max-snippet:-1","max-image-preview":"max-image-preview:large","max-video-preview":"max-video-preview:-1"},"canonical":"https:\/\/www.meydan.tv\/az\/article\/oglum-damarlarini-gence-2-sayli-istintaq-tecridxanasinda-kesib\/","og_locale":"az_AZ","og_type":"article","og_title":"\"O\u011flum damarlar\u0131n\u0131 G\u0259nc\u0259 2 sayl\u0131 \u0130stintaq T\u0259cridxanas\u0131nda k\u0259sib\" - MEYDAN.TV","og_description":"\"Taleh Xasm\u0259mm\u0259dova saxlan\u0131ld\u0131\u011f\u0131 andan etibar\u0259n evd\u0259n g\u0259l\u0259n yem\u0259yi, d\u0259rmanlar\u0131, t\u0259z\u0259 geyiml\u0259ri verm\u0259yibl\u0259r v\u0259 h\u0259kim \u00e7a\u011f\u0131rmay\u0131blar\"","og_url":"https:\/\/www.meydan.tv\/az\/article\/oglum-damarlarini-gence-2-sayli-istintaq-tecridxanasinda-kesib\/","og_site_name":"MEYDAN.TV","article_published_time":"2015-03-17T23:33:24+00:00","og_image":[{"width":400,"height":225,"url":"https:\/\/www.meydan.tv\/wp-content\/uploads\/7804.jpg","type":"image\/jpeg"}],"twitter_card":"summary_large_image","schema":{"@context":"https:\/\/schema.org","@graph":[{"@type":"Article","@id":"https:\/\/www.meydan.tv\/az\/article\/oglum-damarlarini-gence-2-sayli-istintaq-tecridxanasinda-kesib\/#article","isPartOf":{"@id":"https:\/\/www.meydan.tv\/az\/article\/oglum-damarlarini-gence-2-sayli-istintaq-tecridxanasinda-kesib\/"},"author":{"name":"user-manager","@id":"https:\/\/www.meydan.tv\/az\/#\/schema\/person\/10d11eccf6da3662cf5fdab9806ea91a"},"headline":"&#8220;O\u011flum damarlar\u0131n\u0131 G\u0259nc\u0259 2 sayl\u0131 \u0130stintaq T\u0259cridxanas\u0131nda k\u0259sib&#8221;","datePublished":"2015-03-17T23:33:24+00:00","mainEntityOfPage":{"@id":"https:\/\/www.meydan.tv\/az\/article\/oglum-damarlarini-gence-2-sayli-istintaq-tecridxanasinda-kesib\/"},"wordCount":525,"publisher":{"@id":"https:\/\/www.meydan.tv\/az\/#organization"},"image":{"@id":"https:\/\/www.meydan.tv\/az\/article\/oglum-damarlarini-gence-2-sayli-istintaq-tecridxanasinda-kesib\/#primaryimage"},"thumbnailUrl":"https:\/\/www.meydan.tv\/wp-content\/uploads\/7804.jpg","articleSection":["X\u0259b\u0259rl\u0259r"],"inLanguage":"az"},{"@type":"WebPage","@id":"https:\/\/www.meydan.tv\/az\/article\/oglum-damarlarini-gence-2-sayli-istintaq-tecridxanasinda-kesib\/","url":"https:\/\/www.meydan.tv\/az\/article\/oglum-damarlarini-gence-2-sayli-istintaq-tecridxanasinda-kesib\/","name":"\"O\u011flum damarlar\u0131n\u0131 G\u0259nc\u0259 2 sayl\u0131 \u0130stintaq T\u0259cridxanas\u0131nda k\u0259sib\" - MEYDAN.TV","isPartOf":{"@id":"https:\/\/www.meydan.tv\/az\/#website"},"primaryImageOfPage":{"@id":"https:\/\/www.meydan.tv\/az\/article\/oglum-damarlarini-gence-2-sayli-istintaq-tecridxanasinda-kesib\/#primaryimage"},"image":{"@id":"https:\/\/www.meydan.tv\/az\/article\/oglum-damarlarini-gence-2-sayli-istintaq-tecridxanasinda-kesib\/#primaryimage"},"thumbnailUrl":"https:\/\/www.meydan.tv\/wp-content\/uploads\/7804.jpg","datePublished":"2015-03-17T23:33:24+00:00","breadcrumb":{"@id":"https:\/\/www.meydan.tv\/az\/article\/oglum-damarlarini-gence-2-sayli-istintaq-tecridxanasinda-kesib\/#breadcrumb"},"inLanguage":"az","potentialAction":[{"@type":"ReadAction","target":["https:\/\/www.meydan.tv\/az\/article\/oglum-damarlarini-gence-2-sayli-istintaq-tecridxanasinda-kesib\/"]}]},{"@type":"ImageObject","inLanguage":"az","@id":"https:\/\/www.meydan.tv\/az\/article\/oglum-damarlarini-gence-2-sayli-istintaq-tecridxanasinda-kesib\/#primaryimage","url":"https:\/\/www.meydan.tv\/wp-content\/uploads\/7804.jpg","contentUrl":"https:\/\/www.meydan.tv\/wp-content\/uploads\/7804.jpg","width":400,"height":225,"caption":"Source:"},{"@type":"BreadcrumbList","@id":"https:\/\/www.meydan.tv\/az\/article\/oglum-damarlarini-gence-2-sayli-istintaq-tecridxanasinda-kesib\/#breadcrumb","itemListElement":[{"@type":"ListItem","position":1,"name":"Ana s\u0259hif\u0259","item":"https:\/\/www.meydan.tv\/az\/"},{"@type":"ListItem","position":2,"name":"X\u0259b\u0259rl\u0259r","item":"https:\/\/www.meydan.tv\/az\/section\/xeberler\/"},{"@type":"ListItem","position":3,"name":"&#8220;O\u011flum damarlar\u0131n\u0131 G\u0259nc\u0259 2 sayl\u0131 \u0130stintaq T\u0259cridxanas\u0131nda k\u0259sib&#8221;"}]},{"@type":"WebSite","@id":"https:\/\/www.meydan.tv\/az\/#website","url":"https:\/\/www.meydan.tv\/az\/","name":"MEYDAN.TV","description":"Meydan TV Az\u0259rbaycan\u0131n media m\u0259kan\u0131ndak\u0131 alternativ s\u0259sidir","publisher":{"@id":"https:\/\/www.meydan.tv\/az\/#organization"},"potentialAction":[{"@type":"SearchAction","target":{"@type":"EntryPoint","urlTemplate":"https:\/\/www.meydan.tv\/az\/?s={search_term_string}"},"query-input":{"@type":"PropertyValueSpecification","valueRequired":true,"valueName":"search_term_string"}}],"inLanguage":"az"},{"@type":"Organization","@id":"https:\/\/www.meydan.tv\/az\/#organization","name":"Meydan TV","url":"https:\/\/www.meydan.tv\/az\/","logo":{"@type":"ImageObject","inLanguage":"az","@id":"https:\/\/www.meydan.tv\/az\/#\/schema\/logo\/image\/","url":"https:\/\/www.meydan.tv\/wp-content\/uploads\/2021\/07\/meydan-logo.svg","contentUrl":"https:\/\/www.meydan.tv\/wp-content\/uploads\/2021\/07\/meydan-logo.svg","width":195,"height":46,"caption":"Meydan TV"},"image":{"@id":"https:\/\/www.meydan.tv\/az\/#\/schema\/logo\/image\/"}},{"@type":"Person","@id":"https:\/\/www.meydan.tv\/az\/#\/schema\/person\/10d11eccf6da3662cf5fdab9806ea91a","name":"user-manager"}]}},"_links":{"self":[{"href":"https:\/\/www.meydan.tv\/az\/wp-json\/wp\/v2\/posts\/167287","targetHints":{"allow":["GET"]}}],"collection":[{"href":"https:\/\/www.meydan.tv\/az\/wp-json\/wp\/v2\/posts"}],"about":[{"href":"https:\/\/www.meydan.tv\/az\/wp-json\/wp\/v2\/types\/post"}],"author":[{"embeddable":true,"href":"https:\/\/www.meydan.tv\/az\/wp-json\/wp\/v2\/users\/11"}],"replies":[{"embeddable":true,"href":"https:\/\/www.meydan.tv\/az\/wp-json\/wp\/v2\/comments?post=167287"}],"version-history":[{"count":0,"href":"https:\/\/www.meydan.tv\/az\/wp-json\/wp\/v2\/posts\/167287\/revisions"}],"wp:featuredmedia":[{"embeddable":true,"href":"https:\/\/www.meydan.tv\/az\/wp-json\/wp\/v2\/media\/21588"}],"wp:attachment":[{"href":"https:\/\/www.meydan.tv\/az\/wp-json\/wp\/v2\/media?parent=167287"}],"wp:term":[{"taxonomy":"category","embeddable":true,"href":"https:\/\/www.meydan.tv\/az\/wp-json\/wp\/v2\/categories?post=167287"},{"taxonomy":"post_tag","embeddable":true,"href":"https:\/\/www.meydan.tv\/az\/wp-json\/wp\/v2\/tags?post=167287"}],"curies":[{"name":"wp","href":"https:\/\/api.w.org\/{rel}","templated":true}]}}