{"id":167285,"date":"2015-03-17T19:20:12","date_gmt":"2015-03-17T19:20:12","guid":{"rendered":"https:\/\/www.meydan.tv\/article\/elman-rustemov-ilin-sonuna-qeder-mezenne-siyasetinde-ciddi-deyisikliyin-olmayacaq\/"},"modified":"2015-03-17T19:20:12","modified_gmt":"2015-03-17T19:20:12","slug":"elman-rustemov-ilin-sonuna-qeder-mezenne-siyasetinde-ciddi-deyisikliyin-olmayacaq","status":"publish","type":"post","link":"https:\/\/www.meydan.tv\/az\/article\/elman-rustemov-ilin-sonuna-qeder-mezenne-siyasetinde-ciddi-deyisikliyin-olmayacaq\/","title":{"rendered":"Elman R\u00fcst\u0259mov: &#8220;\u0130lin sonuna q\u0259d\u0259r m\u0259z\u0259nn\u0259 siyas\u0259tind\u0259 ciddi d\u0259yi\u015fikliyin olmayacaq&#8221;"},"content":{"rendered":"<figure class=\"wp-block-image size-large\">\n  <img decoding=\"async\" src=\"https:\/\/www.meydan.tv\/az\/21591\/\" alt=\"\" class=\"wp-image-21591\"\/><figcaption><\/figcaption><\/figure>\n<p>\n  <i><br \/>\n    &#8220;Proqnozla\u015fd\u0131r\u0131lan neft qiym\u0259tl\u0259ri \u00e7\u0259r\u00e7iv\u0259sind\u0259, d\u00fcnya iqtisadiyyat\u0131nda ged\u0259n prosesl\u0259r \u00e7\u0259r\u00e7iv\u0259sind\u0259 biz manat\u0131n m\u0259z\u0259nn\u0259sind\u0259 h\u0259r hans\u0131 \u0259h\u0259miyy\u0259tli d\u0259yi\u015fiklik g\u00f6zl\u0259mirik&#8221;<br \/>\n  <\/i>\n<\/p>\n<p>\n  M\u0259rk\u0259zi Bank\u0131n\u0131n s\u0259dri Elman R\u00fcst\u0259mov manat\u0131n ucuzla\u015fmas\u0131 m\u0259s\u0259l\u0259sin\u0259 ayd\u0131nl\u0131q g\u0259tirib. Trend-in m\u0259lumat\u0131na g\u00f6r\u0259, E.R\u00fcst\u0259mov manat\u0131n devalvasiyas\u0131n\u0131 neftin ucuzla\u015fmas\u0131 il\u0259 \u0259laq\u0259l\u0259ndirib.\n<\/p>\n<p>\n  Milli M\u0259clisin mart\u0131n 17-d\u0259 ke\u00e7iril\u0259n iclas\u0131nda Nazirl\u0259r Kabinetinin hesabat\u0131n\u0131n m\u00fczakir\u0259si zaman\u0131 E.R\u00fcst\u0259mov 2008-ci ild\u0259 d\u0259 neftin qiym\u0259tinin ucuzla\u015fmas\u0131na toxunub.<\/p>\n<p>  M\u0259rk\u0259zi Bank\u0131n s\u0259dri qeyd edib ki, o zaman manat\u0131n sabitliyi t\u0259min edildi: \u201cO zaman biz manat\u0131n sabitliyini t\u0259min etdik. Biz t\u0259xmin\u0259n 1 milyard manatdan art\u0131q v\u0259sait s\u0259rf ed\u0259r\u0259k manat\u0131n sabitliyini saxlad\u0131q. O zaman neftin q\u0131sa zamanda qiym\u0259ti sabitl\u0259\u015fdi v\u0259 biz x\u0259rcl\u0259diyimiz v\u0259saiti geri qaytara bildik\u201d.<\/p>\n<p>  E.R\u00fcst\u0259mov deyib ki, 2014-c\u00fc ild\u0259n b\u0259ri neftin qiym\u0259tinin iki d\u0259f\u0259 ucuzla\u015fmas\u0131 yeni bir fenomendir. O, qeyd edib ki, ekspertl\u0259rin, beyn\u0259lxalq investisiya t\u0259\u015fkilatlar\u0131n\u0131n qiym\u0259tl\u0259ndirm\u0259sin\u0259 g\u00f6r\u0259 bu ucuzla\u015fma 80-ci ill\u0259rin \u0259vv\u0259lind\u0259 ba\u015f vermi\u015f ucuzla\u015fmad\u0131r: \u201cH\u0259m ekspertl\u0259rin, h\u0259m d\u0259 beyn\u0259lxalq investisiya banklar\u0131n\u0131n proqnozuna g\u00f6r\u0259 neftin ucuzla\u015fmas\u0131 h\u0259l\u0259 davam ed\u0259c\u0259k\u201d.\n<\/p>\n<p>\n  C\u0259nab R\u00fcst\u0259mov bildirib: &#8220;\u0130lin sonuna q\u0259d\u0259r m\u0259z\u0259nn\u0259 siyas\u0259tind\u0259 h\u0259r hans\u0131 ciddi d\u0259yi\u015fikliyin olaca\u011f\u0131n\u0131 d\u00fc\u015f\u00fcnm\u00fcr\u00fck. Proqnozla\u015fd\u0131r\u0131lan neft qiym\u0259tl\u0259ri \u00e7\u0259r\u00e7iv\u0259sind\u0259, d\u00fcnya iqtisadiyyat\u0131nda ged\u0259n prosesl\u0259r \u00e7\u0259r\u00e7iv\u0259sind\u0259 biz manat\u0131n m\u0259z\u0259nn\u0259sind\u0259 h\u0259r hans\u0131 \u0259h\u0259miyy\u0259tli d\u0259yi\u015fiklik g\u00f6zl\u0259mirik&#8221;.\n<\/p>\n<p>\n  Ba\u015f bankir h\u0259m\u00e7inin banklara kreditl\u0259rin vaxt\u0131n\u0131n uzatma\u011f\u0131 v\u0259 faiz d\u0259r\u0259c\u0259l\u0259rini a\u015fa\u011f\u0131 salma\u011f\u0131 m\u0259sl\u0259h\u0259t g\u00f6r\u00fcb.<\/p>\n","protected":false},"excerpt":{"rendered":"<p>&#8220;Proqnozla\u015fd\u0131r\u0131lan neft qiym\u0259tl\u0259ri \u00e7\u0259r\u00e7iv\u0259sind\u0259, d\u00fcnya iqtisadiyyat\u0131nda ged\u0259n prosesl\u0259r \u00e7\u0259r\u00e7iv\u0259sind\u0259 biz manat\u0131n m\u0259z\u0259nn\u0259sind\u0259 h\u0259r hans\u0131 \u0259h\u0259miyy\u0259tli d\u0259yi\u015fiklik g\u00f6zl\u0259mirik&#8221;<\/p>\n","protected":false},"author":11,"featured_media":21591,"comment_status":"closed","ping_status":"open","sticky":false,"template":"","format":"standard","meta":{"_acf_changed":false,"_sitemap_exclude":false,"_sitemap_priority":"","_sitemap_frequency":"","footnotes":""},"categories":[56],"tags":[],"class_list":["post-167285","post","type-post","status-publish","format-standard","has-post-thumbnail","hentry","category-xeberler","infinite-scroll-item","generate-columns","tablet-grid-50","mobile-grid-100","grid-parent","grid-33","no-featured-image-padding"],"acf":[],"yoast_head":"<!-- This site is optimized with the Yoast SEO plugin v28.3 - https:\/\/yoast.com\/product\/yoast-seo-wordpress\/ -->\n<title>Elman R\u00fcst\u0259mov: &quot;\u0130lin sonuna q\u0259d\u0259r m\u0259z\u0259nn\u0259 siyas\u0259tind\u0259 ciddi d\u0259yi\u015fikliyin olmayacaq&quot; - MEYDAN.TV<\/title>\n<meta name=\"robots\" content=\"index, follow, max-snippet:-1, max-image-preview:large, max-video-preview:-1\" \/>\n<link rel=\"canonical\" href=\"https:\/\/www.meydan.tv\/az\/article\/elman-rustemov-ilin-sonuna-qeder-mezenne-siyasetinde-ciddi-deyisikliyin-olmayacaq\/\" \/>\n<meta property=\"og:locale\" content=\"az_AZ\" \/>\n<meta property=\"og:type\" content=\"article\" \/>\n<meta property=\"og:title\" content=\"Elman R\u00fcst\u0259mov: &quot;\u0130lin sonuna q\u0259d\u0259r m\u0259z\u0259nn\u0259 siyas\u0259tind\u0259 ciddi d\u0259yi\u015fikliyin olmayacaq&quot; - MEYDAN.TV\" \/>\n<meta property=\"og:description\" content=\"&quot;Proqnozla\u015fd\u0131r\u0131lan neft qiym\u0259tl\u0259ri \u00e7\u0259r\u00e7iv\u0259sind\u0259, d\u00fcnya iqtisadiyyat\u0131nda ged\u0259n prosesl\u0259r \u00e7\u0259r\u00e7iv\u0259sind\u0259 biz manat\u0131n m\u0259z\u0259nn\u0259sind\u0259 h\u0259r hans\u0131 \u0259h\u0259miyy\u0259tli d\u0259yi\u015fiklik g\u00f6zl\u0259mirik&quot;\" \/>\n<meta property=\"og:url\" content=\"https:\/\/www.meydan.tv\/az\/article\/elman-rustemov-ilin-sonuna-qeder-mezenne-siyasetinde-ciddi-deyisikliyin-olmayacaq\/\" \/>\n<meta property=\"og:site_name\" content=\"MEYDAN.TV\" \/>\n<meta property=\"article:published_time\" content=\"2015-03-17T19:20:12+00:00\" \/>\n<meta property=\"og:image\" content=\"https:\/\/www.meydan.tv\/wp-content\/uploads\/7800.jpg\" \/>\n\t<meta property=\"og:image:width\" content=\"1200\" \/>\n\t<meta property=\"og:image:height\" content=\"900\" \/>\n\t<meta property=\"og:image:type\" content=\"image\/jpeg\" \/>\n<meta name=\"twitter:card\" content=\"summary_large_image\" \/>\n<!-- \/ Yoast SEO plugin. -->","yoast_head_json":{"title":"Elman R\u00fcst\u0259mov: \"\u0130lin sonuna q\u0259d\u0259r m\u0259z\u0259nn\u0259 siyas\u0259tind\u0259 ciddi d\u0259yi\u015fikliyin olmayacaq\" - MEYDAN.TV","robots":{"index":"index","follow":"follow","max-snippet":"max-snippet:-1","max-image-preview":"max-image-preview:large","max-video-preview":"max-video-preview:-1"},"canonical":"https:\/\/www.meydan.tv\/az\/article\/elman-rustemov-ilin-sonuna-qeder-mezenne-siyasetinde-ciddi-deyisikliyin-olmayacaq\/","og_locale":"az_AZ","og_type":"article","og_title":"Elman R\u00fcst\u0259mov: \"\u0130lin sonuna q\u0259d\u0259r m\u0259z\u0259nn\u0259 siyas\u0259tind\u0259 ciddi d\u0259yi\u015fikliyin olmayacaq\" - MEYDAN.TV","og_description":"\"Proqnozla\u015fd\u0131r\u0131lan neft qiym\u0259tl\u0259ri \u00e7\u0259r\u00e7iv\u0259sind\u0259, d\u00fcnya iqtisadiyyat\u0131nda ged\u0259n prosesl\u0259r \u00e7\u0259r\u00e7iv\u0259sind\u0259 biz manat\u0131n m\u0259z\u0259nn\u0259sind\u0259 h\u0259r hans\u0131 \u0259h\u0259miyy\u0259tli d\u0259yi\u015fiklik g\u00f6zl\u0259mirik\"","og_url":"https:\/\/www.meydan.tv\/az\/article\/elman-rustemov-ilin-sonuna-qeder-mezenne-siyasetinde-ciddi-deyisikliyin-olmayacaq\/","og_site_name":"MEYDAN.TV","article_published_time":"2015-03-17T19:20:12+00:00","og_image":[{"width":1200,"height":900,"url":"https:\/\/www.meydan.tv\/wp-content\/uploads\/7800.jpg","type":"image\/jpeg"}],"twitter_card":"summary_large_image","schema":{"@context":"https:\/\/schema.org","@graph":[{"@type":"Article","@id":"https:\/\/www.meydan.tv\/az\/article\/elman-rustemov-ilin-sonuna-qeder-mezenne-siyasetinde-ciddi-deyisikliyin-olmayacaq\/#article","isPartOf":{"@id":"https:\/\/www.meydan.tv\/az\/article\/elman-rustemov-ilin-sonuna-qeder-mezenne-siyasetinde-ciddi-deyisikliyin-olmayacaq\/"},"author":{"name":"user-manager","@id":"https:\/\/www.meydan.tv\/az\/#\/schema\/person\/10d11eccf6da3662cf5fdab9806ea91a"},"headline":"Elman R\u00fcst\u0259mov: &#8220;\u0130lin sonuna q\u0259d\u0259r m\u0259z\u0259nn\u0259 siyas\u0259tind\u0259 ciddi d\u0259yi\u015fikliyin olmayacaq&#8221;","datePublished":"2015-03-17T19:20:12+00:00","mainEntityOfPage":{"@id":"https:\/\/www.meydan.tv\/az\/article\/elman-rustemov-ilin-sonuna-qeder-mezenne-siyasetinde-ciddi-deyisikliyin-olmayacaq\/"},"wordCount":386,"publisher":{"@id":"https:\/\/www.meydan.tv\/az\/#organization"},"image":{"@id":"https:\/\/www.meydan.tv\/az\/article\/elman-rustemov-ilin-sonuna-qeder-mezenne-siyasetinde-ciddi-deyisikliyin-olmayacaq\/#primaryimage"},"thumbnailUrl":"https:\/\/www.meydan.tv\/wp-content\/uploads\/7800.jpg","articleSection":["X\u0259b\u0259rl\u0259r"],"inLanguage":"az"},{"@type":"WebPage","@id":"https:\/\/www.meydan.tv\/az\/article\/elman-rustemov-ilin-sonuna-qeder-mezenne-siyasetinde-ciddi-deyisikliyin-olmayacaq\/","url":"https:\/\/www.meydan.tv\/az\/article\/elman-rustemov-ilin-sonuna-qeder-mezenne-siyasetinde-ciddi-deyisikliyin-olmayacaq\/","name":"Elman R\u00fcst\u0259mov: \"\u0130lin sonuna q\u0259d\u0259r m\u0259z\u0259nn\u0259 siyas\u0259tind\u0259 ciddi d\u0259yi\u015fikliyin olmayacaq\" - MEYDAN.TV","isPartOf":{"@id":"https:\/\/www.meydan.tv\/az\/#website"},"primaryImageOfPage":{"@id":"https:\/\/www.meydan.tv\/az\/article\/elman-rustemov-ilin-sonuna-qeder-mezenne-siyasetinde-ciddi-deyisikliyin-olmayacaq\/#primaryimage"},"image":{"@id":"https:\/\/www.meydan.tv\/az\/article\/elman-rustemov-ilin-sonuna-qeder-mezenne-siyasetinde-ciddi-deyisikliyin-olmayacaq\/#primaryimage"},"thumbnailUrl":"https:\/\/www.meydan.tv\/wp-content\/uploads\/7800.jpg","datePublished":"2015-03-17T19:20:12+00:00","breadcrumb":{"@id":"https:\/\/www.meydan.tv\/az\/article\/elman-rustemov-ilin-sonuna-qeder-mezenne-siyasetinde-ciddi-deyisikliyin-olmayacaq\/#breadcrumb"},"inLanguage":"az","potentialAction":[{"@type":"ReadAction","target":["https:\/\/www.meydan.tv\/az\/article\/elman-rustemov-ilin-sonuna-qeder-mezenne-siyasetinde-ciddi-deyisikliyin-olmayacaq\/"]}]},{"@type":"ImageObject","inLanguage":"az","@id":"https:\/\/www.meydan.tv\/az\/article\/elman-rustemov-ilin-sonuna-qeder-mezenne-siyasetinde-ciddi-deyisikliyin-olmayacaq\/#primaryimage","url":"https:\/\/www.meydan.tv\/wp-content\/uploads\/7800.jpg","contentUrl":"https:\/\/www.meydan.tv\/wp-content\/uploads\/7800.jpg","width":1200,"height":900,"caption":"Source:"},{"@type":"BreadcrumbList","@id":"https:\/\/www.meydan.tv\/az\/article\/elman-rustemov-ilin-sonuna-qeder-mezenne-siyasetinde-ciddi-deyisikliyin-olmayacaq\/#breadcrumb","itemListElement":[{"@type":"ListItem","position":1,"name":"Ana s\u0259hif\u0259","item":"https:\/\/www.meydan.tv\/az\/"},{"@type":"ListItem","position":2,"name":"X\u0259b\u0259rl\u0259r","item":"https:\/\/www.meydan.tv\/az\/section\/xeberler\/"},{"@type":"ListItem","position":3,"name":"Elman R\u00fcst\u0259mov: &#8220;\u0130lin sonuna q\u0259d\u0259r m\u0259z\u0259nn\u0259 siyas\u0259tind\u0259 ciddi d\u0259yi\u015fikliyin olmayacaq&#8221;"}]},{"@type":"WebSite","@id":"https:\/\/www.meydan.tv\/az\/#website","url":"https:\/\/www.meydan.tv\/az\/","name":"MEYDAN.TV","description":"Meydan TV Az\u0259rbaycan\u0131n media m\u0259kan\u0131ndak\u0131 alternativ s\u0259sidir","publisher":{"@id":"https:\/\/www.meydan.tv\/az\/#organization"},"potentialAction":[{"@type":"SearchAction","target":{"@type":"EntryPoint","urlTemplate":"https:\/\/www.meydan.tv\/az\/?s={search_term_string}"},"query-input":{"@type":"PropertyValueSpecification","valueRequired":true,"valueName":"search_term_string"}}],"inLanguage":"az"},{"@type":"Organization","@id":"https:\/\/www.meydan.tv\/az\/#organization","name":"Meydan TV","url":"https:\/\/www.meydan.tv\/az\/","logo":{"@type":"ImageObject","inLanguage":"az","@id":"https:\/\/www.meydan.tv\/az\/#\/schema\/logo\/image\/","url":"https:\/\/www.meydan.tv\/wp-content\/uploads\/2021\/07\/meydan-logo.svg","contentUrl":"https:\/\/www.meydan.tv\/wp-content\/uploads\/2021\/07\/meydan-logo.svg","width":195,"height":46,"caption":"Meydan TV"},"image":{"@id":"https:\/\/www.meydan.tv\/az\/#\/schema\/logo\/image\/"}},{"@type":"Person","@id":"https:\/\/www.meydan.tv\/az\/#\/schema\/person\/10d11eccf6da3662cf5fdab9806ea91a","name":"user-manager"}]}},"_links":{"self":[{"href":"https:\/\/www.meydan.tv\/az\/wp-json\/wp\/v2\/posts\/167285","targetHints":{"allow":["GET"]}}],"collection":[{"href":"https:\/\/www.meydan.tv\/az\/wp-json\/wp\/v2\/posts"}],"about":[{"href":"https:\/\/www.meydan.tv\/az\/wp-json\/wp\/v2\/types\/post"}],"author":[{"embeddable":true,"href":"https:\/\/www.meydan.tv\/az\/wp-json\/wp\/v2\/users\/11"}],"replies":[{"embeddable":true,"href":"https:\/\/www.meydan.tv\/az\/wp-json\/wp\/v2\/comments?post=167285"}],"version-history":[{"count":0,"href":"https:\/\/www.meydan.tv\/az\/wp-json\/wp\/v2\/posts\/167285\/revisions"}],"wp:featuredmedia":[{"embeddable":true,"href":"https:\/\/www.meydan.tv\/az\/wp-json\/wp\/v2\/media\/21591"}],"wp:attachment":[{"href":"https:\/\/www.meydan.tv\/az\/wp-json\/wp\/v2\/media?parent=167285"}],"wp:term":[{"taxonomy":"category","embeddable":true,"href":"https:\/\/www.meydan.tv\/az\/wp-json\/wp\/v2\/categories?post=167285"},{"taxonomy":"post_tag","embeddable":true,"href":"https:\/\/www.meydan.tv\/az\/wp-json\/wp\/v2\/tags?post=167285"}],"curies":[{"name":"wp","href":"https:\/\/api.w.org\/{rel}","templated":true}]}}