{"id":167281,"date":"2015-03-17T16:18:03","date_gmt":"2015-03-17T16:18:03","guid":{"rendered":"https:\/\/www.meydan.tv\/article\/dollarla-alinan-kreditlerin-taleyine-aydinliq-getirilmesi-teklif-olunub\/"},"modified":"2015-03-17T16:18:03","modified_gmt":"2015-03-17T16:18:03","slug":"dollarla-alinan-kreditlerin-taleyine-aydinliq-getirilmesi-teklif-olunub","status":"publish","type":"post","link":"https:\/\/www.meydan.tv\/az\/article\/dollarla-alinan-kreditlerin-taleyine-aydinliq-getirilmesi-teklif-olunub\/","title":{"rendered":"Dollarla al\u0131nan kreditl\u0259rin taleyin\u0259 ayd\u0131nl\u0131q g\u0259tirilm\u0259si t\u0259klif olunub"},"content":{"rendered":"<figure class=\"wp-block-image size-large\">\n  <img decoding=\"async\" src=\"https:\/\/www.meydan.tv\/az\/21549\/\" alt=\"\" class=\"wp-image-21549\"\/><figcaption><\/figcaption><\/figure>\n<figure class=\"wp-block-image size-large\">\n  <img decoding=\"async\" src=\"https:\/\/www.meydan.tv\/az\/21549\/\" alt=\"\" class=\"wp-image-21549\"\/><figcaption><\/figcaption><\/figure>\n<p>\n  \u018fli M\u0259simli: &#8220;\u018fg\u0259r h\u00f6kum\u0259t yax\u0131n 8-9 ay \u0259rzind\u0259 m\u00fcsb\u0259t \u015fansdan istifad\u0259 ets\u0259, itkil\u0259ri minimum endirm\u0259k m\u00fcmk\u00fcn olacaq&#8221;\n<\/p>\n<p>\n  Milli M\u0259clisinin mart\u0131n 17-d\u0259 ke\u00e7iril\u0259n iclas\u0131nda ba\u015f nazir\u00a0Artur Rasizad\u0259nin t\u0259qdimat\u0131 il\u0259 h\u00f6kum\u0259tin illik hesabat\u0131 m\u00fczakir\u0259 olunub.\n<\/p>\n<p>\n  <a href=\"https:\/\/apa.az\/\"><br \/>\n    APA<br \/>\n  <\/a><br \/>\n  -n\u0131n m\u0259lumat\u0131na g\u00f6r\u0259, deputat\u00a0Q\u0259nir\u0259 Pa\u015fayeva\u00a0se\u00e7ildiyi Tovuz rayonunda c\u0259bh\u0259yan\u0131 b\u0259zi k\u0259ndl\u0259rd\u0259 qaz probleminin oldu\u011funu bildirib v\u0259 h\u00f6kum\u0259td\u0259n bunun h\u0259llini xahi\u015f edib.\n<\/p>\n<p>\n  Daha sonra o, orqan transplantasiyas\u0131 il\u0259 ba\u011fl\u0131 qanunvericiliyin icras\u0131 y\u00f6n\u00fcnd\u0259 add\u0131mlar at\u0131lmas\u0131n\u0131n vacibliyini deyib: \u201cAz\u0259rbaycanda b\u00f6yr\u0259k, \u00fcr\u0259k transplantasiyas\u0131 il\u0259 ba\u011fl\u0131 add\u0131mlar at\u0131l\u0131r. Bunun \u00fc\u00e7\u00fcn yax\u015f\u0131 m\u00fct\u0259x\u0259ssisl\u0259r d\u0259 yeti\u015fm\u0259kd\u0259dir. Transplantasiya c\u00fct v\u0259 artan orqanlar, y\u0259ni sa\u011flam insan orqanlar\u0131 hesab\u0131na ba\u015f tutmal\u0131d\u0131r. Amma qanunvericilikd\u0259 bu m\u0259s\u0259l\u0259 il\u0259 ba\u011fl\u0131 bo\u015fluqlar var. Bu problemin h\u0259lli orqan transplantasiya probleminin h\u0259llin\u0259 k\u00f6m\u0259k ed\u0259rdi\u201d.\n<\/p>\n<p>\n  Deputat Musa Quliyev is\u0259 bildirib ki, \u0259sas probleml\u0259rd\u0259n biri Qaraba\u011f \u0259lill\u0259rinin pensiya t\u0259minat\u0131 il\u0259 ba\u011fl\u0131d\u0131r v\u0259 pensiya-s\u0131\u011forta sistemin\u0259 ke\u00e7id zaman\u0131 b\u0259zi uy\u011funsuzluqlar yaran\u0131b: \u201cHans\u0131 Qaraba\u011f \u0259lilinin 5 illik \u0259m\u0259k staj\u0131 var idi, onlar pensiya al\u0131rd\u0131lar. 5 il staj\u0131 olmayanlar is\u0259 pensiya yox, m\u00fcavin\u0259t al\u0131r. Bu m\u00fcavin\u0259t 60 manat m\u0259bl\u0259\u011find\u0259dir. Staj\u0131 az olan Qaraba\u011f \u0259lill\u0259rin\u0259 veril\u0259n m\u00fcavin\u0259tin d\u0259 minimum pensiya h\u0259ddin\u0259 \u00e7atd\u0131r\u0131lmas\u0131n\u0131 t\u0259klif edir\u0259m\u201d. O, \u00f6lk\u0259d\u0259 sosial evl\u0259rin tikilm\u0259sinin d\u0259 vacibliyini vur\u011fulay\u0131b.\n<\/p>\n<p>\n  Deputat\u00a0Eldar \u0130brahimov\u00a0is\u0259 bildirib ki, 2014-c\u00fc ild\u0259 \u00f6lk\u0259d\u0259 k\u0259nd t\u0259s\u0259rr\u00fcfat\u0131 sah\u0259sind\u0259 5,2 milyard manatl\u0131q m\u0259hsul istehsal olunub: \u201c2013-c\u00fc ill\u0259 m\u00fcqayis\u0259d\u0259 \u00f6t\u0259n il meyv\u0259-t\u0259r\u0259v\u0259z ixrac\u0131 16,1% art\u0131b, idxal 13,4% azal\u0131b. Bu o dem\u0259kdir ki, neftd\u0259n \u0259ld\u0259 olunan g\u0259lirl\u0259r qeyri-neft sektoruna, o c\u00fcml\u0259d\u0259n k\u0259nd t\u0259s\u0259rr\u00fcfat\u0131n\u0131n inki\u015faf\u0131na y\u00f6n\u0259ldilir\u201d.\n<\/p>\n<p>\n  Bununla yana\u015f\u0131, E.\u0130brahimov h\u0259llini g\u00f6zl\u0259y\u0259n b\u0259zi m\u0259s\u0259l\u0259l\u0259rin oldu\u011funu h\u00f6kum\u0259tin diqq\u0259tin\u0259 \u00e7atd\u0131r\u0131b. O, \u00f6lk\u0259y\u0259 Geni Modifikasiya Olunmu\u015f (GMO) m\u0259hsullar\u0131n idxal\u0131na ciddi n\u0259zar\u0259t edilm\u0259sinin vacibliyini qeyd edib.\n<\/p>\n<p>\n  Deputat \u018fli M\u0259simli deyib ki, Az\u0259rbaycanda devalvasiya yeni situasiya yaratd\u0131\u011f\u0131na g\u00f6r\u0259 h\u00f6kum\u0259t \u00e7ox g\u00fcman ki, bu istiqam\u0259td\u0259 t\u0259dbirl\u0259r paketi haz\u0131rlay\u0131r: \u201cH\u0259min t\u0259dbirl\u0259r paketind\u0259 ictimai r\u0259yi n\u0259z\u0259r\u0259 almaqla, b\u0259zi m\u0259qamlar\u0131n olmas\u0131n\u0131 vacib hesab edir\u0259m&#8221;. \u018f.M\u0259simli paketd\u0259 neftin a\u015fa\u011f\u0131 qiym\u0259t s\u0259viyy\u0259sind\u0259 v\u0259 dollar\u0131n bahala\u015fd\u0131\u011f\u0131 vaxtda iqtisadi siyas\u0259td\u0259 n\u0259z\u0259rd\u0259 tutulan d\u0259yi\u015fiklikl\u0259r, dollarla al\u0131nan kreditl\u0259rin taleyin\u0259 ayd\u0131nl\u0131q g\u0259tirilm\u0259sini t\u0259klif edib. Devalvasiyan\u0131n m\u00fcsb\u0259t t\u0259r\u0259fl\u0259rinin d\u0259 oldu\u011funu dey\u0259n \u018f.M\u0259simli qeyd edib ki, \u0259g\u0259r h\u00f6kum\u0259t yax\u0131n 8-9 ay \u0259rzind\u0259 m\u00fcsb\u0259t \u015fansdan istifad\u0259 ets\u0259, itkil\u0259ri minimum endirm\u0259k m\u00fcmk\u00fcn olacaq.\n<\/p>\n<p><div><\/div><\/p>\n","protected":false},"excerpt":{"rendered":"<p>\u018fli M\u0259simli: &#8220;\u018fg\u0259r h\u00f6kum\u0259t yax\u0131n 8-9 ay \u0259rzind\u0259 m\u00fcsb\u0259t \u015fansdan istifad\u0259 ets\u0259, itkil\u0259ri minimum endirm\u0259k m\u00fcmk\u00fcn olacaq&#8221;<\/p>\n","protected":false},"author":11,"featured_media":21549,"comment_status":"closed","ping_status":"open","sticky":false,"template":"","format":"standard","meta":{"_acf_changed":false,"_sitemap_exclude":false,"_sitemap_priority":"","_sitemap_frequency":"","footnotes":""},"categories":[56],"tags":[],"class_list":["post-167281","post","type-post","status-publish","format-standard","has-post-thumbnail","hentry","category-xeberler","infinite-scroll-item","generate-columns","tablet-grid-50","mobile-grid-100","grid-parent","grid-33","no-featured-image-padding"],"acf":[],"yoast_head":"<!-- This site is optimized with the Yoast SEO plugin v28.4 - https:\/\/yoast.com\/product\/yoast-seo-wordpress\/ -->\n<title>Dollarla al\u0131nan kreditl\u0259rin taleyin\u0259 ayd\u0131nl\u0131q g\u0259tirilm\u0259si t\u0259klif olunub - MEYDAN.TV<\/title>\n<meta name=\"robots\" content=\"index, follow, max-snippet:-1, max-image-preview:large, max-video-preview:-1\" \/>\n<link rel=\"canonical\" href=\"https:\/\/www.meydan.tv\/az\/article\/dollarla-alinan-kreditlerin-taleyine-aydinliq-getirilmesi-teklif-olunub\/\" \/>\n<meta property=\"og:locale\" content=\"az_AZ\" \/>\n<meta property=\"og:type\" content=\"article\" \/>\n<meta property=\"og:title\" content=\"Dollarla al\u0131nan kreditl\u0259rin taleyin\u0259 ayd\u0131nl\u0131q g\u0259tirilm\u0259si t\u0259klif olunub - MEYDAN.TV\" \/>\n<meta property=\"og:description\" content=\"\u018fli M\u0259simli: &quot;\u018fg\u0259r h\u00f6kum\u0259t yax\u0131n 8-9 ay \u0259rzind\u0259 m\u00fcsb\u0259t \u015fansdan istifad\u0259 ets\u0259, itkil\u0259ri minimum endirm\u0259k m\u00fcmk\u00fcn olacaq&quot;\" \/>\n<meta property=\"og:url\" content=\"https:\/\/www.meydan.tv\/az\/article\/dollarla-alinan-kreditlerin-taleyine-aydinliq-getirilmesi-teklif-olunub\/\" \/>\n<meta property=\"og:site_name\" content=\"MEYDAN.TV\" \/>\n<meta property=\"article:published_time\" content=\"2015-03-17T16:18:03+00:00\" \/>\n<meta property=\"og:image\" content=\"https:\/\/www.meydan.tv\/wp-content\/uploads\/7796.jpg\" \/>\n\t<meta property=\"og:image:width\" content=\"800\" \/>\n\t<meta property=\"og:image:height\" content=\"600\" \/>\n\t<meta property=\"og:image:type\" content=\"image\/jpeg\" \/>\n<meta name=\"twitter:card\" content=\"summary_large_image\" \/>\n<!-- \/ Yoast SEO plugin. -->","yoast_head_json":{"title":"Dollarla al\u0131nan kreditl\u0259rin taleyin\u0259 ayd\u0131nl\u0131q g\u0259tirilm\u0259si t\u0259klif olunub - MEYDAN.TV","robots":{"index":"index","follow":"follow","max-snippet":"max-snippet:-1","max-image-preview":"max-image-preview:large","max-video-preview":"max-video-preview:-1"},"canonical":"https:\/\/www.meydan.tv\/az\/article\/dollarla-alinan-kreditlerin-taleyine-aydinliq-getirilmesi-teklif-olunub\/","og_locale":"az_AZ","og_type":"article","og_title":"Dollarla al\u0131nan kreditl\u0259rin taleyin\u0259 ayd\u0131nl\u0131q g\u0259tirilm\u0259si t\u0259klif olunub - MEYDAN.TV","og_description":"\u018fli M\u0259simli: \"\u018fg\u0259r h\u00f6kum\u0259t yax\u0131n 8-9 ay \u0259rzind\u0259 m\u00fcsb\u0259t \u015fansdan istifad\u0259 ets\u0259, itkil\u0259ri minimum endirm\u0259k m\u00fcmk\u00fcn olacaq\"","og_url":"https:\/\/www.meydan.tv\/az\/article\/dollarla-alinan-kreditlerin-taleyine-aydinliq-getirilmesi-teklif-olunub\/","og_site_name":"MEYDAN.TV","article_published_time":"2015-03-17T16:18:03+00:00","og_image":[{"width":800,"height":600,"url":"https:\/\/www.meydan.tv\/wp-content\/uploads\/7796.jpg","type":"image\/jpeg"}],"twitter_card":"summary_large_image","schema":{"@context":"https:\/\/schema.org","@graph":[{"@type":"Article","@id":"https:\/\/www.meydan.tv\/az\/article\/dollarla-alinan-kreditlerin-taleyine-aydinliq-getirilmesi-teklif-olunub\/#article","isPartOf":{"@id":"https:\/\/www.meydan.tv\/az\/article\/dollarla-alinan-kreditlerin-taleyine-aydinliq-getirilmesi-teklif-olunub\/"},"author":{"name":"user-manager","@id":"https:\/\/www.meydan.tv\/az\/#\/schema\/person\/10d11eccf6da3662cf5fdab9806ea91a"},"headline":"Dollarla al\u0131nan kreditl\u0259rin taleyin\u0259 ayd\u0131nl\u0131q g\u0259tirilm\u0259si t\u0259klif olunub","datePublished":"2015-03-17T16:18:03+00:00","mainEntityOfPage":{"@id":"https:\/\/www.meydan.tv\/az\/article\/dollarla-alinan-kreditlerin-taleyine-aydinliq-getirilmesi-teklif-olunub\/"},"wordCount":578,"publisher":{"@id":"https:\/\/www.meydan.tv\/az\/#organization"},"image":{"@id":"https:\/\/www.meydan.tv\/az\/article\/dollarla-alinan-kreditlerin-taleyine-aydinliq-getirilmesi-teklif-olunub\/#primaryimage"},"thumbnailUrl":"https:\/\/www.meydan.tv\/wp-content\/uploads\/7796.jpg","articleSection":["X\u0259b\u0259rl\u0259r"],"inLanguage":"az"},{"@type":"WebPage","@id":"https:\/\/www.meydan.tv\/az\/article\/dollarla-alinan-kreditlerin-taleyine-aydinliq-getirilmesi-teklif-olunub\/","url":"https:\/\/www.meydan.tv\/az\/article\/dollarla-alinan-kreditlerin-taleyine-aydinliq-getirilmesi-teklif-olunub\/","name":"Dollarla al\u0131nan kreditl\u0259rin taleyin\u0259 ayd\u0131nl\u0131q g\u0259tirilm\u0259si t\u0259klif olunub - MEYDAN.TV","isPartOf":{"@id":"https:\/\/www.meydan.tv\/az\/#website"},"primaryImageOfPage":{"@id":"https:\/\/www.meydan.tv\/az\/article\/dollarla-alinan-kreditlerin-taleyine-aydinliq-getirilmesi-teklif-olunub\/#primaryimage"},"image":{"@id":"https:\/\/www.meydan.tv\/az\/article\/dollarla-alinan-kreditlerin-taleyine-aydinliq-getirilmesi-teklif-olunub\/#primaryimage"},"thumbnailUrl":"https:\/\/www.meydan.tv\/wp-content\/uploads\/7796.jpg","datePublished":"2015-03-17T16:18:03+00:00","breadcrumb":{"@id":"https:\/\/www.meydan.tv\/az\/article\/dollarla-alinan-kreditlerin-taleyine-aydinliq-getirilmesi-teklif-olunub\/#breadcrumb"},"inLanguage":"az","potentialAction":[{"@type":"ReadAction","target":["https:\/\/www.meydan.tv\/az\/article\/dollarla-alinan-kreditlerin-taleyine-aydinliq-getirilmesi-teklif-olunub\/"]}]},{"@type":"ImageObject","inLanguage":"az","@id":"https:\/\/www.meydan.tv\/az\/article\/dollarla-alinan-kreditlerin-taleyine-aydinliq-getirilmesi-teklif-olunub\/#primaryimage","url":"https:\/\/www.meydan.tv\/wp-content\/uploads\/7796.jpg","contentUrl":"https:\/\/www.meydan.tv\/wp-content\/uploads\/7796.jpg","width":800,"height":600,"caption":"Source:"},{"@type":"BreadcrumbList","@id":"https:\/\/www.meydan.tv\/az\/article\/dollarla-alinan-kreditlerin-taleyine-aydinliq-getirilmesi-teklif-olunub\/#breadcrumb","itemListElement":[{"@type":"ListItem","position":1,"name":"Ana s\u0259hif\u0259","item":"https:\/\/www.meydan.tv\/az\/"},{"@type":"ListItem","position":2,"name":"X\u0259b\u0259rl\u0259r","item":"https:\/\/www.meydan.tv\/az\/section\/xeberler\/"},{"@type":"ListItem","position":3,"name":"Dollarla al\u0131nan kreditl\u0259rin taleyin\u0259 ayd\u0131nl\u0131q g\u0259tirilm\u0259si t\u0259klif olunub"}]},{"@type":"WebSite","@id":"https:\/\/www.meydan.tv\/az\/#website","url":"https:\/\/www.meydan.tv\/az\/","name":"MEYDAN.TV","description":"Meydan TV Az\u0259rbaycan\u0131n media m\u0259kan\u0131ndak\u0131 alternativ s\u0259sidir","publisher":{"@id":"https:\/\/www.meydan.tv\/az\/#organization"},"potentialAction":[{"@type":"SearchAction","target":{"@type":"EntryPoint","urlTemplate":"https:\/\/www.meydan.tv\/az\/?s={search_term_string}"},"query-input":{"@type":"PropertyValueSpecification","valueRequired":true,"valueName":"search_term_string"}}],"inLanguage":"az"},{"@type":"Organization","@id":"https:\/\/www.meydan.tv\/az\/#organization","name":"Meydan TV","url":"https:\/\/www.meydan.tv\/az\/","logo":{"@type":"ImageObject","inLanguage":"az","@id":"https:\/\/www.meydan.tv\/az\/#\/schema\/logo\/image\/","url":"https:\/\/www.meydan.tv\/wp-content\/uploads\/2021\/07\/meydan-logo.svg","contentUrl":"https:\/\/www.meydan.tv\/wp-content\/uploads\/2021\/07\/meydan-logo.svg","width":195,"height":46,"caption":"Meydan TV"},"image":{"@id":"https:\/\/www.meydan.tv\/az\/#\/schema\/logo\/image\/"}},{"@type":"Person","@id":"https:\/\/www.meydan.tv\/az\/#\/schema\/person\/10d11eccf6da3662cf5fdab9806ea91a","name":"user-manager"}]}},"_links":{"self":[{"href":"https:\/\/www.meydan.tv\/az\/wp-json\/wp\/v2\/posts\/167281","targetHints":{"allow":["GET"]}}],"collection":[{"href":"https:\/\/www.meydan.tv\/az\/wp-json\/wp\/v2\/posts"}],"about":[{"href":"https:\/\/www.meydan.tv\/az\/wp-json\/wp\/v2\/types\/post"}],"author":[{"embeddable":true,"href":"https:\/\/www.meydan.tv\/az\/wp-json\/wp\/v2\/users\/11"}],"replies":[{"embeddable":true,"href":"https:\/\/www.meydan.tv\/az\/wp-json\/wp\/v2\/comments?post=167281"}],"version-history":[{"count":0,"href":"https:\/\/www.meydan.tv\/az\/wp-json\/wp\/v2\/posts\/167281\/revisions"}],"wp:featuredmedia":[{"embeddable":true,"href":"https:\/\/www.meydan.tv\/az\/wp-json\/wp\/v2\/media\/21549"}],"wp:attachment":[{"href":"https:\/\/www.meydan.tv\/az\/wp-json\/wp\/v2\/media?parent=167281"}],"wp:term":[{"taxonomy":"category","embeddable":true,"href":"https:\/\/www.meydan.tv\/az\/wp-json\/wp\/v2\/categories?post=167281"},{"taxonomy":"post_tag","embeddable":true,"href":"https:\/\/www.meydan.tv\/az\/wp-json\/wp\/v2\/tags?post=167281"}],"curies":[{"name":"wp","href":"https:\/\/api.w.org\/{rel}","templated":true}]}}