{"id":167280,"date":"2015-03-17T14:55:32","date_gmt":"2015-03-17T14:55:32","guid":{"rendered":"https:\/\/www.meydan.tv\/article\/olkede-insan-haqlarinin-durumu-cox-umidsiz-elacsizdir\/"},"modified":"2015-03-17T14:55:32","modified_gmt":"2015-03-17T14:55:32","slug":"olkede-insan-haqlarinin-durumu-cox-umidsiz-elacsizdir","status":"publish","type":"post","link":"https:\/\/www.meydan.tv\/az\/article\/olkede-insan-haqlarinin-durumu-cox-umidsiz-elacsizdir\/","title":{"rendered":"&#8220;\u00d6lk\u0259d\u0259 insan haqlar\u0131n\u0131n durumu \u00e7ox \u00fcmidsiz, \u0259lacs\u0131zd\u0131r&#8221;"},"content":{"rendered":"<figure class=\"wp-block-image size-large\">\n  <img decoding=\"async\" src=\"https:\/\/www.meydan.tv\/az\/21579\/\" alt=\"\" class=\"wp-image-21579\"\/><figcaption><\/figcaption><\/figure>\n<div>\n<div>\n      <i><br \/>\n        Arzu Abdullayeva: &#8220;Art\u0131q hakimiyy\u0259tl\u0259 xalq aras\u0131nda vasit\u0259\u00e7i rol oynayan v\u0259t\u0259nda\u015f c\u0259miyy\u0259ti \u00f6l\u00fc v\u0259ziyy\u0259tind\u0259dir&#8221;<br \/>\n      <\/i>\n    <\/div>\n<p>\n    Mart\u0131n 16-da Bak\u0131 A\u011f\u0131r Cinay\u0259tl\u0259r M\u0259hk\u0259m\u0259si siyasi m\u0259nsubiyy\u0259ti olmayan Sirac K\u0259rimlinin 6 il azadl\u0131qdan m\u0259hrumetm\u0259 h\u00f6km\u00fc \u00e7\u0131xar\u0131b. Hadis\u0259nin diqq\u0259t\u00e7\u0259k\u0259n t\u0259r\u0259fi Sirac K\u0259rimlinin m\u0259hk\u0259m\u0259sind\u0259 dindirilm\u0259 zaman\u0131 onun s\u0259hv\u0259n h\u0259bs olundu\u011fu a\u015fkarlanmas\u0131 olub. M\u0259lum olub ki, \u0259m\u0259liyyat\u00e7\u0131lar Sirac K\u0259rimlini yox, onun m\u00fcsavat\u00e7\u0131 qarda\u015f\u0131 F\u0259r\u0259c K\u0259rimlini h\u0259bs etm\u0259liymi\u015fl\u0259r. Sonradan F\u0259r\u0259c K\u0259rimli d\u0259 h\u0259bs olunub. M\u00fcdafi\u0259 t\u0259r\u0259fi v\u0259sat\u0259tl\u0259r qald\u0131rsa da, m\u0259hk\u0259m\u0259 hey\u0259ti m\u0259s\u0259l\u0259nin ara\u015fd\u0131rmas\u0131na \u015f\u0259rait yaratmay\u0131b.\n  <\/div>\n<\/p>\n<p>\n  Bu \u0259r\u0259f\u0259d\u0259 Monitorinq Qrupunun v\u0259 \u0130nsan H\u00fcquqlar\u0131 \u00fczr\u0259 Birg\u0259 Qrupun \u00fczvl\u0259ri yax\u0131n g\u00fcnl\u0259rd\u0259 \u0259fv f\u0259rman\u0131n\u0131n imzalanaca\u011f\u0131 x\u0259b\u0259rini yay\u0131rlar. Ancaq n\u0259d\u0259ns\u0259 ba\u015f ver\u0259nl\u0259r\u0259 reaksiya s\u00fckutla m\u00fc\u015fahid\u0259 olunur.<br \/>\n  <br \/>\n  H\u0259r iki qrupun t\u0259msil\u00e7isi Arzu Abdullayeva Meydan TV-y\u0259 bildirib ki, \u0130nsan H\u00fcquqlar\u0131 \u00fczr\u0259 Birg\u0259 Qrup \u00e7oxsayl\u0131 t\u0259\u015fkilatlardan biri olsa da, format\u0131 f\u0259rqlidir: &#8220;Ancaq m\u0259n \u0130nsan H\u00fcquqlar\u0131 \u00fczr\u0259 Birg\u0259 Qrupun yox, \u00f6z ad\u0131mdan dan\u0131\u015fa bil\u0259r\u0259m. T\u0259\u0259ss\u00fcf ki, qrupun birg\u0259 i\u015fi s\u0259ngiyir, \u00e7\u00fcnki indiy\u0259 q\u0259d\u0259r 2 d\u0259f\u0259 toplan\u0131b. D\u00fczd\u00fcr, qrupa daxil olan h\u00fcquq m\u00fcdafi\u0259\u00e7il\u0259ri ayr\u0131ca g\u00f6r\u00fc\u015f\u00fcb \u018ffv Komissiyas\u0131na m\u00fcraci\u0259t edibl\u0259r. Bundan \u0259lav\u0259, h\u00fcquq m\u00fcdafi\u0259\u00e7il\u0259ri D\u0130N, Ba\u015f Prokurorluq, \u018fdliyy\u0259 Nazirliyinin r\u0259hb\u0259r \u015f\u0259xsl\u0259ri il\u0259 g\u00f6r\u00fc\u015f\u00fcb, m\u00fczakir\u0259l\u0259r apar\u0131b, n\u0259tic\u0259 \u0259ld\u0259 etm\u0259y\u0259 \u00e7al\u0131\u015f\u0131rlar. Amma n\u0259tic\u0259 m\u0259ni qane etmir. B\u0259li, han\u0131sa m\u0259s\u0259l\u0259l\u0259rd\u0259 insanlara f\u0259rdi \u015f\u0259kild\u0259 k\u00f6m\u0259k etm\u0259k olur, s\u00f6hb\u0259t i\u015fg\u0259nc\u0259l\u0259r, \u0259dal\u0259tsiz m\u0259hk\u0259m\u0259l\u0259rd\u0259n gedir&#8221;.<br \/>\n  <br \/>\n  Arzu Abdullayeva haz\u0131rda \u00f6lk\u0259d\u0259 insan haqlar\u0131n\u0131n durumunu &#8220;\u00e7ox pis, \u00fcmidsiz, \u0259lacs\u0131z&#8221; &#8211; dey\u0259 adland\u0131rd\u0131. H\u00fcquq m\u00fcdafi\u0259\u00e7isi hesab edir ki, n\u0259inki sad\u0259 adamlar, art\u0131q hakimiyy\u0259tl\u0259 xalq aras\u0131nda vasit\u0259\u00e7i rol oynayan v\u0259t\u0259nda\u015f c\u0259miyy\u0259ti \u00f6l\u00fc v\u0259ziyy\u0259tind\u0259dir. N\u0259d\u0259ns\u0259, v\u0259t\u0259nda\u015f c\u0259miyy\u0259tinin \u00e7\u00f6kd\u00fcr\u00fclm\u0259sin\u0259 \u00e7al\u0131\u015f\u0131l\u0131r. Bu gedi\u015fat h\u00f6kum\u0259t\u0259 he\u00e7 bir xeyir ver\u0259 bilm\u0259z. \u018fslind\u0259, normal \u00f6lk\u0259l\u0259rd\u0259 v\u0259t\u0259nda\u015f c\u0259miyy\u0259tinin f\u0259allar\u0131 bir \u00e7ox probleml\u0259rin h\u0259llind\u0259 vasit\u0259\u00e7i olurlar.\n<\/p>\n<div>\n<div>\n      O, \u0130nsan H\u00fcquqlar\u0131 \u00fczr\u0259 Birg\u0259 Qrupunun r\u0259hb\u0259rliyi qar\u015f\u0131s\u0131nda sadalad\u0131q\u0131lar\u0131n\u0131 qald\u0131rd\u0131\u011f\u0131n\u0131 dedi: &#8220;H\u0259r iki toplant\u0131da bu bar\u0259d\u0259 dan\u0131\u015f\u0131l\u0131b. Reaksiyalara g\u0259linc\u0259, Fuad \u018fl\u0259sg\u0259rov da, S\u0259m\u0259d Seyidov da deyibl\u0259r ki, m\u00fcvafiq orqanlara m\u00fcraci\u0259tl\u0259r g\u00f6nd\u0259rin, m\u0259s\u0259l\u0259 ara\u015fd\u0131r\u0131ls\u0131n. \u0130st\u0259k olursa, hans\u0131sa m\u0259s\u0259l\u0259l\u0259r\u0259 bax\u0131l\u0131r&#8221;.\n    <\/div>\n<\/p><\/div>\n<\/p>\n<p>\n  Arzu Abdullayeva g\u00f6zl\u0259nil\u0259n \u0259fv f\u0259rman\u0131 il\u0259 ba\u011fl\u0131 d\u00f6vl\u0259t ba\u015f\u00e7\u0131s\u0131na m\u00fcraci\u0259t etdikl\u0259rini bildirdi: &#8220;M\u0259n yaln\u0131z \u00fcmid edir\u0259m. Bizim rolumuz ondan ibar\u0259tdir ki, m\u00f6vcud durumu yada salaq&#8221;.<\/p>\n","protected":false},"excerpt":{"rendered":"<p>Arzu Abdullayeva: &#8220;Art\u0131q hakimiyy\u0259tl\u0259 xalq aras\u0131nda vasit\u0259\u00e7i rol oynayan v\u0259t\u0259nda\u015f c\u0259miyy\u0259ti \u00f6l\u00fc v\u0259ziyy\u0259tind\u0259dir&#8221;<\/p>\n","protected":false},"author":11,"featured_media":21579,"comment_status":"closed","ping_status":"open","sticky":false,"template":"","format":"standard","meta":{"_acf_changed":false,"_sitemap_exclude":false,"_sitemap_priority":"","_sitemap_frequency":"","footnotes":""},"categories":[56],"tags":[],"class_list":["post-167280","post","type-post","status-publish","format-standard","has-post-thumbnail","hentry","category-xeberler","infinite-scroll-item","generate-columns","tablet-grid-50","mobile-grid-100","grid-parent","grid-33","no-featured-image-padding"],"acf":[],"yoast_head":"<!-- This site is optimized with the Yoast SEO plugin v28.3 - https:\/\/yoast.com\/product\/yoast-seo-wordpress\/ -->\n<title>&quot;\u00d6lk\u0259d\u0259 insan haqlar\u0131n\u0131n durumu \u00e7ox \u00fcmidsiz, \u0259lacs\u0131zd\u0131r&quot; - MEYDAN.TV<\/title>\n<meta name=\"robots\" content=\"index, follow, max-snippet:-1, max-image-preview:large, max-video-preview:-1\" \/>\n<link rel=\"canonical\" href=\"https:\/\/www.meydan.tv\/az\/article\/olkede-insan-haqlarinin-durumu-cox-umidsiz-elacsizdir\/\" \/>\n<meta property=\"og:locale\" content=\"az_AZ\" \/>\n<meta property=\"og:type\" content=\"article\" \/>\n<meta property=\"og:title\" content=\"&quot;\u00d6lk\u0259d\u0259 insan haqlar\u0131n\u0131n durumu \u00e7ox \u00fcmidsiz, \u0259lacs\u0131zd\u0131r&quot; - MEYDAN.TV\" \/>\n<meta property=\"og:description\" content=\"Arzu Abdullayeva: &quot;Art\u0131q hakimiyy\u0259tl\u0259 xalq aras\u0131nda vasit\u0259\u00e7i rol oynayan v\u0259t\u0259nda\u015f c\u0259miyy\u0259ti \u00f6l\u00fc v\u0259ziyy\u0259tind\u0259dir&quot;\" \/>\n<meta property=\"og:url\" content=\"https:\/\/www.meydan.tv\/az\/article\/olkede-insan-haqlarinin-durumu-cox-umidsiz-elacsizdir\/\" \/>\n<meta property=\"og:site_name\" content=\"MEYDAN.TV\" \/>\n<meta property=\"article:published_time\" content=\"2015-03-17T14:55:32+00:00\" \/>\n<meta property=\"og:image\" content=\"https:\/\/www.meydan.tv\/wp-content\/uploads\/7795.jpg\" \/>\n\t<meta property=\"og:image:width\" content=\"900\" \/>\n\t<meta property=\"og:image:height\" content=\"634\" \/>\n\t<meta property=\"og:image:type\" content=\"image\/jpeg\" \/>\n<meta name=\"twitter:card\" content=\"summary_large_image\" \/>\n<!-- \/ Yoast SEO plugin. -->","yoast_head_json":{"title":"\"\u00d6lk\u0259d\u0259 insan haqlar\u0131n\u0131n durumu \u00e7ox \u00fcmidsiz, \u0259lacs\u0131zd\u0131r\" - MEYDAN.TV","robots":{"index":"index","follow":"follow","max-snippet":"max-snippet:-1","max-image-preview":"max-image-preview:large","max-video-preview":"max-video-preview:-1"},"canonical":"https:\/\/www.meydan.tv\/az\/article\/olkede-insan-haqlarinin-durumu-cox-umidsiz-elacsizdir\/","og_locale":"az_AZ","og_type":"article","og_title":"\"\u00d6lk\u0259d\u0259 insan haqlar\u0131n\u0131n durumu \u00e7ox \u00fcmidsiz, \u0259lacs\u0131zd\u0131r\" - MEYDAN.TV","og_description":"Arzu Abdullayeva: \"Art\u0131q hakimiyy\u0259tl\u0259 xalq aras\u0131nda vasit\u0259\u00e7i rol oynayan v\u0259t\u0259nda\u015f c\u0259miyy\u0259ti \u00f6l\u00fc v\u0259ziyy\u0259tind\u0259dir\"","og_url":"https:\/\/www.meydan.tv\/az\/article\/olkede-insan-haqlarinin-durumu-cox-umidsiz-elacsizdir\/","og_site_name":"MEYDAN.TV","article_published_time":"2015-03-17T14:55:32+00:00","og_image":[{"width":900,"height":634,"url":"https:\/\/www.meydan.tv\/wp-content\/uploads\/7795.jpg","type":"image\/jpeg"}],"twitter_card":"summary_large_image","schema":{"@context":"https:\/\/schema.org","@graph":[{"@type":"Article","@id":"https:\/\/www.meydan.tv\/az\/article\/olkede-insan-haqlarinin-durumu-cox-umidsiz-elacsizdir\/#article","isPartOf":{"@id":"https:\/\/www.meydan.tv\/az\/article\/olkede-insan-haqlarinin-durumu-cox-umidsiz-elacsizdir\/"},"author":{"name":"user-manager","@id":"https:\/\/www.meydan.tv\/az\/#\/schema\/person\/10d11eccf6da3662cf5fdab9806ea91a"},"headline":"&#8220;\u00d6lk\u0259d\u0259 insan haqlar\u0131n\u0131n durumu \u00e7ox \u00fcmidsiz, \u0259lacs\u0131zd\u0131r&#8221;","datePublished":"2015-03-17T14:55:32+00:00","mainEntityOfPage":{"@id":"https:\/\/www.meydan.tv\/az\/article\/olkede-insan-haqlarinin-durumu-cox-umidsiz-elacsizdir\/"},"wordCount":598,"publisher":{"@id":"https:\/\/www.meydan.tv\/az\/#organization"},"image":{"@id":"https:\/\/www.meydan.tv\/az\/article\/olkede-insan-haqlarinin-durumu-cox-umidsiz-elacsizdir\/#primaryimage"},"thumbnailUrl":"https:\/\/www.meydan.tv\/wp-content\/uploads\/7795.jpg","articleSection":["X\u0259b\u0259rl\u0259r"],"inLanguage":"az"},{"@type":"WebPage","@id":"https:\/\/www.meydan.tv\/az\/article\/olkede-insan-haqlarinin-durumu-cox-umidsiz-elacsizdir\/","url":"https:\/\/www.meydan.tv\/az\/article\/olkede-insan-haqlarinin-durumu-cox-umidsiz-elacsizdir\/","name":"\"\u00d6lk\u0259d\u0259 insan haqlar\u0131n\u0131n durumu \u00e7ox \u00fcmidsiz, \u0259lacs\u0131zd\u0131r\" - MEYDAN.TV","isPartOf":{"@id":"https:\/\/www.meydan.tv\/az\/#website"},"primaryImageOfPage":{"@id":"https:\/\/www.meydan.tv\/az\/article\/olkede-insan-haqlarinin-durumu-cox-umidsiz-elacsizdir\/#primaryimage"},"image":{"@id":"https:\/\/www.meydan.tv\/az\/article\/olkede-insan-haqlarinin-durumu-cox-umidsiz-elacsizdir\/#primaryimage"},"thumbnailUrl":"https:\/\/www.meydan.tv\/wp-content\/uploads\/7795.jpg","datePublished":"2015-03-17T14:55:32+00:00","breadcrumb":{"@id":"https:\/\/www.meydan.tv\/az\/article\/olkede-insan-haqlarinin-durumu-cox-umidsiz-elacsizdir\/#breadcrumb"},"inLanguage":"az","potentialAction":[{"@type":"ReadAction","target":["https:\/\/www.meydan.tv\/az\/article\/olkede-insan-haqlarinin-durumu-cox-umidsiz-elacsizdir\/"]}]},{"@type":"ImageObject","inLanguage":"az","@id":"https:\/\/www.meydan.tv\/az\/article\/olkede-insan-haqlarinin-durumu-cox-umidsiz-elacsizdir\/#primaryimage","url":"https:\/\/www.meydan.tv\/wp-content\/uploads\/7795.jpg","contentUrl":"https:\/\/www.meydan.tv\/wp-content\/uploads\/7795.jpg","width":900,"height":634,"caption":"Source:"},{"@type":"BreadcrumbList","@id":"https:\/\/www.meydan.tv\/az\/article\/olkede-insan-haqlarinin-durumu-cox-umidsiz-elacsizdir\/#breadcrumb","itemListElement":[{"@type":"ListItem","position":1,"name":"Ana s\u0259hif\u0259","item":"https:\/\/www.meydan.tv\/az\/"},{"@type":"ListItem","position":2,"name":"X\u0259b\u0259rl\u0259r","item":"https:\/\/www.meydan.tv\/az\/section\/xeberler\/"},{"@type":"ListItem","position":3,"name":"&#8220;\u00d6lk\u0259d\u0259 insan haqlar\u0131n\u0131n durumu \u00e7ox \u00fcmidsiz, \u0259lacs\u0131zd\u0131r&#8221;"}]},{"@type":"WebSite","@id":"https:\/\/www.meydan.tv\/az\/#website","url":"https:\/\/www.meydan.tv\/az\/","name":"MEYDAN.TV","description":"Meydan TV Az\u0259rbaycan\u0131n media m\u0259kan\u0131ndak\u0131 alternativ s\u0259sidir","publisher":{"@id":"https:\/\/www.meydan.tv\/az\/#organization"},"potentialAction":[{"@type":"SearchAction","target":{"@type":"EntryPoint","urlTemplate":"https:\/\/www.meydan.tv\/az\/?s={search_term_string}"},"query-input":{"@type":"PropertyValueSpecification","valueRequired":true,"valueName":"search_term_string"}}],"inLanguage":"az"},{"@type":"Organization","@id":"https:\/\/www.meydan.tv\/az\/#organization","name":"Meydan TV","url":"https:\/\/www.meydan.tv\/az\/","logo":{"@type":"ImageObject","inLanguage":"az","@id":"https:\/\/www.meydan.tv\/az\/#\/schema\/logo\/image\/","url":"https:\/\/www.meydan.tv\/wp-content\/uploads\/2021\/07\/meydan-logo.svg","contentUrl":"https:\/\/www.meydan.tv\/wp-content\/uploads\/2021\/07\/meydan-logo.svg","width":195,"height":46,"caption":"Meydan TV"},"image":{"@id":"https:\/\/www.meydan.tv\/az\/#\/schema\/logo\/image\/"}},{"@type":"Person","@id":"https:\/\/www.meydan.tv\/az\/#\/schema\/person\/10d11eccf6da3662cf5fdab9806ea91a","name":"user-manager"}]}},"_links":{"self":[{"href":"https:\/\/www.meydan.tv\/az\/wp-json\/wp\/v2\/posts\/167280","targetHints":{"allow":["GET"]}}],"collection":[{"href":"https:\/\/www.meydan.tv\/az\/wp-json\/wp\/v2\/posts"}],"about":[{"href":"https:\/\/www.meydan.tv\/az\/wp-json\/wp\/v2\/types\/post"}],"author":[{"embeddable":true,"href":"https:\/\/www.meydan.tv\/az\/wp-json\/wp\/v2\/users\/11"}],"replies":[{"embeddable":true,"href":"https:\/\/www.meydan.tv\/az\/wp-json\/wp\/v2\/comments?post=167280"}],"version-history":[{"count":0,"href":"https:\/\/www.meydan.tv\/az\/wp-json\/wp\/v2\/posts\/167280\/revisions"}],"wp:featuredmedia":[{"embeddable":true,"href":"https:\/\/www.meydan.tv\/az\/wp-json\/wp\/v2\/media\/21579"}],"wp:attachment":[{"href":"https:\/\/www.meydan.tv\/az\/wp-json\/wp\/v2\/media?parent=167280"}],"wp:term":[{"taxonomy":"category","embeddable":true,"href":"https:\/\/www.meydan.tv\/az\/wp-json\/wp\/v2\/categories?post=167280"},{"taxonomy":"post_tag","embeddable":true,"href":"https:\/\/www.meydan.tv\/az\/wp-json\/wp\/v2\/tags?post=167280"}],"curies":[{"name":"wp","href":"https:\/\/api.w.org\/{rel}","templated":true}]}}