{"id":167279,"date":"2015-03-17T14:46:58","date_gmt":"2015-03-17T14:46:58","guid":{"rendered":"https:\/\/www.meydan.tv\/article\/bu-gun-tanap-in-turkiye-hissesinin-temeli-qoyulacaq\/"},"modified":"2015-03-17T14:46:58","modified_gmt":"2015-03-17T14:46:58","slug":"bu-gun-tanap-in-turkiye-hissesinin-temeli-qoyulacaq","status":"publish","type":"post","link":"https:\/\/www.meydan.tv\/az\/article\/bu-gun-tanap-in-turkiye-hissesinin-temeli-qoyulacaq\/","title":{"rendered":"Bu g\u00fcn TANAP-\u0131n T\u00fcrkiy\u0259 hiss\u0259sinin t\u0259m\u0259li qoyulacaq"},"content":{"rendered":"<figure class=\"wp-block-image size-large\">\n  <img decoding=\"async\" src=\"https:\/\/www.meydan.tv\/az\/21576\/\" alt=\"\" class=\"wp-image-21576\"\/><figcaption><\/figcaption><\/figure>\n<p>\n  <i><br \/>\n    Natiq C\u0259f\u0259rli: &#8220;Az\u0259rbaycan x\u0259rcl\u0259rini optimalla\u015fd\u0131rmasa, SSR\u0130 \u00fc\u00e7\u00fcn BAM nec\u0259 bir a\u011f\u0131r y\u00fck g\u0259tir\u0259n layih\u0259 oldusa, bu projel\u0259r d\u0259 bizim \u00fc\u00e7\u00fcn el\u0259 a\u011f\u0131r y\u00fck g\u0259tir\u0259c\u0259k&#8221;<br \/>\n  <\/i>\n<\/p>\n<p>\n  Mart\u0131n 17-d\u0259 Trans-Anadolu T\u0259bii Qaz Boru X\u0259tti Layih\u0259sinin (TANAP) T\u00fcrkiy\u0259 \u0259razisind\u0259n ke\u00e7\u0259n hiss\u0259sinin tikintisin\u0259 ba\u015flan\u0131lacaq. t\u0259m\u0259lqoyma m\u0259rasimind\u0259 Az\u0259rbaycan prezidenti \u0130lham \u018fliyevin v\u0259 T\u00fcrkiy\u0259 d\u00f6vl\u0259tinin ba\u015f\u00e7\u0131s\u0131 R\u0259c\u0259b Tayyip \u018frdo\u011fan\u0131n i\u015ftirak\u0131 g\u00f6zl\u0259nilir.\n<\/p>\n<p>\n  T\u00fcrkiy\u0259 v\u0259 Avropa Birliyi \u00f6lk\u0259l\u0259rinin enerji t\u0259hl\u00fck\u0259sizliyinin t\u0259min edilm\u0259si v\u0259 t\u0259chizat\u0131n diversifikasiyas\u0131 bax\u0131m\u0131ndan b\u00f6y\u00fck \u00f6n\u0259m da\u015f\u0131yan TANAP layih\u0259si \u00e7\u0259r\u00e7iv\u0259sind\u0259 qon\u015fu \u00f6lk\u0259y\u0259 ilk qaz n\u0259qlin\u0259 2018-ci ild\u0259 ba\u015flan\u0131lmas\u0131 planla\u015fd\u0131r\u0131l\u0131r. Ba\u015flan\u011f\u0131cda illik 16 mlrd. kubmetr t\u0259\u015fkil ed\u0259c\u0259k n\u0259ql h\u0259cminin m\u0259rh\u0259l\u0259li sur\u0259td\u0259 \u0259vv\u0259lc\u0259 24 mlrd. kubmetr\u0259, sonra 31 mlrd. kubmetr\u0259 y\u00fcks\u0259ldilm\u0259si n\u0259z\u0259rd\u0259 tutulur.\n<\/p>\n<p>\n  1850 kilometrlik TANAP x\u0259tti 2020-ci ilin \u0259vv\u0259lind\u0259n etibar\u0259n Trans-Adriatik T\u0259bii Qaz Boru X\u0259ttin\u0259 (TAP) ba\u011flanaraq, C\u0259nubi Qafqaz Boru X\u0259tti vasit\u0259sil\u0259 alaca\u011f\u0131 t\u0259bii qaz\u0131 Yunan\u0131stan, Albaniya v\u0259 \u0130taliya \u00fcz\u0259rind\u0259n Avropaya \u00e7atd\u0131racaq. Boru x\u0259tti T\u00fcrkiy\u0259-G\u00fcrc\u00fcstan s\u0259rh\u0259dind\u0259 yerl\u0259\u015f\u0259n \u018frd\u0259han vilay\u0259tind\u0259ki Posof mahal\u0131n\u0131n T\u00fcrkg\u00f6z\u00fc k\u0259ndind\u0259n ba\u015flayaraq \u018frd\u0259han, Qars, \u018frzurum, \u018frzincan, Bayburt, G\u00fcm\u00fc\u015fhane, Giresun, Sivas, Yozqat, K\u0131r\u015fehir, K\u0131r\u0131kkale, Ankara, Eski\u015fehir, Bilecik, K\u00fctahya, Bursa, Bal\u0131kesir, \u00c7anaqqala, Tekirda\u011f v\u0259 \u018fdirn\u0259 olmaq \u00fczr\u0259 20 vilay\u0259t, 67 mahal v\u0259 600 k\u0259ndd\u0259n ke\u00e7\u0259r\u0259k Yunan\u0131stan s\u0259rh\u0259dind\u0259 \u018fdirn\u0259nin \u0130psala mahal\u0131nda yekunla\u015facaq v\u0259 bu n\u00f6qt\u0259d\u0259n etibar\u0259n TAP il\u0259 ba\u011flanacaq. \u00d6t\u0259n ilin oktyabr ay\u0131nda imzalanan Ana X\u0259tt Borular\u0131 Sat\u0131nalma S\u00f6zl\u0259\u015fm\u0259l\u0259ri \u00e7\u0259r\u00e7iv\u0259sind\u0259 \u00fcmumi boru h\u0259cminin 80 faizinin T\u00fcrkiy\u0259 istehsal\u00e7\u0131lar\u0131 t\u0259r\u0259find\u0259n t\u0259dar\u00fck edilm\u0259sin\u0259 v\u0259 dekabr ay\u0131nda imzalanan Quru Sah\u0259si \u00fczr\u0259 Boru X\u0259tti \u0130n\u015faat S\u00f6zl\u0259\u015fm\u0259l\u0259ri \u00e7\u0259r\u00e7iv\u0259sind\u0259 boru x\u0259ttinin G\u00fcrc\u00fcstan-T\u00fcrkiy\u0259 s\u0259rh\u0259dind\u0259n Eski\u015fehir\u0259 q\u0259d\u0259r olan 56 d\u00fcym diametrind\u0259ki 1334 kilometrlik hiss\u0259sinin \u00fc\u00e7 lot hal\u0131nda, aralar\u0131nda T\u00fcrkiy\u0259 v\u0259 Az\u0259rbaycan podrat\u00e7\u0131lar\u0131n\u0131n \u00e7oxluq t\u0259\u015fkil etdiyi \u015firk\u0259tl\u0259r t\u0259r\u0259find\u0259n in\u015fa edilm\u0259sin\u0259 q\u0259rar verilib.\n<\/p>\n<p>\n  TANAP $10-11 mlrd. d\u0259y\u0259rind\u0259 qiym\u0259tl\u0259ndirilir.\n<\/p>\n<p>\n  TANAP layih\u0259si pay\u00e7\u0131lar aras\u0131nda s\u0259hml\u0259r bel\u0259 m\u00fc\u0259yy\u0259nl\u0259\u015fdirilib: \u201cC\u0259nub Qaz D\u0259hlizi\u201d \u015firk\u0259ti &#8211; 58 faiz, BOTA\u015e &#8211; 30 faiz, BP &#8211; 12 faiz.\n<\/p>\n<p>\n  Hadis\u0259ni \u00f6z Facebook s\u0259hif\u0259sind\u0259 \u015f\u0259rh ed\u0259n iqtisad\u00e7\u0131 Natiq C\u0259f\u0259rov qaz\u0131n Q\u0259rb mar\u015frutu il\u0259 ixrac olunmas\u0131n\u0131 h\u0259mi\u015f\u0259 d\u0259st\u0259kl\u0259s\u0259 d\u0259, probleml\u0259ri d\u0259 qabard\u0131b, t\u0259klifl\u0259rini s\u0259sl\u0259ndirib.\n<\/p>\n<figure class=\"wp-block-image size-large\">\n  <img decoding=\"async\" src=\"https:\/\/www.meydan.tv\/az\/21573\/\" alt=\"\" class=\"wp-image-21573\"\/><figcaption><\/figcaption><\/figure>\n<p>\n  Onun s\u00f6zl\u0259rin\u0259 g\u00f6r\u0259, \u0259g\u0259r Az\u0259rbaycan bu layih\u0259l\u0259rl\u0259 ba\u011fl\u0131 x\u0259rcl\u0259rini optimalla\u015fd\u0131rmasa, SSR\u0130 \u00fc\u00e7\u00fcn BAM nec\u0259 bir a\u011f\u0131r y\u00fck g\u0259tir\u0259n layih\u0259 oldusa, bu projel\u0259r d\u0259 bizim \u00fc\u00e7\u00fcn el\u0259 a\u011f\u0131r y\u00fck g\u0259tir\u0259c\u0259k: &#8220;T\u0259\u0259ss\u00fcf ki, Az\u0259rbaycan h\u00f6kum\u0259ti d\u00fcnyada ged\u0259n prosesl\u0259ri izl\u0259y\u0259, trendl\u0259ri g\u00f6r\u0259 bilmir, n\u0259tic\u0259l\u0259r \u00e7\u0131xartm\u0131r. D\u00fcnyan\u0131n enerji x\u0259rit\u0259si d\u0259, enerji bazar\u0131 da s\u00fcr\u0259tl\u0259 d\u0259yi\u015fir, art\u0131q bu bazarda \u015fantaj, neft-qazla dost tutmaq add\u0131lmar\u0131 ke\u00e7mir, \u00e7ox praqmatiq, q\u0259ddar qanunlar i\u015fl\u0259m\u0259y\u0259 ba\u015flay\u0131r, r\u0259qab\u0259t m\u00fch\u00fct\u00fc k\u0259skinl\u0259\u015fir, Avropa bazar\u0131na yax\u0131n 5 ild\u0259, \u0259n az\u0131, 5-6 yeni oyun\u00e7ular daxil olacaq. Az\u0259rbaycan bu layih\u0259l\u0259r\u0259 (\u015eahd\u0259niz-2 il\u0259 bir yerd\u0259) 25 mlrd. dollara yax\u0131n v\u0259sait qoyacaq ki, bunun geri d\u00f6n\u00fc\u015f\u00fc (qazanc\u0131n\u0131 demir\u0259m), \u0259n az\u0131, 15 il alacaq. Yax\u0131n ill\u0259rd\u0259 qaz qiym\u0259tl\u0259ri k\u0259skin ucuzla\u015facaq, AB\u015e, Avstraliya, Katar, Misir, Kipr, \u0130srail, \u0130ran, \u0130raq kimi yeni ciddi qaz ixrac ed\u0259n oyun\u00e7ular yaranacaq v\u0259 g\u00fccl\u0259n\u0259c\u0259k&#8221;.\n<\/p>\n<p>\n  &#8220;Bizim ild\u0259 10-12 mlrd. m3 qaz n\u0259 Avropada havan\u0131 d\u0259yi\u015f\u0259c\u0259k, n\u0259 d\u0259 biz\u0259 ciddi iqtisadi divident g\u0259tir\u0259c\u0259k. Ona g\u00f6r\u0259 d\u0259, d\u0259rhal x\u0259rcl\u0259rin optimalla\u015fd\u0131r\u0131lmas\u0131 v\u0259 azald\u0131lmas\u0131 \u00fc\u00e7\u00fcn yeni t\u0259klifl\u0259r haz\u0131rlan\u0131b q\u0259bul edilm\u0259lidir&#8230;&#8221;,- dey\u0259 Natiq C\u0259f\u0259rli fikrini yekunla\u015fd\u0131r\u0131b.<\/p>\n","protected":false},"excerpt":{"rendered":"<p>Natiq C\u0259f\u0259rli: &#8220;Az\u0259rbaycan x\u0259rcl\u0259rini optimalla\u015fd\u0131rmasa, SSR\u0130 \u00fc\u00e7\u00fcn BAM nec\u0259 bir a\u011f\u0131r y\u00fck g\u0259tir\u0259n layih\u0259 oldusa, bu projel\u0259r d\u0259 bizim \u00fc\u00e7\u00fcn el\u0259 a\u011f\u0131r y\u00fck g\u0259tir\u0259c\u0259k&#8221;<\/p>\n","protected":false},"author":11,"featured_media":21576,"comment_status":"closed","ping_status":"open","sticky":false,"template":"","format":"standard","meta":{"_acf_changed":false,"_sitemap_exclude":false,"_sitemap_priority":"","_sitemap_frequency":"","footnotes":""},"categories":[56],"tags":[],"class_list":["post-167279","post","type-post","status-publish","format-standard","has-post-thumbnail","hentry","category-xeberler","infinite-scroll-item","generate-columns","tablet-grid-50","mobile-grid-100","grid-parent","grid-33","no-featured-image-padding"],"acf":[],"yoast_head":"<!-- This site is optimized with the Yoast SEO plugin v28.3 - https:\/\/yoast.com\/product\/yoast-seo-wordpress\/ -->\n<title>Bu g\u00fcn TANAP-\u0131n T\u00fcrkiy\u0259 hiss\u0259sinin t\u0259m\u0259li qoyulacaq - MEYDAN.TV<\/title>\n<meta name=\"robots\" content=\"index, follow, max-snippet:-1, max-image-preview:large, max-video-preview:-1\" \/>\n<link rel=\"canonical\" href=\"https:\/\/www.meydan.tv\/az\/article\/bu-gun-tanap-in-turkiye-hissesinin-temeli-qoyulacaq\/\" \/>\n<meta property=\"og:locale\" content=\"az_AZ\" \/>\n<meta property=\"og:type\" content=\"article\" \/>\n<meta property=\"og:title\" content=\"Bu g\u00fcn TANAP-\u0131n T\u00fcrkiy\u0259 hiss\u0259sinin t\u0259m\u0259li qoyulacaq - MEYDAN.TV\" \/>\n<meta property=\"og:description\" content=\"Natiq C\u0259f\u0259rli: &quot;Az\u0259rbaycan x\u0259rcl\u0259rini optimalla\u015fd\u0131rmasa, SSR\u0130 \u00fc\u00e7\u00fcn BAM nec\u0259 bir a\u011f\u0131r y\u00fck g\u0259tir\u0259n layih\u0259 oldusa, bu projel\u0259r d\u0259 bizim \u00fc\u00e7\u00fcn el\u0259 a\u011f\u0131r y\u00fck g\u0259tir\u0259c\u0259k&quot;\" \/>\n<meta property=\"og:url\" content=\"https:\/\/www.meydan.tv\/az\/article\/bu-gun-tanap-in-turkiye-hissesinin-temeli-qoyulacaq\/\" \/>\n<meta property=\"og:site_name\" content=\"MEYDAN.TV\" \/>\n<meta property=\"article:published_time\" content=\"2015-03-17T14:46:58+00:00\" \/>\n<meta property=\"og:image\" content=\"https:\/\/www.meydan.tv\/wp-content\/uploads\/7793.jpg\" \/>\n\t<meta property=\"og:image:width\" content=\"1200\" \/>\n\t<meta property=\"og:image:height\" content=\"898\" \/>\n\t<meta property=\"og:image:type\" content=\"image\/jpeg\" \/>\n<meta name=\"twitter:card\" content=\"summary_large_image\" \/>\n<!-- \/ Yoast SEO plugin. -->","yoast_head_json":{"title":"Bu g\u00fcn TANAP-\u0131n T\u00fcrkiy\u0259 hiss\u0259sinin t\u0259m\u0259li qoyulacaq - MEYDAN.TV","robots":{"index":"index","follow":"follow","max-snippet":"max-snippet:-1","max-image-preview":"max-image-preview:large","max-video-preview":"max-video-preview:-1"},"canonical":"https:\/\/www.meydan.tv\/az\/article\/bu-gun-tanap-in-turkiye-hissesinin-temeli-qoyulacaq\/","og_locale":"az_AZ","og_type":"article","og_title":"Bu g\u00fcn TANAP-\u0131n T\u00fcrkiy\u0259 hiss\u0259sinin t\u0259m\u0259li qoyulacaq - MEYDAN.TV","og_description":"Natiq C\u0259f\u0259rli: \"Az\u0259rbaycan x\u0259rcl\u0259rini optimalla\u015fd\u0131rmasa, SSR\u0130 \u00fc\u00e7\u00fcn BAM nec\u0259 bir a\u011f\u0131r y\u00fck g\u0259tir\u0259n layih\u0259 oldusa, bu projel\u0259r d\u0259 bizim \u00fc\u00e7\u00fcn el\u0259 a\u011f\u0131r y\u00fck g\u0259tir\u0259c\u0259k\"","og_url":"https:\/\/www.meydan.tv\/az\/article\/bu-gun-tanap-in-turkiye-hissesinin-temeli-qoyulacaq\/","og_site_name":"MEYDAN.TV","article_published_time":"2015-03-17T14:46:58+00:00","og_image":[{"width":1200,"height":898,"url":"https:\/\/www.meydan.tv\/wp-content\/uploads\/7793.jpg","type":"image\/jpeg"}],"twitter_card":"summary_large_image","schema":{"@context":"https:\/\/schema.org","@graph":[{"@type":"Article","@id":"https:\/\/www.meydan.tv\/az\/article\/bu-gun-tanap-in-turkiye-hissesinin-temeli-qoyulacaq\/#article","isPartOf":{"@id":"https:\/\/www.meydan.tv\/az\/article\/bu-gun-tanap-in-turkiye-hissesinin-temeli-qoyulacaq\/"},"author":{"name":"user-manager","@id":"https:\/\/www.meydan.tv\/az\/#\/schema\/person\/10d11eccf6da3662cf5fdab9806ea91a"},"headline":"Bu g\u00fcn TANAP-\u0131n T\u00fcrkiy\u0259 hiss\u0259sinin t\u0259m\u0259li qoyulacaq","datePublished":"2015-03-17T14:46:58+00:00","mainEntityOfPage":{"@id":"https:\/\/www.meydan.tv\/az\/article\/bu-gun-tanap-in-turkiye-hissesinin-temeli-qoyulacaq\/"},"wordCount":813,"publisher":{"@id":"https:\/\/www.meydan.tv\/az\/#organization"},"image":{"@id":"https:\/\/www.meydan.tv\/az\/article\/bu-gun-tanap-in-turkiye-hissesinin-temeli-qoyulacaq\/#primaryimage"},"thumbnailUrl":"https:\/\/www.meydan.tv\/wp-content\/uploads\/7793.jpg","articleSection":["X\u0259b\u0259rl\u0259r"],"inLanguage":"az"},{"@type":"WebPage","@id":"https:\/\/www.meydan.tv\/az\/article\/bu-gun-tanap-in-turkiye-hissesinin-temeli-qoyulacaq\/","url":"https:\/\/www.meydan.tv\/az\/article\/bu-gun-tanap-in-turkiye-hissesinin-temeli-qoyulacaq\/","name":"Bu g\u00fcn TANAP-\u0131n T\u00fcrkiy\u0259 hiss\u0259sinin t\u0259m\u0259li qoyulacaq - MEYDAN.TV","isPartOf":{"@id":"https:\/\/www.meydan.tv\/az\/#website"},"primaryImageOfPage":{"@id":"https:\/\/www.meydan.tv\/az\/article\/bu-gun-tanap-in-turkiye-hissesinin-temeli-qoyulacaq\/#primaryimage"},"image":{"@id":"https:\/\/www.meydan.tv\/az\/article\/bu-gun-tanap-in-turkiye-hissesinin-temeli-qoyulacaq\/#primaryimage"},"thumbnailUrl":"https:\/\/www.meydan.tv\/wp-content\/uploads\/7793.jpg","datePublished":"2015-03-17T14:46:58+00:00","breadcrumb":{"@id":"https:\/\/www.meydan.tv\/az\/article\/bu-gun-tanap-in-turkiye-hissesinin-temeli-qoyulacaq\/#breadcrumb"},"inLanguage":"az","potentialAction":[{"@type":"ReadAction","target":["https:\/\/www.meydan.tv\/az\/article\/bu-gun-tanap-in-turkiye-hissesinin-temeli-qoyulacaq\/"]}]},{"@type":"ImageObject","inLanguage":"az","@id":"https:\/\/www.meydan.tv\/az\/article\/bu-gun-tanap-in-turkiye-hissesinin-temeli-qoyulacaq\/#primaryimage","url":"https:\/\/www.meydan.tv\/wp-content\/uploads\/7793.jpg","contentUrl":"https:\/\/www.meydan.tv\/wp-content\/uploads\/7793.jpg","width":1200,"height":898,"caption":"Source:"},{"@type":"BreadcrumbList","@id":"https:\/\/www.meydan.tv\/az\/article\/bu-gun-tanap-in-turkiye-hissesinin-temeli-qoyulacaq\/#breadcrumb","itemListElement":[{"@type":"ListItem","position":1,"name":"Ana s\u0259hif\u0259","item":"https:\/\/www.meydan.tv\/az\/"},{"@type":"ListItem","position":2,"name":"X\u0259b\u0259rl\u0259r","item":"https:\/\/www.meydan.tv\/az\/section\/xeberler\/"},{"@type":"ListItem","position":3,"name":"Bu g\u00fcn TANAP-\u0131n T\u00fcrkiy\u0259 hiss\u0259sinin t\u0259m\u0259li qoyulacaq"}]},{"@type":"WebSite","@id":"https:\/\/www.meydan.tv\/az\/#website","url":"https:\/\/www.meydan.tv\/az\/","name":"MEYDAN.TV","description":"Meydan TV Az\u0259rbaycan\u0131n media m\u0259kan\u0131ndak\u0131 alternativ s\u0259sidir","publisher":{"@id":"https:\/\/www.meydan.tv\/az\/#organization"},"potentialAction":[{"@type":"SearchAction","target":{"@type":"EntryPoint","urlTemplate":"https:\/\/www.meydan.tv\/az\/?s={search_term_string}"},"query-input":{"@type":"PropertyValueSpecification","valueRequired":true,"valueName":"search_term_string"}}],"inLanguage":"az"},{"@type":"Organization","@id":"https:\/\/www.meydan.tv\/az\/#organization","name":"Meydan TV","url":"https:\/\/www.meydan.tv\/az\/","logo":{"@type":"ImageObject","inLanguage":"az","@id":"https:\/\/www.meydan.tv\/az\/#\/schema\/logo\/image\/","url":"https:\/\/www.meydan.tv\/wp-content\/uploads\/2021\/07\/meydan-logo.svg","contentUrl":"https:\/\/www.meydan.tv\/wp-content\/uploads\/2021\/07\/meydan-logo.svg","width":195,"height":46,"caption":"Meydan TV"},"image":{"@id":"https:\/\/www.meydan.tv\/az\/#\/schema\/logo\/image\/"}},{"@type":"Person","@id":"https:\/\/www.meydan.tv\/az\/#\/schema\/person\/10d11eccf6da3662cf5fdab9806ea91a","name":"user-manager"}]}},"_links":{"self":[{"href":"https:\/\/www.meydan.tv\/az\/wp-json\/wp\/v2\/posts\/167279","targetHints":{"allow":["GET"]}}],"collection":[{"href":"https:\/\/www.meydan.tv\/az\/wp-json\/wp\/v2\/posts"}],"about":[{"href":"https:\/\/www.meydan.tv\/az\/wp-json\/wp\/v2\/types\/post"}],"author":[{"embeddable":true,"href":"https:\/\/www.meydan.tv\/az\/wp-json\/wp\/v2\/users\/11"}],"replies":[{"embeddable":true,"href":"https:\/\/www.meydan.tv\/az\/wp-json\/wp\/v2\/comments?post=167279"}],"version-history":[{"count":0,"href":"https:\/\/www.meydan.tv\/az\/wp-json\/wp\/v2\/posts\/167279\/revisions"}],"wp:featuredmedia":[{"embeddable":true,"href":"https:\/\/www.meydan.tv\/az\/wp-json\/wp\/v2\/media\/21576"}],"wp:attachment":[{"href":"https:\/\/www.meydan.tv\/az\/wp-json\/wp\/v2\/media?parent=167279"}],"wp:term":[{"taxonomy":"category","embeddable":true,"href":"https:\/\/www.meydan.tv\/az\/wp-json\/wp\/v2\/categories?post=167279"},{"taxonomy":"post_tag","embeddable":true,"href":"https:\/\/www.meydan.tv\/az\/wp-json\/wp\/v2\/tags?post=167279"}],"curies":[{"name":"wp","href":"https:\/\/api.w.org\/{rel}","templated":true}]}}