{"id":167277,"date":"2015-03-17T14:23:59","date_gmt":"2015-03-17T14:23:59","guid":{"rendered":"https:\/\/www.meydan.tv\/article\/prokurorluq-rektor-qizinin-doyulmesi-bagli-apellyasiya-protesti-verib\/"},"modified":"2015-03-17T14:23:59","modified_gmt":"2015-03-17T14:23:59","slug":"prokurorluq-rektor-qizinin-doyulmesi-bagli-apellyasiya-protesti-verib","status":"publish","type":"post","link":"https:\/\/www.meydan.tv\/az\/article\/prokurorluq-rektor-qizinin-doyulmesi-bagli-apellyasiya-protesti-verib\/","title":{"rendered":"Prokurorluq rektor q\u0131z\u0131n\u0131n d\u00f6y\u00fclm\u0259si ba\u011fl\u0131 apellyasiya protesti verib"},"content":{"rendered":"<figure class=\"wp-block-image size-large\">\n  <img decoding=\"async\" src=\"https:\/\/www.meydan.tv\/az\/21561\/\" alt=\"\" class=\"wp-image-21561\"\/><figcaption><\/figcaption><\/figure>\n<figure class=\"wp-block-image size-large\">\n  <img decoding=\"async\" src=\"https:\/\/www.meydan.tv\/az\/21567\/\" alt=\"\" class=\"wp-image-21567\"\/><figcaption><\/figcaption><\/figure>\n<p><div>\n    <i><br \/>\n      H\u0259min protest\u0259 bu g\u00fcn saat 17:00-da Bak\u0131 Apellyasiya M\u0259hk\u0259m\u0259sind\u0259 bax\u0131lacaq.<br \/>\n    <\/i>\n  <\/div>\n<\/p>\n<p><div><\/div>\n<\/p>\n<p><div>\n    Prokurorluq X\u0259z\u0259r Universitetinin t\u0259sis\u00e7isi Hamlet \u0130saxanl\u0131n\u0131n q\u0131z\u0131 \u00dclk\u0259r \u0130sayevan\u0131n d\u00f6y\u00fclm\u0259sind\u0259 t\u0259qsirl\u0259ndiril\u0259n \u015f\u0259xsl\u0259rl\u0259 ba\u011fl\u0131 apellyasiya protesti verib.\n  <\/div>\n<\/p>\n<p>\n  Bunu<br \/>\n  <a href=\"https:\/\/apa.az\"><br \/>\n    APA<br \/>\n  <\/a><br \/>\n  -ya a\u00e7\u0131qlamas\u0131nda Ba\u015f Prokurorlu\u011fun m\u0259tbuat xidm\u0259tinin r\u0259hb\u0259ri Eldar Sultanov deyib. O bildirib ki, apellyasiya protesti Bak\u0131 \u015f\u0259h\u0259r Prokurorlu\u011fu t\u0259r\u0259find\u0259n X\u0259tai rayon M\u0259hk\u0259m\u0259sinin \u00e7\u0131xard\u0131\u011f\u0131 q\u0259rara qar\u015f\u0131 verilib v\u0259 h\u0259min protest\u0259 bu g\u00fcn saat 17:00-da Bak\u0131 Apellyasiya M\u0259hk\u0259m\u0259sind\u0259 bax\u0131lacaq.\n<\/p>\n<p>\n  X\u0259z\u0259r Universiteti rektorunun q\u0131z\u0131 \u00dclk\u0259r \u0130sayeva 9 mart 2015-ci il tarixind\u0259 Bak\u0131 \u015f\u0259h\u0259rind\u0259, Azadl\u0131q prospekti il\u0259 \u00dczeyir Hac\u0131b\u0259yli k\u00fc\u00e7\u0259sinin k\u0259si\u015fm\u0259sind\u0259 iki qarda\u015f t\u0259r\u0259find\u0259n fiziki i\u015fg\u0259nc\u0259y\u0259 m\u0259ruz qal\u0131b. Ba\u015f vermi\u015f hadis\u0259 il\u0259 \u0259laq\u0259dar Bak\u0131 \u015f\u0259h\u0259r Ba\u015f Polis \u0130dar\u0259sind\u0259 Cinay\u0259t M\u0259c\u0259ll\u0259sinin 221-ci (xuliqanl\u0131q) madd\u0259si il\u0259 cinay\u0259t i\u015fi ba\u015flan\u0131b v\u0259 prokurorluq i\u015f \u00fczr\u0259 t\u0259qsirl\u0259ndiril\u0259n M\u0259mm\u0259dov Zaur Muxtar o\u011flu bar\u0259sind\u0259 h\u0259bs q\u0259timkan t\u0259dbirinin se\u00e7ilm\u0259si bar\u0259d\u0259 m\u0259hk\u0259m\u0259y\u0259 m\u00fcraci\u0259t edib. Lakin X\u0259tai rayon M\u0259hk\u0259m\u0259sinin hakimi Raziy\u0259 Ata\u015fova prokurorlu\u011fun v\u0259sat\u0259tini t\u0259min etm\u0259yib.\n<\/p>\n<p>\n  Ancaq \u00dclk\u0259r \u0130sayeva ona g\u00f6r\u0259 narahat olanlara t\u0259\u015f\u0259kk\u00fcr\u00fcn\u00fc bildirib v\u0259 d\u00f6y\u00fclm\u0259diyi haqda \u00f6z Facebook s\u0259hif\u0259sind\u0259 m\u0259lumat yay\u0131b:\n<\/p>\n<figure class=\"wp-block-image size-large\">\n  <img decoding=\"async\" src=\"https:\/\/www.meydan.tv\/az\/21561\/\" alt=\"\" class=\"wp-image-21561\"\/><figcaption><\/figcaption><\/figure>\n<p><div>\n    &#8220;Provakativ x\u0259b\u0259rl\u0259r\u0259 \u00e7ox inanmay\u0131n. H\u0259r \u015fey yax\u015f\u0131d\u0131r. M\u0259n \u00f6lm\u0259mi\u015f\u0259m, sa\u011fam, sa\u011flamam. B\u00fct\u00fcn ham\u0131ya cavab verm\u0259yi \u00e7atd\u0131rm\u0131ram. Narahat oldu\u011funuz \u00fc\u00e7\u00fcn t\u0259\u015f\u0259kk\u00fcr edir\u0259m&#8221;.\n  <\/div>\n<\/p>\n<p><div><\/div>\n<\/p>\n<p><div>\n    O c\u00fcml\u0259d\u0259n, rektor Hamlet \u0130saxanl\u0131 AzVision.az-a a\u00e7\u0131qlamas\u0131nda q\u0131z\u0131n\u0131n d\u00f6y\u00fclm\u0259sinin yalan oldu\u011funu deyib: \u201cM\u0259n indi xaricd\u0259y\u0259m. Axmaqlalar, \u0259claflar yalan m\u0259lumatlar yaz\u0131rlar. H\u0259r g\u00fcn evl\u0259 \u0259laq\u0259 saxlay\u0131ram. G\u0259lib onlar\u0131n i\u015fin\u0259 baxaram. Yaz\u0131lanlar\u0131n ham\u0131s\u0131 yaland\u0131r. Axmaq m\u0259lumatlard\u0131r. Bu d\u0259qiq\u0259 q\u0131z\u0131m \u00dclk\u0259rl\u0259 dan\u0131\u015fm\u0131\u015fam. O, yax\u015f\u0131d\u0131r. He\u00e7 bir problem yoxdur\u201d.\n  <\/div>\n<\/p>\n<p><div><\/div>\n<\/p>\n<p><div>\n    X\u0259tai rayon M\u0259hk\u0259m\u0259sinin hakimi Raziy\u0259 Ata\u015fova X\u0259z\u0259r Universitetinin rektoru Hamlet \u0130saxanl\u0131n\u0131n q\u0131z\u0131 \u00dclk\u0259r \u0130sayeva il\u0259 ba\u011fl\u0131 yay\u0131lan iddialara cavab olaraq bildirib.<\/p>\n<div><\/div>\n<div>\n      Onun s\u00f6zl\u0259rin\u0259 g\u00f6r\u0259, istintaq h\u0259l\u0259 d\u0259 yekunla\u015fmay\u0131b: &#8220;Fakt varsa, cinay\u0259t s\u00fcbuta yetiril\u0259c\u0259k. Haz\u0131rda Bak\u0131 Apelyasiya M\u0259hk\u0259m\u0259sind\u0259 i\u015f\u0259 bax\u0131l\u0131r, n\u0259tic\u0259ni g\u00f6zl\u0259s\u0259niz daha yax\u015f\u0131 olar.\n    <\/div>\n<div><\/div>\n<div>\n      O ki qald\u0131 \u00dclk\u0259r \u0130sayevaya, onu dindirmi\u015f\u0259m v\u0259 he\u00e7 bir \u015fikay\u0259ti olmay\u0131b. O bildirib ki, d\u00f6y\u00fclm\u0259mi\u015f\u0259m, sad\u0259c\u0259 m\u00fcqavim\u0259t g\u00f6st\u0259rdim, onlar da m\u0259ni sakitl\u0259\u015fdirib ev\u0259 apar\u0131blar. Y\u0259ni o, d\u00f6y\u00fclm\u0259k fakt\u0131n\u0131 q\u0259bul etmir. Biz d\u0259 t\u0259r\u0259fl\u0259ri dindirib m\u0259hk\u0259m\u0259 ba\u015flayana \u00a0q\u0259d\u0259r \u00a0onlar\u0131 s\u0259rb\u0259st buraxmaq bar\u0259d\u0259 q\u0259rar q\u0259bul etmi\u015fik&#8221; (arqument.az).\n    <\/div>\n<\/p><\/div>\n<\/p>\n<p><div><\/div>\n<\/p>\n<p><div><\/div>\n<\/p>\n<p><div><\/div><\/p>\n","protected":false},"excerpt":{"rendered":"<p>H\u0259min protest\u0259 bu g\u00fcn saat 17:00-da Bak\u0131 Apellyasiya M\u0259hk\u0259m\u0259sind\u0259 bax\u0131lacaq.<\/p>\n","protected":false},"author":11,"featured_media":21561,"comment_status":"closed","ping_status":"open","sticky":false,"template":"","format":"standard","meta":{"_acf_changed":false,"_sitemap_exclude":false,"_sitemap_priority":"","_sitemap_frequency":"","footnotes":""},"categories":[56],"tags":[],"class_list":["post-167277","post","type-post","status-publish","format-standard","has-post-thumbnail","hentry","category-xeberler","infinite-scroll-item","generate-columns","tablet-grid-50","mobile-grid-100","grid-parent","grid-33","no-featured-image-padding"],"acf":[],"yoast_head":"<!-- This site is optimized with the Yoast SEO plugin v28.3 - https:\/\/yoast.com\/product\/yoast-seo-wordpress\/ -->\n<title>Prokurorluq rektor q\u0131z\u0131n\u0131n d\u00f6y\u00fclm\u0259si ba\u011fl\u0131 apellyasiya protesti verib - MEYDAN.TV<\/title>\n<meta name=\"robots\" content=\"index, follow, max-snippet:-1, max-image-preview:large, max-video-preview:-1\" \/>\n<link rel=\"canonical\" href=\"https:\/\/www.meydan.tv\/az\/article\/prokurorluq-rektor-qizinin-doyulmesi-bagli-apellyasiya-protesti-verib\/\" \/>\n<meta property=\"og:locale\" content=\"az_AZ\" \/>\n<meta property=\"og:type\" content=\"article\" \/>\n<meta property=\"og:title\" content=\"Prokurorluq rektor q\u0131z\u0131n\u0131n d\u00f6y\u00fclm\u0259si ba\u011fl\u0131 apellyasiya protesti verib - MEYDAN.TV\" \/>\n<meta property=\"og:description\" content=\"H\u0259min protest\u0259 bu g\u00fcn saat 17:00-da Bak\u0131 Apellyasiya M\u0259hk\u0259m\u0259sind\u0259 bax\u0131lacaq.\" \/>\n<meta property=\"og:url\" content=\"https:\/\/www.meydan.tv\/az\/article\/prokurorluq-rektor-qizinin-doyulmesi-bagli-apellyasiya-protesti-verib\/\" \/>\n<meta property=\"og:site_name\" content=\"MEYDAN.TV\" \/>\n<meta property=\"article:published_time\" content=\"2015-03-17T14:23:59+00:00\" \/>\n<meta property=\"og:image\" content=\"https:\/\/www.meydan.tv\/wp-content\/uploads\/7790.jpg\" \/>\n\t<meta property=\"og:image:width\" content=\"440\" \/>\n\t<meta property=\"og:image:height\" content=\"330\" \/>\n\t<meta property=\"og:image:type\" content=\"image\/jpeg\" \/>\n<meta name=\"twitter:card\" content=\"summary_large_image\" \/>\n<!-- \/ Yoast SEO plugin. -->","yoast_head_json":{"title":"Prokurorluq rektor q\u0131z\u0131n\u0131n d\u00f6y\u00fclm\u0259si ba\u011fl\u0131 apellyasiya protesti verib - MEYDAN.TV","robots":{"index":"index","follow":"follow","max-snippet":"max-snippet:-1","max-image-preview":"max-image-preview:large","max-video-preview":"max-video-preview:-1"},"canonical":"https:\/\/www.meydan.tv\/az\/article\/prokurorluq-rektor-qizinin-doyulmesi-bagli-apellyasiya-protesti-verib\/","og_locale":"az_AZ","og_type":"article","og_title":"Prokurorluq rektor q\u0131z\u0131n\u0131n d\u00f6y\u00fclm\u0259si ba\u011fl\u0131 apellyasiya protesti verib - MEYDAN.TV","og_description":"H\u0259min protest\u0259 bu g\u00fcn saat 17:00-da Bak\u0131 Apellyasiya M\u0259hk\u0259m\u0259sind\u0259 bax\u0131lacaq.","og_url":"https:\/\/www.meydan.tv\/az\/article\/prokurorluq-rektor-qizinin-doyulmesi-bagli-apellyasiya-protesti-verib\/","og_site_name":"MEYDAN.TV","article_published_time":"2015-03-17T14:23:59+00:00","og_image":[{"width":440,"height":330,"url":"https:\/\/www.meydan.tv\/wp-content\/uploads\/7790.jpg","type":"image\/jpeg"}],"twitter_card":"summary_large_image","schema":{"@context":"https:\/\/schema.org","@graph":[{"@type":"Article","@id":"https:\/\/www.meydan.tv\/az\/article\/prokurorluq-rektor-qizinin-doyulmesi-bagli-apellyasiya-protesti-verib\/#article","isPartOf":{"@id":"https:\/\/www.meydan.tv\/az\/article\/prokurorluq-rektor-qizinin-doyulmesi-bagli-apellyasiya-protesti-verib\/"},"author":{"name":"user-manager","@id":"https:\/\/www.meydan.tv\/az\/#\/schema\/person\/10d11eccf6da3662cf5fdab9806ea91a"},"headline":"Prokurorluq rektor q\u0131z\u0131n\u0131n d\u00f6y\u00fclm\u0259si ba\u011fl\u0131 apellyasiya protesti verib","datePublished":"2015-03-17T14:23:59+00:00","mainEntityOfPage":{"@id":"https:\/\/www.meydan.tv\/az\/article\/prokurorluq-rektor-qizinin-doyulmesi-bagli-apellyasiya-protesti-verib\/"},"wordCount":577,"publisher":{"@id":"https:\/\/www.meydan.tv\/az\/#organization"},"image":{"@id":"https:\/\/www.meydan.tv\/az\/article\/prokurorluq-rektor-qizinin-doyulmesi-bagli-apellyasiya-protesti-verib\/#primaryimage"},"thumbnailUrl":"https:\/\/www.meydan.tv\/wp-content\/uploads\/7790.jpg","articleSection":["X\u0259b\u0259rl\u0259r"],"inLanguage":"az"},{"@type":"WebPage","@id":"https:\/\/www.meydan.tv\/az\/article\/prokurorluq-rektor-qizinin-doyulmesi-bagli-apellyasiya-protesti-verib\/","url":"https:\/\/www.meydan.tv\/az\/article\/prokurorluq-rektor-qizinin-doyulmesi-bagli-apellyasiya-protesti-verib\/","name":"Prokurorluq rektor q\u0131z\u0131n\u0131n d\u00f6y\u00fclm\u0259si ba\u011fl\u0131 apellyasiya protesti verib - MEYDAN.TV","isPartOf":{"@id":"https:\/\/www.meydan.tv\/az\/#website"},"primaryImageOfPage":{"@id":"https:\/\/www.meydan.tv\/az\/article\/prokurorluq-rektor-qizinin-doyulmesi-bagli-apellyasiya-protesti-verib\/#primaryimage"},"image":{"@id":"https:\/\/www.meydan.tv\/az\/article\/prokurorluq-rektor-qizinin-doyulmesi-bagli-apellyasiya-protesti-verib\/#primaryimage"},"thumbnailUrl":"https:\/\/www.meydan.tv\/wp-content\/uploads\/7790.jpg","datePublished":"2015-03-17T14:23:59+00:00","breadcrumb":{"@id":"https:\/\/www.meydan.tv\/az\/article\/prokurorluq-rektor-qizinin-doyulmesi-bagli-apellyasiya-protesti-verib\/#breadcrumb"},"inLanguage":"az","potentialAction":[{"@type":"ReadAction","target":["https:\/\/www.meydan.tv\/az\/article\/prokurorluq-rektor-qizinin-doyulmesi-bagli-apellyasiya-protesti-verib\/"]}]},{"@type":"ImageObject","inLanguage":"az","@id":"https:\/\/www.meydan.tv\/az\/article\/prokurorluq-rektor-qizinin-doyulmesi-bagli-apellyasiya-protesti-verib\/#primaryimage","url":"https:\/\/www.meydan.tv\/wp-content\/uploads\/7790.jpg","contentUrl":"https:\/\/www.meydan.tv\/wp-content\/uploads\/7790.jpg","width":440,"height":330,"caption":"Source:"},{"@type":"BreadcrumbList","@id":"https:\/\/www.meydan.tv\/az\/article\/prokurorluq-rektor-qizinin-doyulmesi-bagli-apellyasiya-protesti-verib\/#breadcrumb","itemListElement":[{"@type":"ListItem","position":1,"name":"Ana s\u0259hif\u0259","item":"https:\/\/www.meydan.tv\/az\/"},{"@type":"ListItem","position":2,"name":"X\u0259b\u0259rl\u0259r","item":"https:\/\/www.meydan.tv\/az\/section\/xeberler\/"},{"@type":"ListItem","position":3,"name":"Prokurorluq rektor q\u0131z\u0131n\u0131n d\u00f6y\u00fclm\u0259si ba\u011fl\u0131 apellyasiya protesti verib"}]},{"@type":"WebSite","@id":"https:\/\/www.meydan.tv\/az\/#website","url":"https:\/\/www.meydan.tv\/az\/","name":"MEYDAN.TV","description":"Meydan TV Az\u0259rbaycan\u0131n media m\u0259kan\u0131ndak\u0131 alternativ s\u0259sidir","publisher":{"@id":"https:\/\/www.meydan.tv\/az\/#organization"},"potentialAction":[{"@type":"SearchAction","target":{"@type":"EntryPoint","urlTemplate":"https:\/\/www.meydan.tv\/az\/?s={search_term_string}"},"query-input":{"@type":"PropertyValueSpecification","valueRequired":true,"valueName":"search_term_string"}}],"inLanguage":"az"},{"@type":"Organization","@id":"https:\/\/www.meydan.tv\/az\/#organization","name":"Meydan TV","url":"https:\/\/www.meydan.tv\/az\/","logo":{"@type":"ImageObject","inLanguage":"az","@id":"https:\/\/www.meydan.tv\/az\/#\/schema\/logo\/image\/","url":"https:\/\/www.meydan.tv\/wp-content\/uploads\/2021\/07\/meydan-logo.svg","contentUrl":"https:\/\/www.meydan.tv\/wp-content\/uploads\/2021\/07\/meydan-logo.svg","width":195,"height":46,"caption":"Meydan TV"},"image":{"@id":"https:\/\/www.meydan.tv\/az\/#\/schema\/logo\/image\/"}},{"@type":"Person","@id":"https:\/\/www.meydan.tv\/az\/#\/schema\/person\/10d11eccf6da3662cf5fdab9806ea91a","name":"user-manager"}]}},"_links":{"self":[{"href":"https:\/\/www.meydan.tv\/az\/wp-json\/wp\/v2\/posts\/167277","targetHints":{"allow":["GET"]}}],"collection":[{"href":"https:\/\/www.meydan.tv\/az\/wp-json\/wp\/v2\/posts"}],"about":[{"href":"https:\/\/www.meydan.tv\/az\/wp-json\/wp\/v2\/types\/post"}],"author":[{"embeddable":true,"href":"https:\/\/www.meydan.tv\/az\/wp-json\/wp\/v2\/users\/11"}],"replies":[{"embeddable":true,"href":"https:\/\/www.meydan.tv\/az\/wp-json\/wp\/v2\/comments?post=167277"}],"version-history":[{"count":0,"href":"https:\/\/www.meydan.tv\/az\/wp-json\/wp\/v2\/posts\/167277\/revisions"}],"wp:featuredmedia":[{"embeddable":true,"href":"https:\/\/www.meydan.tv\/az\/wp-json\/wp\/v2\/media\/21561"}],"wp:attachment":[{"href":"https:\/\/www.meydan.tv\/az\/wp-json\/wp\/v2\/media?parent=167277"}],"wp:term":[{"taxonomy":"category","embeddable":true,"href":"https:\/\/www.meydan.tv\/az\/wp-json\/wp\/v2\/categories?post=167277"},{"taxonomy":"post_tag","embeddable":true,"href":"https:\/\/www.meydan.tv\/az\/wp-json\/wp\/v2\/tags?post=167277"}],"curies":[{"name":"wp","href":"https:\/\/api.w.org\/{rel}","templated":true}]}}