{"id":167276,"date":"2015-03-17T14:20:15","date_gmt":"2015-03-17T14:20:15","guid":{"rendered":"https:\/\/www.meydan.tv\/article\/facebook-edebiyyati\/"},"modified":"2015-03-17T14:20:15","modified_gmt":"2015-03-17T14:20:15","slug":"facebook-edebiyyati","status":"publish","type":"post","link":"https:\/\/www.meydan.tv\/az\/article\/facebook-edebiyyati\/","title":{"rendered":"Facebook \u0259d\u0259biyyat\u0131"},"content":{"rendered":"<figure class=\"wp-block-image size-large\">\n  <img decoding=\"async\" src=\"https:\/\/www.meydan.tv\/az\/21570\/\" alt=\"\" class=\"wp-image-21570\"\/><figcaption><\/figcaption><\/figure>\n<figure class=\"wp-block-image size-large\">\n  <img decoding=\"async\" src=\"https:\/\/www.meydan.tv\/az\/21564\/\" alt=\"\" class=\"wp-image-21564\"\/><figcaption><\/figcaption><\/figure>\n<p>\n  Franz Kafka deyirdi ki, yad \u0259d\u0259biyyat\u0131 yams\u0131lamaqla milli \u0259d\u0259biyyat\u0131 inki\u015faf etdirdikl\u0259rini g\u00fcman ed\u0259nl\u0259r yanl\u0131\u015f fikird\u0259dirl\u0259r.\n<\/p>\n<p>\n  M\u00fcasir Az\u0259rbaycan \u0259d\u0259biyyat\u0131nda da bel\u0259 dem\u0259k olarsa, eyni d\u00f6vr ya\u015fan\u0131r. Klassik \u0259d\u0259biyyatdan \u00e7ox-\u00e7ox uzaqla\u015fan yeni d\u00f6vr \u0259d\u0259biyyat\u0131m\u0131z bel\u0259 yams\u0131lamalar, b\u0259nz\u0259tm\u0259l\u0259r il\u0259 doludur. V\u0259 g\u00fcnd\u0259n-g\u00fcn\u0259 d\u0259 art\u0131r. B\u0259zi yaz\u0131\u00e7\u0131 v\u0259 \u015fairl\u0259rimiz Amerika, Rusiya v\u0259 dig\u0259r q\u0259rb yazarlar\u0131n\u0131, \u00e7ox hiss\u0259si T\u00fcrkiy\u0259 \u0259d\u0259biyyat\u0131n\u0131, m\u00fc\u0259yy\u0259n bir hiss\u0259 is\u0259 Az\u0259rbaycan \u0259d\u0259biyyat\u0131n\u0131 yams\u0131lay\u0131r.\n<\/p>\n<p>\n  Bunlardan \u00f6zl\u0259rini T\u00fcrkiy\u0259 \u0259d\u0259bi m\u00fchitin\u0259 &#8220;aid ed\u0259nl\u0259ri&#8221; x\u00fcsusi olaraq qeyd etm\u0259k laz\u0131md\u0131r. S\u00fcbut olaraq, son ill\u0259rd\u0259 yaz\u0131lm\u0131\u015f s\u0259rb\u0259st \u015feirl\u0259ri misal g\u00f6st\u0259rm\u0259k olar. \u0130ndiy\u0259 q\u0259d\u0259rki Az\u0259rbaycan \u0259d\u0259bi m\u00fchitind\u0259 s\u0259rb\u0259st \u015feir yazan \u015fairl\u0259rd\u0259n R\u0259sul Rza, Mikay\u0131l R\u0259fili, \u018fli K\u0259rimi \u00a0g\u00f6st\u0259rm\u0259k olar. Sovet \u0259d\u0259biyyat\u0131ndan sonrak\u0131 d\u00f6vrl\u0259rd\u0259 is\u0259 Ramiz R\u00f6v\u015f\u0259n s\u0259rb\u0259st \u015feirin g\u00f6z\u0259l n\u00fcmun\u0259l\u0259rini yaratm\u0131\u015fd\u0131r. Lakin biz hal-haz\u0131rki \u0259d\u0259bi m\u00fchitimiz \u00fc\u00e7\u00fcn eyni s\u00f6zl\u0259ri dey\u0259 bilm\u0259rik. N\u0259 q\u0259d\u0259r kobud s\u0259sl\u0259ns\u0259 d\u0259, yaz\u0131lan \u015feirl\u0259r\u0259 \u015feir dem\u0259k m\u00fcmk\u00fcn deyildir.\n<\/p>\n<p>\n  Dediyim kimi, yaz\u0131lan \u015feirl\u0259r biz\u0259 t\u00fcrk \u0259d\u0259biyyat\u0131n\u0131 xat\u0131rlad\u0131r. \u00dcmumiyy\u0259tl\u0259, t\u00fcrk \u0259d\u0259biyyat\u0131 C\u00fcmhuriyy\u0259t d\u00f6vr\u00fcnd\u0259n sonra inki\u015fafa do\u011fru getdi. T\u00fcrkiy\u0259 \u0259d\u0259biyyat\u0131n\u0131 inki\u015fafa do\u011fru is\u0259 Nazim Hikm\u0259t, Necip Faz\u0131l K\u0131sak\u00fcrek, O\u011fuz Atay, Aziz Nesin,\u00a0 Oktay R\u0131fat apar\u0131rd\u0131. Daha sonrak\u0131 d\u00f6vrl\u0259rd\u0259 post-modernist Orhan Pamuk da inki\u015fafda yax\u0131ndan i\u015ftirak etdi. Amma bu yaz\u0131da \u0259sas m\u0259qs\u0259d t\u00fcrk yaz\u0131\u00e7\u0131lar\u0131ndan dan\u0131\u015fmaq yox onlar\u0131n az\u0259rbaycanl\u0131 m\u00fcasir yaz\u0131\u00e7\u0131lara g\u00f6st\u0259rdiyi t\u0259siri g\u00f6z \u00f6n\u00fcn\u0259 s\u0259rgil\u0259m\u0259kdir.\n<\/p>\n<p>\n  \u00a0T\u0259sir v\u0259 yams\u0131lama aras\u0131nda f\u0259rq \u00e7oxdur. Siz yaz\u0131 yaz\u0131rs\u0131n\u0131z v\u0259 bu yaz\u0131n\u0131 hans\u0131sa yaz\u0131n\u0131n v\u0259 \u015feirin t\u0259siri alt\u0131nda yazma\u011f\u0131n\u0131z ba\u015fqa m\u00f6vzudur. M\u0259s\u0259l\u0259n, ad\u0131n\u0131 \u00e7\u0259kdikl\u0259rimd\u0259n Nazim Hikm\u0259t m\u0259\u015fhur rus \u015fairi Mayakovskinin t\u0259siri alt\u0131nda yazm\u0131\u015fd\u0131r. Amma bu Nazim Hikm\u0259tin \u00f6z\u00fcn\u00fc Mayakovskiy\u0259 ox\u015fatmas\u0131 il\u0259 eyni m\u00f6vzu deyildir. T\u0259sir \u0259d\u0259biyyat n\u0259z\u0259riyy\u0259sind\u0259 yer alm\u0131\u015f bir m\u00f6vzudur. Daha bir misal. F\u00fczuli v\u0259 Nizami kimi yaz\u0131\u00e7\u0131lar\u0131n \u00f6zb\u0259k \u0259d\u0259biyyat\u0131na b\u00f6y\u00fck t\u0259siri olmu\u015fdur. \u00d6zb\u0259k xalq \u0259d\u0259biyyat\u0131nda yaz\u0131lm\u0131\u015f bir \u00e7ox hekay\u0259l\u0259r Nizami yarad\u0131c\u0131l\u0131\u011f\u0131ndan g\u00f6t\u00fcr\u00fclm\u00fc\u015fd\u00fcr. Amma yams\u0131lama yaz\u0131\u00e7\u0131n\u0131n t\u0259sir alt\u0131nda olmas\u0131 yox, yazar\u0131n \u015feir v\u0259 yaz\u0131lar\u0131n\u0131n hans\u0131sa m\u0259\u015fhur bir yaz\u0131\u00e7\u0131 v\u0259 ya \u015fairin yaz\u0131lar\u0131na b\u0259nz\u0259tm\u0259si, onun kimi m\u0259\u015fhur olmaq ist\u0259m\u0259si \u00fcmumiyy\u0259tl\u0259 \u00fcslubunun, s\u00fcjet x\u0259ttinin v\u0259 dig\u0259r bel\u0259 x\u0131rda m\u0259qamlar\u0131n g\u00f6z \u00f6n\u00fcnd\u0259 olmas\u0131 dem\u0259kdir. Bunun bir \u00e7ox s\u0259b\u0259bl\u0259ri ola bil\u0259r.\n<\/p>\n<p>\n  M\u0259qal\u0259nin \u0259vv\u0259lind\u0259 dediyim kimi Franz Kafkan\u0131n d\u00f6vr\u00fcnd\u0259 d\u0259 bu problem aktual idi. S\u0259b\u0259bl\u0259rinin ara\u015fd\u0131r\u0131lmas\u0131n\u0131n \u00fcst\u00fcn\u0259 is\u0259 \u00e7ox d\u00fc\u015f\u00fclm\u0259mi\u015fdi. M\u00fcasir d\u00f6vrd\u0259 is\u0259 Az\u0259rbaycan \u0259d\u0259bi m\u00fchitind\u0259 d\u0259 bu problem ya\u015fan\u0131r. Bunun is\u0259 s\u0259b\u0259bl\u0259ri son ill\u0259rd\u0259 kitaba mara\u011f\u0131n artmas\u0131, \u015feir\u0259, romanlara t\u0259labat\u0131n artmas\u0131 il\u0259 \u0259laq\u0259lidir. Y\u0259qin ki, yaz\u0131\u00e7\u0131 kimi tan\u0131d\u0131lan Ahmet Batman\u0131 \u00e7oxlar\u0131 tan\u0131y\u0131r. Bu \u015f\u0259xs sosial \u015f\u0259b\u0259k\u0259l\u0259rd\u0259 yazd\u0131\u011f\u0131 mara\u011fa s\u0259b\u0259b olan yaz\u0131lar\u0131n\u0131 bir kitabda toplamaq q\u0259rar\u0131na g\u0259lib v\u0259 \u00e7ap etdirib. Bu kitablar y\u00fcks\u0259k tirajla \u00e7ap olunub v\u0259 bir ucu Az\u0259rbaycana g\u0259lib \u00e7at\u0131b. Batman\u0131 hans\u0131 \u0259d\u0259biyyata aid etm\u0259yi dey\u0259 bilm\u0259r\u0259m \u00e7\u00fcnki bu n\u0259z\u0259riyy\u0259\u00e7il\u0259rin i\u015fidir. Amma m\u0259n onu dey\u0259 bil\u0259r\u0259m ki, internet, sosial \u015f\u0259b\u0259k\u0259 yaz\u0131lar\u0131 il\u0259 yazar olmaq h\u0259l\u0259 yazar olmaq deyil.\n<\/p>\n<p>\n  T\u0259s\u0259vv\u00fcr edirsiniz M\u0259h\u0259mm\u0259d F\u00fczuli &#8220;facebook&#8221;da yaz\u0131lar\u0131n\u0131 payla\u015f\u0131r. Alt\u0131na is\u0259 17-18 ya\u015fl\u0131 g\u0259ncl\u0259rimiz romantik \u015f\u0259rhl\u0259r yaz\u0131rlar. T\u0259s\u0259vv\u00fcr etm\u0259si bel\u0259 faci\u0259vidir. S\u00f6z\u00fcm\u00fc bo\u015f yer\u0259 sosial \u015f\u0259b\u0259k\u0259l\u0259r\u0259, internet\u0259 g\u0259tirm\u0259dim. Son d\u00f6vrd\u0259 Az\u0259rbaycanda q\u0259zet v\u0259 jurnallar, internet d\u0259rgil\u0259ri v\u0259 x\u0259b\u0259r saytlar\u0131 il\u0259 \u0259v\u0259z olunub. Yaz\u0131lar\u0131n, \u015feirl\u0259rin v\u0259 m\u0259qal\u0259l\u0259rin payla\u015f\u0131ld\u0131\u011f\u0131 bu saytlarda h\u0259r k\u0259sin yaz\u0131lar\u0131na rast g\u0259lm\u0259k m\u00fcmk\u00fcnd\u00fcr.\n<\/p>\n<p>\n  Dig\u0259r aspektd\u0259n yana\u015fanda oxucu problemi d\u0259 m\u00f6vcuddur. Nec\u0259 ki, teatrda tama\u015fa\u00e7\u0131 problemi oldu\u011fu kimi. Yax\u015f\u0131 yazan var amma oxuyan yoxdur nec\u0259 ki, yax\u015f\u0131 tama\u015fa var baxan yoxdur. Teatrla m\u00fcqayis\u0259m bo\u015f yer\u0259 deyil. Teatrda tama\u015fa\u00e7\u0131 v\u0259 tama\u015fa problemi nec\u0259 ya\u015fan\u0131rsa \u0259d\u0259biyyatda da oxucu v\u0259 yaz\u0131 problemi m\u00f6vcuddur. \u018fg\u0259r oxuyucular effektli, qayda-qanuna uy\u011fun nec\u0259 dey\u0259rl\u0259r yax\u015f\u0131 \u015feir\u0259 maraq g\u00f6st\u0259rs\u0259l\u0259r yax\u015f\u0131 \u015fairl\u0259r qalar \u00fczd\u00fc dig\u0259rl\u0259ri is\u0259 \u00f6zl\u0259rin\u0259 ba\u015fqa bir i\u015f tapma\u011fa m\u0259cbur olarlar.\n<\/p>\n<p>\n  \u015eeird\u0259n bir az uzaqla\u015faq. Ke\u00e7\u0259k hekay\u0259 v\u0259 romanlara. Q\u0259rb f\u0259ls\u0259f\u0259si v\u0259 m\u0259d\u0259niyy\u0259ti s\u00fcquta do\u011fru gedir des\u0259k yan\u0131lmar\u0131q. Art\u0131q i\u00e7ki, poz\u011funluqdan ba\u015fqa \u00fcz g\u00f6rm\u0259y\u0259n q\u0259rb \u0259d\u0259biyyat\u0131n\u0131 da d\u0259yi\u015fm\u0259k ist\u0259yir. Amma Az\u0259rbaycanda yeni-yeni poz\u011funlu\u011fu ilahil\u0259\u015fdir\u0259n, poz\u011funlu\u011fu poetikaya \u00e7evirib yeni bir \u00fcslub yaratmaq ist\u0259y\u0259nl\u0259r var. Bu da bir c\u00fcr yams\u0131lamad\u0131r. M\u0259s\u0259l\u0259n Amerikal\u0131 yaz\u0131\u00e7\u0131 \u00c7arls Bukovski \u0259d\u0259bsiz yazarlar s\u0131ras\u0131na daxildir. Lakin o h\u0259yata nifr\u0259tini, insanlar\u0131n a\u015fa\u011f\u0131l\u0131q\u0131n\u0131 s\u00f6y\u00fc\u015fl\u0259, poz\u011funluqla ifad\u0259 edir. V\u0259 \u00fcslubuna el\u0259 bir maraq var ki,\u00a0 bu qeyri-adilikdir. Yuxar\u0131da qeyd etdiyim standartlarda yazanlar da \u0259d\u0259biyyatda f\u0259rqlilik yaratmaq ist\u0259yib, yeni bir yaz\u0131 \u00fcslubuna \u0259l at\u0131rlar. Lakin onlar bunu anlam\u0131rlar ki, yeralt\u0131 \u0259d\u0259biyyat\u0131 yams\u0131lamaqla ir\u0259li getm\u0259k m\u00fcmk\u00fcn deyil. \u00dcmumiyy\u0259tl\u0259 yeralt\u0131 \u0259d\u0259biyyat\u0131 dediyimiz anlay\u0131\u015f dialektik inki\u015faf m\u0259qs\u0259dl\u0259rini qoymu\u015fdur qar\u015f\u0131s\u0131na. Dialektik inki\u015faf is\u0259 \u00f6z\u00fc bir yams\u0131lamad\u0131r. M\u00fcasir yaz\u0131\u00e7\u0131lar yams\u0131layan\u0131 yams\u0131layanda art\u0131q bu iyr\u0259ncl\u0259\u015fm\u0259y\u0259 do\u011fru gedir. \u018fd\u0259biyyat is\u0259 iyr\u0259ncliyi sevmir, \u0259d\u0259biyyat klassikan\u0131 sevir. \u0130nc\u0259s\u0259n\u0259t kimi&#8230;\n<\/p>\n<p>\n  Kafka demi\u015fk\u0259n : &#8221; B\u0259z\u0259n b\u0259nz\u0259rlik o h\u0259dd\u0259 \u00e7at\u0131r ki, istedads\u0131z il\u0259 istedadl\u0131n\u0131 bir-birind\u0259n ay\u0131rmaq m\u00fcmk\u00fcn olmur&#8221;. Bu is\u0259 art\u0131q oxucular\u0131n, x\u00fcsusil\u0259 d\u0259 a\u011f\u0131ll\u0131 oxucular\u0131n ixtiyar\u0131na burax\u0131l\u0131r. Son olaraq onu da qeyd edim ki, Dostoyevski h\u0259bsd\u0259n \u00e7\u0131x\u0131b &#8221; Cinay\u0259t v\u0259 C\u0259za&#8221; \u0259s\u0259rini yazanda o n\u0259 kim\u0259s\u0259 b\u0259nz\u0259m\u0259k, n\u0259 m\u0259\u015fhur olmaq n\u0259 d\u0259 kimis\u0259 inkar etm\u0259k bar\u0259d\u0259 d\u00fc\u015f\u00fcnm\u00fcrd\u00fc. Onu yaln\u0131z \u015f\u0259xsi taleyi d\u00fc\u015f\u00fcnd\u00fcr\u00fcrd\u00fc. Yaz\u0131\u00e7\u0131lar\u0131m\u0131z\u0131n n\u0259 d\u00fc\u015f\u00fcnd\u00fckl\u0259ri is\u0259 nec\u0259 dey\u0259rl\u0259r &#8220;ba\u015fqa m\u00f6vzudur&#8221;.<\/p>\n","protected":false},"excerpt":{"rendered":"<p>T\u0259s\u0259vv\u00fcr edin ki, F\u00fczuli\u2026<\/p>\n","protected":false},"author":11,"featured_media":21570,"comment_status":"closed","ping_status":"open","sticky":false,"template":"","format":"standard","meta":{"_acf_changed":false,"_sitemap_exclude":false,"_sitemap_priority":"","_sitemap_frequency":"","footnotes":""},"categories":[57],"tags":[],"class_list":["post-167276","post","type-post","status-publish","format-standard","has-post-thumbnail","hentry","category-menim-fikrimce","infinite-scroll-item","generate-columns","tablet-grid-50","mobile-grid-100","grid-parent","grid-33","no-featured-image-padding"],"acf":[],"yoast_head":"<!-- This site is optimized with the Yoast SEO plugin v27.4 - https:\/\/yoast.com\/product\/yoast-seo-wordpress\/ -->\n<title>Facebook \u0259d\u0259biyyat\u0131 - MEYDAN.TV<\/title>\n<meta name=\"robots\" content=\"index, follow, max-snippet:-1, max-image-preview:large, max-video-preview:-1\" \/>\n<link rel=\"canonical\" href=\"https:\/\/www.meydan.tv\/az\/article\/facebook-edebiyyati\/\" \/>\n<meta property=\"og:locale\" content=\"az_AZ\" \/>\n<meta property=\"og:type\" content=\"article\" \/>\n<meta property=\"og:title\" content=\"Facebook \u0259d\u0259biyyat\u0131 - MEYDAN.TV\" \/>\n<meta property=\"og:description\" content=\"T\u0259s\u0259vv\u00fcr edin ki, F\u00fczuli\u2026\" \/>\n<meta property=\"og:url\" content=\"https:\/\/www.meydan.tv\/az\/article\/facebook-edebiyyati\/\" \/>\n<meta property=\"og:site_name\" content=\"MEYDAN.TV\" \/>\n<meta property=\"article:published_time\" content=\"2015-03-17T14:20:15+00:00\" \/>\n<meta property=\"og:image\" content=\"https:\/\/www.meydan.tv\/wp-content\/uploads\/7788.jpg\" \/>\n\t<meta property=\"og:image:width\" content=\"500\" \/>\n\t<meta property=\"og:image:height\" content=\"500\" \/>\n\t<meta property=\"og:image:type\" content=\"image\/jpeg\" \/>\n<meta name=\"author\" content=\"user-manager\" \/>\n<meta name=\"twitter:card\" content=\"summary_large_image\" \/>\n<script type=\"application\/ld+json\" class=\"yoast-schema-graph\">{\"@context\":\"https:\\\/\\\/schema.org\",\"@graph\":[{\"@type\":\"Article\",\"@id\":\"https:\\\/\\\/www.meydan.tv\\\/az\\\/article\\\/facebook-edebiyyati\\\/#article\",\"isPartOf\":{\"@id\":\"https:\\\/\\\/www.meydan.tv\\\/az\\\/article\\\/facebook-edebiyyati\\\/\"},\"author\":{\"name\":\"user-manager\",\"@id\":\"https:\\\/\\\/www.meydan.tv\\\/az\\\/#\\\/schema\\\/person\\\/10d11eccf6da3662cf5fdab9806ea91a\"},\"headline\":\"Facebook \u0259d\u0259biyyat\u0131\",\"datePublished\":\"2015-03-17T14:20:15+00:00\",\"mainEntityOfPage\":{\"@id\":\"https:\\\/\\\/www.meydan.tv\\\/az\\\/article\\\/facebook-edebiyyati\\\/\"},\"wordCount\":1318,\"publisher\":{\"@id\":\"https:\\\/\\\/www.meydan.tv\\\/az\\\/#organization\"},\"image\":{\"@id\":\"https:\\\/\\\/www.meydan.tv\\\/az\\\/article\\\/facebook-edebiyyati\\\/#primaryimage\"},\"thumbnailUrl\":\"https:\\\/\\\/www.meydan.tv\\\/wp-content\\\/uploads\\\/7788.jpg\",\"articleSection\":[\"M\u0259nim Fikrimc\u0259\"],\"inLanguage\":\"az\"},{\"@type\":\"WebPage\",\"@id\":\"https:\\\/\\\/www.meydan.tv\\\/az\\\/article\\\/facebook-edebiyyati\\\/\",\"url\":\"https:\\\/\\\/www.meydan.tv\\\/az\\\/article\\\/facebook-edebiyyati\\\/\",\"name\":\"Facebook \u0259d\u0259biyyat\u0131 - MEYDAN.TV\",\"isPartOf\":{\"@id\":\"https:\\\/\\\/www.meydan.tv\\\/az\\\/#website\"},\"primaryImageOfPage\":{\"@id\":\"https:\\\/\\\/www.meydan.tv\\\/az\\\/article\\\/facebook-edebiyyati\\\/#primaryimage\"},\"image\":{\"@id\":\"https:\\\/\\\/www.meydan.tv\\\/az\\\/article\\\/facebook-edebiyyati\\\/#primaryimage\"},\"thumbnailUrl\":\"https:\\\/\\\/www.meydan.tv\\\/wp-content\\\/uploads\\\/7788.jpg\",\"datePublished\":\"2015-03-17T14:20:15+00:00\",\"breadcrumb\":{\"@id\":\"https:\\\/\\\/www.meydan.tv\\\/az\\\/article\\\/facebook-edebiyyati\\\/#breadcrumb\"},\"inLanguage\":\"az\",\"potentialAction\":[{\"@type\":\"ReadAction\",\"target\":[\"https:\\\/\\\/www.meydan.tv\\\/az\\\/article\\\/facebook-edebiyyati\\\/\"]}]},{\"@type\":\"ImageObject\",\"inLanguage\":\"az\",\"@id\":\"https:\\\/\\\/www.meydan.tv\\\/az\\\/article\\\/facebook-edebiyyati\\\/#primaryimage\",\"url\":\"https:\\\/\\\/www.meydan.tv\\\/wp-content\\\/uploads\\\/7788.jpg\",\"contentUrl\":\"https:\\\/\\\/www.meydan.tv\\\/wp-content\\\/uploads\\\/7788.jpg\",\"width\":500,\"height\":500,\"caption\":\"Source:\"},{\"@type\":\"BreadcrumbList\",\"@id\":\"https:\\\/\\\/www.meydan.tv\\\/az\\\/article\\\/facebook-edebiyyati\\\/#breadcrumb\",\"itemListElement\":[{\"@type\":\"ListItem\",\"position\":1,\"name\":\"Ana s\u0259hif\u0259\",\"item\":\"https:\\\/\\\/www.meydan.tv\\\/az\\\/\"},{\"@type\":\"ListItem\",\"position\":2,\"name\":\"M\u0259nim Fikrimc\u0259\",\"item\":\"https:\\\/\\\/www.meydan.tv\\\/az\\\/section\\\/menim-fikrimce\\\/\"},{\"@type\":\"ListItem\",\"position\":3,\"name\":\"Facebook \u0259d\u0259biyyat\u0131\"}]},{\"@type\":\"WebSite\",\"@id\":\"https:\\\/\\\/www.meydan.tv\\\/az\\\/#website\",\"url\":\"https:\\\/\\\/www.meydan.tv\\\/az\\\/\",\"name\":\"MEYDAN.TV\",\"description\":\"Meydan TV Az\u0259rbaycan\u0131n media m\u0259kan\u0131ndak\u0131 alternativ s\u0259sidir\",\"publisher\":{\"@id\":\"https:\\\/\\\/www.meydan.tv\\\/az\\\/#organization\"},\"potentialAction\":[{\"@type\":\"SearchAction\",\"target\":{\"@type\":\"EntryPoint\",\"urlTemplate\":\"https:\\\/\\\/www.meydan.tv\\\/az\\\/?s={search_term_string}\"},\"query-input\":{\"@type\":\"PropertyValueSpecification\",\"valueRequired\":true,\"valueName\":\"search_term_string\"}}],\"inLanguage\":\"az\"},{\"@type\":\"Organization\",\"@id\":\"https:\\\/\\\/www.meydan.tv\\\/az\\\/#organization\",\"name\":\"Meydan TV\",\"url\":\"https:\\\/\\\/www.meydan.tv\\\/az\\\/\",\"logo\":{\"@type\":\"ImageObject\",\"inLanguage\":\"az\",\"@id\":\"https:\\\/\\\/www.meydan.tv\\\/az\\\/#\\\/schema\\\/logo\\\/image\\\/\",\"url\":\"https:\\\/\\\/www.meydan.tv\\\/wp-content\\\/uploads\\\/2021\\\/07\\\/meydan-logo.svg\",\"contentUrl\":\"https:\\\/\\\/www.meydan.tv\\\/wp-content\\\/uploads\\\/2021\\\/07\\\/meydan-logo.svg\",\"width\":195,\"height\":46,\"caption\":\"Meydan TV\"},\"image\":{\"@id\":\"https:\\\/\\\/www.meydan.tv\\\/az\\\/#\\\/schema\\\/logo\\\/image\\\/\"}},{\"@type\":\"Person\",\"@id\":\"https:\\\/\\\/www.meydan.tv\\\/az\\\/#\\\/schema\\\/person\\\/10d11eccf6da3662cf5fdab9806ea91a\",\"name\":\"user-manager\"}]}<\/script>\n<!-- \/ Yoast SEO plugin. -->","yoast_head_json":{"title":"Facebook \u0259d\u0259biyyat\u0131 - MEYDAN.TV","robots":{"index":"index","follow":"follow","max-snippet":"max-snippet:-1","max-image-preview":"max-image-preview:large","max-video-preview":"max-video-preview:-1"},"canonical":"https:\/\/www.meydan.tv\/az\/article\/facebook-edebiyyati\/","og_locale":"az_AZ","og_type":"article","og_title":"Facebook \u0259d\u0259biyyat\u0131 - MEYDAN.TV","og_description":"T\u0259s\u0259vv\u00fcr edin ki, F\u00fczuli\u2026","og_url":"https:\/\/www.meydan.tv\/az\/article\/facebook-edebiyyati\/","og_site_name":"MEYDAN.TV","article_published_time":"2015-03-17T14:20:15+00:00","og_image":[{"width":500,"height":500,"url":"https:\/\/www.meydan.tv\/wp-content\/uploads\/7788.jpg","type":"image\/jpeg"}],"author":"user-manager","twitter_card":"summary_large_image","schema":{"@context":"https:\/\/schema.org","@graph":[{"@type":"Article","@id":"https:\/\/www.meydan.tv\/az\/article\/facebook-edebiyyati\/#article","isPartOf":{"@id":"https:\/\/www.meydan.tv\/az\/article\/facebook-edebiyyati\/"},"author":{"name":"user-manager","@id":"https:\/\/www.meydan.tv\/az\/#\/schema\/person\/10d11eccf6da3662cf5fdab9806ea91a"},"headline":"Facebook \u0259d\u0259biyyat\u0131","datePublished":"2015-03-17T14:20:15+00:00","mainEntityOfPage":{"@id":"https:\/\/www.meydan.tv\/az\/article\/facebook-edebiyyati\/"},"wordCount":1318,"publisher":{"@id":"https:\/\/www.meydan.tv\/az\/#organization"},"image":{"@id":"https:\/\/www.meydan.tv\/az\/article\/facebook-edebiyyati\/#primaryimage"},"thumbnailUrl":"https:\/\/www.meydan.tv\/wp-content\/uploads\/7788.jpg","articleSection":["M\u0259nim Fikrimc\u0259"],"inLanguage":"az"},{"@type":"WebPage","@id":"https:\/\/www.meydan.tv\/az\/article\/facebook-edebiyyati\/","url":"https:\/\/www.meydan.tv\/az\/article\/facebook-edebiyyati\/","name":"Facebook \u0259d\u0259biyyat\u0131 - MEYDAN.TV","isPartOf":{"@id":"https:\/\/www.meydan.tv\/az\/#website"},"primaryImageOfPage":{"@id":"https:\/\/www.meydan.tv\/az\/article\/facebook-edebiyyati\/#primaryimage"},"image":{"@id":"https:\/\/www.meydan.tv\/az\/article\/facebook-edebiyyati\/#primaryimage"},"thumbnailUrl":"https:\/\/www.meydan.tv\/wp-content\/uploads\/7788.jpg","datePublished":"2015-03-17T14:20:15+00:00","breadcrumb":{"@id":"https:\/\/www.meydan.tv\/az\/article\/facebook-edebiyyati\/#breadcrumb"},"inLanguage":"az","potentialAction":[{"@type":"ReadAction","target":["https:\/\/www.meydan.tv\/az\/article\/facebook-edebiyyati\/"]}]},{"@type":"ImageObject","inLanguage":"az","@id":"https:\/\/www.meydan.tv\/az\/article\/facebook-edebiyyati\/#primaryimage","url":"https:\/\/www.meydan.tv\/wp-content\/uploads\/7788.jpg","contentUrl":"https:\/\/www.meydan.tv\/wp-content\/uploads\/7788.jpg","width":500,"height":500,"caption":"Source:"},{"@type":"BreadcrumbList","@id":"https:\/\/www.meydan.tv\/az\/article\/facebook-edebiyyati\/#breadcrumb","itemListElement":[{"@type":"ListItem","position":1,"name":"Ana s\u0259hif\u0259","item":"https:\/\/www.meydan.tv\/az\/"},{"@type":"ListItem","position":2,"name":"M\u0259nim Fikrimc\u0259","item":"https:\/\/www.meydan.tv\/az\/section\/menim-fikrimce\/"},{"@type":"ListItem","position":3,"name":"Facebook \u0259d\u0259biyyat\u0131"}]},{"@type":"WebSite","@id":"https:\/\/www.meydan.tv\/az\/#website","url":"https:\/\/www.meydan.tv\/az\/","name":"MEYDAN.TV","description":"Meydan TV Az\u0259rbaycan\u0131n media m\u0259kan\u0131ndak\u0131 alternativ s\u0259sidir","publisher":{"@id":"https:\/\/www.meydan.tv\/az\/#organization"},"potentialAction":[{"@type":"SearchAction","target":{"@type":"EntryPoint","urlTemplate":"https:\/\/www.meydan.tv\/az\/?s={search_term_string}"},"query-input":{"@type":"PropertyValueSpecification","valueRequired":true,"valueName":"search_term_string"}}],"inLanguage":"az"},{"@type":"Organization","@id":"https:\/\/www.meydan.tv\/az\/#organization","name":"Meydan TV","url":"https:\/\/www.meydan.tv\/az\/","logo":{"@type":"ImageObject","inLanguage":"az","@id":"https:\/\/www.meydan.tv\/az\/#\/schema\/logo\/image\/","url":"https:\/\/www.meydan.tv\/wp-content\/uploads\/2021\/07\/meydan-logo.svg","contentUrl":"https:\/\/www.meydan.tv\/wp-content\/uploads\/2021\/07\/meydan-logo.svg","width":195,"height":46,"caption":"Meydan TV"},"image":{"@id":"https:\/\/www.meydan.tv\/az\/#\/schema\/logo\/image\/"}},{"@type":"Person","@id":"https:\/\/www.meydan.tv\/az\/#\/schema\/person\/10d11eccf6da3662cf5fdab9806ea91a","name":"user-manager"}]}},"_links":{"self":[{"href":"https:\/\/www.meydan.tv\/az\/wp-json\/wp\/v2\/posts\/167276","targetHints":{"allow":["GET"]}}],"collection":[{"href":"https:\/\/www.meydan.tv\/az\/wp-json\/wp\/v2\/posts"}],"about":[{"href":"https:\/\/www.meydan.tv\/az\/wp-json\/wp\/v2\/types\/post"}],"author":[{"embeddable":true,"href":"https:\/\/www.meydan.tv\/az\/wp-json\/wp\/v2\/users\/11"}],"replies":[{"embeddable":true,"href":"https:\/\/www.meydan.tv\/az\/wp-json\/wp\/v2\/comments?post=167276"}],"version-history":[{"count":0,"href":"https:\/\/www.meydan.tv\/az\/wp-json\/wp\/v2\/posts\/167276\/revisions"}],"wp:featuredmedia":[{"embeddable":true,"href":"https:\/\/www.meydan.tv\/az\/wp-json\/wp\/v2\/media\/21570"}],"wp:attachment":[{"href":"https:\/\/www.meydan.tv\/az\/wp-json\/wp\/v2\/media?parent=167276"}],"wp:term":[{"taxonomy":"category","embeddable":true,"href":"https:\/\/www.meydan.tv\/az\/wp-json\/wp\/v2\/categories?post=167276"},{"taxonomy":"post_tag","embeddable":true,"href":"https:\/\/www.meydan.tv\/az\/wp-json\/wp\/v2\/tags?post=167276"}],"curies":[{"name":"wp","href":"https:\/\/api.w.org\/{rel}","templated":true}]}}