{"id":167275,"date":"2015-03-17T13:26:57","date_gmt":"2015-03-17T13:26:57","guid":{"rendered":"https:\/\/www.meydan.tv\/article\/artur-resizade-milli-meclisde-hesabat-verir\/"},"modified":"2015-03-17T13:26:57","modified_gmt":"2015-03-17T13:26:57","slug":"artur-resizade-milli-meclisde-hesabat-verir","status":"publish","type":"post","link":"https:\/\/www.meydan.tv\/az\/article\/artur-resizade-milli-meclisde-hesabat-verir\/","title":{"rendered":"Artur R\u0259sizad\u0259 Milli M\u0259clisd\u0259 hesabat verir"},"content":{"rendered":"<figure class=\"wp-block-image size-large\">\n  <img decoding=\"async\" src=\"https:\/\/www.meydan.tv\/az\/21555\/\" alt=\"\" class=\"wp-image-21555\"\/><figcaption><\/figcaption><\/figure>\n<p>\n  Mart\u0131n 17-d\u0259 Az\u0259rbaycan h\u00f6kum\u0259ti Milli M\u0259clisd\u0259 hesabat verir. \u0130clas\u0131 a\u00e7\u0131q elan ed\u0259n spiker<br \/>\n  <a href=\"http:\/\/az.apa.az\/tag\/Oqtay+%C6%8Fs%C9%99dov\"><br \/>\n    Oqtay \u018fs\u0259dov<br \/>\n  <\/a><br \/>\n  deputatlar\u0131 v\u0259 b\u00fct\u00fcn Az\u0259rbaycan xalq\u0131n\u0131 qar\u015f\u0131dan g\u0259l\u0259n Novruz bayram\u0131 m\u00fcnasib\u0259til\u0259 t\u0259brik edib.\n<\/p>\n<p>\n  Sonra g\u00fcnd\u0259lik t\u0259sdiq olunub. \u0130clas\u0131n g\u00fcnd\u0259liyind\u0259ki \u0259sas m\u0259s\u0259l\u0259 Az\u0259rbaycan<br \/>\n  <a href=\"http:\/\/az.apa.az\/tag\/Nazirl%C9%99r+Kabineti\"><br \/>\n    Nazirl\u0259r Kabineti<br \/>\n  <\/a><br \/>\n  nin 2014-c\u00fc ild\u0259 f\u0259aliyy\u0259ti haqq\u0131nda hesabat\u0131d\u0131r.\n<\/p>\n<p>\n  O. \u018fs\u0259dov hesabat bar\u0259d\u0259 \u00fcmumi m\u0259lumat ver\u0259r\u0259k bildirib ki, \u00f6t\u0259n il \u00f6lk\u0259 inki\u015faf\u0131 y\u00fcks\u0259k templ\u0259 davam edib, makro v\u0259 mikro iqtisadi sabitlik qorunub saxlan\u0131b, 2,8 faiz \u00fcmumi iqtisadi art\u0131m qeyd\u0259 al\u0131n\u0131b.\n<\/p>\n<p>\n  Daha sonra ba\u015f nazir Artur Ras\u0131zad\u0259 h\u00f6kum\u0259tin hesabat\u0131n\u0131 t\u0259qdim etm\u0259y\u0259 ba\u015flay\u0131b (APA).<\/p>\n","protected":false},"excerpt":{"rendered":"<p>Mart\u0131n 17-d\u0259 Az\u0259rbaycan h\u00f6kum\u0259ti Milli M\u0259clisd\u0259 hesabat verir. \u0130clas\u0131 a\u00e7\u0131q &#8230; <\/p>\n<p class=\"read-more-container\"><a title=\"Artur R\u0259sizad\u0259 Milli M\u0259clisd\u0259 hesabat verir\" class=\"read-more button\" href=\"https:\/\/www.meydan.tv\/az\/article\/artur-resizade-milli-meclisde-hesabat-verir\/#more-167275\" aria-label=\"Read more about Artur R\u0259sizad\u0259 Milli M\u0259clisd\u0259 hesabat verir\">Davam\u0131<\/a><\/p>\n","protected":false},"author":11,"featured_media":21555,"comment_status":"closed","ping_status":"open","sticky":false,"template":"","format":"standard","meta":{"_acf_changed":false,"_sitemap_exclude":false,"_sitemap_priority":"","_sitemap_frequency":"","footnotes":""},"categories":[56],"tags":[],"class_list":["post-167275","post","type-post","status-publish","format-standard","has-post-thumbnail","hentry","category-xeberler","infinite-scroll-item","generate-columns","tablet-grid-50","mobile-grid-100","grid-parent","grid-33","no-featured-image-padding"],"acf":[],"yoast_head":"<!-- This site is optimized with the Yoast SEO plugin v28.3 - https:\/\/yoast.com\/product\/yoast-seo-wordpress\/ -->\n<title>Artur R\u0259sizad\u0259 Milli M\u0259clisd\u0259 hesabat verir - MEYDAN.TV<\/title>\n<meta name=\"robots\" content=\"index, follow, max-snippet:-1, max-image-preview:large, max-video-preview:-1\" \/>\n<link rel=\"canonical\" href=\"https:\/\/www.meydan.tv\/az\/article\/artur-resizade-milli-meclisde-hesabat-verir\/\" \/>\n<meta property=\"og:locale\" content=\"az_AZ\" \/>\n<meta property=\"og:type\" content=\"article\" \/>\n<meta property=\"og:title\" content=\"Artur R\u0259sizad\u0259 Milli M\u0259clisd\u0259 hesabat verir - MEYDAN.TV\" \/>\n<meta property=\"og:description\" content=\"Mart\u0131n 17-d\u0259 Az\u0259rbaycan h\u00f6kum\u0259ti Milli M\u0259clisd\u0259 hesabat verir. \u0130clas\u0131 a\u00e7\u0131q ... Davam\u0131\" \/>\n<meta property=\"og:url\" content=\"https:\/\/www.meydan.tv\/az\/article\/artur-resizade-milli-meclisde-hesabat-verir\/\" \/>\n<meta property=\"og:site_name\" content=\"MEYDAN.TV\" \/>\n<meta property=\"article:published_time\" content=\"2015-03-17T13:26:57+00:00\" \/>\n<meta property=\"og:image\" content=\"https:\/\/www.meydan.tv\/wp-content\/uploads\/7786.jpg\" \/>\n\t<meta property=\"og:image:width\" content=\"1024\" \/>\n\t<meta property=\"og:image:height\" content=\"768\" \/>\n\t<meta property=\"og:image:type\" content=\"image\/jpeg\" \/>\n<meta name=\"twitter:card\" content=\"summary_large_image\" \/>\n<!-- \/ Yoast SEO plugin. -->","yoast_head_json":{"title":"Artur R\u0259sizad\u0259 Milli M\u0259clisd\u0259 hesabat verir - MEYDAN.TV","robots":{"index":"index","follow":"follow","max-snippet":"max-snippet:-1","max-image-preview":"max-image-preview:large","max-video-preview":"max-video-preview:-1"},"canonical":"https:\/\/www.meydan.tv\/az\/article\/artur-resizade-milli-meclisde-hesabat-verir\/","og_locale":"az_AZ","og_type":"article","og_title":"Artur R\u0259sizad\u0259 Milli M\u0259clisd\u0259 hesabat verir - MEYDAN.TV","og_description":"Mart\u0131n 17-d\u0259 Az\u0259rbaycan h\u00f6kum\u0259ti Milli M\u0259clisd\u0259 hesabat verir. \u0130clas\u0131 a\u00e7\u0131q ... Davam\u0131","og_url":"https:\/\/www.meydan.tv\/az\/article\/artur-resizade-milli-meclisde-hesabat-verir\/","og_site_name":"MEYDAN.TV","article_published_time":"2015-03-17T13:26:57+00:00","og_image":[{"width":1024,"height":768,"url":"https:\/\/www.meydan.tv\/wp-content\/uploads\/7786.jpg","type":"image\/jpeg"}],"twitter_card":"summary_large_image","schema":{"@context":"https:\/\/schema.org","@graph":[{"@type":"Article","@id":"https:\/\/www.meydan.tv\/az\/article\/artur-resizade-milli-meclisde-hesabat-verir\/#article","isPartOf":{"@id":"https:\/\/www.meydan.tv\/az\/article\/artur-resizade-milli-meclisde-hesabat-verir\/"},"author":{"name":"user-manager","@id":"https:\/\/www.meydan.tv\/az\/#\/schema\/person\/10d11eccf6da3662cf5fdab9806ea91a"},"headline":"Artur R\u0259sizad\u0259 Milli M\u0259clisd\u0259 hesabat verir","datePublished":"2015-03-17T13:26:57+00:00","mainEntityOfPage":{"@id":"https:\/\/www.meydan.tv\/az\/article\/artur-resizade-milli-meclisde-hesabat-verir\/"},"wordCount":149,"publisher":{"@id":"https:\/\/www.meydan.tv\/az\/#organization"},"image":{"@id":"https:\/\/www.meydan.tv\/az\/article\/artur-resizade-milli-meclisde-hesabat-verir\/#primaryimage"},"thumbnailUrl":"https:\/\/www.meydan.tv\/wp-content\/uploads\/7786.jpg","articleSection":["X\u0259b\u0259rl\u0259r"],"inLanguage":"az"},{"@type":"WebPage","@id":"https:\/\/www.meydan.tv\/az\/article\/artur-resizade-milli-meclisde-hesabat-verir\/","url":"https:\/\/www.meydan.tv\/az\/article\/artur-resizade-milli-meclisde-hesabat-verir\/","name":"Artur R\u0259sizad\u0259 Milli M\u0259clisd\u0259 hesabat verir - MEYDAN.TV","isPartOf":{"@id":"https:\/\/www.meydan.tv\/az\/#website"},"primaryImageOfPage":{"@id":"https:\/\/www.meydan.tv\/az\/article\/artur-resizade-milli-meclisde-hesabat-verir\/#primaryimage"},"image":{"@id":"https:\/\/www.meydan.tv\/az\/article\/artur-resizade-milli-meclisde-hesabat-verir\/#primaryimage"},"thumbnailUrl":"https:\/\/www.meydan.tv\/wp-content\/uploads\/7786.jpg","datePublished":"2015-03-17T13:26:57+00:00","breadcrumb":{"@id":"https:\/\/www.meydan.tv\/az\/article\/artur-resizade-milli-meclisde-hesabat-verir\/#breadcrumb"},"inLanguage":"az","potentialAction":[{"@type":"ReadAction","target":["https:\/\/www.meydan.tv\/az\/article\/artur-resizade-milli-meclisde-hesabat-verir\/"]}]},{"@type":"ImageObject","inLanguage":"az","@id":"https:\/\/www.meydan.tv\/az\/article\/artur-resizade-milli-meclisde-hesabat-verir\/#primaryimage","url":"https:\/\/www.meydan.tv\/wp-content\/uploads\/7786.jpg","contentUrl":"https:\/\/www.meydan.tv\/wp-content\/uploads\/7786.jpg","width":1024,"height":768,"caption":"Source:"},{"@type":"BreadcrumbList","@id":"https:\/\/www.meydan.tv\/az\/article\/artur-resizade-milli-meclisde-hesabat-verir\/#breadcrumb","itemListElement":[{"@type":"ListItem","position":1,"name":"Ana s\u0259hif\u0259","item":"https:\/\/www.meydan.tv\/az\/"},{"@type":"ListItem","position":2,"name":"X\u0259b\u0259rl\u0259r","item":"https:\/\/www.meydan.tv\/az\/section\/xeberler\/"},{"@type":"ListItem","position":3,"name":"Artur R\u0259sizad\u0259 Milli M\u0259clisd\u0259 hesabat verir"}]},{"@type":"WebSite","@id":"https:\/\/www.meydan.tv\/az\/#website","url":"https:\/\/www.meydan.tv\/az\/","name":"MEYDAN.TV","description":"Meydan TV Az\u0259rbaycan\u0131n media m\u0259kan\u0131ndak\u0131 alternativ s\u0259sidir","publisher":{"@id":"https:\/\/www.meydan.tv\/az\/#organization"},"potentialAction":[{"@type":"SearchAction","target":{"@type":"EntryPoint","urlTemplate":"https:\/\/www.meydan.tv\/az\/?s={search_term_string}"},"query-input":{"@type":"PropertyValueSpecification","valueRequired":true,"valueName":"search_term_string"}}],"inLanguage":"az"},{"@type":"Organization","@id":"https:\/\/www.meydan.tv\/az\/#organization","name":"Meydan TV","url":"https:\/\/www.meydan.tv\/az\/","logo":{"@type":"ImageObject","inLanguage":"az","@id":"https:\/\/www.meydan.tv\/az\/#\/schema\/logo\/image\/","url":"https:\/\/www.meydan.tv\/wp-content\/uploads\/2021\/07\/meydan-logo.svg","contentUrl":"https:\/\/www.meydan.tv\/wp-content\/uploads\/2021\/07\/meydan-logo.svg","width":195,"height":46,"caption":"Meydan TV"},"image":{"@id":"https:\/\/www.meydan.tv\/az\/#\/schema\/logo\/image\/"}},{"@type":"Person","@id":"https:\/\/www.meydan.tv\/az\/#\/schema\/person\/10d11eccf6da3662cf5fdab9806ea91a","name":"user-manager"}]}},"_links":{"self":[{"href":"https:\/\/www.meydan.tv\/az\/wp-json\/wp\/v2\/posts\/167275","targetHints":{"allow":["GET"]}}],"collection":[{"href":"https:\/\/www.meydan.tv\/az\/wp-json\/wp\/v2\/posts"}],"about":[{"href":"https:\/\/www.meydan.tv\/az\/wp-json\/wp\/v2\/types\/post"}],"author":[{"embeddable":true,"href":"https:\/\/www.meydan.tv\/az\/wp-json\/wp\/v2\/users\/11"}],"replies":[{"embeddable":true,"href":"https:\/\/www.meydan.tv\/az\/wp-json\/wp\/v2\/comments?post=167275"}],"version-history":[{"count":0,"href":"https:\/\/www.meydan.tv\/az\/wp-json\/wp\/v2\/posts\/167275\/revisions"}],"wp:featuredmedia":[{"embeddable":true,"href":"https:\/\/www.meydan.tv\/az\/wp-json\/wp\/v2\/media\/21555"}],"wp:attachment":[{"href":"https:\/\/www.meydan.tv\/az\/wp-json\/wp\/v2\/media?parent=167275"}],"wp:term":[{"taxonomy":"category","embeddable":true,"href":"https:\/\/www.meydan.tv\/az\/wp-json\/wp\/v2\/categories?post=167275"},{"taxonomy":"post_tag","embeddable":true,"href":"https:\/\/www.meydan.tv\/az\/wp-json\/wp\/v2\/tags?post=167275"}],"curies":[{"name":"wp","href":"https:\/\/api.w.org\/{rel}","templated":true}]}}