{"id":167272,"date":"2015-03-16T19:00:03","date_gmt":"2015-03-16T19:00:03","guid":{"rendered":"https:\/\/www.meydan.tv\/article\/taleh-xasmemmedov-damarlarini-kesib-yenilenib\/"},"modified":"2015-03-16T19:00:03","modified_gmt":"2015-03-16T19:00:03","slug":"taleh-xasmemmedov-damarlarini-kesib-yenilenib","status":"publish","type":"post","link":"https:\/\/www.meydan.tv\/az\/article\/taleh-xasmemmedov-damarlarini-kesib-yenilenib\/","title":{"rendered":"Taleh Xasm\u0259mm\u0259dov  damarlar\u0131n\u0131 k\u0259sib (yenil\u0259nib)"},"content":{"rendered":"<figure class=\"wp-block-image size-large\">\n  <img decoding=\"async\" src=\"https:\/\/www.meydan.tv\/az\/21543\/\" alt=\"\" class=\"wp-image-21543\"\/><figcaption><\/figcaption><\/figure>\n<figure class=\"wp-block-image size-large\">\n  <img decoding=\"async\" src=\"https:\/\/www.meydan.tv\/az\/21543\/\" alt=\"\" class=\"wp-image-21543\"\/><figcaption><\/figcaption><\/figure>\n<p>\n  <i><br \/>\n    \u018fdliyy\u0259 Nazirliyinin Ba\u015f Tibb \u0130dar\u0259sinin r\u0259is m\u00fcavini \u0130ftixar Qurbanov h\u00fcquq m\u00fcdafi\u0259\u00e7isi Xasm\u0259mm\u0259dovun k\u0259sik yaralar\u0131 oldu\u011fu haqq\u0131nda m\u0259lumat\u0131 t\u0259kzib edib.<br \/>\n  <\/i>\n<\/p>\n<p>\n  O, &#8220;Turan \u0130A&#8221;-\u0131n m\u00fcxbiri il\u0259 s\u00f6hb\u0259tind\u0259 Xasm\u0259mm\u0259dovun acl\u0131q etdiyini t\u0259kzib edib. Qurbanovun s\u00f6zl\u0259rin\u0259 g\u00f6r\u0259, Xasm\u0259mm\u0259dov q\u0259bul \u015f\u00f6b\u0259sin\u0259 daxil olub v\u0259 haz\u0131rda m\u00fcayin\u0259d\u0259n ke\u00e7ir.\n<\/p>\n<p>\n  Bu arada, m\u00fcst\u0259ntiq Xasm\u0259mm\u0259dovun do\u011fmalar\u0131n\u0131n h\u0259bsxana x\u0259st\u0259xanas\u0131nda onunla g\u00f6r\u00fc\u015fm\u0259sin\u0259 icaz\u0259 verm\u0259yib.\n<\/p>\n<p>\n  <i><br \/>\n    \u201cSiyasi M\u0259hbuslars\u0131z Az\u0259rbaycan\u201d ictimai alyans\u0131 Xasm\u0259mm\u0259dovun v\u0259ziyy\u0259tini n\u0259zar\u0259t alt\u0131na almaq \u00e7a\u011f\u0131r\u0131\u015f\u0131 il\u0259 ombudsmana m\u00fcraci\u0259t edib.<br \/>\n    <br \/>\n  <\/i>\n<\/p>\n<p>\n  <i><br \/>\n    10 g\u00fcn \u0259rzind\u0259 ona do\u011fmalar\u0131 il\u0259 telefonla dan\u0131\u015fma\u011fa imkan verm\u0259yibl\u0259r v\u0259 yaln\u0131z d\u00fcn\u0259n o, ba\u015f ver\u0259nl\u0259r bar\u0259d\u0259 do\u011fmalar\u0131na m\u0259lumat ver\u0259 bilib<br \/>\n  <\/i>\n<\/p>\n<p>\n  H\u0259bsd\u0259 olan h\u00fcquq m\u00fcdafi\u0259\u00e7isi Taleh Xasm\u0259mm\u0259dov damarlar\u0131n\u0131 k\u0259sdikd\u0259n sonra \u018fdliyy\u0259 Nazirliyinin tibb m\u00fc\u0259ssis\u0259in\u0259 yerl\u0259\u015fdirilib.\n<\/p>\n<p>\n  Xasm\u0259mm\u0259dovun do\u011fmalar\u0131n\u0131n &#8220;Turan \u0130A&#8221;-a verdiyi m\u0259lumata g\u00f6r\u0259, 10 g\u00fcn \u0259vv\u0259l o, G\u0259nc\u0259 \u0130stintaq T\u0259cridxanas\u0131nda cinay\u0259t i\u015finin saxtala\u015fd\u0131r\u0131lmas\u0131na qar\u015f\u0131 etiraz \u0259lam\u0259ti olaraq acl\u0131\u011fa ba\u015flay\u0131b.\n<\/p>\n<p>\n  Mart\u0131n 15-d\u0259 o, h\u0259bsxanada damarlar\u0131n\u0131 k\u0259sib v\u0259 \u018fdliyy\u0259 Nazirliyinin x\u0259st\u0259xanas\u0131na k\u00f6\u00e7\u00fcr\u00fcl\u00fcb. Bundan \u0259vv\u0259l, 10 g\u00fcn \u0259rzind\u0259 ona do\u011fmalar\u0131 il\u0259 telefonla dan\u0131\u015fma\u011fa imkan verm\u0259yibl\u0259r v\u0259 yaln\u0131z d\u00fcn\u0259n o, ba\u015f ver\u0259nl\u0259r bar\u0259d\u0259 do\u011fmalar\u0131na m\u0259lumat ver\u0259 bilib.\n<\/p>\n<p>\n  Haz\u0131rda m\u00fcst\u0259ntiq icaz\u0259 verm\u0259diyi \u00fc\u00e7\u00fcn do\u011fmalar\u0131 Xasm\u0259mm\u0259dovla g\u00f6r\u00fc\u015f\u0259 bilmir.\n<\/p>\n<p>\n  T.Xasm\u0259mm\u0259dov fevral\u0131n 24-d\u0259 xuliqanl\u0131q ittiham\u0131 il\u0259 h\u0259bs edilib.\n<\/p>\n<p>\n  Penitensiar Xidm\u0259td\u0259n \u015f\u0259rh verm\u0259kd\u0259n imtina edibl\u0259r, \u018fdliyy\u0259 Nazirliyinin Ba\u015f Tibb \u0130dar\u0259sind\u0259n is\u0259 \u015f\u0259rh almaq m\u00fcmk\u00fcn olmay\u0131b.\n<\/p>\n<p>\n  Xasm\u0259mm\u0259dov G\u00f6y\u00e7ay-Ucar b\u00f6lg\u0259sind\u0259 h\u00fcquq m\u00fcdafi\u0259 f\u0259aliyy\u0259ti v\u0259 facebook-da yerli hakimiyy\u0259ti t\u0259nqid etm\u0259si il\u0259 m\u0259\u015fhurdur. O, \u0259vv\u0259ll\u0259r d\u0259 h\u00fcquq m\u00fcdafi\u0259 f\u0259aliyy\u0259tin\u0259 g\u00f6r\u0259 m\u0259suliyy\u0259t\u0259 c\u0259lb edilib, amma iki il \u0259vv\u0259l \u0259vf olunub.<\/p>\n","protected":false},"excerpt":{"rendered":"<p>10 g\u00fcn \u0259rzind\u0259 ona do\u011fmalar\u0131 il\u0259 telefonla dan\u0131\u015fma\u011fa imkan verm\u0259yibl\u0259r v\u0259 yaln\u0131z d\u00fcn\u0259n o, ba\u015f ver\u0259nl\u0259r bar\u0259d\u0259 do\u011fmalar\u0131na m\u0259lumat ver\u0259 bilib<\/p>\n","protected":false},"author":11,"featured_media":21543,"comment_status":"closed","ping_status":"open","sticky":false,"template":"","format":"standard","meta":{"_acf_changed":false,"_sitemap_exclude":false,"_sitemap_priority":"","_sitemap_frequency":"","footnotes":""},"categories":[56],"tags":[],"class_list":["post-167272","post","type-post","status-publish","format-standard","has-post-thumbnail","hentry","category-xeberler","infinite-scroll-item","generate-columns","tablet-grid-50","mobile-grid-100","grid-parent","grid-33","no-featured-image-padding"],"acf":[],"yoast_head":"<!-- This site is optimized with the Yoast SEO plugin v28.3 - https:\/\/yoast.com\/product\/yoast-seo-wordpress\/ -->\n<title>Taleh Xasm\u0259mm\u0259dov damarlar\u0131n\u0131 k\u0259sib (yenil\u0259nib) - MEYDAN.TV<\/title>\n<meta name=\"robots\" content=\"index, follow, max-snippet:-1, max-image-preview:large, max-video-preview:-1\" \/>\n<link rel=\"canonical\" href=\"https:\/\/www.meydan.tv\/az\/article\/taleh-xasmemmedov-damarlarini-kesib-yenilenib\/\" \/>\n<meta property=\"og:locale\" content=\"az_AZ\" \/>\n<meta property=\"og:type\" content=\"article\" \/>\n<meta property=\"og:title\" content=\"Taleh Xasm\u0259mm\u0259dov damarlar\u0131n\u0131 k\u0259sib (yenil\u0259nib) - MEYDAN.TV\" \/>\n<meta property=\"og:description\" content=\"10 g\u00fcn \u0259rzind\u0259 ona do\u011fmalar\u0131 il\u0259 telefonla dan\u0131\u015fma\u011fa imkan verm\u0259yibl\u0259r v\u0259 yaln\u0131z d\u00fcn\u0259n o, ba\u015f ver\u0259nl\u0259r bar\u0259d\u0259 do\u011fmalar\u0131na m\u0259lumat ver\u0259 bilib\" \/>\n<meta property=\"og:url\" content=\"https:\/\/www.meydan.tv\/az\/article\/taleh-xasmemmedov-damarlarini-kesib-yenilenib\/\" \/>\n<meta property=\"og:site_name\" content=\"MEYDAN.TV\" \/>\n<meta property=\"article:published_time\" content=\"2015-03-16T19:00:03+00:00\" \/>\n<meta property=\"og:image\" content=\"https:\/\/www.meydan.tv\/wp-content\/uploads\/7783.jpg\" \/>\n\t<meta property=\"og:image:width\" content=\"333\" \/>\n\t<meta property=\"og:image:height\" content=\"250\" \/>\n\t<meta property=\"og:image:type\" content=\"image\/jpeg\" \/>\n<meta name=\"twitter:card\" content=\"summary_large_image\" \/>\n<!-- \/ Yoast SEO plugin. -->","yoast_head_json":{"title":"Taleh Xasm\u0259mm\u0259dov damarlar\u0131n\u0131 k\u0259sib (yenil\u0259nib) - MEYDAN.TV","robots":{"index":"index","follow":"follow","max-snippet":"max-snippet:-1","max-image-preview":"max-image-preview:large","max-video-preview":"max-video-preview:-1"},"canonical":"https:\/\/www.meydan.tv\/az\/article\/taleh-xasmemmedov-damarlarini-kesib-yenilenib\/","og_locale":"az_AZ","og_type":"article","og_title":"Taleh Xasm\u0259mm\u0259dov damarlar\u0131n\u0131 k\u0259sib (yenil\u0259nib) - MEYDAN.TV","og_description":"10 g\u00fcn \u0259rzind\u0259 ona do\u011fmalar\u0131 il\u0259 telefonla dan\u0131\u015fma\u011fa imkan verm\u0259yibl\u0259r v\u0259 yaln\u0131z d\u00fcn\u0259n o, ba\u015f ver\u0259nl\u0259r bar\u0259d\u0259 do\u011fmalar\u0131na m\u0259lumat ver\u0259 bilib","og_url":"https:\/\/www.meydan.tv\/az\/article\/taleh-xasmemmedov-damarlarini-kesib-yenilenib\/","og_site_name":"MEYDAN.TV","article_published_time":"2015-03-16T19:00:03+00:00","og_image":[{"width":333,"height":250,"url":"https:\/\/www.meydan.tv\/wp-content\/uploads\/7783.jpg","type":"image\/jpeg"}],"twitter_card":"summary_large_image","schema":{"@context":"https:\/\/schema.org","@graph":[{"@type":"Article","@id":"https:\/\/www.meydan.tv\/az\/article\/taleh-xasmemmedov-damarlarini-kesib-yenilenib\/#article","isPartOf":{"@id":"https:\/\/www.meydan.tv\/az\/article\/taleh-xasmemmedov-damarlarini-kesib-yenilenib\/"},"author":{"name":"user-manager","@id":"https:\/\/www.meydan.tv\/az\/#\/schema\/person\/10d11eccf6da3662cf5fdab9806ea91a"},"headline":"Taleh Xasm\u0259mm\u0259dov damarlar\u0131n\u0131 k\u0259sib (yenil\u0259nib)","datePublished":"2015-03-16T19:00:03+00:00","mainEntityOfPage":{"@id":"https:\/\/www.meydan.tv\/az\/article\/taleh-xasmemmedov-damarlarini-kesib-yenilenib\/"},"wordCount":417,"publisher":{"@id":"https:\/\/www.meydan.tv\/az\/#organization"},"image":{"@id":"https:\/\/www.meydan.tv\/az\/article\/taleh-xasmemmedov-damarlarini-kesib-yenilenib\/#primaryimage"},"thumbnailUrl":"https:\/\/www.meydan.tv\/wp-content\/uploads\/7783.jpg","articleSection":["X\u0259b\u0259rl\u0259r"],"inLanguage":"az"},{"@type":"WebPage","@id":"https:\/\/www.meydan.tv\/az\/article\/taleh-xasmemmedov-damarlarini-kesib-yenilenib\/","url":"https:\/\/www.meydan.tv\/az\/article\/taleh-xasmemmedov-damarlarini-kesib-yenilenib\/","name":"Taleh Xasm\u0259mm\u0259dov damarlar\u0131n\u0131 k\u0259sib (yenil\u0259nib) - MEYDAN.TV","isPartOf":{"@id":"https:\/\/www.meydan.tv\/az\/#website"},"primaryImageOfPage":{"@id":"https:\/\/www.meydan.tv\/az\/article\/taleh-xasmemmedov-damarlarini-kesib-yenilenib\/#primaryimage"},"image":{"@id":"https:\/\/www.meydan.tv\/az\/article\/taleh-xasmemmedov-damarlarini-kesib-yenilenib\/#primaryimage"},"thumbnailUrl":"https:\/\/www.meydan.tv\/wp-content\/uploads\/7783.jpg","datePublished":"2015-03-16T19:00:03+00:00","breadcrumb":{"@id":"https:\/\/www.meydan.tv\/az\/article\/taleh-xasmemmedov-damarlarini-kesib-yenilenib\/#breadcrumb"},"inLanguage":"az","potentialAction":[{"@type":"ReadAction","target":["https:\/\/www.meydan.tv\/az\/article\/taleh-xasmemmedov-damarlarini-kesib-yenilenib\/"]}]},{"@type":"ImageObject","inLanguage":"az","@id":"https:\/\/www.meydan.tv\/az\/article\/taleh-xasmemmedov-damarlarini-kesib-yenilenib\/#primaryimage","url":"https:\/\/www.meydan.tv\/wp-content\/uploads\/7783.jpg","contentUrl":"https:\/\/www.meydan.tv\/wp-content\/uploads\/7783.jpg","width":333,"height":250,"caption":"Source:"},{"@type":"BreadcrumbList","@id":"https:\/\/www.meydan.tv\/az\/article\/taleh-xasmemmedov-damarlarini-kesib-yenilenib\/#breadcrumb","itemListElement":[{"@type":"ListItem","position":1,"name":"Ana s\u0259hif\u0259","item":"https:\/\/www.meydan.tv\/az\/"},{"@type":"ListItem","position":2,"name":"X\u0259b\u0259rl\u0259r","item":"https:\/\/www.meydan.tv\/az\/section\/xeberler\/"},{"@type":"ListItem","position":3,"name":"Taleh Xasm\u0259mm\u0259dov damarlar\u0131n\u0131 k\u0259sib (yenil\u0259nib)"}]},{"@type":"WebSite","@id":"https:\/\/www.meydan.tv\/az\/#website","url":"https:\/\/www.meydan.tv\/az\/","name":"MEYDAN.TV","description":"Meydan TV Az\u0259rbaycan\u0131n media m\u0259kan\u0131ndak\u0131 alternativ s\u0259sidir","publisher":{"@id":"https:\/\/www.meydan.tv\/az\/#organization"},"potentialAction":[{"@type":"SearchAction","target":{"@type":"EntryPoint","urlTemplate":"https:\/\/www.meydan.tv\/az\/?s={search_term_string}"},"query-input":{"@type":"PropertyValueSpecification","valueRequired":true,"valueName":"search_term_string"}}],"inLanguage":"az"},{"@type":"Organization","@id":"https:\/\/www.meydan.tv\/az\/#organization","name":"Meydan TV","url":"https:\/\/www.meydan.tv\/az\/","logo":{"@type":"ImageObject","inLanguage":"az","@id":"https:\/\/www.meydan.tv\/az\/#\/schema\/logo\/image\/","url":"https:\/\/www.meydan.tv\/wp-content\/uploads\/2021\/07\/meydan-logo.svg","contentUrl":"https:\/\/www.meydan.tv\/wp-content\/uploads\/2021\/07\/meydan-logo.svg","width":195,"height":46,"caption":"Meydan TV"},"image":{"@id":"https:\/\/www.meydan.tv\/az\/#\/schema\/logo\/image\/"}},{"@type":"Person","@id":"https:\/\/www.meydan.tv\/az\/#\/schema\/person\/10d11eccf6da3662cf5fdab9806ea91a","name":"user-manager"}]}},"_links":{"self":[{"href":"https:\/\/www.meydan.tv\/az\/wp-json\/wp\/v2\/posts\/167272","targetHints":{"allow":["GET"]}}],"collection":[{"href":"https:\/\/www.meydan.tv\/az\/wp-json\/wp\/v2\/posts"}],"about":[{"href":"https:\/\/www.meydan.tv\/az\/wp-json\/wp\/v2\/types\/post"}],"author":[{"embeddable":true,"href":"https:\/\/www.meydan.tv\/az\/wp-json\/wp\/v2\/users\/11"}],"replies":[{"embeddable":true,"href":"https:\/\/www.meydan.tv\/az\/wp-json\/wp\/v2\/comments?post=167272"}],"version-history":[{"count":0,"href":"https:\/\/www.meydan.tv\/az\/wp-json\/wp\/v2\/posts\/167272\/revisions"}],"wp:featuredmedia":[{"embeddable":true,"href":"https:\/\/www.meydan.tv\/az\/wp-json\/wp\/v2\/media\/21543"}],"wp:attachment":[{"href":"https:\/\/www.meydan.tv\/az\/wp-json\/wp\/v2\/media?parent=167272"}],"wp:term":[{"taxonomy":"category","embeddable":true,"href":"https:\/\/www.meydan.tv\/az\/wp-json\/wp\/v2\/categories?post=167272"},{"taxonomy":"post_tag","embeddable":true,"href":"https:\/\/www.meydan.tv\/az\/wp-json\/wp\/v2\/tags?post=167272"}],"curies":[{"name":"wp","href":"https:\/\/api.w.org\/{rel}","templated":true}]}}