{"id":167271,"date":"2015-03-16T18:38:09","date_gmt":"2015-03-16T18:38:09","guid":{"rendered":"https:\/\/www.meydan.tv\/article\/real-cilarin-ilqar-memmedovun-adinin-efv-siyahisina-salinacagina-umidleri-yoxdur\/"},"modified":"2015-03-16T18:38:09","modified_gmt":"2015-03-16T18:38:09","slug":"real-cilarin-ilqar-memmedovun-adinin-efv-siyahisina-salinacagina-umidleri-yoxdur","status":"publish","type":"post","link":"https:\/\/www.meydan.tv\/az\/article\/real-cilarin-ilqar-memmedovun-adinin-efv-siyahisina-salinacagina-umidleri-yoxdur\/","title":{"rendered":"REAL-\u00e7\u0131lar\u0131n \u0130lqar M\u0259mm\u0259dovun ad\u0131n\u0131n \u0259fv siyah\u0131s\u0131na sal\u0131naca\u011f\u0131na \u00fcmidl\u0259ri yoxdur"},"content":{"rendered":"<figure class=\"wp-block-image size-large\">\n  <img decoding=\"async\" src=\"https:\/\/www.meydan.tv\/az\/21540\/\" alt=\"\" class=\"wp-image-21540\"\/><figcaption><\/figcaption><\/figure>\n<figure class=\"wp-block-image size-large\">\n  <img decoding=\"async\" src=\"https:\/\/www.meydan.tv\/az\/21540\/\" alt=\"\" class=\"wp-image-21540\"\/><figcaption><\/figcaption><\/figure>\n<p>\n  <i><br \/>\n    Erkin Q\u0259dirli \u0130lqar M\u0259mm\u0259dovun \u0259fv \u0259riz\u0259si yazmad\u0131\u011f\u0131n\u0131 v\u0259\u00a0 yazmayaca\u011f\u0131n\u0131 da s\u00f6yl\u0259di<br \/>\n  <\/i>\n<\/p>\n<p>\n  H\u00fcquq m\u00fcdafi\u0259\u00e7isi S\u0259id\u0259 Qocamanl\u0131 Novruz bayram\u0131nda \u0259fv f\u0259rman\u0131 olaca\u011f\u0131n\u0131 deyir.\n<\/p>\n<p>\n  Bu bar\u0259d\u0259 Azadl\u0131q Radiosuna dan\u0131\u015fan S\u0259id\u0259 Qocamanl\u0131 \u0130nsan H\u00fcquqlar\u0131 \u00fczr\u0259 Birg\u0259 Qrup siyah\u0131n\u0131 haz\u0131rlay\u0131b Prezident Administrasiyas\u0131na g\u00f6nd\u0259rdiyini deyib:\n<\/p>\n<p>\n  &#8220;Siyah\u0131da N\u0130DA-\u00e7\u0131 g\u0259ncl\u0259rin, REAL s\u0259dri \u0130lqar M\u0259mm\u0259dovun, sabiq s\u0259hiyy\u0259 naziri \u018fli \u0130nsanovun, \u00abToli\u015fi S\u0259do\u00bb q\u0259zetinin ba\u015f redaktoru Hilal M\u0259mm\u0259dovun adlar\u0131 var. M\u0259n b\u00fct\u00fcn siyah\u0131n\u0131 sadalaya bilm\u0259y\u0259c\u0259m. Biz ora \u0259fv \u0259riz\u0259si yazanlar\u0131n, a\u011f\u0131r x\u0259st\u0259likl\u0259r\u0259 d\u00fc\u00e7ar olanlar\u0131n, h\u0259bsinin xeyli hiss\u0259sini \u00e7\u0259kmi\u015f m\u0259hbuslar\u0131n adlar\u0131n\u0131 da salm\u0131\u015f\u0131q. Birc\u0259 qal\u0131r \u00fcmid ed\u0259k ki, onlar\u0131n ad\u0131 prezidentin \u0259fv f\u0259rman\u0131nda da olacaq&#8221;.\n<\/p>\n<p>\n  Ancaq REAL \u0130dar\u0259 Hey\u0259tinin \u00fczv\u00fc Erkin Q\u0259dirli Meydan TV-y\u0259 bildirib ki, \u0130lqar M\u0259mm\u0259dovun azad olunaca\u011f\u0131na \u00fcmidl\u0259ri yoxdur, \u0259fv \u00fc\u00e7\u00fcn m\u00fcraci\u0259t d\u0259 etm\u0259yibl\u0259r.\n<\/p>\n<p>\n  Erkin Q\u0259dirli dedi ki, \u0130lqar M\u0259mm\u0259dovla g\u00f6r\u00fc\u015f\u0259 icaz\u0259 vermirl\u0259r, amma telefon dan\u0131\u015f\u0131qlar\u0131 olub: &#8220;V\u0259kill\u0259r v\u0259 h\u0259yat yolda\u015f\u0131 is\u0259 g\u00f6r\u00fc\u015f\u00fcb. Bu bar\u0259d\u0259 \u00f6z\u00fcn\u00fcn d\u0259 he\u00e7 bir m\u0259lumat\u0131 v\u0259 \u00fcmidi\u00a0 yoxdur&#8221;.\n<\/p>\n<p>\n  O, \u0130lqar M\u0259mm\u0259dovun \u0259fv \u0259riz\u0259si yazmay\u0131b, yazmayaca\u011f\u0131n\u0131 da s\u00f6yl\u0259di.<\/p>\n","protected":false},"excerpt":{"rendered":"<p>Erkin Q\u0259dirli \u0130lqar M\u0259mm\u0259dovun \u0259fv \u0259riz\u0259si yazmad\u0131\u011f\u0131n\u0131 v\u0259  yazmayaca\u011f\u0131n\u0131 da s\u00f6yl\u0259di<\/p>\n","protected":false},"author":11,"featured_media":21540,"comment_status":"closed","ping_status":"open","sticky":false,"template":"","format":"standard","meta":{"_acf_changed":false,"_sitemap_exclude":false,"_sitemap_priority":"","_sitemap_frequency":"","footnotes":""},"categories":[56],"tags":[],"class_list":["post-167271","post","type-post","status-publish","format-standard","has-post-thumbnail","hentry","category-xeberler","infinite-scroll-item","generate-columns","tablet-grid-50","mobile-grid-100","grid-parent","grid-33","no-featured-image-padding"],"acf":[],"yoast_head":"<!-- This site is optimized with the Yoast SEO plugin v28.3 - https:\/\/yoast.com\/product\/yoast-seo-wordpress\/ -->\n<title>REAL-\u00e7\u0131lar\u0131n \u0130lqar M\u0259mm\u0259dovun ad\u0131n\u0131n \u0259fv siyah\u0131s\u0131na sal\u0131naca\u011f\u0131na \u00fcmidl\u0259ri yoxdur - MEYDAN.TV<\/title>\n<meta name=\"robots\" content=\"index, follow, max-snippet:-1, max-image-preview:large, max-video-preview:-1\" \/>\n<link rel=\"canonical\" href=\"https:\/\/www.meydan.tv\/az\/article\/real-cilarin-ilqar-memmedovun-adinin-efv-siyahisina-salinacagina-umidleri-yoxdur\/\" \/>\n<meta property=\"og:locale\" content=\"az_AZ\" \/>\n<meta property=\"og:type\" content=\"article\" \/>\n<meta property=\"og:title\" content=\"REAL-\u00e7\u0131lar\u0131n \u0130lqar M\u0259mm\u0259dovun ad\u0131n\u0131n \u0259fv siyah\u0131s\u0131na sal\u0131naca\u011f\u0131na \u00fcmidl\u0259ri yoxdur - MEYDAN.TV\" \/>\n<meta property=\"og:description\" content=\"Erkin Q\u0259dirli \u0130lqar M\u0259mm\u0259dovun \u0259fv \u0259riz\u0259si yazmad\u0131\u011f\u0131n\u0131 v\u0259 yazmayaca\u011f\u0131n\u0131 da s\u00f6yl\u0259di\" \/>\n<meta property=\"og:url\" content=\"https:\/\/www.meydan.tv\/az\/article\/real-cilarin-ilqar-memmedovun-adinin-efv-siyahisina-salinacagina-umidleri-yoxdur\/\" \/>\n<meta property=\"og:site_name\" content=\"MEYDAN.TV\" \/>\n<meta property=\"article:published_time\" content=\"2015-03-16T18:38:09+00:00\" \/>\n<meta property=\"og:image\" content=\"https:\/\/www.meydan.tv\/wp-content\/uploads\/7782.jpg\" \/>\n\t<meta property=\"og:image:width\" content=\"440\" \/>\n\t<meta property=\"og:image:height\" content=\"330\" \/>\n\t<meta property=\"og:image:type\" content=\"image\/jpeg\" \/>\n<meta name=\"twitter:card\" content=\"summary_large_image\" \/>\n<!-- \/ Yoast SEO plugin. -->","yoast_head_json":{"title":"REAL-\u00e7\u0131lar\u0131n \u0130lqar M\u0259mm\u0259dovun ad\u0131n\u0131n \u0259fv siyah\u0131s\u0131na sal\u0131naca\u011f\u0131na \u00fcmidl\u0259ri yoxdur - MEYDAN.TV","robots":{"index":"index","follow":"follow","max-snippet":"max-snippet:-1","max-image-preview":"max-image-preview:large","max-video-preview":"max-video-preview:-1"},"canonical":"https:\/\/www.meydan.tv\/az\/article\/real-cilarin-ilqar-memmedovun-adinin-efv-siyahisina-salinacagina-umidleri-yoxdur\/","og_locale":"az_AZ","og_type":"article","og_title":"REAL-\u00e7\u0131lar\u0131n \u0130lqar M\u0259mm\u0259dovun ad\u0131n\u0131n \u0259fv siyah\u0131s\u0131na sal\u0131naca\u011f\u0131na \u00fcmidl\u0259ri yoxdur - MEYDAN.TV","og_description":"Erkin Q\u0259dirli \u0130lqar M\u0259mm\u0259dovun \u0259fv \u0259riz\u0259si yazmad\u0131\u011f\u0131n\u0131 v\u0259 yazmayaca\u011f\u0131n\u0131 da s\u00f6yl\u0259di","og_url":"https:\/\/www.meydan.tv\/az\/article\/real-cilarin-ilqar-memmedovun-adinin-efv-siyahisina-salinacagina-umidleri-yoxdur\/","og_site_name":"MEYDAN.TV","article_published_time":"2015-03-16T18:38:09+00:00","og_image":[{"width":440,"height":330,"url":"https:\/\/www.meydan.tv\/wp-content\/uploads\/7782.jpg","type":"image\/jpeg"}],"twitter_card":"summary_large_image","schema":{"@context":"https:\/\/schema.org","@graph":[{"@type":"Article","@id":"https:\/\/www.meydan.tv\/az\/article\/real-cilarin-ilqar-memmedovun-adinin-efv-siyahisina-salinacagina-umidleri-yoxdur\/#article","isPartOf":{"@id":"https:\/\/www.meydan.tv\/az\/article\/real-cilarin-ilqar-memmedovun-adinin-efv-siyahisina-salinacagina-umidleri-yoxdur\/"},"author":{"name":"user-manager","@id":"https:\/\/www.meydan.tv\/az\/#\/schema\/person\/10d11eccf6da3662cf5fdab9806ea91a"},"headline":"REAL-\u00e7\u0131lar\u0131n \u0130lqar M\u0259mm\u0259dovun ad\u0131n\u0131n \u0259fv siyah\u0131s\u0131na sal\u0131naca\u011f\u0131na \u00fcmidl\u0259ri yoxdur","datePublished":"2015-03-16T18:38:09+00:00","mainEntityOfPage":{"@id":"https:\/\/www.meydan.tv\/az\/article\/real-cilarin-ilqar-memmedovun-adinin-efv-siyahisina-salinacagina-umidleri-yoxdur\/"},"wordCount":271,"publisher":{"@id":"https:\/\/www.meydan.tv\/az\/#organization"},"image":{"@id":"https:\/\/www.meydan.tv\/az\/article\/real-cilarin-ilqar-memmedovun-adinin-efv-siyahisina-salinacagina-umidleri-yoxdur\/#primaryimage"},"thumbnailUrl":"https:\/\/www.meydan.tv\/wp-content\/uploads\/7782.jpg","articleSection":["X\u0259b\u0259rl\u0259r"],"inLanguage":"az"},{"@type":"WebPage","@id":"https:\/\/www.meydan.tv\/az\/article\/real-cilarin-ilqar-memmedovun-adinin-efv-siyahisina-salinacagina-umidleri-yoxdur\/","url":"https:\/\/www.meydan.tv\/az\/article\/real-cilarin-ilqar-memmedovun-adinin-efv-siyahisina-salinacagina-umidleri-yoxdur\/","name":"REAL-\u00e7\u0131lar\u0131n \u0130lqar M\u0259mm\u0259dovun ad\u0131n\u0131n \u0259fv siyah\u0131s\u0131na sal\u0131naca\u011f\u0131na \u00fcmidl\u0259ri yoxdur - MEYDAN.TV","isPartOf":{"@id":"https:\/\/www.meydan.tv\/az\/#website"},"primaryImageOfPage":{"@id":"https:\/\/www.meydan.tv\/az\/article\/real-cilarin-ilqar-memmedovun-adinin-efv-siyahisina-salinacagina-umidleri-yoxdur\/#primaryimage"},"image":{"@id":"https:\/\/www.meydan.tv\/az\/article\/real-cilarin-ilqar-memmedovun-adinin-efv-siyahisina-salinacagina-umidleri-yoxdur\/#primaryimage"},"thumbnailUrl":"https:\/\/www.meydan.tv\/wp-content\/uploads\/7782.jpg","datePublished":"2015-03-16T18:38:09+00:00","breadcrumb":{"@id":"https:\/\/www.meydan.tv\/az\/article\/real-cilarin-ilqar-memmedovun-adinin-efv-siyahisina-salinacagina-umidleri-yoxdur\/#breadcrumb"},"inLanguage":"az","potentialAction":[{"@type":"ReadAction","target":["https:\/\/www.meydan.tv\/az\/article\/real-cilarin-ilqar-memmedovun-adinin-efv-siyahisina-salinacagina-umidleri-yoxdur\/"]}]},{"@type":"ImageObject","inLanguage":"az","@id":"https:\/\/www.meydan.tv\/az\/article\/real-cilarin-ilqar-memmedovun-adinin-efv-siyahisina-salinacagina-umidleri-yoxdur\/#primaryimage","url":"https:\/\/www.meydan.tv\/wp-content\/uploads\/7782.jpg","contentUrl":"https:\/\/www.meydan.tv\/wp-content\/uploads\/7782.jpg","width":440,"height":330,"caption":"Source:"},{"@type":"BreadcrumbList","@id":"https:\/\/www.meydan.tv\/az\/article\/real-cilarin-ilqar-memmedovun-adinin-efv-siyahisina-salinacagina-umidleri-yoxdur\/#breadcrumb","itemListElement":[{"@type":"ListItem","position":1,"name":"Ana s\u0259hif\u0259","item":"https:\/\/www.meydan.tv\/az\/"},{"@type":"ListItem","position":2,"name":"X\u0259b\u0259rl\u0259r","item":"https:\/\/www.meydan.tv\/az\/section\/xeberler\/"},{"@type":"ListItem","position":3,"name":"REAL-\u00e7\u0131lar\u0131n \u0130lqar M\u0259mm\u0259dovun ad\u0131n\u0131n \u0259fv siyah\u0131s\u0131na sal\u0131naca\u011f\u0131na \u00fcmidl\u0259ri yoxdur"}]},{"@type":"WebSite","@id":"https:\/\/www.meydan.tv\/az\/#website","url":"https:\/\/www.meydan.tv\/az\/","name":"MEYDAN.TV","description":"Meydan TV Az\u0259rbaycan\u0131n media m\u0259kan\u0131ndak\u0131 alternativ s\u0259sidir","publisher":{"@id":"https:\/\/www.meydan.tv\/az\/#organization"},"potentialAction":[{"@type":"SearchAction","target":{"@type":"EntryPoint","urlTemplate":"https:\/\/www.meydan.tv\/az\/?s={search_term_string}"},"query-input":{"@type":"PropertyValueSpecification","valueRequired":true,"valueName":"search_term_string"}}],"inLanguage":"az"},{"@type":"Organization","@id":"https:\/\/www.meydan.tv\/az\/#organization","name":"Meydan TV","url":"https:\/\/www.meydan.tv\/az\/","logo":{"@type":"ImageObject","inLanguage":"az","@id":"https:\/\/www.meydan.tv\/az\/#\/schema\/logo\/image\/","url":"https:\/\/www.meydan.tv\/wp-content\/uploads\/2021\/07\/meydan-logo.svg","contentUrl":"https:\/\/www.meydan.tv\/wp-content\/uploads\/2021\/07\/meydan-logo.svg","width":195,"height":46,"caption":"Meydan TV"},"image":{"@id":"https:\/\/www.meydan.tv\/az\/#\/schema\/logo\/image\/"}},{"@type":"Person","@id":"https:\/\/www.meydan.tv\/az\/#\/schema\/person\/10d11eccf6da3662cf5fdab9806ea91a","name":"user-manager"}]}},"_links":{"self":[{"href":"https:\/\/www.meydan.tv\/az\/wp-json\/wp\/v2\/posts\/167271","targetHints":{"allow":["GET"]}}],"collection":[{"href":"https:\/\/www.meydan.tv\/az\/wp-json\/wp\/v2\/posts"}],"about":[{"href":"https:\/\/www.meydan.tv\/az\/wp-json\/wp\/v2\/types\/post"}],"author":[{"embeddable":true,"href":"https:\/\/www.meydan.tv\/az\/wp-json\/wp\/v2\/users\/11"}],"replies":[{"embeddable":true,"href":"https:\/\/www.meydan.tv\/az\/wp-json\/wp\/v2\/comments?post=167271"}],"version-history":[{"count":0,"href":"https:\/\/www.meydan.tv\/az\/wp-json\/wp\/v2\/posts\/167271\/revisions"}],"wp:featuredmedia":[{"embeddable":true,"href":"https:\/\/www.meydan.tv\/az\/wp-json\/wp\/v2\/media\/21540"}],"wp:attachment":[{"href":"https:\/\/www.meydan.tv\/az\/wp-json\/wp\/v2\/media?parent=167271"}],"wp:term":[{"taxonomy":"category","embeddable":true,"href":"https:\/\/www.meydan.tv\/az\/wp-json\/wp\/v2\/categories?post=167271"},{"taxonomy":"post_tag","embeddable":true,"href":"https:\/\/www.meydan.tv\/az\/wp-json\/wp\/v2\/tags?post=167271"}],"curies":[{"name":"wp","href":"https:\/\/api.w.org\/{rel}","templated":true}]}}