{"id":167270,"date":"2015-03-16T18:07:03","date_gmt":"2015-03-16T18:07:03","guid":{"rendered":"https:\/\/www.meydan.tv\/article\/sirac-kerimli-6-il-azadliqdan-mehrum-olundu\/"},"modified":"2015-03-16T18:07:03","modified_gmt":"2015-03-16T18:07:03","slug":"sirac-kerimli-6-il-azadliqdan-mehrum-olundu","status":"publish","type":"post","link":"https:\/\/www.meydan.tv\/az\/article\/sirac-kerimli-6-il-azadliqdan-mehrum-olundu\/","title":{"rendered":"Sirac K\u0259rimli 6 il azadl\u0131qdan m\u0259hrum olundu"},"content":{"rendered":"<figure class=\"wp-block-image size-large\">\n  <img decoding=\"async\" src=\"https:\/\/www.meydan.tv\/az\/21534\/\" alt=\"\" class=\"wp-image-21534\"\/><figcaption><\/figcaption><\/figure>\n<figure class=\"wp-block-image size-large\">\n  <img decoding=\"async\" src=\"https:\/\/www.meydan.tv\/az\/21534\/\" alt=\"\" class=\"wp-image-21534\"\/><figcaption><\/figcaption><\/figure>\n<p>\n  <i><br \/>\n    &#8220;Amnesty \u0130nternational&#8221; t\u0259\u015fkilat\u0131 Sirac K\u0259rimlini &#8220;vicdan m\u0259hbusu&#8221; kimi tan\u0131y\u0131b<br \/>\n  <\/i>\n<\/p>\n<p>\n  Mart\u0131n 16-da Bak\u0131 A\u011f\u0131r Cinay\u0259tl\u0259r M\u0259hk\u0259m\u0259sind\u0259 m\u00fcsavat\u00e7\u0131 F\u0259r\u0259c K\u0259rimlinin qarda\u015f\u0131 Sirac K\u0259rimliy\u0259 6 il azadl\u0131qdan m\u0259hrumetm\u0259 h\u00f6km\u00fc oxunub.\n<\/p>\n<p>\n  Bu bar\u0259d\u0259 Meydan TV-in prosesi izl\u0259y\u0259n \u0259m\u0259kda\u015f\u0131 m\u0259lumat verib.\n<\/p>\n<p>\n  Sirac K\u0259rimli 2014-c\u00fc il iyulun 17-d\u0259 Cinay\u0259t M\u0259c\u0259ll\u0259sinin k\u00fclli miqdarda narkotik saxlama, satma madd\u0259si il\u0259 h\u0259bs olunub. &#8220;Amnesty \u0130nternational&#8221; t\u0259\u015fkilat\u0131 Sirac K\u0259rimlini &#8220;vicdan m\u0259hbusu&#8221; kimi tan\u0131y\u0131b.\n<\/p>\n<p>\n  Sirac K\u0259rimlinin siyasi m\u0259nsubiyy\u0259ti yoxdur, onun qarda\u015f\u0131 F\u0259r\u0259c K\u0259rimli il\u0259 s\u0259hv olaraq h\u0259bs olundu\u011fu m\u0259hk\u0259m\u0259d\u0259 d\u0259 a\u015fkarland\u0131. F\u0259r\u0259c K\u0259rimli \u00f6z\u00fc d\u0259 h\u0259bsd\u0259dir.\n<\/p>\n<p>\n  Sirac K\u0259rimlinin atas\u0131 Raqif K\u0259rimli m\u0259hk\u0259m\u0259nin h\u00f6km\u00fcn\u00fc siyasi sifari\u015f hesab edib.<\/p>\n","protected":false},"excerpt":{"rendered":"<p>&#8220;Amnesty \u0130nternational&#8221; t\u0259\u015fkilat\u0131 Sirac K\u0259rimlini &#8220;vicdan m\u0259hbusu&#8221; kimi tan\u0131y\u0131b<\/p>\n","protected":false},"author":11,"featured_media":21534,"comment_status":"closed","ping_status":"open","sticky":false,"template":"","format":"standard","meta":{"_acf_changed":false,"_sitemap_exclude":false,"_sitemap_priority":"","_sitemap_frequency":"","footnotes":""},"categories":[56],"tags":[],"class_list":["post-167270","post","type-post","status-publish","format-standard","has-post-thumbnail","hentry","category-xeberler","infinite-scroll-item","generate-columns","tablet-grid-50","mobile-grid-100","grid-parent","grid-33","no-featured-image-padding"],"acf":[],"yoast_head":"<!-- This site is optimized with the Yoast SEO plugin v28.3 - https:\/\/yoast.com\/product\/yoast-seo-wordpress\/ -->\n<title>Sirac K\u0259rimli 6 il azadl\u0131qdan m\u0259hrum olundu - MEYDAN.TV<\/title>\n<meta name=\"robots\" content=\"index, follow, max-snippet:-1, max-image-preview:large, max-video-preview:-1\" \/>\n<link rel=\"canonical\" href=\"https:\/\/www.meydan.tv\/az\/article\/sirac-kerimli-6-il-azadliqdan-mehrum-olundu\/\" \/>\n<meta property=\"og:locale\" content=\"az_AZ\" \/>\n<meta property=\"og:type\" content=\"article\" \/>\n<meta property=\"og:title\" content=\"Sirac K\u0259rimli 6 il azadl\u0131qdan m\u0259hrum olundu - MEYDAN.TV\" \/>\n<meta property=\"og:description\" content=\"&quot;Amnesty \u0130nternational&quot; t\u0259\u015fkilat\u0131 Sirac K\u0259rimlini &quot;vicdan m\u0259hbusu&quot; kimi tan\u0131y\u0131b\" \/>\n<meta property=\"og:url\" content=\"https:\/\/www.meydan.tv\/az\/article\/sirac-kerimli-6-il-azadliqdan-mehrum-olundu\/\" \/>\n<meta property=\"og:site_name\" content=\"MEYDAN.TV\" \/>\n<meta property=\"article:published_time\" content=\"2015-03-16T18:07:03+00:00\" \/>\n<meta property=\"og:image\" content=\"https:\/\/www.meydan.tv\/wp-content\/uploads\/7781.jpg\" \/>\n\t<meta property=\"og:image:width\" content=\"240\" \/>\n\t<meta property=\"og:image:height\" content=\"243\" \/>\n\t<meta property=\"og:image:type\" content=\"image\/jpeg\" \/>\n<meta name=\"twitter:card\" content=\"summary_large_image\" \/>\n<!-- \/ Yoast SEO plugin. -->","yoast_head_json":{"title":"Sirac K\u0259rimli 6 il azadl\u0131qdan m\u0259hrum olundu - MEYDAN.TV","robots":{"index":"index","follow":"follow","max-snippet":"max-snippet:-1","max-image-preview":"max-image-preview:large","max-video-preview":"max-video-preview:-1"},"canonical":"https:\/\/www.meydan.tv\/az\/article\/sirac-kerimli-6-il-azadliqdan-mehrum-olundu\/","og_locale":"az_AZ","og_type":"article","og_title":"Sirac K\u0259rimli 6 il azadl\u0131qdan m\u0259hrum olundu - MEYDAN.TV","og_description":"\"Amnesty \u0130nternational\" t\u0259\u015fkilat\u0131 Sirac K\u0259rimlini \"vicdan m\u0259hbusu\" kimi tan\u0131y\u0131b","og_url":"https:\/\/www.meydan.tv\/az\/article\/sirac-kerimli-6-il-azadliqdan-mehrum-olundu\/","og_site_name":"MEYDAN.TV","article_published_time":"2015-03-16T18:07:03+00:00","og_image":[{"width":240,"height":243,"url":"https:\/\/www.meydan.tv\/wp-content\/uploads\/7781.jpg","type":"image\/jpeg"}],"twitter_card":"summary_large_image","schema":{"@context":"https:\/\/schema.org","@graph":[{"@type":"Article","@id":"https:\/\/www.meydan.tv\/az\/article\/sirac-kerimli-6-il-azadliqdan-mehrum-olundu\/#article","isPartOf":{"@id":"https:\/\/www.meydan.tv\/az\/article\/sirac-kerimli-6-il-azadliqdan-mehrum-olundu\/"},"author":{"name":"user-manager","@id":"https:\/\/www.meydan.tv\/az\/#\/schema\/person\/10d11eccf6da3662cf5fdab9806ea91a"},"headline":"Sirac K\u0259rimli 6 il azadl\u0131qdan m\u0259hrum olundu","datePublished":"2015-03-16T18:07:03+00:00","mainEntityOfPage":{"@id":"https:\/\/www.meydan.tv\/az\/article\/sirac-kerimli-6-il-azadliqdan-mehrum-olundu\/"},"wordCount":166,"publisher":{"@id":"https:\/\/www.meydan.tv\/az\/#organization"},"image":{"@id":"https:\/\/www.meydan.tv\/az\/article\/sirac-kerimli-6-il-azadliqdan-mehrum-olundu\/#primaryimage"},"thumbnailUrl":"https:\/\/www.meydan.tv\/wp-content\/uploads\/7781.jpg","articleSection":["X\u0259b\u0259rl\u0259r"],"inLanguage":"az"},{"@type":"WebPage","@id":"https:\/\/www.meydan.tv\/az\/article\/sirac-kerimli-6-il-azadliqdan-mehrum-olundu\/","url":"https:\/\/www.meydan.tv\/az\/article\/sirac-kerimli-6-il-azadliqdan-mehrum-olundu\/","name":"Sirac K\u0259rimli 6 il azadl\u0131qdan m\u0259hrum olundu - MEYDAN.TV","isPartOf":{"@id":"https:\/\/www.meydan.tv\/az\/#website"},"primaryImageOfPage":{"@id":"https:\/\/www.meydan.tv\/az\/article\/sirac-kerimli-6-il-azadliqdan-mehrum-olundu\/#primaryimage"},"image":{"@id":"https:\/\/www.meydan.tv\/az\/article\/sirac-kerimli-6-il-azadliqdan-mehrum-olundu\/#primaryimage"},"thumbnailUrl":"https:\/\/www.meydan.tv\/wp-content\/uploads\/7781.jpg","datePublished":"2015-03-16T18:07:03+00:00","breadcrumb":{"@id":"https:\/\/www.meydan.tv\/az\/article\/sirac-kerimli-6-il-azadliqdan-mehrum-olundu\/#breadcrumb"},"inLanguage":"az","potentialAction":[{"@type":"ReadAction","target":["https:\/\/www.meydan.tv\/az\/article\/sirac-kerimli-6-il-azadliqdan-mehrum-olundu\/"]}]},{"@type":"ImageObject","inLanguage":"az","@id":"https:\/\/www.meydan.tv\/az\/article\/sirac-kerimli-6-il-azadliqdan-mehrum-olundu\/#primaryimage","url":"https:\/\/www.meydan.tv\/wp-content\/uploads\/7781.jpg","contentUrl":"https:\/\/www.meydan.tv\/wp-content\/uploads\/7781.jpg","width":240,"height":243,"caption":"Source:"},{"@type":"BreadcrumbList","@id":"https:\/\/www.meydan.tv\/az\/article\/sirac-kerimli-6-il-azadliqdan-mehrum-olundu\/#breadcrumb","itemListElement":[{"@type":"ListItem","position":1,"name":"Ana s\u0259hif\u0259","item":"https:\/\/www.meydan.tv\/az\/"},{"@type":"ListItem","position":2,"name":"X\u0259b\u0259rl\u0259r","item":"https:\/\/www.meydan.tv\/az\/section\/xeberler\/"},{"@type":"ListItem","position":3,"name":"Sirac K\u0259rimli 6 il azadl\u0131qdan m\u0259hrum olundu"}]},{"@type":"WebSite","@id":"https:\/\/www.meydan.tv\/az\/#website","url":"https:\/\/www.meydan.tv\/az\/","name":"MEYDAN.TV","description":"Meydan TV Az\u0259rbaycan\u0131n media m\u0259kan\u0131ndak\u0131 alternativ s\u0259sidir","publisher":{"@id":"https:\/\/www.meydan.tv\/az\/#organization"},"potentialAction":[{"@type":"SearchAction","target":{"@type":"EntryPoint","urlTemplate":"https:\/\/www.meydan.tv\/az\/?s={search_term_string}"},"query-input":{"@type":"PropertyValueSpecification","valueRequired":true,"valueName":"search_term_string"}}],"inLanguage":"az"},{"@type":"Organization","@id":"https:\/\/www.meydan.tv\/az\/#organization","name":"Meydan TV","url":"https:\/\/www.meydan.tv\/az\/","logo":{"@type":"ImageObject","inLanguage":"az","@id":"https:\/\/www.meydan.tv\/az\/#\/schema\/logo\/image\/","url":"https:\/\/www.meydan.tv\/wp-content\/uploads\/2021\/07\/meydan-logo.svg","contentUrl":"https:\/\/www.meydan.tv\/wp-content\/uploads\/2021\/07\/meydan-logo.svg","width":195,"height":46,"caption":"Meydan TV"},"image":{"@id":"https:\/\/www.meydan.tv\/az\/#\/schema\/logo\/image\/"}},{"@type":"Person","@id":"https:\/\/www.meydan.tv\/az\/#\/schema\/person\/10d11eccf6da3662cf5fdab9806ea91a","name":"user-manager"}]}},"_links":{"self":[{"href":"https:\/\/www.meydan.tv\/az\/wp-json\/wp\/v2\/posts\/167270","targetHints":{"allow":["GET"]}}],"collection":[{"href":"https:\/\/www.meydan.tv\/az\/wp-json\/wp\/v2\/posts"}],"about":[{"href":"https:\/\/www.meydan.tv\/az\/wp-json\/wp\/v2\/types\/post"}],"author":[{"embeddable":true,"href":"https:\/\/www.meydan.tv\/az\/wp-json\/wp\/v2\/users\/11"}],"replies":[{"embeddable":true,"href":"https:\/\/www.meydan.tv\/az\/wp-json\/wp\/v2\/comments?post=167270"}],"version-history":[{"count":0,"href":"https:\/\/www.meydan.tv\/az\/wp-json\/wp\/v2\/posts\/167270\/revisions"}],"wp:featuredmedia":[{"embeddable":true,"href":"https:\/\/www.meydan.tv\/az\/wp-json\/wp\/v2\/media\/21534"}],"wp:attachment":[{"href":"https:\/\/www.meydan.tv\/az\/wp-json\/wp\/v2\/media?parent=167270"}],"wp:term":[{"taxonomy":"category","embeddable":true,"href":"https:\/\/www.meydan.tv\/az\/wp-json\/wp\/v2\/categories?post=167270"},{"taxonomy":"post_tag","embeddable":true,"href":"https:\/\/www.meydan.tv\/az\/wp-json\/wp\/v2\/tags?post=167270"}],"curies":[{"name":"wp","href":"https:\/\/api.w.org\/{rel}","templated":true}]}}