{"id":167268,"date":"2015-03-16T15:26:48","date_gmt":"2015-03-16T15:26:48","guid":{"rendered":"https:\/\/www.meydan.tv\/article\/26-defe-hecc\/"},"modified":"2015-03-16T15:26:48","modified_gmt":"2015-03-16T15:26:48","slug":"26-defe-hecc","status":"publish","type":"post","link":"https:\/\/www.meydan.tv\/az\/article\/26-defe-hecc\/","title":{"rendered":"26 d\u0259f\u0259 H\u0259cc"},"content":{"rendered":"<figure class=\"wp-block-image size-large\">\n  <img decoding=\"async\" src=\"https:\/\/www.meydan.tv\/az\/21522\/\" alt=\"\" class=\"wp-image-21522\"\/><figcaption><\/figcaption><\/figure>\n<figure class=\"wp-block-image size-large\">\n  <img decoding=\"async\" src=\"https:\/\/www.meydan.tv\/az\/21525\/\" alt=\"\" class=\"wp-image-21525\"\/><figcaption><\/figcaption><\/figure>\n<p>\n  Hadi R\u0259c\u0259bli, F\u0259zail A\u011famal\u0131dan sonra parlamentd\u0259n bu d\u0259f\u0259 \u015eeyxin qudas\u0131 Qalib Salahzad\u0259 dan\u0131\u015f\u0131b v\u0259 26 d\u0259f\u0259 H\u0259cc ziyar\u0259tind\u0259 olmas\u0131n\u0131 mill\u0259tin g\u00f6z\u00fcn\u00fcn i\u00e7in\u0259 k\u00fcl kimi \u00fcf\u00fcr\u00fcb. \u201c\u00c7ox dan\u0131\u015fan \u00e7ox bilm\u0259z, \u00e7ox g\u0259z\u0259n \u00e7ox bil\u0259r\u201d m\u0259s\u0259l\u0259ni n\u0259z\u0259rd\u0259 tutsaq, o zaman g\u0259r\u0259k Qalib Salahzad\u0259 26 d\u0259f\u0259 etdiyi ziyar\u0259td\u0259n daha \u00e7ox \u015fey bil\u0259ydi.\n<\/p>\n<p>\n  Amma s\u00f6zl\u0259rind\u0259n bel\u0259 \u00e7\u0131x\u0131r ki, deputat\u0131n bu s\u0259f\u0259rl\u0259rd\u0259 g\u00f6rd\u00fcy\u00fc \u015fey ancaq M\u0259kk\u0259d\u0259 abadl\u0131q i\u015fl\u0259rinin apar\u0131lmas\u0131, qiym\u0259tl\u0259rin o q\u0259d\u0259r d\u0259 baha olmamas\u0131 olub. \u018fslin\u0259 baxanda bu da az deyil, deputat 26 s\u0259f\u0259rind\u0259n dan\u0131\u015fmaq \u00fc\u00e7\u00fcn s\u00f6z tapmadan da qay\u0131da bil\u0259rdi. \u201cBuna da \u015f\u00fck\u00fcr\u201d deyib, ke\u00e7\u0259k.\n<\/p>\n<p>\n  Amma m\u0259ni maraqland\u0131ran m\u0259s\u0259l\u0259nin ba\u015fqa t\u0259r\u0259fidir. G\u00f6r\u0259s\u0259n, Qalib Salahzad\u0259 deputat kimi, turist kimi, i\u015f adam\u0131 kimi getdiyi ba\u015fqa \u00f6lk\u0259l\u0259rd\u0259 d\u0259 dan\u0131\u015f\u0131lacaq n\u0259s\u0259 g\u00f6r\u00fcbm\u00fc? M\u0259s\u0259l\u0259n;\n<\/p>\n<p>\n  1.\u00a0\u00a0\u00a0 Hansi \u00f6lk\u0259d\u0259 \u0259hali prezidentin ad\u0131n\u0131 bilmir;\n<\/p>\n<p>\n  2.\u00a0\u00a0\u00a0 Hans\u0131 \u00f6lk\u0259d\u0259 qad\u0131nlar\u0131n ba\u015f\u0131n\u0131 k\u0259sm\u0259yi \u201cnamus cinay\u0259ti\u201d kimi halland\u0131r\u0131rlar;\n<\/p>\n<p>\n  3.\u00a0\u00a0\u00a0 Hansi \u00f6lk\u0259d\u0259 m\u00fc\u0259lliml\u0259r deputatlardan \u00e7ox maa\u015f al\u0131r;\n<\/p>\n<p>\n  4.\u00a0\u00a0\u00a0 Hans\u0131 \u00f6lk\u0259d\u0259 v\u0259t\u0259ni v\u0259 el\u0259 Qalib Salahzad\u0259nin \u00f6z\u00fcn\u00fc d\u0259 qoruyan \u015f\u0259xs intihara m\u0259cbur edilir;\n<\/p>\n<p>\n  5.\u00a0\u00a0\u00a0 Hans\u0131 \u00f6lk\u0259d\u0259 bizd\u0259ki kimi \u201ccici xan\u0131mlar\u0131n\u201d bahal\u0131 itl\u0259ri g\u0259zdirm\u0259si \u00fc\u00e7\u00fcn ayr\u0131ca ma\u015f\u0131nlar\u0131 var;\n<\/p>\n<p>\n  6.\u00a0\u00a0\u00a0 Hans\u0131 \u00f6lk\u0259d\u0259 bu \u201ccici xan\u0131mlar\u0131n\u201d iti olmayan ba\u015fqa itl\u0259ri yand\u0131r\u0131rlar;\n<\/p>\n<p>\n  7.\u00a0\u00a0 Hans\u0131 \u00f6lk\u0259d\u0259 s\u0259fal\u0259ti gizl\u0259tm\u0259k \u00fc\u00e7\u00fcn aeroport yoluna divar \u00e7\u0259kirl\u0259r;\n<\/p>\n<p>\n  8.\u00a0\u00a0\u00a0 Hans\u0131 \u00f6lk\u0259d\u0259 icra ba\u015f\u00e7\u0131s\u0131 \u201cB\u0259s bu divardan bizim rayonda niy\u0259 yoxdur?\u201d deyib t\u0259cili iclas \u00e7a\u011f\u0131r\u0131r v\u0259 bir t\u0259r\u0259fd\u0259 o g\u00f6z\u0259lim vilallar, bir t\u0259r\u0259fd\u0259 d\u0259 pal\u00e7\u0131ql\u0131 yollar divar\u0131n dal\u0131ndan boylana-boylana qal\u0131r?\n<\/p>\n<p>\n  9.\u00a0\u00a0 Hans\u0131 \u00f6lk\u0259d\u0259 vicdanl\u0131 insanlar\u0131 m\u0259hz vicdans\u0131z olmad\u0131qlar\u0131na g\u00f6r\u0259 h\u0259bs\u0259 at\u0131rlar;\n<\/p>\n<p>\n  10.\u00a0 Hans\u0131 \u00f6lk\u0259d\u0259 universitetl\u0259r bilik yox, ancaq diplom verir;\n<\/p>\n<p>\n  10.\u00a0\u00a0 Hans\u0131 \u00f6lk\u0259d\u0259 x\u0259st\u0259 olmayan insan\u0131 \u201cx\u0259r\u00e7\u0259ng\u0259\u201d yoluxdurub \u201ca\u00e7\u0131b-ba\u011flay\u0131rlar\u201d;\n<\/p>\n<p>\n  11. Hans\u0131 \u00f6lk\u0259d\u0259 deputat \u0259halini \u201cvor zakonlara\u201d h\u00f6rm\u0259t etm\u0259y\u0259 \u00e7a\u011f\u0131r\u0131r?\n<\/p>\n<p>\n  12. Hans\u0131 \u00f6lk\u0259d\u0259 ba\u015fqa bir deputat q\u0131zlara in\u0259k sa\u011fma\u011f\u0131 m\u0259sl\u0259h\u0259t g\u00f6r\u00fcr;\n<\/p>\n<p>\n  13.\u00a0 Hans\u0131 \u00f6lk\u0259d\u0259 ail\u0259l\u0259r ancaq qohumlar, dost-tan\u0131\u015f \u00fc\u00e7\u00fcn qurulur;\n<\/p>\n<p>\n  14.\u00a0 Hans\u0131 \u00f6lk\u0259d\u0259 jurnalist haqq\u0131 olan informasiyan\u0131 almaq \u00fc\u00e7\u00fcn telefon-telefon g\u0259zm\u0259lidir;\n<\/p>\n<p>\n  15.\u00a0 Hans\u0131 \u00f6lk\u0259d\u0259 d\u00f6vl\u0259t \u201cu\u015faqlar m\u0259nim m\u00fclkiyy\u0259timdir\u201d dey\u0259n valideynl\u0259r\u0259 d\u0259st\u0259k verir;\n<\/p>\n<p>\n  16.\u00a0 Hans\u0131 \u00f6lk\u0259d\u0259 qad\u0131n h\u00fcquqlar\u0131 ancaq deputatlar\u0131n dilind\u0259 yax\u015f\u0131 s\u0259sl\u0259nir;\n<\/p>\n<p>\n  17.\u00a0 Hans\u0131 \u00f6lk\u0259d\u0259 d\u00f6vl\u0259t qurumlar\u0131n\u0131n r\u0259hb\u0259rl\u0259ri bir-birl\u0259ri il\u0259 olan r\u0259qab\u0259tin ac\u0131\u011f\u0131n\u0131 v\u0259tanda\u015fdan \u00e7\u0131x\u0131r;\n<\/p>\n<p>\n  18.\u00a0 Hans\u0131 \u00f6lk\u0259d\u0259 musiqinin notunu bel\u0259 bilm\u0259y\u0259nl\u0259r xalq artisti olur;\n<\/p>\n<p>\n  19.\u00a0 Hans\u0131 \u00f6lk\u0259d\u0259 b\u00f6lg\u0259l\u0259r nazirl\u0259r aras\u0131nda paylan\u0131r v\u0259 ba\u015fqas\u0131n\u0131n o zonaya girm\u0259si yasaqlan\u0131r;\n<\/p>\n<p>\n  20.\u00a0 Hans\u0131 \u00f6lk\u0259d\u0259 insanlar kredit borclar\u0131na g\u00f6r\u0259 intihar edir;\n<\/p>\n<p>\n  21.\u00a0 Hans\u0131 \u00f6lk\u0259d\u0259 u\u015faqlara ad g\u00fcnl\u0259rind\u0259 kitab yox, borcla telefon al\u0131n\u0131r;\n<\/p>\n<p>\n  22.\u00a0 Hans\u0131 \u00f6lk\u0259d\u0259 bulvardak\u0131 g\u0259ncl\u0259ri polis b\u00f6lm\u0259 il\u0259 h\u0259d\u0259l\u0259yir;\n<\/p>\n<p>\n  23.\u00a0 Hans\u0131 \u00f6lk\u0259d\u0259 nazirl\u0259r ata-analar\u0131n\u0131n m\u0259rm\u0259r ba\u015fda\u015f\u0131lar\u0131 il\u0259 yar\u0131\u015f\u0131rlar;\n<\/p>\n<p>\n  24.\u00a0 Hans\u0131 \u00f6lk\u0259d\u0259 m\u00fcharib\u0259 veteran\u0131na 45 manat t\u0259qa\u00fcd verilir;\n<\/p>\n<p>\n  25.\u00a0 Hans\u0131 \u00f6lk\u0259d\u0259 insanlar icaz\u0259li mitinq\u0259 bel\u0259 \u00e7\u0131xmaqdan qorxurlar;\n<\/p>\n<p>\n  26.\u00a0 V\u0259 n\u0259hay\u0259t, hans\u0131 \u00f6lk\u0259d\u0259 insanlar insan kimi ya\u015fay\u0131r.\n<\/p>\n<p>\n  Deputat\u0131n g\u00f6rm\u0259li oldu\u011fu \u00e7ox \u015fey var, m\u0259n ancaq 26-n\u0131 sayd\u0131m. Deputat\u0131n sevimli r\u0259q\u0259mi q\u0259d\u0259r&#8230;\n<\/p>\n<p>\n  Qalib Salahzad\u0259, 26 ziyar\u0259t\u0259 \u00e7ox da arxay\u0131n olmay\u0131n. B\u0259lk\u0259 bu d\u00fcnyada dan\u0131\u015fa bilm\u0259dikl\u0259rin\u0259, dan\u0131\u015fmaq ist\u0259m\u0259dikl\u0259rin\u0259 g\u00f6r\u0259 o d\u00fcnyada adam\u0131 zorla dan\u0131\u015fd\u0131rarlar? He\u00e7 26 d\u0259f\u0259 ziyar\u0259t d\u0259 k\u00f6m\u0259y\u0259 \u00e7atmaz.<\/p>\n","protected":false},"excerpt":{"rendered":"<p>\u015eeyxin qudas\u0131na 26 sual&#8230;<\/p>\n","protected":false},"author":11,"featured_media":21522,"comment_status":"closed","ping_status":"open","sticky":false,"template":"","format":"standard","meta":{"_acf_changed":false,"_sitemap_exclude":false,"_sitemap_priority":"","_sitemap_frequency":"","footnotes":""},"categories":[57],"tags":[],"class_list":["post-167268","post","type-post","status-publish","format-standard","has-post-thumbnail","hentry","category-menim-fikrimce","infinite-scroll-item","generate-columns","tablet-grid-50","mobile-grid-100","grid-parent","grid-33","no-featured-image-padding"],"acf":[],"yoast_head":"<!-- This site is optimized with the Yoast SEO plugin v27.4 - https:\/\/yoast.com\/product\/yoast-seo-wordpress\/ -->\n<title>26 d\u0259f\u0259 H\u0259cc - MEYDAN.TV<\/title>\n<meta name=\"robots\" content=\"index, follow, max-snippet:-1, max-image-preview:large, max-video-preview:-1\" \/>\n<link rel=\"canonical\" href=\"https:\/\/www.meydan.tv\/az\/article\/26-defe-hecc\/\" \/>\n<meta property=\"og:locale\" content=\"az_AZ\" \/>\n<meta property=\"og:type\" content=\"article\" \/>\n<meta property=\"og:title\" content=\"26 d\u0259f\u0259 H\u0259cc - MEYDAN.TV\" \/>\n<meta property=\"og:description\" content=\"\u015eeyxin qudas\u0131na 26 sual...\" \/>\n<meta property=\"og:url\" content=\"https:\/\/www.meydan.tv\/az\/article\/26-defe-hecc\/\" \/>\n<meta property=\"og:site_name\" content=\"MEYDAN.TV\" \/>\n<meta property=\"article:published_time\" content=\"2015-03-16T15:26:48+00:00\" \/>\n<meta property=\"og:image\" content=\"https:\/\/www.meydan.tv\/wp-content\/uploads\/7775.jpg\" \/>\n\t<meta property=\"og:image:width\" content=\"500\" \/>\n\t<meta property=\"og:image:height\" content=\"500\" \/>\n\t<meta property=\"og:image:type\" content=\"image\/jpeg\" \/>\n<meta name=\"author\" content=\"user-manager\" \/>\n<meta name=\"twitter:card\" content=\"summary_large_image\" \/>\n<script type=\"application\/ld+json\" class=\"yoast-schema-graph\">{\"@context\":\"https:\\\/\\\/schema.org\",\"@graph\":[{\"@type\":\"Article\",\"@id\":\"https:\\\/\\\/www.meydan.tv\\\/az\\\/article\\\/26-defe-hecc\\\/#article\",\"isPartOf\":{\"@id\":\"https:\\\/\\\/www.meydan.tv\\\/az\\\/article\\\/26-defe-hecc\\\/\"},\"author\":{\"name\":\"user-manager\",\"@id\":\"https:\\\/\\\/www.meydan.tv\\\/az\\\/#\\\/schema\\\/person\\\/10d11eccf6da3662cf5fdab9806ea91a\"},\"headline\":\"26 d\u0259f\u0259 H\u0259cc\",\"datePublished\":\"2015-03-16T15:26:48+00:00\",\"mainEntityOfPage\":{\"@id\":\"https:\\\/\\\/www.meydan.tv\\\/az\\\/article\\\/26-defe-hecc\\\/\"},\"wordCount\":727,\"publisher\":{\"@id\":\"https:\\\/\\\/www.meydan.tv\\\/az\\\/#organization\"},\"image\":{\"@id\":\"https:\\\/\\\/www.meydan.tv\\\/az\\\/article\\\/26-defe-hecc\\\/#primaryimage\"},\"thumbnailUrl\":\"https:\\\/\\\/www.meydan.tv\\\/wp-content\\\/uploads\\\/7775.jpg\",\"articleSection\":[\"M\u0259nim Fikrimc\u0259\"],\"inLanguage\":\"az\"},{\"@type\":\"WebPage\",\"@id\":\"https:\\\/\\\/www.meydan.tv\\\/az\\\/article\\\/26-defe-hecc\\\/\",\"url\":\"https:\\\/\\\/www.meydan.tv\\\/az\\\/article\\\/26-defe-hecc\\\/\",\"name\":\"26 d\u0259f\u0259 H\u0259cc - MEYDAN.TV\",\"isPartOf\":{\"@id\":\"https:\\\/\\\/www.meydan.tv\\\/az\\\/#website\"},\"primaryImageOfPage\":{\"@id\":\"https:\\\/\\\/www.meydan.tv\\\/az\\\/article\\\/26-defe-hecc\\\/#primaryimage\"},\"image\":{\"@id\":\"https:\\\/\\\/www.meydan.tv\\\/az\\\/article\\\/26-defe-hecc\\\/#primaryimage\"},\"thumbnailUrl\":\"https:\\\/\\\/www.meydan.tv\\\/wp-content\\\/uploads\\\/7775.jpg\",\"datePublished\":\"2015-03-16T15:26:48+00:00\",\"breadcrumb\":{\"@id\":\"https:\\\/\\\/www.meydan.tv\\\/az\\\/article\\\/26-defe-hecc\\\/#breadcrumb\"},\"inLanguage\":\"az\",\"potentialAction\":[{\"@type\":\"ReadAction\",\"target\":[\"https:\\\/\\\/www.meydan.tv\\\/az\\\/article\\\/26-defe-hecc\\\/\"]}]},{\"@type\":\"ImageObject\",\"inLanguage\":\"az\",\"@id\":\"https:\\\/\\\/www.meydan.tv\\\/az\\\/article\\\/26-defe-hecc\\\/#primaryimage\",\"url\":\"https:\\\/\\\/www.meydan.tv\\\/wp-content\\\/uploads\\\/7775.jpg\",\"contentUrl\":\"https:\\\/\\\/www.meydan.tv\\\/wp-content\\\/uploads\\\/7775.jpg\",\"width\":500,\"height\":500,\"caption\":\"Source:\"},{\"@type\":\"BreadcrumbList\",\"@id\":\"https:\\\/\\\/www.meydan.tv\\\/az\\\/article\\\/26-defe-hecc\\\/#breadcrumb\",\"itemListElement\":[{\"@type\":\"ListItem\",\"position\":1,\"name\":\"Ana s\u0259hif\u0259\",\"item\":\"https:\\\/\\\/www.meydan.tv\\\/az\\\/\"},{\"@type\":\"ListItem\",\"position\":2,\"name\":\"M\u0259nim Fikrimc\u0259\",\"item\":\"https:\\\/\\\/www.meydan.tv\\\/az\\\/section\\\/menim-fikrimce\\\/\"},{\"@type\":\"ListItem\",\"position\":3,\"name\":\"26 d\u0259f\u0259 H\u0259cc\"}]},{\"@type\":\"WebSite\",\"@id\":\"https:\\\/\\\/www.meydan.tv\\\/az\\\/#website\",\"url\":\"https:\\\/\\\/www.meydan.tv\\\/az\\\/\",\"name\":\"MEYDAN.TV\",\"description\":\"Meydan TV Az\u0259rbaycan\u0131n media m\u0259kan\u0131ndak\u0131 alternativ s\u0259sidir\",\"publisher\":{\"@id\":\"https:\\\/\\\/www.meydan.tv\\\/az\\\/#organization\"},\"potentialAction\":[{\"@type\":\"SearchAction\",\"target\":{\"@type\":\"EntryPoint\",\"urlTemplate\":\"https:\\\/\\\/www.meydan.tv\\\/az\\\/?s={search_term_string}\"},\"query-input\":{\"@type\":\"PropertyValueSpecification\",\"valueRequired\":true,\"valueName\":\"search_term_string\"}}],\"inLanguage\":\"az\"},{\"@type\":\"Organization\",\"@id\":\"https:\\\/\\\/www.meydan.tv\\\/az\\\/#organization\",\"name\":\"Meydan TV\",\"url\":\"https:\\\/\\\/www.meydan.tv\\\/az\\\/\",\"logo\":{\"@type\":\"ImageObject\",\"inLanguage\":\"az\",\"@id\":\"https:\\\/\\\/www.meydan.tv\\\/az\\\/#\\\/schema\\\/logo\\\/image\\\/\",\"url\":\"https:\\\/\\\/www.meydan.tv\\\/wp-content\\\/uploads\\\/2021\\\/07\\\/meydan-logo.svg\",\"contentUrl\":\"https:\\\/\\\/www.meydan.tv\\\/wp-content\\\/uploads\\\/2021\\\/07\\\/meydan-logo.svg\",\"width\":195,\"height\":46,\"caption\":\"Meydan TV\"},\"image\":{\"@id\":\"https:\\\/\\\/www.meydan.tv\\\/az\\\/#\\\/schema\\\/logo\\\/image\\\/\"}},{\"@type\":\"Person\",\"@id\":\"https:\\\/\\\/www.meydan.tv\\\/az\\\/#\\\/schema\\\/person\\\/10d11eccf6da3662cf5fdab9806ea91a\",\"name\":\"user-manager\"}]}<\/script>\n<!-- \/ Yoast SEO plugin. -->","yoast_head_json":{"title":"26 d\u0259f\u0259 H\u0259cc - MEYDAN.TV","robots":{"index":"index","follow":"follow","max-snippet":"max-snippet:-1","max-image-preview":"max-image-preview:large","max-video-preview":"max-video-preview:-1"},"canonical":"https:\/\/www.meydan.tv\/az\/article\/26-defe-hecc\/","og_locale":"az_AZ","og_type":"article","og_title":"26 d\u0259f\u0259 H\u0259cc - MEYDAN.TV","og_description":"\u015eeyxin qudas\u0131na 26 sual...","og_url":"https:\/\/www.meydan.tv\/az\/article\/26-defe-hecc\/","og_site_name":"MEYDAN.TV","article_published_time":"2015-03-16T15:26:48+00:00","og_image":[{"width":500,"height":500,"url":"https:\/\/www.meydan.tv\/wp-content\/uploads\/7775.jpg","type":"image\/jpeg"}],"author":"user-manager","twitter_card":"summary_large_image","schema":{"@context":"https:\/\/schema.org","@graph":[{"@type":"Article","@id":"https:\/\/www.meydan.tv\/az\/article\/26-defe-hecc\/#article","isPartOf":{"@id":"https:\/\/www.meydan.tv\/az\/article\/26-defe-hecc\/"},"author":{"name":"user-manager","@id":"https:\/\/www.meydan.tv\/az\/#\/schema\/person\/10d11eccf6da3662cf5fdab9806ea91a"},"headline":"26 d\u0259f\u0259 H\u0259cc","datePublished":"2015-03-16T15:26:48+00:00","mainEntityOfPage":{"@id":"https:\/\/www.meydan.tv\/az\/article\/26-defe-hecc\/"},"wordCount":727,"publisher":{"@id":"https:\/\/www.meydan.tv\/az\/#organization"},"image":{"@id":"https:\/\/www.meydan.tv\/az\/article\/26-defe-hecc\/#primaryimage"},"thumbnailUrl":"https:\/\/www.meydan.tv\/wp-content\/uploads\/7775.jpg","articleSection":["M\u0259nim Fikrimc\u0259"],"inLanguage":"az"},{"@type":"WebPage","@id":"https:\/\/www.meydan.tv\/az\/article\/26-defe-hecc\/","url":"https:\/\/www.meydan.tv\/az\/article\/26-defe-hecc\/","name":"26 d\u0259f\u0259 H\u0259cc - MEYDAN.TV","isPartOf":{"@id":"https:\/\/www.meydan.tv\/az\/#website"},"primaryImageOfPage":{"@id":"https:\/\/www.meydan.tv\/az\/article\/26-defe-hecc\/#primaryimage"},"image":{"@id":"https:\/\/www.meydan.tv\/az\/article\/26-defe-hecc\/#primaryimage"},"thumbnailUrl":"https:\/\/www.meydan.tv\/wp-content\/uploads\/7775.jpg","datePublished":"2015-03-16T15:26:48+00:00","breadcrumb":{"@id":"https:\/\/www.meydan.tv\/az\/article\/26-defe-hecc\/#breadcrumb"},"inLanguage":"az","potentialAction":[{"@type":"ReadAction","target":["https:\/\/www.meydan.tv\/az\/article\/26-defe-hecc\/"]}]},{"@type":"ImageObject","inLanguage":"az","@id":"https:\/\/www.meydan.tv\/az\/article\/26-defe-hecc\/#primaryimage","url":"https:\/\/www.meydan.tv\/wp-content\/uploads\/7775.jpg","contentUrl":"https:\/\/www.meydan.tv\/wp-content\/uploads\/7775.jpg","width":500,"height":500,"caption":"Source:"},{"@type":"BreadcrumbList","@id":"https:\/\/www.meydan.tv\/az\/article\/26-defe-hecc\/#breadcrumb","itemListElement":[{"@type":"ListItem","position":1,"name":"Ana s\u0259hif\u0259","item":"https:\/\/www.meydan.tv\/az\/"},{"@type":"ListItem","position":2,"name":"M\u0259nim Fikrimc\u0259","item":"https:\/\/www.meydan.tv\/az\/section\/menim-fikrimce\/"},{"@type":"ListItem","position":3,"name":"26 d\u0259f\u0259 H\u0259cc"}]},{"@type":"WebSite","@id":"https:\/\/www.meydan.tv\/az\/#website","url":"https:\/\/www.meydan.tv\/az\/","name":"MEYDAN.TV","description":"Meydan TV Az\u0259rbaycan\u0131n media m\u0259kan\u0131ndak\u0131 alternativ s\u0259sidir","publisher":{"@id":"https:\/\/www.meydan.tv\/az\/#organization"},"potentialAction":[{"@type":"SearchAction","target":{"@type":"EntryPoint","urlTemplate":"https:\/\/www.meydan.tv\/az\/?s={search_term_string}"},"query-input":{"@type":"PropertyValueSpecification","valueRequired":true,"valueName":"search_term_string"}}],"inLanguage":"az"},{"@type":"Organization","@id":"https:\/\/www.meydan.tv\/az\/#organization","name":"Meydan TV","url":"https:\/\/www.meydan.tv\/az\/","logo":{"@type":"ImageObject","inLanguage":"az","@id":"https:\/\/www.meydan.tv\/az\/#\/schema\/logo\/image\/","url":"https:\/\/www.meydan.tv\/wp-content\/uploads\/2021\/07\/meydan-logo.svg","contentUrl":"https:\/\/www.meydan.tv\/wp-content\/uploads\/2021\/07\/meydan-logo.svg","width":195,"height":46,"caption":"Meydan TV"},"image":{"@id":"https:\/\/www.meydan.tv\/az\/#\/schema\/logo\/image\/"}},{"@type":"Person","@id":"https:\/\/www.meydan.tv\/az\/#\/schema\/person\/10d11eccf6da3662cf5fdab9806ea91a","name":"user-manager"}]}},"_links":{"self":[{"href":"https:\/\/www.meydan.tv\/az\/wp-json\/wp\/v2\/posts\/167268","targetHints":{"allow":["GET"]}}],"collection":[{"href":"https:\/\/www.meydan.tv\/az\/wp-json\/wp\/v2\/posts"}],"about":[{"href":"https:\/\/www.meydan.tv\/az\/wp-json\/wp\/v2\/types\/post"}],"author":[{"embeddable":true,"href":"https:\/\/www.meydan.tv\/az\/wp-json\/wp\/v2\/users\/11"}],"replies":[{"embeddable":true,"href":"https:\/\/www.meydan.tv\/az\/wp-json\/wp\/v2\/comments?post=167268"}],"version-history":[{"count":0,"href":"https:\/\/www.meydan.tv\/az\/wp-json\/wp\/v2\/posts\/167268\/revisions"}],"wp:featuredmedia":[{"embeddable":true,"href":"https:\/\/www.meydan.tv\/az\/wp-json\/wp\/v2\/media\/21522"}],"wp:attachment":[{"href":"https:\/\/www.meydan.tv\/az\/wp-json\/wp\/v2\/media?parent=167268"}],"wp:term":[{"taxonomy":"category","embeddable":true,"href":"https:\/\/www.meydan.tv\/az\/wp-json\/wp\/v2\/categories?post=167268"},{"taxonomy":"post_tag","embeddable":true,"href":"https:\/\/www.meydan.tv\/az\/wp-json\/wp\/v2\/tags?post=167268"}],"curies":[{"name":"wp","href":"https:\/\/api.w.org\/{rel}","templated":true}]}}